{"id":7673,"date":"2006-03-08T18:38:35","date_gmt":"2006-03-08T17:38:35","guid":{"rendered":"http:\/\/lyonelkaufmann.ch\/histoire\/?p=18"},"modified":"2006-03-08T18:38:35","modified_gmt":"2006-03-08T17:38:35","slug":"01-fondements-theoriques","status":"publish","type":"post","link":"https:\/\/lyonelkaufmann.ch\/Blog\/2006\/03\/08\/01-fondements-theoriques\/","title":{"rendered":"01. Fondements th\u00e9oriques"},"content":{"rendered":"<p>Recoupant mes pr\u00e9occupations relatives \u00e0 la p\u00e9dagogie active dans le domaine de l&rsquo;enseignement de l&rsquo;histoire, les articles r\u00e9dig\u00e9s trouvent leur fondement \u00e0 partir des trois bases th\u00e9oriques suivantes :<!--more--><\/p>\n<p><strong>1 Les \u00e9l\u00e8ves\/\u00e9tudiant-e-s apprennent mieux par les intelligences multiples.<br \/>\n<\/strong>R\u00e9f\u00e9rence \u00e0 la th\u00e9orie d&rsquo;Howard Gardner qui met en \u00e9vidence les sept intelligences suivantes :<\/p>\n<p>\u2022 Verbale-linguistique<br \/>\n\u2022 Logico-math\u00e9matique<br \/>\n\u2022 Visuelle-Spatiale<br \/>\n\u2022 Corporelle Kinesth\u00e9sique<br \/>\n\u2022 Musicale-rhythmique<br \/>\n\u2022 Interpersonnelle<br \/>\n\u2022 Intrapersonnelle<\/p>\n<p>\u00c0 noter que, dans une situation d&rsquo;apprentissage donn\u00e9e, il y a au moins deux intelligences mises en \u0153uvre.<br \/>\nPour une bibliographie sur les intelligences multiples :<br \/>\n<a href=\"http:\/\/www.geoeco.ulg.ac.be\/lmg\/competences\/chantier\/eleves\/cerv_biblio1.html\">P\u00e9dagogie du cerveau global &#8211; Bibliographie<\/a><br \/>\nSur les intelligences multiples, on consultera en ligne :<br \/>\n<a href=\"http:\/\/mieux.apprendre.free.fr\/intel_multiples.html\">http:\/\/mieux.apprendre.free.fr\/intel_multiples.html<\/a><br \/>\n<a href=\"http:\/\/recit.csdm.qc.ca\/prescolaire\/ressources\/intelligences_et_tic\/definitions.html\">http:\/\/recit.csdm.qc.ca\/prescolaire\/ressources\/intelligences_et_tic\/definitions.html<\/a><br \/>\nSur Howard Gardner :<br \/>\n<a href=\"http:\/\/www.construire.ch\/SOMMAIRE\/9919\/19entret.htm\">http:\/\/www.construire.ch\/SOMMAIRE\/9919\/19entret.htm <\/a><\/p>\n<p><strong>2 Le travail coop\u00e9ratif augmente les gains d\u2019apprentissage.<\/strong><br \/>\nOn pourra faire r\u00e9f\u00e9rence notamment aux travaux d&rsquo;Elizabeth Cohen. Un de ses ouvrages, relatif au travail de groupe, est en fran\u00e7ais.<br \/>\nIl s&rsquo;agit de<br \/>\n\u2022 Elizabeth G. Cohen, Le travail de groupe : strat\u00e9gies d&rsquo;enseignement pour la classe h\u00e9t\u00e9rog\u00e8ne, Montr\u00e9al : Ed. de la Cheneli\u00e8re, 1995<br \/>\nPour d&rsquo;autres r\u00e9f\u00e9rences bibliographiques :<br \/>\n<a href=\"http:\/\/www.unites.uqam.ca\/Gctic\/fiches\/fiche14.htm\">http:\/\/www.unites.uqam.ca\/Gctic\/fiches\/fiche14.htm<\/a><\/p>\n<p>En outre, une des finalit\u00e9s de l&rsquo;enseignement de l&rsquo;histoire consiste \u00e0 apprendre aux \u00e9l\u00e8ves\/\u00e9tudiantEs \u00e0 vivre ensemble et \u00e0 s&rsquo;ins\u00e9rer dans la soci\u00e9t\u00e9. D\u00e8s lors, il para\u00eet \u00e9vident que l&rsquo;acquisition de comp\u00e9tences sociales coop\u00e9ratives doit \u00eatre au coeur du cours d&rsquo;histoire. On ne peut apprendre et s&rsquo;ins\u00e9rer dans la soci\u00e9t\u00e9 dans des cours favorisant uniquement une forme d&rsquo;autisme scolaire et o\u00f9 seule la parole du ma\u00eetre serait audible !<\/p>\n<p><strong>3 Tous les \u00e9l\u00e8ves peuvent apprendre au travers d\u2019un curriculum spiralaire.<br \/>\n<\/strong><br \/>\nC&rsquo;est les travaux de Jerome Bruner qui sont alors convoqu\u00e9s. Pour celui-ci, tous les \u00e9l\u00e8ves peuvent apprendre dans la mesure o\u00f9 l&rsquo;enseignant leur montre comment penser et d\u00e9couvrir le savoir par eux-m\u00eames. Les \u00e9l\u00e8ves peuvent apprendre progressivement les concepts les plus difficiles par le biais d&rsquo;un processus d&rsquo;apprentissage progressif (par palier).<br \/>\nUn des ouvrages de r\u00e9f\u00e9rences de Bruner et en fran\u00e7ais :<\/p>\n<p>\u2022 Jerome Bruner, L&rsquo;\u00e9ducation, entr\u00e9e dans la culture : les probl\u00e8mes de l&rsquo;\u00e9cole \u00e0 la lumi\u00e8re de la psychologie culturelle, Paris : Retz, 1996<\/p>\n<p>Pour d&rsquo;autres renseignements, on consultera la page suivante :<br \/>\n<a href=\"http:\/\/tip.psychology.org\/bruner.html\">http:\/\/tip.psychology.org\/bruner.html\u00a0\u00bb<\/a><br \/>\n<a href=\"http:\/\/www.infed.org\/thinkers\/bruner.htm\">http:\/\/www.infed.org\/thinkers\/bruner.htm <\/a><\/p>\n<p>Ces principes de base sont \u00e9galement \u00e0 la base du projet du Teachers&rsquo; Curriculum Institute.<\/p>\n<p>\u00a9 Lyonel Kaufmann 2004<\/p>\n","protected":false},"excerpt":{"rendered":"<p>Recoupant mes pr\u00e9occupations relatives \u00e0 la p\u00e9dagogie active dans le domaine de l&rsquo;enseignement de l&rsquo;histoire, les articles r\u00e9dig\u00e9s trouvent leur fondement \u00e0 partir des trois bases th\u00e9oriques suivantes :<\/p>\n","protected":false},"author":1,"featured_media":14680,"comment_status":"open","ping_status":"open","sticky":false,"template":"","format":"standard","meta":{"_import_markdown_pro_load_document_selector":0,"_import_markdown_pro_submit_text_textarea":"","_genesis_hide_title":false,"_genesis_hide_breadcrumbs":false,"_genesis_hide_singular_image":false,"_genesis_hide_footer_widgets":false,"_genesis_custom_body_class":"","_genesis_custom_post_class":"","_genesis_layout":"","jetpack_post_was_ever_published":false,"_jetpack_newsletter_access":"","_jetpack_dont_email_post_to_subs":false,"_jetpack_newsletter_tier_id":0,"_jetpack_memberships_contains_paywalled_content":false,"_jetpack_memberships_contains_paid_content":false,"activitypub_content_warning":"","activitypub_content_visibility":"","activitypub_max_image_attachments":3,"activitypub_interaction_policy_quote":"anyone","activitypub_status":"","footnotes":"","jetpack_publicize_message":"","jetpack_publicize_feature_enabled":true,"jetpack_social_post_already_shared":true,"jetpack_social_options":{"image_generator_settings":{"template":"fullscreen","default_image_id":0,"font":"","enabled":false},"version":2}},"categories":[2],"tags":[],"class_list":{"0":"post-7673","1":"post","2":"type-post","3":"status-publish","4":"format-standard","5":"has-post-thumbnail","7":"category-histoire-2","8":"entry"},"jetpack_publicize_connections":[],"featured_image_src":"https:\/\/i0.wp.com\/lyonelkaufmann.ch\/Blog\/wp-content\/uploads\/2015\/03\/blogcafe1.jpg?resize=600%2C400&ssl=1","featured_image_src_square":"https:\/\/i0.wp.com\/lyonelkaufmann.ch\/Blog\/wp-content\/uploads\/2015\/03\/blogcafe1.jpg?resize=600%2C600&ssl=1","author_info":{"display_name":"Lyonel Kaufmann","author_link":"https:\/\/lyonelkaufmann.ch\/Blog\/author\/lyonelk\/"},"jetpack_featured_media_url":"https:\/\/i0.wp.com\/lyonelkaufmann.ch\/Blog\/wp-content\/uploads\/2015\/03\/blogcafe1.jpg?fit=1024%2C683&ssl=1","jetpack_sharing_enabled":true,"jetpack_shortlink":"https:\/\/wp.me\/p1qtF4-1ZL","jetpack-related-posts":[{"id":7179,"url":"https:\/\/lyonelkaufmann.ch\/Blog\/2013\/06\/23\/revue-de-presse-bibliographie-sitographie-les-cahiers-pedagogiques\/","url_meta":{"origin":7673,"position":0},"title":"Revue de presse : Bibliographie &#8211; sitographie &#8211; Les Cahiers p\u00e9dagogiques","author":"Lyonel Kaufmann","date":"23 juin 2013","format":false,"excerpt":"Bibliographie consacr\u00e9e \u00e0 la Bande dessinn\u00e9e, avec un chapitre sp\u00e9cifique en relation avec l'histoire et la g\u00e9ographie.Bibliographie - sitographie - Les Cahiers p\u00e9dagogiques","rel":"","context":"Dans &quot;histoire&quot;","block_context":{"text":"histoire","link":"https:\/\/lyonelkaufmann.ch\/Blog\/category\/histoire-2\/"},"img":{"alt_text":"","src":"https:\/\/i0.wp.com\/lyonelkaufmann.ch\/Blog\/wp-content\/uploads\/2015\/03\/blogcafe1.jpg?fit=1024%2C683&ssl=1&resize=350%2C200","width":350,"height":200,"srcset":"https:\/\/i0.wp.com\/lyonelkaufmann.ch\/Blog\/wp-content\/uploads\/2015\/03\/blogcafe1.jpg?fit=1024%2C683&ssl=1&resize=350%2C200 1x, https:\/\/i0.wp.com\/lyonelkaufmann.ch\/Blog\/wp-content\/uploads\/2015\/03\/blogcafe1.jpg?fit=1024%2C683&ssl=1&resize=525%2C300 1.5x, https:\/\/i0.wp.com\/lyonelkaufmann.ch\/Blog\/wp-content\/uploads\/2015\/03\/blogcafe1.jpg?fit=1024%2C683&ssl=1&resize=700%2C400 2x"},"classes":[]},{"id":4384,"url":"https:\/\/lyonelkaufmann.ch\/Blog\/2011\/12\/03\/revue-de-presse-2-decembre-2011\/","url_meta":{"origin":7673,"position":1},"title":"L\u2019illusion de la p\u00e9dagogie num\u00e9rique | Christine Vaufrey","author":"Lyonel Kaufmann","date":"3 d\u00e9cembre 2011","format":false,"excerpt":"L\u2019illusion de la p\u00e9dagogie num\u00e9rique | Le blog de Christine Vaufrey - Excellents propos de Christine Vaufrey: \u00ab Je connais \u201cl\u2019appareil photo num\u00e9rique\u201d, \u201cla t\u00e9l\u00e9vision num\u00e9rique\u201d, mais la \u201cp\u00e9dagogie num\u00e9rique\u201d, franchement, je ne vois pas. \u00a0Bien entendu, on comprend que M. Fourgous s\u2019appuie sur l\u2019id\u00e9e que la soci\u00e9t\u00e9 tout enti\u00e8re\u2026","rel":"","context":"Dans &quot;histoire&quot;","block_context":{"text":"histoire","link":"https:\/\/lyonelkaufmann.ch\/Blog\/category\/histoire-2\/"},"img":{"alt_text":"","src":"https:\/\/i0.wp.com\/lyonelkaufmann.ch\/Blog\/wp-content\/uploads\/2015\/03\/blogcafe1.jpg?fit=1024%2C683&ssl=1&resize=350%2C200","width":350,"height":200,"srcset":"https:\/\/i0.wp.com\/lyonelkaufmann.ch\/Blog\/wp-content\/uploads\/2015\/03\/blogcafe1.jpg?fit=1024%2C683&ssl=1&resize=350%2C200 1x, https:\/\/i0.wp.com\/lyonelkaufmann.ch\/Blog\/wp-content\/uploads\/2015\/03\/blogcafe1.jpg?fit=1024%2C683&ssl=1&resize=525%2C300 1.5x, https:\/\/i0.wp.com\/lyonelkaufmann.ch\/Blog\/wp-content\/uploads\/2015\/03\/blogcafe1.jpg?fit=1024%2C683&ssl=1&resize=700%2C400 2x"},"classes":[]},{"id":6169,"url":"https:\/\/lyonelkaufmann.ch\/Blog\/2012\/09\/25\/que-signifie-vraiment-integrer-les-tic-en-pedagogie-educavox\/","url_meta":{"origin":7673,"position":2},"title":"Que signifie vraiment \u00ab int\u00e9grer les TIC \u00bb en p\u00e9dagogie ? | Educavox","author":"Lyonel Kaufmann","date":"25 septembre 2012","format":false,"excerpt":"Sur Educavox, Yves Morin pose la question suivante : comment un enseignant qui d\u00e9sire int\u00e9grer les technologies \u00e0 sa p\u00e9dagogie doit-il proc\u00e9der ou quelles sont les \u00e9tapes successives et requises visant \u00e0 l\u2019int\u00e9gration des TIC par un enseignant ? Sur la base de ses recherches et de ses diff\u00e9rentes lectures,\u2026","rel":"","context":"Dans &quot;histoire&quot;","block_context":{"text":"histoire","link":"https:\/\/lyonelkaufmann.ch\/Blog\/category\/histoire-2\/"},"img":{"alt_text":"","src":"https:\/\/i0.wp.com\/lyonelkaufmann.ch\/Blog\/wp-content\/uploads\/2015\/03\/blogcafe1.jpg?fit=1024%2C683&ssl=1&resize=350%2C200","width":350,"height":200,"srcset":"https:\/\/i0.wp.com\/lyonelkaufmann.ch\/Blog\/wp-content\/uploads\/2015\/03\/blogcafe1.jpg?fit=1024%2C683&ssl=1&resize=350%2C200 1x, https:\/\/i0.wp.com\/lyonelkaufmann.ch\/Blog\/wp-content\/uploads\/2015\/03\/blogcafe1.jpg?fit=1024%2C683&ssl=1&resize=525%2C300 1.5x, https:\/\/i0.wp.com\/lyonelkaufmann.ch\/Blog\/wp-content\/uploads\/2015\/03\/blogcafe1.jpg?fit=1024%2C683&ssl=1&resize=700%2C400 2x"},"classes":[]},{"id":27083,"url":"https:\/\/lyonelkaufmann.ch\/Blog\/2025\/06\/06\/ia-intelligence-austeritaire-dans-les-algorithmes\/","url_meta":{"origin":7673,"position":3},"title":"IA : intelligence aust\u00e9ritaire | Dans les algorithmes","author":"Lyonel Kaufmann","date":"6 juin 2025","format":false,"excerpt":"Aux Etats-Unis, la collusion entre les g\u00e9ants de la tech et l\u2019administration Trump vise \u00e0 \u201cutiliser l\u2019IA pour imposer des politiques d\u2019aust\u00e9rit\u00e9 et cr\u00e9er une instabilit\u00e9 permanente par des d\u00e9cisions qui privent le public des ressources n\u00e9cessaires \u00e0 une participation significative \u00e0 la d\u00e9mocratie\u201d, explique l\u2019avocat Kevin De Liban \u00e0\u2026","rel":"","context":"Dans &quot;politis&quot;","block_context":{"text":"politis","link":"https:\/\/lyonelkaufmann.ch\/Blog\/category\/politis\/"},"img":{"alt_text":"","src":"","width":0,"height":0},"classes":[]},{"id":7362,"url":"https:\/\/lyonelkaufmann.ch\/Blog\/2012\/09\/25\/que-signifie-vraiment-integrer-les-tic-en-pedagogie-educavox-2\/","url_meta":{"origin":7673,"position":4},"title":"Que signifie vraiment \u00ab int\u00e9grer les TIC \u00bb en p\u00e9dagogie ? | Educavox","author":"Lyonel Kaufmann","date":"25 septembre 2012","format":false,"excerpt":"Sur Educavox, Yves Morin pose la question suivante : comment un enseignant qui d\u00e9sire int\u00e9grer les technologies \u00e0 sa p\u00e9dagogie doit-il proc\u00e9der ou quelles sont les \u00e9tapes successives et requises visant \u00e0 l\u2019int\u00e9gration des TIC par un enseignant ? Sur la base de ses recherches et de ses diff\u00e9rentes lectures,\u2026","rel":"","context":"Dans &quot;Blogcaf\u00e9&quot;","block_context":{"text":"Blogcaf\u00e9","link":"https:\/\/lyonelkaufmann.ch\/Blog\/category\/blogcafe-2\/"},"img":{"alt_text":"","src":"https:\/\/i0.wp.com\/lyonelkaufmann.ch\/Blog\/wp-content\/uploads\/2015\/03\/blogcafe1.jpg?fit=1024%2C683&ssl=1&resize=350%2C200","width":350,"height":200,"srcset":"https:\/\/i0.wp.com\/lyonelkaufmann.ch\/Blog\/wp-content\/uploads\/2015\/03\/blogcafe1.jpg?fit=1024%2C683&ssl=1&resize=350%2C200 1x, https:\/\/i0.wp.com\/lyonelkaufmann.ch\/Blog\/wp-content\/uploads\/2015\/03\/blogcafe1.jpg?fit=1024%2C683&ssl=1&resize=525%2C300 1.5x, https:\/\/i0.wp.com\/lyonelkaufmann.ch\/Blog\/wp-content\/uploads\/2015\/03\/blogcafe1.jpg?fit=1024%2C683&ssl=1&resize=700%2C400 2x"},"classes":[]},{"id":29,"url":"https:\/\/lyonelkaufmann.ch\/Blog\/2006\/03\/08\/06-groupes-de-reponses\/","url_meta":{"origin":7673,"position":5},"title":"06. Groupes de r\u00e9ponses","author":"Lyonel Kaufmann","date":"8 mars 2006","format":false,"excerpt":"Les groupes de r\u00e9ponses enrichissent les discussions de classe et promeuvent la pens\u00e9e critique. Chaque groupe re\u00e7oit des informations historiques compl\u00e9t\u00e9es par des documents iconographiques, des sources primaires ou des morceaux de musique. Le mat\u00e9riel est accompagn\u00e9 de questions provocantes soumises \u00e0 discussion. Apr\u00e8s discussion en sous-groupe, les rapporteurs de\u2026","rel":"","context":"Dans &quot;histoire&quot;","block_context":{"text":"histoire","link":"https:\/\/lyonelkaufmann.ch\/Blog\/category\/histoire-2\/"},"img":{"alt_text":"","src":"https:\/\/i0.wp.com\/lyonelkaufmann.ch\/Blog\/wp-content\/uploads\/2015\/03\/blogcafe1.jpg?fit=1024%2C683&ssl=1&resize=350%2C200","width":350,"height":200,"srcset":"https:\/\/i0.wp.com\/lyonelkaufmann.ch\/Blog\/wp-content\/uploads\/2015\/03\/blogcafe1.jpg?fit=1024%2C683&ssl=1&resize=350%2C200 1x, https:\/\/i0.wp.com\/lyonelkaufmann.ch\/Blog\/wp-content\/uploads\/2015\/03\/blogcafe1.jpg?fit=1024%2C683&ssl=1&resize=525%2C300 1.5x, https:\/\/i0.wp.com\/lyonelkaufmann.ch\/Blog\/wp-content\/uploads\/2015\/03\/blogcafe1.jpg?fit=1024%2C683&ssl=1&resize=700%2C400 2x"},"classes":[]}],"jetpack_likes_enabled":true,"_links":{"self":[{"href":"https:\/\/lyonelkaufmann.ch\/Blog\/wp-json\/wp\/v2\/posts\/7673","targetHints":{"allow":["GET"]}}],"collection":[{"href":"https:\/\/lyonelkaufmann.ch\/Blog\/wp-json\/wp\/v2\/posts"}],"about":[{"href":"https:\/\/lyonelkaufmann.ch\/Blog\/wp-json\/wp\/v2\/types\/post"}],"author":[{"embeddable":true,"href":"https:\/\/lyonelkaufmann.ch\/Blog\/wp-json\/wp\/v2\/users\/1"}],"replies":[{"embeddable":true,"href":"https:\/\/lyonelkaufmann.ch\/Blog\/wp-json\/wp\/v2\/comments?post=7673"}],"version-history":[{"count":0,"href":"https:\/\/lyonelkaufmann.ch\/Blog\/wp-json\/wp\/v2\/posts\/7673\/revisions"}],"wp:featuredmedia":[{"embeddable":true,"href":"https:\/\/lyonelkaufmann.ch\/Blog\/wp-json\/wp\/v2\/media\/14680"}],"wp:attachment":[{"href":"https:\/\/lyonelkaufmann.ch\/Blog\/wp-json\/wp\/v2\/media?parent=7673"}],"wp:term":[{"taxonomy":"category","embeddable":true,"href":"https:\/\/lyonelkaufmann.ch\/Blog\/wp-json\/wp\/v2\/categories?post=7673"},{"taxonomy":"post_tag","embeddable":true,"href":"https:\/\/lyonelkaufmann.ch\/Blog\/wp-json\/wp\/v2\/tags?post=7673"}],"curies":[{"name":"wp","href":"https:\/\/api.w.org\/{rel}","templated":true}]}}