{"id":7682,"date":"2006-03-23T09:37:50","date_gmt":"2006-03-23T08:37:50","guid":{"rendered":"http:\/\/lyonelkaufmann.ch\/histoire\/?p=56"},"modified":"2006-03-23T09:37:50","modified_gmt":"2006-03-23T08:37:50","slug":"les-50-ans-du-rapport-khrouchtchev","status":"publish","type":"post","link":"https:\/\/lyonelkaufmann.ch\/Blog\/2006\/03\/23\/les-50-ans-du-rapport-khrouchtchev\/","title":{"rendered":"Les 50 ans du rapport Khrouchtchev"},"content":{"rendered":"<p>Le journal <em>Le Monde<\/em> dans son \u00e9dition dat\u00e9e du 18 mars 2006 revient sur la publication du rapport Khrouchtchev de 1956.<\/p>\n<p>On en \u00abf\u00eate\u00bb donc cette ann\u00e9e les 50 ans. Rappel des faits tout d&rsquo;abord :<\/p>\n<p><!-- technorati tags start --><\/p>\n<p style=\"text-align:right;font-size:10px;\">Technorati Tags: <a href=\"http:\/\/www.technorati.com\/tag\/Khrouchtchev\" rel=\"tag\">Khrouchtchev<\/a>, <a href=\"http:\/\/www.technorati.com\/tag\/rapport Khrouchtchev\" rel=\"tag\">rapport Khrouchtchev<\/a><\/p>\n<p><!-- technorati tags end --><br \/>\n<!--more--><\/p>\n<blockquote><p><em>Le 17 mars 1956, une d\u00e9p\u00eache de l&rsquo;agence Reuter et un article du New York Times r\u00e9v\u00e8lent au monde occidental l&rsquo;impensable : le 25 f\u00e9vrier pr\u00e9c\u00e9dent, \u00e0 la fin du XXe congr\u00e8s du Parti communiste sovi\u00e9tique, Nikita Khrouchtchev s&rsquo;est livr\u00e9 \u00e0 huis clos \u00e0 un implacable r\u00e9quisitoire contre Staline.<br \/>\nLe contenu de la longue d\u00e9claration reste cependant fragmentaire. Il faut attendre le 2 juin 1956 pour que le grand quotidien am\u00e9ricain publie la quasi-int\u00e9gralit\u00e9 de ce qui est rest\u00e9 dans l&rsquo;Histoire comme le \u00ab\u00a0rapport Khrouchtchev\u00a0\u00bb.<\/em><\/p><\/blockquote>\n<p style=\"text-align:justify;\">Sam Russel, Anglais \u00e2g\u00e9 aujourd&rsquo;hui de 91 ans, relate de quelle mani\u00e8re il a \u00e9t\u00e9 inform\u00e9 de ce rapport des mars 1956 et les r\u00e9actions l&rsquo;accompagnant :<\/p>\n<blockquote><p><em>S&rsquo;y ajoute aujourd&rsquo;hui un t\u00e9moignage privil\u00e9gi\u00e9, celui de Sam Russell, 91 ans. Cet Anglais, d&rsquo;origine juive polonaise, de son vrai nom Manassa<br \/>\nil a \u00e9t\u00e9 inform\u00e9 d\u00e8s le d\u00e9but du mois de mars 1956 de l&rsquo;existence du rapport. A partir du 28 f\u00e9vrier, le texte est en effet donn\u00e9 en lecture aux dignitaires des partis fr\u00e8res, puis aux communistes sovi\u00e9tiques. \u00ab\u00a0Des r\u00e9unions sp\u00e9ciales sont organis\u00e9es dans chaque administration, dans chaque kolkhoze, par le proc\u00e9d\u00e9 d&rsquo;exemplaires num\u00e9rot\u00e9s qui doivent \u00eatre restitu\u00e9s\u00a0\u00bb, explique Sam Russell. Il est interdit de prendre des notes et de poser des questions.<br \/>\nDes dizaines de milliers de membres du PC de l&rsquo;URSS, m\u00e9dus\u00e9s, prennent ainsi connaissance en catimini d&rsquo;un rapport qui d\u00e9nonce trente ans de culte de la personnalit\u00e9, fustige les purges sanglantes des ann\u00e9es 1930 et critique le d\u00e9tournement du pouvoir coll\u00e9gial. L&rsquo;objectif, jug\u00e9 aujourd&rsquo;hui improbable, est d&rsquo;informer tous les camarades des d\u00e9rives de Staline sans que l&rsquo;Occident bourgeois ne le sache.<\/em><\/p><\/blockquote>\n<p style=\"text-align:justify;\">Le plus extraordinaire est que cette strat\u00e9gie fonctionnera au moins un temps. La situation de l&rsquo;\u00e9poque, le contr\u00f4le des journalistes \u00e9trangers, les vacances du correspondant de l&rsquo;agence Reuters se m\u00ealent dans ce sc\u00e9nario improbable. Finalement, le correspondant de Reuters envoie l&rsquo;information depuis Stockholm tout en la situant \u00e0 Bonn pour prot\u00e9ger son informateur !<\/p>\n<p style=\"text-align:justify;\">Une fois publi\u00e9e, la nouvelle sera ensuite longtemps ni\u00e9e par Nikita Khrouchtchev lui-m\u00eame qui affirmera m\u00eame, en mai 1957, que le document a \u00e9t\u00e9 <em>\u00ab\u00a0fabriqu\u00e9 par les services de renseignement am\u00e9ricains\u00a0\u00bb.<\/em> Car, si son r\u00e9quisitoire lui a permis d&rsquo;asseoir son pouvoir face \u00e0 la vieille garde stalinienne, cela a \u00e9galement suscit\u00e9 des espoirs immenses de lib\u00e9ralisation du r\u00e9gime, en URSS et dans le bloc de l&rsquo;Est. En juin en Pologne, et surtout en Hongrie, en octobre 1956, \u00e9clatent des r\u00e9voltes, durement r\u00e9prim\u00e9es.<br \/>\nPour beaucoup de militants communistes ouest-europ\u00e9ens, ce sera le d\u00e9but des d\u00e9sillusions.<\/p>\n<p>Pour terminer, le journal Le Monde pose la question suivante :<\/p>\n<blockquote><p><em>A l&rsquo;heure du village plan\u00e9taire, quand un battement d&rsquo;aile de papillon \u00e0 Sydney devient aussit\u00f4t un ouragan sur CNN, une telle omerta est-elle devenue impensable ?<\/em><\/p><\/blockquote>\n<p style=\"text-align:justify;\">Pour Guillaume Bourgeois qui a recueilli le t\u00e9moignage de Sam Russe, rien n&rsquo;est moins s\u00fbr, car<\/p>\n<blockquote><p><em>\u00ab\u00a0Pour bien comprendre le ph\u00e9nom\u00e8ne du rapport Khrouchtchev, il faut se replacer \u00e0 l&rsquo;int\u00e9rieur d&rsquo;une communaut\u00e9 de croyants scell\u00e9e par un pacte du secret.\u00a0\u00bb<\/em><\/p><\/blockquote>\n<p>Pour conclure, l&rsquo;article d&rsquo;il y a cinquante ans du journal <em>Le Monde<\/em> :<\/p>\n<blockquote><p><strong><em>L&rsquo;ic\u00f4ne bris\u00e9e<\/em><\/strong><em><br \/>\nArticle paru dans l&rsquo;\u00e9dition du 19.03.06<\/p>\n<p>IL EST extr\u00eamement difficile de d\u00e9m\u00ealer la part du vrai et du faux, de l&rsquo;exag\u00e9ration et du romanesque, dans le flot de d\u00e9p\u00eaches qui depuis trois jours d\u00e9ferlent de Moscou sur le monde occidental.<br \/>\nOn n&rsquo;a pour l&rsquo;instant qu&rsquo;une certitude : Khrouchtchev a pr\u00e9sent\u00e9 effectivement, le 25 f\u00e9vrier, un rapport au XXe congr\u00e8s r\u00e9uni \u00e0 huis clos, dans lequel il a d\u00e9nonc\u00e9 le culte de la personnalit\u00e9 et attaqu\u00e9 Staline en des termes infiniment plus vigoureux que ne l&rsquo;avait fait Miko\u00efan en s\u00e9ance publique.<\/p>\n<p>Mais qu&rsquo;a-t-il dit exactement ? A-t-il vraiment pr\u00e9sent\u00e9 Staline comme un d\u00e9ment, comme un parano\u00efaque, qui depuis 1934 (ann\u00e9e de l&rsquo;assassinat de son plus proche collaborateur Serge Kirov) aurait accumul\u00e9 les crimes les plus odieux et mis \u00e0 feu et \u00e0 sang son propre parti en envoyant \u00e0 la mort tous ses adversaires pr\u00e9sum\u00e9s ?<\/p>\n<p>Tant qu&rsquo;on n&rsquo;aura pas le texte exact du discours de Khrouchtchev &#8211; et d&rsquo;apr\u00e8s plusieurs d\u00e9p\u00eaches de Moscou, il s&rsquo;agirait d&rsquo;un \u00ab document interne \u00bb, non destin\u00e9 \u00e0 la publication, du moins dans l&rsquo;imm\u00e9diat &#8211; il faut \u00eatre prudent.<\/p>\n<p>Pour l&rsquo;instant il n&rsquo;est pas \u00e9tabli que le premier secr\u00e9taire du Parti communiste de la Russie ait proc\u00e9d\u00e9 \u00e0 une liquidation int\u00e9grale, d\u00e9finitive, de Staline, et par cons\u00e9quent \u00e0 une condamnation sans r\u00e9serve de tous les actes accomplis par Staline depuis le jour o\u00f9 il \u00e9limina Trotski jusqu&rsquo;\u00e0 sa mort, soit pendant un quart de si\u00e8cle.<\/em><\/p><\/blockquote>\n","protected":false},"excerpt":{"rendered":"<p>Le journal Le Monde dans son \u00e9dition dat\u00e9e du 18 mars 2006 revient sur la publication du rapport Khrouchtchev de 1956. On en \u00abf\u00eate\u00bb donc cette ann\u00e9e les 50 ans. Rappel des faits tout d&rsquo;abord : Technorati Tags: Khrouchtchev, rapport Khrouchtchev<\/p>\n","protected":false},"author":1,"featured_media":14680,"comment_status":"open","ping_status":"open","sticky":false,"template":"","format":"standard","meta":{"_import_markdown_pro_load_document_selector":0,"_import_markdown_pro_submit_text_textarea":"","_genesis_hide_title":false,"_genesis_hide_breadcrumbs":false,"_genesis_hide_singular_image":false,"_genesis_hide_footer_widgets":false,"_genesis_custom_body_class":"","_genesis_custom_post_class":"","_genesis_layout":"","jetpack_post_was_ever_published":false,"_jetpack_newsletter_access":"","_jetpack_dont_email_post_to_subs":false,"_jetpack_newsletter_tier_id":0,"_jetpack_memberships_contains_paywalled_content":false,"_jetpack_memberships_contains_paid_content":false,"activitypub_content_warning":"","activitypub_content_visibility":"","activitypub_max_image_attachments":3,"activitypub_interaction_policy_quote":"anyone","activitypub_status":"","footnotes":"","jetpack_publicize_message":"","jetpack_publicize_feature_enabled":true,"jetpack_social_post_already_shared":true,"jetpack_social_options":{"image_generator_settings":{"template":"fullscreen","default_image_id":0,"font":"","enabled":false},"version":2}},"categories":[2],"tags":[],"class_list":{"0":"post-7682","1":"post","2":"type-post","3":"status-publish","4":"format-standard","5":"has-post-thumbnail","7":"category-histoire-2","8":"entry"},"jetpack_publicize_connections":[],"featured_image_src":"https:\/\/i0.wp.com\/lyonelkaufmann.ch\/Blog\/wp-content\/uploads\/2015\/03\/blogcafe1.jpg?resize=600%2C400&ssl=1","featured_image_src_square":"https:\/\/i0.wp.com\/lyonelkaufmann.ch\/Blog\/wp-content\/uploads\/2015\/03\/blogcafe1.jpg?resize=600%2C600&ssl=1","author_info":{"display_name":"Lyonel Kaufmann","author_link":"https:\/\/lyonelkaufmann.ch\/Blog\/author\/lyonelk\/"},"jetpack_featured_media_url":"https:\/\/i0.wp.com\/lyonelkaufmann.ch\/Blog\/wp-content\/uploads\/2015\/03\/blogcafe1.jpg?fit=1024%2C683&ssl=1","jetpack_sharing_enabled":true,"jetpack_shortlink":"https:\/\/wp.me\/p1qtF4-1ZU","jetpack-related-posts":[{"id":5518,"url":"https:\/\/lyonelkaufmann.ch\/Blog\/2012\/06\/03\/staline-meurt-dans-sa-bulle-slate\/","url_meta":{"origin":7682,"position":0},"title":"Staline meurt dans sa bulle | Slate","author":"Lyonel Kaufmann","date":"3 juin 2012","format":false,"excerpt":"Remarqu\u00e9 avec l\u2019ambigu Il \u00e9tait une fois en France (Gl\u00e9nat), le sc\u00e9nariste Fabien Nury enterre le Petit p\u00e8re des peuples. Dessin\u00e9 par Thierry Robin, le second tome de La Mort de Staline, Fun\u00e9railles, est publi\u00e9 par Dargaud.\u00a0 Le second tome se consacre essentiellement \u00e0 l\u2019impitoyable guerre de succession ouverte par\u2026","rel":"","context":"Dans &quot;histoire&quot;","block_context":{"text":"histoire","link":"https:\/\/lyonelkaufmann.ch\/Blog\/category\/histoire-2\/"},"img":{"alt_text":"","src":"https:\/\/i0.wp.com\/lyonelkaufmann.ch\/Blog\/wp-content\/uploads\/2015\/03\/mort_staline_humanite.jpg?fit=445%2C306&ssl=1&resize=350%2C200","width":350,"height":200},"classes":[]},{"id":1595,"url":"https:\/\/lyonelkaufmann.ch\/Blog\/2009\/10\/04\/laffaire-farewell-les-rapports-est-ouest-des-annees-1980\/","url_meta":{"origin":7682,"position":1},"title":"L&rsquo;Affaire Farewell : les rapports Est-Ouest des ann\u00e9es 1980","author":"Lyonel Kaufmann","date":"4 octobre 2009","format":false,"excerpt":"Ce dernier vendredi, j'ai pass\u00e9 une agr\u00e9able soir\u00e9e au cin\u00e9ma \u00e0 la projection de L'Affaire Farewell de Christian Carion. La bande-annonce: Ainsi donc, apr\u00e8s son film Joyeux N\u00f6el inscrit dans la Premi\u00e8re Guerre Mondiale, Christian Carion nous offre un nouveau film de fiction-historique. Comme dans Joyeux No\u00ebl, il prend quelques\u2026","rel":"","context":"Dans &quot;histoire&quot;","block_context":{"text":"histoire","link":"https:\/\/lyonelkaufmann.ch\/Blog\/category\/histoire-2\/"},"img":{"alt_text":"","src":"https:\/\/i0.wp.com\/lyonelkaufmann.ch\/Blog\/wp-content\/uploads\/2015\/03\/064.jpg?fit=480%2C360&ssl=1&resize=350%2C200","width":350,"height":200},"classes":[]},{"id":5388,"url":"https:\/\/lyonelkaufmann.ch\/Blog\/2012\/05\/12\/joe-sacco-du9-lautre-bande-dessinee\/","url_meta":{"origin":7682,"position":2},"title":"Joe Sacco | du9, l&rsquo;autre bande dessin\u00e9e","author":"Lyonel Kaufmann","date":"12 mai 2012","format":"quote","excerpt":"Joe Sacco est un auteur utilisant la BD pour r\u00e9alis\u00e9 des formes de reportages historiques. Il est l'auteur de Gaza 1956 et de Gorazde (Guerre de Yougoslavie. Tout ce qui int\u00e9resse le journalisme aujourd\u2019hui appartiendra \u00e0 l\u2019Histoire demain. Il faut juste admettre qu\u2019on ne peut rapporter correctement des \u00e9v\u00e9nements quelques\u2026","rel":"","context":"Dans &quot;histoire&quot;","block_context":{"text":"histoire","link":"https:\/\/lyonelkaufmann.ch\/Blog\/category\/histoire-2\/"},"img":{"alt_text":"","src":"","width":0,"height":0},"classes":[]},{"id":27220,"url":"https:\/\/lyonelkaufmann.ch\/Blog\/2025\/07\/08\/destination-ecosse-paul-graham-photographie\/","url_meta":{"origin":7682,"position":3},"title":"Destination Ecosse : Paul Graham (photographie)","author":"Lyonel Kaufmann","date":"8 juillet 2025","format":false,"excerpt":"Cet \u00e9t\u00e9, ce sera l\u2019\u00c9cosse \u00e0 moto pendant plus de 10 jours. Bien s\u00fbr, il y a la pr\u00e9paration de la moto et de l'\u00e9quipement des deux voyageurs. Mais je r\u00e9fl\u00e9chis aussi tant \u00e0 du setup de mon mat\u00e9riel photographique que de la d\u00e9finition de mes r\u00e9glages couleurs (ou noir\/blanc)\u2026","rel":"","context":"Dans &quot;Blogcaf\u00e9&quot;","block_context":{"text":"Blogcaf\u00e9","link":"https:\/\/lyonelkaufmann.ch\/Blog\/category\/blogcafe-2\/"},"img":{"alt_text":"","src":"https:\/\/i0.wp.com\/lyonelkaufmann.ch\/Blog\/wp-content\/uploads\/2025\/07\/paul-graham-cafe-assistants.jpg?fit=1200%2C969&ssl=1&resize=350%2C200","width":350,"height":200,"srcset":"https:\/\/i0.wp.com\/lyonelkaufmann.ch\/Blog\/wp-content\/uploads\/2025\/07\/paul-graham-cafe-assistants.jpg?fit=1200%2C969&ssl=1&resize=350%2C200 1x, https:\/\/i0.wp.com\/lyonelkaufmann.ch\/Blog\/wp-content\/uploads\/2025\/07\/paul-graham-cafe-assistants.jpg?fit=1200%2C969&ssl=1&resize=525%2C300 1.5x, https:\/\/i0.wp.com\/lyonelkaufmann.ch\/Blog\/wp-content\/uploads\/2025\/07\/paul-graham-cafe-assistants.jpg?fit=1200%2C969&ssl=1&resize=700%2C400 2x, https:\/\/i0.wp.com\/lyonelkaufmann.ch\/Blog\/wp-content\/uploads\/2025\/07\/paul-graham-cafe-assistants.jpg?fit=1200%2C969&ssl=1&resize=1050%2C600 3x"},"classes":[]},{"id":5245,"url":"https:\/\/lyonelkaufmann.ch\/Blog\/2012\/04\/04\/revue-de-presse-le-rapport-bergier-10-ans-apres-infoclio-ch\/","url_meta":{"origin":7682,"position":4},"title":"Revue de presse : Le rapport Bergier 10 ans apr\u00e8s | infoclio.ch","author":"Lyonel Kaufmann","date":"4 avril 2012","format":false,"excerpt":"Ces 21 et 22 mars se tenaient \u00e0 l'Universit\u00e9 de Lausanne une s\u00e9rie de conf\u00e9rences suite aux dix ans de la publication du rapport Bergier. Si la deuxi\u00e8me journ\u00e9e \u00e9tait consacr\u00e9e \u00e0 l'enseignement au niveau gymnasial des acquis du rapport Bergier, la premi\u00e8re journ\u00e9e, ou plut\u00f4t soir\u00e9e, a pris la\u2026","rel":"","context":"Dans &quot;histoire&quot;","block_context":{"text":"histoire","link":"https:\/\/lyonelkaufmann.ch\/Blog\/category\/histoire-2\/"},"img":{"alt_text":"","src":"https:\/\/i0.wp.com\/lyonelkaufmann.ch\/Blog\/wp-content\/uploads\/2015\/03\/blogcafe1.jpg?fit=1024%2C683&ssl=1&resize=350%2C200","width":350,"height":200,"srcset":"https:\/\/i0.wp.com\/lyonelkaufmann.ch\/Blog\/wp-content\/uploads\/2015\/03\/blogcafe1.jpg?fit=1024%2C683&ssl=1&resize=350%2C200 1x, https:\/\/i0.wp.com\/lyonelkaufmann.ch\/Blog\/wp-content\/uploads\/2015\/03\/blogcafe1.jpg?fit=1024%2C683&ssl=1&resize=525%2C300 1.5x, https:\/\/i0.wp.com\/lyonelkaufmann.ch\/Blog\/wp-content\/uploads\/2015\/03\/blogcafe1.jpg?fit=1024%2C683&ssl=1&resize=700%2C400 2x"},"classes":[]},{"id":3584,"url":"https:\/\/lyonelkaufmann.ch\/Blog\/2011\/02\/25\/les-vestiges-oublies-de-lempire-sovietique\/","url_meta":{"origin":7682,"position":5},"title":"Les vestiges oubli\u00e9s de l&rsquo;Empire sovi\u00e9tique","author":"Lyonel Kaufmann","date":"25 f\u00e9vrier 2011","format":false,"excerpt":"Eric Lusito a voyag\u00e9 d\u2019Allemagne de l'Est \u00e0 la Mongolie et de la Pologne au Kazakhstan \u00e0 la recherche de ces sites qui repr\u00e9sentaient l'ambition et la puissance de l\u2019URSS. Il en a ramen\u00e9 de superbes images.. Entre histoire et m\u00e9moire, espace et patrimoine, mythes et propagande, cette collection d\u2019images\u2026","rel":"","context":"Dans &quot;histoire&quot;","block_context":{"text":"histoire","link":"https:\/\/lyonelkaufmann.ch\/Blog\/category\/histoire-2\/"},"img":{"alt_text":"","src":"https:\/\/i0.wp.com\/lyonelkaufmann.ch\/Blog\/wp-content\/uploads\/2015\/03\/75E77FD0-1AF8-4BE2-91A3-77DEB3A120B67.jpg?fit=800%2C640&ssl=1&resize=350%2C200","width":350,"height":200,"srcset":"https:\/\/i0.wp.com\/lyonelkaufmann.ch\/Blog\/wp-content\/uploads\/2015\/03\/75E77FD0-1AF8-4BE2-91A3-77DEB3A120B67.jpg?fit=800%2C640&ssl=1&resize=350%2C200 1x, https:\/\/i0.wp.com\/lyonelkaufmann.ch\/Blog\/wp-content\/uploads\/2015\/03\/75E77FD0-1AF8-4BE2-91A3-77DEB3A120B67.jpg?fit=800%2C640&ssl=1&resize=525%2C300 1.5x, https:\/\/i0.wp.com\/lyonelkaufmann.ch\/Blog\/wp-content\/uploads\/2015\/03\/75E77FD0-1AF8-4BE2-91A3-77DEB3A120B67.jpg?fit=800%2C640&ssl=1&resize=700%2C400 2x"},"classes":[]}],"jetpack_likes_enabled":true,"_links":{"self":[{"href":"https:\/\/lyonelkaufmann.ch\/Blog\/wp-json\/wp\/v2\/posts\/7682","targetHints":{"allow":["GET"]}}],"collection":[{"href":"https:\/\/lyonelkaufmann.ch\/Blog\/wp-json\/wp\/v2\/posts"}],"about":[{"href":"https:\/\/lyonelkaufmann.ch\/Blog\/wp-json\/wp\/v2\/types\/post"}],"author":[{"embeddable":true,"href":"https:\/\/lyonelkaufmann.ch\/Blog\/wp-json\/wp\/v2\/users\/1"}],"replies":[{"embeddable":true,"href":"https:\/\/lyonelkaufmann.ch\/Blog\/wp-json\/wp\/v2\/comments?post=7682"}],"version-history":[{"count":0,"href":"https:\/\/lyonelkaufmann.ch\/Blog\/wp-json\/wp\/v2\/posts\/7682\/revisions"}],"wp:featuredmedia":[{"embeddable":true,"href":"https:\/\/lyonelkaufmann.ch\/Blog\/wp-json\/wp\/v2\/media\/14680"}],"wp:attachment":[{"href":"https:\/\/lyonelkaufmann.ch\/Blog\/wp-json\/wp\/v2\/media?parent=7682"}],"wp:term":[{"taxonomy":"category","embeddable":true,"href":"https:\/\/lyonelkaufmann.ch\/Blog\/wp-json\/wp\/v2\/categories?post=7682"},{"taxonomy":"post_tag","embeddable":true,"href":"https:\/\/lyonelkaufmann.ch\/Blog\/wp-json\/wp\/v2\/tags?post=7682"}],"curies":[{"name":"wp","href":"https:\/\/api.w.org\/{rel}","templated":true}]}}