{"id":7683,"date":"2006-03-23T14:34:09","date_gmt":"2006-03-23T13:34:09","guid":{"rendered":"http:\/\/lyonelkaufmann.ch\/histoire\/?p=57"},"modified":"2006-03-23T14:34:09","modified_gmt":"2006-03-23T13:34:09","slug":"parution-echelles-no-25","status":"publish","type":"post","link":"https:\/\/lyonelkaufmann.ch\/Blog\/2006\/03\/23\/parution-echelles-no-25\/","title":{"rendered":"Parution : Echelles no 25"},"content":{"rendered":"<p><span style=\"font-family:American Typewriter;\">Le dernier N\u00b0 d&rsquo;Echelles, Revue\u00a0 Histoire-G\u00e9o de l&rsquo;acad\u00e9mie de Cr\u00e9teil, est t\u00e9l\u00e9chargeable \u00e0 l&rsquo;adresse suivante :<\/p>\n<p><\/span><span style=\"font-family:American Typewriter;\"><a href=\"http:\/\/www.crdp.ac-creteil.fr\/CRDP\/edition\/liaisons\/echelles.html\">http:\/\/www.crdp.ac-creteil.fr\/CRDP\/edition\/liaisons\/echelles.html<\/a><\/span><span style=\"font-family:American Typewriter;\"><\/p>\n<p>Voici le contenu :<br \/>\nR\u00e9fl\u00e9chir pour agir \/ Mobiliser des ressources locales : une vieille habitude ?<br \/>\nExp\u00e9rimenter en 1e \/ Exploiter le patrimoine local pour aborder \u00ab\u00a0le mod\u00e8le<br \/>\nindustriel\u00a0\u00bb<br \/>\nExp\u00e9rimenter en 3e \/ De Saint-Maur \u00e0 Auschwitz, sur les traces des orphelins<br \/>\nde la Varenne<br \/>\nR\u00e9fl\u00e9chir pour agir \/ Ressources de l&rsquo;Institut d&rsquo;Am\u00e9nagement et d&rsquo;Urbanisme<br \/>\nde la R\u00e9gion Ile-de-France<\/span><\/p>\n","protected":false},"excerpt":{"rendered":"<p>Le dernier N\u00b0 d&rsquo;Echelles, Revue\u00a0 Histoire-G\u00e9o de l&rsquo;acad\u00e9mie de Cr\u00e9teil, est t\u00e9l\u00e9chargeable \u00e0 l&rsquo;adresse suivante : http:\/\/www.crdp.ac-creteil.fr\/CRDP\/edition\/liaisons\/echelles.html Voici le contenu : R\u00e9fl\u00e9chir pour agir \/ Mobiliser des ressources locales : une vieille habitude ? Exp\u00e9rimenter en 1e \/ Exploiter le patrimoine local pour aborder \u00ab\u00a0le mod\u00e8le industriel\u00a0\u00bb Exp\u00e9rimenter en 3e \/ De Saint-Maur \u00e0 Auschwitz, [&hellip;]<\/p>\n","protected":false},"author":1,"featured_media":14680,"comment_status":"open","ping_status":"open","sticky":false,"template":"","format":"standard","meta":{"_import_markdown_pro_load_document_selector":0,"_import_markdown_pro_submit_text_textarea":"","_genesis_hide_title":false,"_genesis_hide_breadcrumbs":false,"_genesis_hide_singular_image":false,"_genesis_hide_footer_widgets":false,"_genesis_custom_body_class":"","_genesis_custom_post_class":"","_genesis_layout":"","jetpack_post_was_ever_published":false,"_jetpack_newsletter_access":"","_jetpack_dont_email_post_to_subs":false,"_jetpack_newsletter_tier_id":0,"_jetpack_memberships_contains_paywalled_content":false,"_jetpack_memberships_contains_paid_content":false,"activitypub_content_warning":"","activitypub_content_visibility":"","activitypub_max_image_attachments":3,"activitypub_interaction_policy_quote":"anyone","activitypub_status":"","footnotes":"","jetpack_publicize_message":"","jetpack_publicize_feature_enabled":true,"jetpack_social_post_already_shared":true,"jetpack_social_options":{"image_generator_settings":{"template":"fullscreen","default_image_id":0,"font":"","enabled":false},"version":2}},"categories":[2],"tags":[],"class_list":{"0":"post-7683","1":"post","2":"type-post","3":"status-publish","4":"format-standard","5":"has-post-thumbnail","7":"category-histoire-2","8":"entry"},"jetpack_publicize_connections":[],"featured_image_src":"https:\/\/i0.wp.com\/lyonelkaufmann.ch\/Blog\/wp-content\/uploads\/2015\/03\/blogcafe1.jpg?resize=600%2C400&ssl=1","featured_image_src_square":"https:\/\/i0.wp.com\/lyonelkaufmann.ch\/Blog\/wp-content\/uploads\/2015\/03\/blogcafe1.jpg?resize=600%2C600&ssl=1","author_info":{"display_name":"Lyonel Kaufmann","author_link":"https:\/\/lyonelkaufmann.ch\/Blog\/author\/lyonelk\/"},"jetpack_featured_media_url":"https:\/\/i0.wp.com\/lyonelkaufmann.ch\/Blog\/wp-content\/uploads\/2015\/03\/blogcafe1.jpg?fit=1024%2C683&ssl=1","jetpack_sharing_enabled":true,"jetpack_shortlink":"https:\/\/wp.me\/p1qtF4-1ZV","jetpack-related-posts":[{"id":8101,"url":"https:\/\/lyonelkaufmann.ch\/Blog\/2014\/07\/09\/produire-ou-utiliser-des-ressources-lexperimentation-des-tablettes-ted-ludovia-magazine\/","url_meta":{"origin":7683,"position":0},"title":"Produire ou utiliser des ressources, l\u2019exp\u00e9rimentation des tablettes TED &#8211; Ludovia Magazine","author":"Lyonel Kaufmann","date":"9 juillet 2014","format":false,"excerpt":"Produire ou utiliser des ressources, l\u2019exp\u00e9rimentation des tablettes TED - Ludovia MagazineSource: www.ludovia.comL\u2019objet de cette communication est de pr\u00e9senter les premiers r\u00e9sultats de cette recherche sur la mani\u00e8re dont les enseignants s\u2019approprient l\u2019objet et son environnement logiciel et d\u2019identifier comment ils con\u00e7oivent leurs enseignements et quelles ressources ils \u00e9laborent ou\u2026","rel":"","context":"Dans &quot;histoire&quot;","block_context":{"text":"histoire","link":"https:\/\/lyonelkaufmann.ch\/Blog\/category\/histoire-2\/"},"img":{"alt_text":"","src":"https:\/\/i0.wp.com\/lyonelkaufmann.ch\/Blog\/wp-content\/uploads\/2015\/03\/blogcafe1.jpg?fit=1024%2C683&ssl=1&resize=350%2C200","width":350,"height":200,"srcset":"https:\/\/i0.wp.com\/lyonelkaufmann.ch\/Blog\/wp-content\/uploads\/2015\/03\/blogcafe1.jpg?fit=1024%2C683&ssl=1&resize=350%2C200 1x, https:\/\/i0.wp.com\/lyonelkaufmann.ch\/Blog\/wp-content\/uploads\/2015\/03\/blogcafe1.jpg?fit=1024%2C683&ssl=1&resize=525%2C300 1.5x, https:\/\/i0.wp.com\/lyonelkaufmann.ch\/Blog\/wp-content\/uploads\/2015\/03\/blogcafe1.jpg?fit=1024%2C683&ssl=1&resize=700%2C400 2x"},"classes":[]},{"id":7781,"url":"https:\/\/lyonelkaufmann.ch\/Blog\/2007\/01\/16\/enseigner-les-questions-sensibles-du-xxe-siecle-janv-2006\/","url_meta":{"origin":7683,"position":1},"title":"Enseigner les questions sensibles du XXe si\u00e8cle (janv. 2006)","author":"Lyonel Kaufmann","date":"16 janvier 2007","format":false,"excerpt":"Contexte :Un s\u00e9minaire sur l'enseignement des \u00ab\u00a0questions sensibles\u00a0\u00bb s'est tenu \u00e0 Paris les 14 et 15 d\u00e9cembre 2005, organis\u00e9 conjointement par le Minist\u00e8re des Affaires Etrang\u00e8res et le Minist\u00e8re de l'Education Nationale. Ce s\u00e9minaire a d\u00e9limit\u00e9, pour la France, les questions \u00ab\u00a0sensibles\u00a0\u00bb aujourd'hui relativement \u00e0 l'enseignement de l'histoire: - la\u2026","rel":"","context":"Dans &quot;histoire&quot;","block_context":{"text":"histoire","link":"https:\/\/lyonelkaufmann.ch\/Blog\/category\/histoire-2\/"},"img":{"alt_text":"","src":"https:\/\/i0.wp.com\/lyonelkaufmann.ch\/Blog\/wp-content\/uploads\/2015\/03\/blogcafe1.jpg?fit=1024%2C683&ssl=1&resize=350%2C200","width":350,"height":200,"srcset":"https:\/\/i0.wp.com\/lyonelkaufmann.ch\/Blog\/wp-content\/uploads\/2015\/03\/blogcafe1.jpg?fit=1024%2C683&ssl=1&resize=350%2C200 1x, https:\/\/i0.wp.com\/lyonelkaufmann.ch\/Blog\/wp-content\/uploads\/2015\/03\/blogcafe1.jpg?fit=1024%2C683&ssl=1&resize=525%2C300 1.5x, https:\/\/i0.wp.com\/lyonelkaufmann.ch\/Blog\/wp-content\/uploads\/2015\/03\/blogcafe1.jpg?fit=1024%2C683&ssl=1&resize=700%2C400 2x"},"classes":[]},{"id":1536,"url":"https:\/\/lyonelkaufmann.ch\/Blog\/2009\/09\/08\/links-for-2009-09-07\/","url_meta":{"origin":7683,"position":2},"title":"Faut-il num\u00e9riser les manuels?","author":"Lyonel Kaufmann","date":"8 septembre 2009","format":false,"excerpt":"Faut-il num\u00e9riser les manuels? Bruno Devauchelle revient en ce d\u00e9but d'ann\u00e9e sur la question des manuels scolaires et plus particuli\u00e8rement sur leur d\u00e9clinaison num\u00e9rique, il s'interroger sur l'int\u00e9r\u00eat r\u00e9el que peuvent avoir les enseignants \u00e0 ne pas passer au num\u00e9rique et \u00e9galement sur l'impact que pourrait avoir leur disparition relativement\u2026","rel":"","context":"Dans &quot;histoire&quot;","block_context":{"text":"histoire","link":"https:\/\/lyonelkaufmann.ch\/Blog\/category\/histoire-2\/"},"img":{"alt_text":"","src":"https:\/\/i0.wp.com\/lyonelkaufmann.ch\/Blog\/wp-content\/uploads\/2015\/03\/blogcafe1.jpg?fit=1024%2C683&ssl=1&resize=350%2C200","width":350,"height":200,"srcset":"https:\/\/i0.wp.com\/lyonelkaufmann.ch\/Blog\/wp-content\/uploads\/2015\/03\/blogcafe1.jpg?fit=1024%2C683&ssl=1&resize=350%2C200 1x, https:\/\/i0.wp.com\/lyonelkaufmann.ch\/Blog\/wp-content\/uploads\/2015\/03\/blogcafe1.jpg?fit=1024%2C683&ssl=1&resize=525%2C300 1.5x, https:\/\/i0.wp.com\/lyonelkaufmann.ch\/Blog\/wp-content\/uploads\/2015\/03\/blogcafe1.jpg?fit=1024%2C683&ssl=1&resize=700%2C400 2x"},"classes":[]},{"id":5088,"url":"https:\/\/lyonelkaufmann.ch\/Blog\/2012\/02\/25\/reseaux-sociaux-veille-et-usages-pedagogiques-netpublic\/","url_meta":{"origin":7683,"position":3},"title":"R\u00e9seaux sociaux : Veille et usages p\u00e9dagogiques |\u00a0NetPublic","author":"Lyonel Kaufmann","date":"25 f\u00e9vrier 2012","format":false,"excerpt":"Via Scoop.it - M\u00e9dias sociaux et enseignement\u00c0 travers des fonctions de veille, d\u2019\u00e9change et de cr\u00e9ativit\u00e9, Xavier Galaup montre des exemples de projets participatifs et collaboratifs qui induisent et produisent un mode relationnel renouvel\u00e9 notamment avec les publics (pour les biblioth\u00e8ques) et les apprenants (pour l\u2019enseignement). La pr\u00e9sentation Veille et\u2026","rel":"","context":"Dans &quot;histoire&quot;","block_context":{"text":"histoire","link":"https:\/\/lyonelkaufmann.ch\/Blog\/category\/histoire-2\/"},"img":{"alt_text":"","src":"https:\/\/i0.wp.com\/lyonelkaufmann.ch\/Blog\/wp-content\/uploads\/2015\/03\/XT4znOPJjiEluJC1rYJhojl72eJkfbmt4t8yenImKBXEejxNn4ZJNZ2ss5Ku7Cxt.jpg?fit=500%2C298&ssl=1&resize=350%2C200","width":350,"height":200},"classes":[]},{"id":8084,"url":"https:\/\/lyonelkaufmann.ch\/Blog\/2014\/06\/30\/exposition-virtuelle-medecine-et-alimentation-infoclio-ch\/","url_meta":{"origin":7683,"position":4},"title":"Exposition virtuelle: M\u00e9decine et alimentation | infoclio.ch","author":"Lyonel Kaufmann","date":"30 juin 2014","format":false,"excerpt":"Un petit verre ? L'Universit\u00e9 de Fribourg \u00e0 mis en ligne une exposition virtuelle, en Fran\u00e7ais et en Allemand, consacr\u00e9e \u00e0 l'histoire des rapports entre m\u00e9decine et alimentation. L\u2019exposition consiste en une exp\u00e9rimentation num\u00e9rique qui propose une strat\u00e9gie mus\u00e9ographique innovante reposant les fonds de plusieurs institutions culturelles suisses: le Mus\u00e9e\u2026","rel":"","context":"Dans &quot;histoire&quot;","block_context":{"text":"histoire","link":"https:\/\/lyonelkaufmann.ch\/Blog\/category\/histoire-2\/"},"img":{"alt_text":"wpid-6_1024-2014-06-30-21-41.png","src":"https:\/\/i0.wp.com\/lyonelkaufmann.ch\/histoire\/wp-content\/uploads\/2014\/06\/wpid-6_1024-2014-06-30-21-41.png?resize=350%2C200","width":350,"height":200,"srcset":"https:\/\/i0.wp.com\/lyonelkaufmann.ch\/histoire\/wp-content\/uploads\/2014\/06\/wpid-6_1024-2014-06-30-21-41.png?resize=350%2C200 1x, https:\/\/i0.wp.com\/lyonelkaufmann.ch\/histoire\/wp-content\/uploads\/2014\/06\/wpid-6_1024-2014-06-30-21-41.png?resize=525%2C300 1.5x, https:\/\/i0.wp.com\/lyonelkaufmann.ch\/histoire\/wp-content\/uploads\/2014\/06\/wpid-6_1024-2014-06-30-21-41.png?resize=700%2C400 2x"},"classes":[]},{"id":7253,"url":"https:\/\/lyonelkaufmann.ch\/Blog\/2013\/08\/04\/revue-de-presse-le-reveil-de-la-querelle-des-historiens-une-polemique-memorielle-a-lechelle-nationale-et-europeenne-histoire-memoire-et-societe\/","url_meta":{"origin":7683,"position":5},"title":"Revue de presse : Le r\u00e9veil de la querelle des historiens : une pol\u00e9mique m\u00e9morielle \u00e0 l&rsquo;\u00e9chelle nationale et europ\u00e9enne &#8211; Histoire, M\u00e9moire et Soci\u00e9t\u00e9","author":"Lyonel Kaufmann","date":"4 ao\u00fbt 2013","format":false,"excerpt":"C'est l'un des d\u00e9bats historiographiques les plus passionnants de la seconde moiti\u00e9 du XX\u00e8me si\u00e8cle. Il consiste \u00e0 s'interroger sur la possibilit\u00e9 et la l\u00e9gitimit\u00e9 d'une comparaison entre le nazisme et le communisme. Tr\u00e8s bonne synth\u00e8se de Mickael Bertrand.Le r\u00e9veil de la querelle des historiens : une pol\u00e9mique m\u00e9morielle \u00e0\u2026","rel":"","context":"Dans &quot;histoire&quot;","block_context":{"text":"histoire","link":"https:\/\/lyonelkaufmann.ch\/Blog\/category\/histoire-2\/"},"img":{"alt_text":"","src":"https:\/\/i0.wp.com\/lyonelkaufmann.ch\/Blog\/wp-content\/uploads\/2015\/03\/blogcafe1.jpg?fit=1024%2C683&ssl=1&resize=350%2C200","width":350,"height":200,"srcset":"https:\/\/i0.wp.com\/lyonelkaufmann.ch\/Blog\/wp-content\/uploads\/2015\/03\/blogcafe1.jpg?fit=1024%2C683&ssl=1&resize=350%2C200 1x, https:\/\/i0.wp.com\/lyonelkaufmann.ch\/Blog\/wp-content\/uploads\/2015\/03\/blogcafe1.jpg?fit=1024%2C683&ssl=1&resize=525%2C300 1.5x, https:\/\/i0.wp.com\/lyonelkaufmann.ch\/Blog\/wp-content\/uploads\/2015\/03\/blogcafe1.jpg?fit=1024%2C683&ssl=1&resize=700%2C400 2x"},"classes":[]}],"jetpack_likes_enabled":true,"_links":{"self":[{"href":"https:\/\/lyonelkaufmann.ch\/Blog\/wp-json\/wp\/v2\/posts\/7683","targetHints":{"allow":["GET"]}}],"collection":[{"href":"https:\/\/lyonelkaufmann.ch\/Blog\/wp-json\/wp\/v2\/posts"}],"about":[{"href":"https:\/\/lyonelkaufmann.ch\/Blog\/wp-json\/wp\/v2\/types\/post"}],"author":[{"embeddable":true,"href":"https:\/\/lyonelkaufmann.ch\/Blog\/wp-json\/wp\/v2\/users\/1"}],"replies":[{"embeddable":true,"href":"https:\/\/lyonelkaufmann.ch\/Blog\/wp-json\/wp\/v2\/comments?post=7683"}],"version-history":[{"count":0,"href":"https:\/\/lyonelkaufmann.ch\/Blog\/wp-json\/wp\/v2\/posts\/7683\/revisions"}],"wp:featuredmedia":[{"embeddable":true,"href":"https:\/\/lyonelkaufmann.ch\/Blog\/wp-json\/wp\/v2\/media\/14680"}],"wp:attachment":[{"href":"https:\/\/lyonelkaufmann.ch\/Blog\/wp-json\/wp\/v2\/media?parent=7683"}],"wp:term":[{"taxonomy":"category","embeddable":true,"href":"https:\/\/lyonelkaufmann.ch\/Blog\/wp-json\/wp\/v2\/categories?post=7683"},{"taxonomy":"post_tag","embeddable":true,"href":"https:\/\/lyonelkaufmann.ch\/Blog\/wp-json\/wp\/v2\/tags?post=7683"}],"curies":[{"name":"wp","href":"https:\/\/api.w.org\/{rel}","templated":true}]}}