{"id":7690,"date":"2006-04-05T08:32:50","date_gmt":"2006-04-05T07:32:50","guid":{"rendered":"http:\/\/lyonelkaufmann.ch\/histoire\/?p=66"},"modified":"2006-04-05T08:32:50","modified_gmt":"2006-04-05T07:32:50","slug":"m075-cartes-graphiques-et-schemas-ressources","status":"publish","type":"post","link":"https:\/\/lyonelkaufmann.ch\/Blog\/2006\/04\/05\/m075-cartes-graphiques-et-schemas-ressources\/","title":{"rendered":"Cartes, graphiques et sch\u00e9mas (Ressources)"},"content":{"rendered":"<h3>1\u00b0 Utiliser, analyser, (faire) r\u00e9aliser des cartes, graphiques, sch\u00e9mas\u2026<\/h3>\n<li>\u2022 <a href=\"http:\/\/www.sciences-po.fr\/cartographie\/semio\/index_theorie.html\">S\u00e9miologie graphique<\/a> par l&rsquo;Atelier cartographique de Science Po Paris. Plus particuli\u00e8rement les cours intitul\u00e9s <em>Faire des cartes&#8230;<\/em>, <em>La graphique (Jacques Bertin)<\/em> et <em>La Cartographie et espace mondial<\/em>.<\/li>\n<li><a href=\"http:\/\/www.crdp-reims.fr\/ressources\/brochures\/blphg\/bul16\/Croquis.htm\">Cartes et croquis en g\u00e9ographie<\/a> &#8211; <em>Quand on examine le statut de la carte et du croquis dans l\u2019enseignement de la g\u00e9ographie en coll\u00e8ge et en lyc\u00e9e, on ne peut manquer d\u2019\u00eatre frapp\u00e9 par l\u2019ab\u00eeme s\u00e9parant la production cartographique des manuels des deux cycles, le plus souvent de grande qualit\u00e9 scientifique et graphique, et l\u2019absence assez g\u00e9n\u00e9rale de pratiques cartographiques dans les classes.<\/em><\/li>\n<li><a href=\"http:\/\/ooo.hg.free.fr\/\">OOo.HG<\/a> &#8211; L&rsquo;alternative gratuite et libre pour cr\u00e9er facilement tout document histoire-g\u00e9ographie. Site permettant de travailler avec la suite OpenOffice (ou NeoOffice pour la cr\u00e9ation par l&rsquo;enseignant ou les \u00e9l\u00e8ves de Cartes, Fonds de carte \u00e0 int\u00e9grer, de frises chronologiques et de Diaporamas au format flash. Le site peut aussi int\u00e9resser des \u00e9conomistes\u2026<\/li>\n<h3>2\u00b0 Ressources et cartes<\/h3>\n<li>\u2022 <a href=\"http:\/\/www.sciences-po.fr\/cartographie\/fonds\/milieu.html\">Fonds de cartes<\/a> Sciences Po Paris (encore!). <\/li>\n<li> \u2022 le site de <a href=\"http:\/\/perso.numericable.fr\/%7Ealhouot\/alain.houot\/index.html\">Alain Houot<\/a> (Atlas Histoire-G\u00e9ographie)<\/li>\n<li>\u2022 Recitus.ca &#8211; Univers social &#8211; <a href=\"http:\/\/www.recitus.qc.ca\/index.php?item=23\">Cartes<\/a><\/li>\n<li>\u2022 Soci\u00e9t\u00e9 des professeurs de G\u00e9ographie du Qu\u00e9bec &#8211; <a href=\"http:\/\/www.recitus.qc.ca\/associations\/spgq\/rubrique.php3?id_rubrique=24\">M\u00e9diath\u00e8ques, banques d&rsquo;images et atlas en ligne<\/a><\/li>\n<li>\u2022 <a href=\"http:\/\/www.euratlas.com\/\">Euratlas<\/a><\/li>\n<li>\u2022 Cartes historiques de la <a href=\"http:\/\/www4.bnquebec.ca\/cargeo\/accueil.htm\">Biblioth\u00e8que Nationale du Qu\u00e9bec<\/a><\/li>\n<li>\u2022 <a href=\"http:\/\/www.arte-tv.com\/fr\/392.html?node=-56&amp;lang=fr\">Le Dessous des Cartes<\/a> (Arte)<\/li>\n<li>\u2022 Recueil de cartes du <a href=\"http:\/\/www.monde-diplomatique.fr\/cartes\/\">Monde Diplomatique<\/a>.<\/li>\n<li>\u2022 <a href=\"http:\/\/www.atlasderschweiz.ch\/index_fr.html\">Atlas de la Suisse<\/a>.<\/li>\n<li>\u2022 Perry-Casta\u00f1eda Library &#8211; <a href=\"http:\/\/www.lib.utexas.edu\/maps\/\">Map Collection<\/a><\/li>\n<li>\u2022 <a href=\"http:\/\/maps.google.com\/\">Google Maps<\/a><\/li>\n<h3>3\u00b0 Exemples d&rsquo;activit\u00e9s sur ce site<\/h3>\n<li>\u2022 <a href=\"http:\/\/lyonelkaufmann.ch\/histoire\/?page_id=104\">Images vectorielles<\/a><\/li>\n<li>\u2022 <a href=\"http:\/\/lyonelkaufmann.ch\/histoire\/?page_id=109\">Images bitmap<\/a><\/li>\n<li>\u2022 <a href=\"http:\/\/lyonelkaufmann.ch\/histoire\/?page_id=110\">tableur\/graphique<\/a><\/li>\n<li>\u2022 <a href=\"http:\/\/lyonelkaufmann.ch\/histoire\/?page_id=116\">r\u00e9alisation d&rsquo;une chronologie<\/a><\/li>\n<h3>4\u00b0 Cartes conceptuelles (mind map)<\/h3>\n<li>\u2022 <a href=\"http:\/\/www.opossum.ca\/mt\/op-search.cgi?IncludeBlogs=39&amp;search=mind+mapping&amp;submit=%A0OK%A0\">Les articles de Relief<\/a> consacr\u00e9s \u00e0 l&rsquo;utilisation du mind mapping<\/li>\n<li>Un exemple de mindmap :\n<ul><a href=\"https:\/\/i0.wp.com\/lyonelkaufmann.ch\/histoire\/wp-content\/uploads\/2006\/04\/mindmap_revolution.png\"><img data-recalc-dims=\"1\" decoding=\"async\" src=\"https:\/\/i0.wp.com\/lyonelkaufmann.ch\/histoire\/wp-content\/uploads\/2006\/04\/mindmap_revolution.thumbnail.png\" alt=\"R\u00e9volution\" \/><\/a> (cliquer sur l&rsquo;image pour l&rsquo;avoir en grand). <br \/>R\u00e9alis\u00e9 avec le logiciel <a href=\"http:\/\/www.inspiration.com\/home.cfm\">Inspiration<\/a>. Pour le site en fran\u00e7ais : <a href=\"http:\/\/inspiration.demarque.com\/applicationWeb\/pages\/publique\/index.php\">DeMarque<\/a><\/ul>\n<\/li>\n<li>Voir aussi le logiciel <a href=\"http:\/\/www.nova-mind.com\/\">NovaMind<\/a><\/li>\n<ul>\n<\/ul>\n<\/p>\n<p><strong>A chacun, je vous propose (fermement) d&rsquo;ajouter<\/strong> via les commentaires une ressource utile et int\u00e9ressante relative \u00e0 l&rsquo;utilisation des cartes, sch\u00e9mas et graphiques dans votre didactique. <br \/>\nIl s&rsquo;agit d&rsquo;indiquer le lien relatif, de pr\u00e9senter en 3\/4 lignes maximum le site et de justifier, pour vous, le choix de cette ressource (10-15 lignes au maximum).<\/p>\n","protected":false},"excerpt":{"rendered":"<p>1\u00b0 Utiliser, analyser, (faire) r\u00e9aliser des cartes, graphiques, sch\u00e9mas\u2026 \u2022 S\u00e9miologie graphique par l&rsquo;Atelier cartographique de Science Po Paris. Plus particuli\u00e8rement les cours intitul\u00e9s Faire des cartes&#8230;, La graphique (Jacques Bertin) et La Cartographie et espace mondial. Cartes et croquis en g\u00e9ographie &#8211; Quand on examine le statut de la carte et du croquis dans [&hellip;]<\/p>\n","protected":false},"author":1,"featured_media":8390,"comment_status":"open","ping_status":"open","sticky":false,"template":"","format":"standard","meta":{"_import_markdown_pro_load_document_selector":0,"_import_markdown_pro_submit_text_textarea":"","_genesis_hide_title":false,"_genesis_hide_breadcrumbs":false,"_genesis_hide_singular_image":false,"_genesis_hide_footer_widgets":false,"_genesis_custom_body_class":"","_genesis_custom_post_class":"","_genesis_layout":"","jetpack_post_was_ever_published":false,"_jetpack_newsletter_access":"","_jetpack_dont_email_post_to_subs":false,"_jetpack_newsletter_tier_id":0,"_jetpack_memberships_contains_paywalled_content":false,"_jetpack_memberships_contains_paid_content":false,"activitypub_content_warning":"","activitypub_content_visibility":"","activitypub_max_image_attachments":3,"activitypub_interaction_policy_quote":"anyone","activitypub_status":"","footnotes":"","jetpack_publicize_message":"","jetpack_publicize_feature_enabled":true,"jetpack_social_post_already_shared":true,"jetpack_social_options":{"image_generator_settings":{"template":"fullscreen","default_image_id":0,"font":"","enabled":false},"version":2}},"categories":[2],"tags":[],"class_list":{"0":"post-7690","1":"post","2":"type-post","3":"status-publish","4":"format-standard","5":"has-post-thumbnail","7":"category-histoire-2","8":"entry"},"jetpack_publicize_connections":[],"featured_image_src":null,"featured_image_src_square":null,"author_info":{"display_name":"Lyonel Kaufmann","author_link":"https:\/\/lyonelkaufmann.ch\/Blog\/author\/lyonelk\/"},"jetpack_featured_media_url":"","jetpack_sharing_enabled":true,"jetpack_shortlink":"https:\/\/wp.me\/p1qtF4-202","jetpack-related-posts":[{"id":20025,"url":"https:\/\/lyonelkaufmann.ch\/Blog\/2019\/03\/02\/cartographie-numerique-carte-des-road-trips-les-plus-epiques-de-la-litterature-americaine\/","url_meta":{"origin":7690,"position":0},"title":"Cartographie num\u00e9rique: Carte des road trips les plus \u00e9piques de la litt\u00e9rature am\u00e9ricaine","author":"Lyonel Kaufmann","date":"2 mars 2019","format":false,"excerpt":"Le road trip est un genre pris\u00e9 de la litt\u00e9rature am\u00e9ricaine, une mani\u00e8re de ressentir les Etats-Unis, de percevoir ses immenses \u00e9tendues, de lire ses paysages, de rencontrer ses populations... Richard Kreitner et Steven Melendez nous les font visiter de 1872 \u00e0 2012 \u00e0 travers une carte interactive r\u00e9alis\u00e9e sur\u2026","rel":"","context":"Dans &quot;Blogcaf\u00e9&quot;","block_context":{"text":"Blogcaf\u00e9","link":"https:\/\/lyonelkaufmann.ch\/Blog\/category\/blogcafe-2\/"},"img":{"alt_text":"","src":"https:\/\/i0.wp.com\/lyonelkaufmann.ch\/Blog\/wp-content\/uploads\/2019\/03\/Capture-de%CC%81cran-2019-03-02-10.32.26.png?fit=1200%2C905&ssl=1&resize=350%2C200","width":350,"height":200,"srcset":"https:\/\/i0.wp.com\/lyonelkaufmann.ch\/Blog\/wp-content\/uploads\/2019\/03\/Capture-de%CC%81cran-2019-03-02-10.32.26.png?fit=1200%2C905&ssl=1&resize=350%2C200 1x, https:\/\/i0.wp.com\/lyonelkaufmann.ch\/Blog\/wp-content\/uploads\/2019\/03\/Capture-de%CC%81cran-2019-03-02-10.32.26.png?fit=1200%2C905&ssl=1&resize=525%2C300 1.5x, https:\/\/i0.wp.com\/lyonelkaufmann.ch\/Blog\/wp-content\/uploads\/2019\/03\/Capture-de%CC%81cran-2019-03-02-10.32.26.png?fit=1200%2C905&ssl=1&resize=700%2C400 2x, https:\/\/i0.wp.com\/lyonelkaufmann.ch\/Blog\/wp-content\/uploads\/2019\/03\/Capture-de%CC%81cran-2019-03-02-10.32.26.png?fit=1200%2C905&ssl=1&resize=1050%2C600 3x"},"classes":[]},{"id":14874,"url":"https:\/\/lyonelkaufmann.ch\/Blog\/2015\/04\/26\/elisee-reclus-et-le-genocide-armenien-geographies-en-mouvement\/","url_meta":{"origin":7690,"position":1},"title":"\u00c9lis\u00e9e Reclus et le g\u00e9nocide arm\u00e9nien | G\u00e9ographies en mouvement","author":"Lyonel Kaufmann","date":"26 avril 2015","format":false,"excerpt":"Le g\u00e9ographe \u00c9lis\u00e9e Reclus (1830-1905) est l\u2019un des premiers, sinon le premier, \u00e0 avoir cartographi\u00e9 le g\u00e9nocide des Arm\u00e9niens. Comme quoi, la cartographie th\u00e9matique et sa repr\u00e9sentation d\u2019\u00e9v\u00e9nements g\u00e9opolitiques existaient d\u00e9j\u00e0 un si\u00e8cle avant aujourd\u2019hui. Cette carte, \u00e0 l\u2019\u00e9chelle 1 : 7 500 000, se trouve dans le volume V\u2026","rel":"","context":"Dans &quot;Blogcaf\u00e9&quot;","block_context":{"text":"Blogcaf\u00e9","link":"https:\/\/lyonelkaufmann.ch\/Blog\/category\/blogcafe-2\/"},"img":{"alt_text":"","src":"https:\/\/i0.wp.com\/lyonelkaufmann.ch\/Blog\/wp-content\/uploads\/2015\/04\/c77f5139a086123919e4a924db081b12.jpg?fit=573%2C600&ssl=1&resize=350%2C200","width":350,"height":200,"srcset":"https:\/\/i0.wp.com\/lyonelkaufmann.ch\/Blog\/wp-content\/uploads\/2015\/04\/c77f5139a086123919e4a924db081b12.jpg?fit=573%2C600&ssl=1&resize=350%2C200 1x, https:\/\/i0.wp.com\/lyonelkaufmann.ch\/Blog\/wp-content\/uploads\/2015\/04\/c77f5139a086123919e4a924db081b12.jpg?fit=573%2C600&ssl=1&resize=525%2C300 1.5x"},"classes":[]},{"id":3669,"url":"https:\/\/lyonelkaufmann.ch\/Blog\/2010\/08\/08\/un-bon-exemple-du-travail-de-metaphorisation-des-digiborigenes-psy-et-geek\/","url_meta":{"origin":7690,"position":2},"title":"Un bon exemple du travail de m\u00e9taphorisation des digiborig\u00e8nes |\u00a0Psy et Geek ;-)","author":"Lyonel Kaufmann","date":"8 ao\u00fbt 2010","format":"aside","excerpt":"\u00abVoil\u00e0 ce que nous raconte cette carte : les r\u00e9seaux sociaux sont comme un monde a explorer, avec ses fleuves, ses montagnes, ses iles. Nous en sommes les explorateurs Vasco de Gama et Mercator, c\u2019est-\u00e0-dire qu\u2019il nous revient d\u2019en faire l\u2019exploration et la cartographie.\u00bb via Un bon exemple du travail\u2026","rel":"","context":"Dans &quot;Blogcaf\u00e9&quot;","block_context":{"text":"Blogcaf\u00e9","link":"https:\/\/lyonelkaufmann.ch\/Blog\/category\/blogcafe-2\/"},"img":{"alt_text":"","src":"https:\/\/i0.wp.com\/lyonelkaufmann.ch\/Blog\/wp-content\/uploads\/2015\/03\/The2010SocialNetworkingMap_thumb.png?fit=254%2C500&ssl=1&resize=350%2C200","width":350,"height":200},"classes":[]},{"id":5323,"url":"https:\/\/lyonelkaufmann.ch\/Blog\/2012\/04\/21\/civil-war-washington\/","url_meta":{"origin":7690,"position":3},"title":"Civil War Washington","author":"Lyonel Kaufmann","date":"21 avril 2012","format":false,"excerpt":"See on Scoop.it - histoireLe site \"La guerre civile \u00e0 Washington\" compte plus de 200 p\u00e9titions \u00e9mancipation num\u00e9ris\u00e9s, des cartes et autres donn\u00e9es qui permettent d'examiner la fa\u00e7on dont la guerre civile a affect\u00e9 Washington, D.C. Le projet s'appuie sur les m\u00e9thodes de nombreux domaines-litt\u00e9raires \u00e9tudes, histoire, g\u00e9ographie, cartographie assist\u00e9e\u2026","rel":"","context":"Dans &quot;histoire&quot;","block_context":{"text":"histoire","link":"https:\/\/lyonelkaufmann.ch\/Blog\/category\/histoire-2\/"},"img":{"alt_text":"","src":"","width":0,"height":0},"classes":[]},{"id":19920,"url":"https:\/\/lyonelkaufmann.ch\/Blog\/2019\/01\/16\/le-moteur-de-recherche-duckduckgo-utilise-les-cartes-dapple-plans\/","url_meta":{"origin":7690,"position":4},"title":"Le moteur de recherche DuckDuckGo utilise les cartes d\u2019Apple Plans","author":"Lyonel Kaufmann","date":"16 janvier 2019","format":false,"excerpt":"Belle victoire pour Apple Plans : le moteur de recherche DuckDuckGo s\u2019appuie d\u00e9sormais sur le service de cartographie d\u2019Apple dans ses r\u00e9sultats de recherche -\u00c0 lire : https:\/\/www.macg.co\/ailleurs\/2019\/01\/le-moteur-de-recherche-duckduckgo-utilise-les-cartes-dapple-plans-104952","rel":"","context":"Dans &quot;Blogcaf\u00e9&quot;","block_context":{"text":"Blogcaf\u00e9","link":"https:\/\/lyonelkaufmann.ch\/Blog\/category\/blogcafe-2\/"},"img":{"alt_text":"","src":"https:\/\/i0.wp.com\/lyonelkaufmann.ch\/Blog\/wp-content\/uploads\/2019\/01\/29493571-4043-4D6B-BE69-9927660F5F5D.e165c49328ba43e7871a6fe08a1503ea.jpeg?fit=512%2C426&ssl=1&resize=350%2C200","width":350,"height":200},"classes":[]},{"id":7749,"url":"https:\/\/lyonelkaufmann.ch\/Blog\/2006\/10\/21\/atlas-des-esclavages-editions-autrement\/","url_meta":{"origin":7690,"position":5},"title":"Atlas des esclavages (Editions Autrement)","author":"Lyonel Kaufmann","date":"21 octobre 2006","format":false,"excerpt":"Les Editions Autrement ont publi\u00e9 r\u00e9cemment, dans leur collection Atlas- M\u00e9moires, un Atlas des esclavages. (Traites, soci\u00e9t\u00e9s coloniales et abolitions de l'Antiquit\u00e9 \u00e0 nos jours). 80 Pages - 15.0\u20ac ISBN : 2-7467-0878-7 La pr\u00e9sentation de l\u2019ouvrage par les Editions Autrement : L\u2019esclavage est la n\u00e9gation de l\u2019\u00eatre humain, r\u00e9duit \u00e0\u2026","rel":"","context":"Dans &quot;histoire&quot;","block_context":{"text":"histoire","link":"https:\/\/lyonelkaufmann.ch\/Blog\/category\/histoire-2\/"},"img":{"alt_text":"","src":"","width":0,"height":0},"classes":[]}],"jetpack_likes_enabled":true,"_links":{"self":[{"href":"https:\/\/lyonelkaufmann.ch\/Blog\/wp-json\/wp\/v2\/posts\/7690","targetHints":{"allow":["GET"]}}],"collection":[{"href":"https:\/\/lyonelkaufmann.ch\/Blog\/wp-json\/wp\/v2\/posts"}],"about":[{"href":"https:\/\/lyonelkaufmann.ch\/Blog\/wp-json\/wp\/v2\/types\/post"}],"author":[{"embeddable":true,"href":"https:\/\/lyonelkaufmann.ch\/Blog\/wp-json\/wp\/v2\/users\/1"}],"replies":[{"embeddable":true,"href":"https:\/\/lyonelkaufmann.ch\/Blog\/wp-json\/wp\/v2\/comments?post=7690"}],"version-history":[{"count":0,"href":"https:\/\/lyonelkaufmann.ch\/Blog\/wp-json\/wp\/v2\/posts\/7690\/revisions"}],"wp:featuredmedia":[{"embeddable":true,"href":"https:\/\/lyonelkaufmann.ch\/Blog\/wp-json\/"}],"wp:attachment":[{"href":"https:\/\/lyonelkaufmann.ch\/Blog\/wp-json\/wp\/v2\/media?parent=7690"}],"wp:term":[{"taxonomy":"category","embeddable":true,"href":"https:\/\/lyonelkaufmann.ch\/Blog\/wp-json\/wp\/v2\/categories?post=7690"},{"taxonomy":"post_tag","embeddable":true,"href":"https:\/\/lyonelkaufmann.ch\/Blog\/wp-json\/wp\/v2\/tags?post=7690"}],"curies":[{"name":"wp","href":"https:\/\/api.w.org\/{rel}","templated":true}]}}