{"id":7699,"date":"2006-04-29T22:41:51","date_gmt":"2006-04-29T21:41:51","guid":{"rendered":"http:\/\/lyonelkaufmann.ch\/histoire\/?p=139"},"modified":"2006-04-29T22:41:51","modified_gmt":"2006-04-29T21:41:51","slug":"historiographie-la-democratie-athenienne","status":"publish","type":"post","link":"https:\/\/lyonelkaufmann.ch\/Blog\/2006\/04\/29\/historiographie-la-democratie-athenienne\/","title":{"rendered":"Historiographie : la d\u00e9mocratie ath\u00e9nienne"},"content":{"rendered":"<p><span style=\"color:#0A355E;\">Brul\u00e9 P. (1995). <em>La cit\u00e9 grecque \u00e0 l&rsquo;\u00e9poque classique<\/em>. Paris: Presses Universitaires de Rennes<\/p>\n<p>M.I. Finley M.I. (1975). <em>D\u00e9mocratie antique et d\u00e9mocratie moderne<\/em>. Paris: Payot (r\u00e9\u00e9dition en 2003)<br \/>\nPr\u00e9sentation de l\u2019\u00e9diteur : <\/span><em>En quoi la d\u00e9mocratie ath\u00e9nienne nous concerne-t-elle aujourd\u2019hui ? Telle est la question \u00e0 laquelle r\u00e9pond ce livre remarquablement clair, qui traite dans un premier chapitre de l\u2019apathie et de l\u2019activisme en Gr\u00e8ce et dans nos soci\u00e9t\u00e9s ; dans un deuxi\u00e8me chapitre du mot fameux de Charles Wilson : \u00ab Ce qui est bon pour les \u00c9tats-Unis est bon pour la General Motors et vice versa \u00bb ; et dans un troisi\u00e8me chapitre de la libert\u00e9 et du proc\u00e8s de Socrate.<\/em><\/p>\n<p>Loraux N. (1981) <span style=\"color:#0A355E;\"><em>L&rsquo;invention d&rsquo;Ath\u00e8nes.<\/em> Paris: Payot, 1981<br \/>\nMoss\u00e9 C. (1999)<\/span> <span style=\"font-size:13pt;color:#0A355E;\"><\/span><span style=\"color:#0A355E;\"><em>Les institutions grecques \u00e0 l&rsquo;\u00e9poque classique<\/em>.  Paris, Armand Colin, 1999\u2028Vidal-Naquet P., Vernant J.P., Brisson E., Brisson J-P. (2000).  <em>D\u00e9mocratie, citoyennet\u00e9 et h\u00e9ritage gr\u00e9co-romain.<\/em> Paris: Liris<\/p>\n<p>Vidal-Naquet P. (2000). <\/span><em>Les Grecs, les historiens et la d\u00e9mocratie<\/em>. Paris: La D\u00e9couverte<br \/>\nQuatri\u00e8me de couverture : <em>Depuis plus de quarante ans, Pierre Vidal-Naquet a montr\u00e9, \u00e0 travers de nombreux ouvrages, qu&rsquo;un r\u00e9cit historique n&rsquo;est jamais univoque, mais qu&rsquo;il parle par des voix multiples. De plus, la lecture de chaque r\u00e9cit a elle-m\u00eame \u00e9volu\u00e9 au cours des si\u00e8cles, en fonction des pr\u00e9occupations id\u00e9ologiques et politiques de chaque \u00e9poque. [\u2026] Les articles du second ensemble concernent la r\u00e9appropriation de la d\u00e9mocratie ath\u00e9nienne par les Europ\u00e9ens au tournant des XVIIIe et XIXe si\u00e8cles, entre le temps des Lumi\u00e8res et celui des Romantiques. La Cit\u00e9 grecque Antique y devint un horizon politique pour les r\u00e9volutionnaires fran\u00e7ais aussi bien que pour les combattants grecs qui luttaient, tel le g\u00e9n\u00e9ral Macriyannis, pour lib\u00e9rer leur pays de l&rsquo;occupation turque. <\/em><\/p>\n<p><span style=\"color:#0A355E;\">Vidal-Naquet P. (1997). <\/span><em>D\u00e9mocratie grecque vue d\u2019ailleurs<\/em>. Paris: Flammarion<br \/>\nQuatri\u00e8me de couverture : En fait, la r\u00e9flexion sur le syst\u00e8me d\u00e9mocratique n&rsquo;a jamais cess\u00e9 d&rsquo;\u00eatre au coeur du travail de Pierre Vidal-Naquet. Ailleurs social : on retrouvera dans ces pages l&rsquo;\u00e9tude des femmes, des esclaves, des \u00e9trangers, ou d&rsquo;autres exclus de la Cit\u00e9, qui permet d&rsquo;en comprendre le noyau central. Ailleurs temporel : la Cit\u00e9 grecque s&rsquo;oppose \u00e0 des formes politiques qui l&rsquo;ont pr\u00e9c\u00e9d\u00e9e et que nous lisons aujourd&rsquo;hui \u00e0 travers elle. Toute cit\u00e9 n&rsquo;\u00e9tait pas d\u00e9mocrate, et Sparte, sa contemporaine, est \u00e0 l&rsquo;oppos\u00e9 d&rsquo;Ath\u00e8nes. Enfin, de r\u00e9alit\u00e9 vivante, la d\u00e9mocratie grecque est devenue repr\u00e9sentation. <em><\/em><\/p>\n<p><span style=\"color:#000000;\"><strong>Webographie : <\/strong><\/span><br \/>\n&nbsp;&nbsp;&nbsp;&nbsp;&nbsp;&nbsp;&nbsp;&nbsp;<span style=\"color:#0A355E;\">\u2043&nbsp;&nbsp;&nbsp;&nbsp;&nbsp;&nbsp;&nbsp;&nbsp;<\/span><span style=\"color:#000000;\">La citoyennet\u00e9 ath\u00e9nienne et l\u2019\u00e9tude de la R\u00e9volution fran\u00e7aise : <\/span><span style=\"text-decoration:underline;\"><a href=\"http:\/\/hist-geo.ac-rouen.fr\/site\/article.php3?id_article=111\">http:\/\/hist-geo.ac-rouen.fr\/site\/article.php3?id_article=111<\/a><\/span><span style=\"color:#000080;text-decoration:underline;\">. <\/span><em>Un r\u00e9sum\u00e9 sur les diff\u00e9rentes utilisations au travers du temps de la d\u00e9mocratie, d&rsquo;Ath\u00e8nes et de Sparte jusqu&rsquo;\u00e0 la R\u00e9volution fran\u00e7aise.<br \/>\n<\/em><br \/>\n<em><strong>La citoyennet\u00e9 dans la Gr\u00e8ce antique<\/strong><\/em><br \/>\n&nbsp;&nbsp;&nbsp;&nbsp;&nbsp;&nbsp;&nbsp;&nbsp;\u2043&nbsp;&nbsp;&nbsp;&nbsp;&nbsp;&nbsp;&nbsp;&nbsp;Une citoyennet\u00e9 participative qui int\u00e8gre et qui exclut : http:\/\/www.ping.be\/~ecitoyen\/texte4.html<br \/>\n&nbsp;&nbsp;&nbsp;&nbsp;&nbsp;&nbsp;&nbsp;&nbsp;\u2043&nbsp;&nbsp;&nbsp;&nbsp;&nbsp;&nbsp;&nbsp;&nbsp;L&rsquo;exemple, peu repr\u00e9sentatif de la d\u00e9mocratie ath\u00e9nienne dans la Gr\u00e8ce classique : <a href=\"http:\/\/home.scarlet.be\/~ecitoyen\/texte6.html\">http:\/\/home.scarlet.be\/~ecitoyen\/texte6.html <\/a><\/p>\n<p>&nbsp;&nbsp;&nbsp;&nbsp;&nbsp;&nbsp;&nbsp;&nbsp;<span style=\"color:#0A355E;\">\u2043&nbsp;&nbsp;&nbsp;&nbsp;&nbsp;&nbsp;&nbsp;&nbsp;<\/span><span style=\"color:#000000;\"><strong>Hellenopedia<\/strong> &#8211; Le portail de la Gr\u00e8ce antique : <\/span><a href=\"http:\/\/fr.wikipedia.org\/wiki\/Portail:Hellenopedia\">http:\/\/fr.wikipedia.org\/wiki\/Portail:Hellenopedia<\/a><br \/>\n<span style=\"color:#0A355E;\"><\/span><br \/>\n&nbsp;&nbsp;&nbsp;&nbsp;&nbsp;&nbsp;&nbsp;&nbsp;\u2043&nbsp;&nbsp;&nbsp;&nbsp;&nbsp;&nbsp;&nbsp;&nbsp;<span style=\"color:#0A355E;\"><strong>La citoyennet\u00e9 \u00e0 Ath\u00e8nes : <\/strong><\/span><a href=\"http:\/\/www.educnet.education.fr\/musagora\/citoyennete\/default.htm\">http:\/\/www.educnet.education.fr\/musagora\/citoyennete\/default.htm<\/a><br \/>\n<span style=\"color:#0A355E;\"><\/span><\/p>\n","protected":false},"excerpt":{"rendered":"<p>Brul\u00e9 P. (1995). La cit\u00e9 grecque \u00e0 l&rsquo;\u00e9poque classique. Paris: Presses Universitaires de Rennes M.I. Finley M.I. (1975). D\u00e9mocratie antique et d\u00e9mocratie moderne. Paris: Payot (r\u00e9\u00e9dition en 2003) Pr\u00e9sentation de l\u2019\u00e9diteur : En quoi la d\u00e9mocratie ath\u00e9nienne nous concerne-t-elle aujourd\u2019hui ? Telle est la question \u00e0 laquelle r\u00e9pond ce livre remarquablement clair, qui traite dans [&hellip;]<\/p>\n","protected":false},"author":1,"featured_media":14680,"comment_status":"open","ping_status":"open","sticky":false,"template":"","format":"standard","meta":{"_import_markdown_pro_load_document_selector":0,"_import_markdown_pro_submit_text_textarea":"","_genesis_hide_title":false,"_genesis_hide_breadcrumbs":false,"_genesis_hide_singular_image":false,"_genesis_hide_footer_widgets":false,"_genesis_custom_body_class":"","_genesis_custom_post_class":"","_genesis_layout":"","jetpack_post_was_ever_published":false,"_jetpack_newsletter_access":"","_jetpack_dont_email_post_to_subs":false,"_jetpack_newsletter_tier_id":0,"_jetpack_memberships_contains_paywalled_content":false,"_jetpack_memberships_contains_paid_content":false,"activitypub_content_warning":"","activitypub_content_visibility":"","activitypub_max_image_attachments":3,"activitypub_interaction_policy_quote":"anyone","activitypub_status":"","footnotes":"","jetpack_publicize_message":"","jetpack_publicize_feature_enabled":true,"jetpack_social_post_already_shared":true,"jetpack_social_options":{"image_generator_settings":{"template":"fullscreen","default_image_id":0,"font":"","enabled":false},"version":2}},"categories":[2],"tags":[],"class_list":{"0":"post-7699","1":"post","2":"type-post","3":"status-publish","4":"format-standard","5":"has-post-thumbnail","7":"category-histoire-2","8":"entry"},"jetpack_publicize_connections":[],"featured_image_src":"https:\/\/i0.wp.com\/lyonelkaufmann.ch\/Blog\/wp-content\/uploads\/2015\/03\/blogcafe1.jpg?resize=600%2C400&ssl=1","featured_image_src_square":"https:\/\/i0.wp.com\/lyonelkaufmann.ch\/Blog\/wp-content\/uploads\/2015\/03\/blogcafe1.jpg?resize=600%2C600&ssl=1","author_info":{"display_name":"Lyonel Kaufmann","author_link":"https:\/\/lyonelkaufmann.ch\/Blog\/author\/lyonelk\/"},"jetpack_featured_media_url":"https:\/\/i0.wp.com\/lyonelkaufmann.ch\/Blog\/wp-content\/uploads\/2015\/03\/blogcafe1.jpg?fit=1024%2C683&ssl=1","jetpack_sharing_enabled":true,"jetpack_shortlink":"https:\/\/wp.me\/p1qtF4-20b","jetpack-related-posts":[{"id":7689,"url":"https:\/\/lyonelkaufmann.ch\/Blog\/2006\/04\/01\/histoires-grecques-de-maurice-sartre-2006\/","url_meta":{"origin":7699,"position":0},"title":"HISTOIRES GRECQUES de Maurice Sartre (2006)","author":"Lyonel Kaufmann","date":"1 avril 2006","format":false,"excerpt":"Source : Le Monde.fr : il \u00e9tait une fois la Gr\u00e8ce (compte-rendu de Pierre Vidal-Naquet) LE MONDE DES LIVRES | 30.03.06 | 17h01\u00a0 \u2022\u00a0 Mis \u00e0 jour le 30.03.06 | 17h01 Que nous apporte ce livre qui succ\u00e8de \u00e0 de savants recueils d'inscriptions grecques et latines, et aussi \u00e0 de\u2026","rel":"","context":"Dans &quot;histoire&quot;","block_context":{"text":"histoire","link":"https:\/\/lyonelkaufmann.ch\/Blog\/category\/histoire-2\/"},"img":{"alt_text":"","src":"https:\/\/i0.wp.com\/lyonelkaufmann.ch\/Blog\/wp-content\/uploads\/2015\/03\/blogcafe1.jpg?fit=1024%2C683&ssl=1&resize=350%2C200","width":350,"height":200,"srcset":"https:\/\/i0.wp.com\/lyonelkaufmann.ch\/Blog\/wp-content\/uploads\/2015\/03\/blogcafe1.jpg?fit=1024%2C683&ssl=1&resize=350%2C200 1x, https:\/\/i0.wp.com\/lyonelkaufmann.ch\/Blog\/wp-content\/uploads\/2015\/03\/blogcafe1.jpg?fit=1024%2C683&ssl=1&resize=525%2C300 1.5x, https:\/\/i0.wp.com\/lyonelkaufmann.ch\/Blog\/wp-content\/uploads\/2015\/03\/blogcafe1.jpg?fit=1024%2C683&ssl=1&resize=700%2C400 2x"},"classes":[]},{"id":7847,"url":"https:\/\/lyonelkaufmann.ch\/Blog\/2007\/09\/21\/staline-rhabilit-dans-les-manuels-scolaires-24heures-21092007\/","url_meta":{"origin":7699,"position":1},"title":"Staline r\u00e9habilit\u00e9 dans les manuels scolaires  (24Heures &#8211; 21.09.2007)","author":"Lyonel Kaufmann","date":"21 septembre 2007","format":false,"excerpt":"Dans L\u2019Histoire de la Russie revisit\u00e9e par Poutine, le \u00abpetit p\u00e8re des peuples\u00bb est un h\u00e9ros. Vladimir Poutine avait r\u00e9clam\u00e9 au d\u00e9but de l\u2019\u00e9t\u00e9 des manuels d\u2019histoire plus patriotiques. Sa volont\u00e9 a \u00e9t\u00e9 accomplie. L\u2019Acad\u00e9mie des sciences a donn\u00e9 son feu vert mercredi \u00e0 un nouveau manuel scolaire intitul\u00e9 L\u2019Histoire\u2026","rel":"","context":"Dans &quot;histoire&quot;","block_context":{"text":"histoire","link":"https:\/\/lyonelkaufmann.ch\/Blog\/category\/histoire-2\/"},"img":{"alt_text":"","src":"https:\/\/i0.wp.com\/lyonelkaufmann.ch\/Blog\/wp-content\/uploads\/2015\/03\/blogcafe1.jpg?fit=1024%2C683&ssl=1&resize=350%2C200","width":350,"height":200,"srcset":"https:\/\/i0.wp.com\/lyonelkaufmann.ch\/Blog\/wp-content\/uploads\/2015\/03\/blogcafe1.jpg?fit=1024%2C683&ssl=1&resize=350%2C200 1x, https:\/\/i0.wp.com\/lyonelkaufmann.ch\/Blog\/wp-content\/uploads\/2015\/03\/blogcafe1.jpg?fit=1024%2C683&ssl=1&resize=525%2C300 1.5x, https:\/\/i0.wp.com\/lyonelkaufmann.ch\/Blog\/wp-content\/uploads\/2015\/03\/blogcafe1.jpg?fit=1024%2C683&ssl=1&resize=700%2C400 2x"},"classes":[]},{"id":6275,"url":"https:\/\/lyonelkaufmann.ch\/Blog\/2012\/10\/15\/la-revolution-francaise-dalbert-mathiez-revolution-francaise\/","url_meta":{"origin":7699,"position":2},"title":"La R\u00e9volution fran\u00e7aise d&rsquo;Albert Mathiez &#8211; R\u00e9volution Fran\u00e7aise","author":"Lyonel Kaufmann","date":"15 octobre 2012","format":false,"excerpt":"Albert Mathiez, La R\u00e9volution fran\u00e7aise, Paris, Bartillat, 2012, 658 p. Introduction de Yannick Bosc et Florence Gauthier. Cette r\u00e9\u00e9dition rassemble en un seul volume les trois parties de l'ouvrage publi\u00e9es entre 1922 et 1927\u00a0: La Chute de la royaut\u00e9\u00a0; La Gironde et la Montagne\u00a0; La Terreur. Pour la premi\u00e8re fois,\u2026","rel":"","context":"Dans &quot;histoire&quot;","block_context":{"text":"histoire","link":"https:\/\/lyonelkaufmann.ch\/Blog\/category\/histoire-2\/"},"img":{"alt_text":"Mathiez bartillat","src":"https:\/\/i0.wp.com\/lyonelkaufmann.ch\/histoire\/wp-content\/uploads\/2012\/10\/mathiez_bartillat.png?resize=350%2C200","width":350,"height":200},"classes":[]},{"id":25140,"url":"https:\/\/lyonelkaufmann.ch\/Blog\/2024\/03\/05\/asma-mhalla-les-geants-de-la-tech-ont-une-aversion-ideologique-assez-viscerale-pour-la-democratie\/","url_meta":{"origin":7699,"position":3},"title":"Asma Mhalla: \u00ab\u00a0Les g\u00e9ants de la tech ont une aversion id\u00e9ologique assez visc\u00e9rale pour la d\u00e9mocratie\u00a0\u00bb","author":"Lyonel Kaufmann","date":"5 mars 2024","format":false,"excerpt":"Sp\u00e9cialiste des enjeux politiques et g\u00e9opolitiques, de la technologie et de l'intelligence artificielle, Asma Mhalla a publi\u00e9 mi-f\u00e9vrier \"Technopolitique: Comment la technologie fait de nous des soldats\" (Seuil), un essai dans lequel elle invite \u00e0 garder la t\u00eate froide face \u00e0 l'acc\u00e9l\u00e9ration technologique, \u00e0 poser les bonnes questions et \u00e0\u2026","rel":"","context":"Dans &quot;politis&quot;","block_context":{"text":"politis","link":"https:\/\/lyonelkaufmann.ch\/Blog\/category\/politis\/"},"img":{"alt_text":"","src":"https:\/\/i0.wp.com\/lyonelkaufmann.ch\/Blog\/wp-content\/uploads\/2024\/03\/5a8c09860558fdbf77fddce2541f2706.png?fit=264%2C387&ssl=1&resize=350%2C200","width":350,"height":200},"classes":[]},{"id":14560,"url":"https:\/\/lyonelkaufmann.ch\/Blog\/2015\/02\/24\/revue-de-presse-la-bce-et-la-crise-du-capitalisme-en-europe\/","url_meta":{"origin":7699,"position":4},"title":"Revue de Presse : La BCE et la crise du capitalisme en Europe","author":"Lyonel Kaufmann","date":"24 f\u00e9vrier 2015","format":false,"excerpt":"Selon Cl\u00e9ment Fontan, la Banque centrale europ\u00e9enne a outrepass\u00e9 ses pr\u00e9rogatives et a, sans contr\u00f4le d\u00e9mocratique, trait\u00e9 de mani\u00e8re trop diff\u00e9renci\u00e9e l'aide qu'elle apporte aux \u00c9tats et celle qu'elle alloue au syst\u00e8me financier. Mon commentaire : A lire pour mieux comprendre les tenants et aboutissements de la crise grecque et\u2026","rel":"","context":"Dans &quot;Diary&quot;","block_context":{"text":"Diary","link":"https:\/\/lyonelkaufmann.ch\/Blog\/category\/diary\/"},"img":{"alt_text":"","src":"https:\/\/i0.wp.com\/lyonelkaufmann.ch\/Blog\/wp-content\/uploads\/2015\/03\/blogcafe1.jpg?fit=1024%2C683&ssl=1&resize=350%2C200","width":350,"height":200,"srcset":"https:\/\/i0.wp.com\/lyonelkaufmann.ch\/Blog\/wp-content\/uploads\/2015\/03\/blogcafe1.jpg?fit=1024%2C683&ssl=1&resize=350%2C200 1x, https:\/\/i0.wp.com\/lyonelkaufmann.ch\/Blog\/wp-content\/uploads\/2015\/03\/blogcafe1.jpg?fit=1024%2C683&ssl=1&resize=525%2C300 1.5x, https:\/\/i0.wp.com\/lyonelkaufmann.ch\/Blog\/wp-content\/uploads\/2015\/03\/blogcafe1.jpg?fit=1024%2C683&ssl=1&resize=700%2C400 2x"},"classes":[]},{"id":12673,"url":"https:\/\/lyonelkaufmann.ch\/Blog\/2010\/10\/24\/la-desobeissance-nouvelle-valeur-democratique\/","url_meta":{"origin":7699,"position":5},"title":"La d\u00e9sob\u00e9issance, nouvelle valeur d\u00e9mocratique?","author":"Lyonel Kaufmann","date":"24 octobre 2010","format":"aside","excerpt":"via Lesinrocks : Le fil actu Exclus de la d\u00e9mocratie d\u00e9lib\u00e9rative, des citoyens se mettent volontairement hors la loi. \"Qu'est-ce qui conduit un individu \u00e0 encourir les rigueurs de la r\u00e9pression (en acceptant les sanctions financi\u00e8res, le licenciement, l'arrestation, la mise en examen, la garde \u00e0 vue, le fichage ou\u2026","rel":"","context":"Dans &quot;L'Expresso&quot;","block_context":{"text":"L'Expresso","link":"https:\/\/lyonelkaufmann.ch\/Blog\/category\/breves\/"},"img":{"alt_text":"","src":"https:\/\/i0.wp.com\/lyonelkaufmann.ch\/Blog\/wp-content\/uploads\/2010\/10\/img-1.jpg?resize=350%2C200","width":350,"height":200},"classes":[]}],"jetpack_likes_enabled":true,"_links":{"self":[{"href":"https:\/\/lyonelkaufmann.ch\/Blog\/wp-json\/wp\/v2\/posts\/7699","targetHints":{"allow":["GET"]}}],"collection":[{"href":"https:\/\/lyonelkaufmann.ch\/Blog\/wp-json\/wp\/v2\/posts"}],"about":[{"href":"https:\/\/lyonelkaufmann.ch\/Blog\/wp-json\/wp\/v2\/types\/post"}],"author":[{"embeddable":true,"href":"https:\/\/lyonelkaufmann.ch\/Blog\/wp-json\/wp\/v2\/users\/1"}],"replies":[{"embeddable":true,"href":"https:\/\/lyonelkaufmann.ch\/Blog\/wp-json\/wp\/v2\/comments?post=7699"}],"version-history":[{"count":0,"href":"https:\/\/lyonelkaufmann.ch\/Blog\/wp-json\/wp\/v2\/posts\/7699\/revisions"}],"wp:featuredmedia":[{"embeddable":true,"href":"https:\/\/lyonelkaufmann.ch\/Blog\/wp-json\/wp\/v2\/media\/14680"}],"wp:attachment":[{"href":"https:\/\/lyonelkaufmann.ch\/Blog\/wp-json\/wp\/v2\/media?parent=7699"}],"wp:term":[{"taxonomy":"category","embeddable":true,"href":"https:\/\/lyonelkaufmann.ch\/Blog\/wp-json\/wp\/v2\/categories?post=7699"},{"taxonomy":"post_tag","embeddable":true,"href":"https:\/\/lyonelkaufmann.ch\/Blog\/wp-json\/wp\/v2\/tags?post=7699"}],"curies":[{"name":"wp","href":"https:\/\/api.w.org\/{rel}","templated":true}]}}