{"id":7700,"date":"2006-05-01T03:46:46","date_gmt":"2006-05-01T02:46:46","guid":{"rendered":"http:\/\/lyonelkaufmann.ch\/histoire\/?p=140"},"modified":"2006-05-01T03:46:46","modified_gmt":"2006-05-01T02:46:46","slug":"polemique-autour-du-nouveau-programme-dhistoire-quebecois","status":"publish","type":"post","link":"https:\/\/lyonelkaufmann.ch\/Blog\/2006\/05\/01\/polemique-autour-du-nouveau-programme-dhistoire-quebecois\/","title":{"rendered":"Pol\u00e9mique autour du nouveau programme d&rsquo;histoire qu\u00e9becois"},"content":{"rendered":"<p>Dans le sillage de la r\u00e9forme scolaire qu\u00e9becoise, les programmes d&rsquo;histoire sont actuellement revus.<br \/>\nCeci dans une province qu\u00e9becoise fort chatouilleuse relativement \u00e0 son histoire et ses rapports avec le Canada anglophone.<br \/>\nVisiblement la voie de la pacification des rapports (identitaires) n&rsquo;est pas encore effective.<br \/>\nElle se double des enjeux li\u00e9s aux r\u00e9formes en cours. En effet, les opposants \u00e0 la r\u00e9forme trouvent \u00e9galement, \u00e0 partir de quelques \u00e9l\u00e9ments li\u00e9s aux sujets \u00e0 traiter, de quoi disqualifier l&rsquo;ensemble du programme d&rsquo;histoire et donc par ricochet de la r\u00e9forme.<br \/>\nEnfin, le fonctionnement des m\u00e9dias est certainement en cause. En effet, ceux-ci pr\u00e9f\u00e8rent une bonne pol\u00e9mique \u00e0 une observation et \u00e0 une remise en perspective de l&rsquo;ensemble du nouveau programme d&rsquo;histoire.<\/p>\n<p>Pour un tour de la question, lire le billet suivant \u00e0 partir duquel vous pourrez rebondir : <strong><a href=\"http:\/\/carnets.opossum.ca\/mario\/archives\/2006\/04\/histoire_a_dorm.html\">Histoire \u00e0 dormir debout | Mario tout de go<\/a><\/strong><\/p>\n<p><strong>PS :<br \/>\n<\/strong>Dans le fond, nous avons une certaine chance en Suisse romande puisque nous avons tr\u00e8s largement int\u00e9gr\u00e9, et depuis longtemps, LA vision suisse al\u00e9manique de l&rsquo;histoire. Notamment en adoptant les mythes nationaux tels que Guillaume Tell.<\/p>\n<p><strong>Ajout du 3 mai 2006<\/strong><br \/>\nLe d\u00e9bat continue notamment au travers d&rsquo;opinion dans le journal <i>Le Devoir<\/i>.<br \/>\nA ce sujet, on consultera<br \/>\n&#8211; les r\u00e9actions et les opinions de Jocelyn Letourneau, pi\u00e9g\u00e9 dans un premier temps par le journaliste et qui poursuit notamment en indiquant :<\/p>\n<blockquote><p><i>\u00c0 la lumi\u00e8re de [mes] recherches, je constate en effet que la vision de l&rsquo;histoire du Qu\u00e9bec qui perdure dans l&rsquo;imaginaire des jeunes Qu\u00e9b\u00e9cois est prise dans un certain nombre de mythistoires constitutifs de notre identit\u00e9 collective. Amener les \u00e9l\u00e8ves \u00e0 prendre conscience de ces mythistoires, \u00e0 les critiquer aussi et \u00e0 d\u00e9couvrir leur limite comme cadre de compr\u00e9hension du pass\u00e9, est un objectif auquel je souscris certainement car il respecte les principes de la d\u00e9marche historienne, laquelle est tout le contraire d&rsquo;un exercice de rectitude politique. Rappelons ce qui est lapalissade : on ne peut pas faire ce qu&rsquo;on veut avec la mati\u00e8re du pass\u00e9&#8230;<\/i> <\/p><\/blockquote>\n<p>L&rsquo;article : <a href=\"http:\/\/www.ledevoir.com\/2006\/05\/01\/108016.html?282\">\u00ab\u00a0Rectifications et pr\u00e9cisions \u00e0 l&rsquo;\u00e9gard d&rsquo;un texte assassin &#8211; Un d\u00e9bat mal parti \u00ab\u00a0<\/a><\/p>\n<p>Un autre historien-didacticien est intervenu \u00e9galement dans le d\u00e9bat : Christian Laville toujours dans <i>Le Devoir<\/i>, son opinion s&rsquo;intitule <a href=\"http:\/\/www.ledevoir.com\/2006\/05\/02\/108098.html?282\">\u00ab\u00a0Un cours d&rsquo;histoire pour notre \u00e9poque\u00a0\u00bb<\/a>.<\/p>\n<p><!-- technorati tags start --><\/p>\n<p style=\"text-align:right;font-size:10px;\">Technorati Tags: <a href=\"http:\/\/www.technorati.com\/tag\/\u00e9ducation\" rel=\"tag\">\u00e9ducation<\/a>, <a href=\"http:\/\/www.technorati.com\/tag\/ProgrammesHistoire\" rel=\"tag\">ProgrammesHistoire<\/a>, <a href=\"http:\/\/www.technorati.com\/tag\/Qu\u00e9bec\" rel=\"tag\">Qu\u00e9bec<\/a>, <a href=\"http:\/\/www.technorati.com\/tag\/R\u00e9formesScolaires\" rel=\"tag\">R\u00e9formesScolaires<\/a><\/p>\n<p><!-- technorati tags end --><\/p>\n","protected":false},"excerpt":{"rendered":"<p>Dans le sillage de la r\u00e9forme scolaire qu\u00e9becoise, les programmes d&rsquo;histoire sont actuellement revus. Ceci dans une province qu\u00e9becoise fort chatouilleuse relativement \u00e0 son histoire et ses rapports avec le Canada anglophone. Visiblement la voie de la pacification des rapports (identitaires) n&rsquo;est pas encore effective. Elle se double des enjeux li\u00e9s aux r\u00e9formes en cours. [&hellip;]<\/p>\n","protected":false},"author":1,"featured_media":14680,"comment_status":"open","ping_status":"open","sticky":false,"template":"","format":"standard","meta":{"_import_markdown_pro_load_document_selector":0,"_import_markdown_pro_submit_text_textarea":"","_genesis_hide_title":false,"_genesis_hide_breadcrumbs":false,"_genesis_hide_singular_image":false,"_genesis_hide_footer_widgets":false,"_genesis_custom_body_class":"","_genesis_custom_post_class":"","_genesis_layout":"","jetpack_post_was_ever_published":false,"_jetpack_newsletter_access":"","_jetpack_dont_email_post_to_subs":false,"_jetpack_newsletter_tier_id":0,"_jetpack_memberships_contains_paywalled_content":false,"_jetpack_memberships_contains_paid_content":false,"activitypub_content_warning":"","activitypub_content_visibility":"","activitypub_max_image_attachments":3,"activitypub_interaction_policy_quote":"anyone","activitypub_status":"","footnotes":"","jetpack_publicize_message":"","jetpack_publicize_feature_enabled":true,"jetpack_social_post_already_shared":true,"jetpack_social_options":{"image_generator_settings":{"template":"fullscreen","default_image_id":0,"font":"","enabled":false},"version":2}},"categories":[2],"tags":[],"class_list":{"0":"post-7700","1":"post","2":"type-post","3":"status-publish","4":"format-standard","5":"has-post-thumbnail","7":"category-histoire-2","8":"entry"},"jetpack_publicize_connections":[],"featured_image_src":"https:\/\/i0.wp.com\/lyonelkaufmann.ch\/Blog\/wp-content\/uploads\/2015\/03\/blogcafe1.jpg?resize=600%2C400&ssl=1","featured_image_src_square":"https:\/\/i0.wp.com\/lyonelkaufmann.ch\/Blog\/wp-content\/uploads\/2015\/03\/blogcafe1.jpg?resize=600%2C600&ssl=1","author_info":{"display_name":"Lyonel Kaufmann","author_link":"https:\/\/lyonelkaufmann.ch\/Blog\/author\/lyonelk\/"},"jetpack_featured_media_url":"https:\/\/i0.wp.com\/lyonelkaufmann.ch\/Blog\/wp-content\/uploads\/2015\/03\/blogcafe1.jpg?fit=1024%2C683&ssl=1","jetpack_sharing_enabled":true,"jetpack_shortlink":"https:\/\/wp.me\/p1qtF4-20c","jetpack-related-posts":[{"id":7355,"url":"https:\/\/lyonelkaufmann.ch\/Blog\/2013\/08\/22\/revue-de-presse-bilan-noir-pour-le-tableau-blanc-dans-les-ecoles-le-devoir\/","url_meta":{"origin":7700,"position":0},"title":"Revue de presse : Bilan noir pour le tableau blanc dans les \u00e9coles | Le Devoir","author":"Lyonel Kaufmann","date":"22 ao\u00fbt 2013","format":false,"excerpt":"Probl\u00e8mes techniques, manque de formation pour les enseignants, simple remplacement du tableau noir dans le cadre d'un enseignement restant majoritairement magistral et utilis\u00e9 la plupart du temps comme \u00e9cran de t\u00e9l\u00e9vision ou d\u2019\u00e9cran de projection, le Tableau Blanc Interactif (TBI) au Qu\u00e9bec est en \u00e9chec dans cette \u00e9tude men\u00e9e aupr\u00e8s\u2026","rel":"","context":"Dans &quot;histoire&quot;","block_context":{"text":"histoire","link":"https:\/\/lyonelkaufmann.ch\/Blog\/category\/histoire-2\/"},"img":{"alt_text":"","src":"https:\/\/i0.wp.com\/lyonelkaufmann.ch\/Blog\/wp-content\/uploads\/2015\/03\/blogcafe1.jpg?fit=1024%2C683&ssl=1&resize=350%2C200","width":350,"height":200,"srcset":"https:\/\/i0.wp.com\/lyonelkaufmann.ch\/Blog\/wp-content\/uploads\/2015\/03\/blogcafe1.jpg?fit=1024%2C683&ssl=1&resize=350%2C200 1x, https:\/\/i0.wp.com\/lyonelkaufmann.ch\/Blog\/wp-content\/uploads\/2015\/03\/blogcafe1.jpg?fit=1024%2C683&ssl=1&resize=525%2C300 1.5x, https:\/\/i0.wp.com\/lyonelkaufmann.ch\/Blog\/wp-content\/uploads\/2015\/03\/blogcafe1.jpg?fit=1024%2C683&ssl=1&resize=700%2C400 2x"},"classes":[]},{"id":10642,"url":"https:\/\/lyonelkaufmann.ch\/Blog\/2013\/08\/22\/revue-de-presse-bilan-noir-pour-le-tableau-blanc-dans-les-ecoles-le-devoir-2\/","url_meta":{"origin":7700,"position":1},"title":"Revue de presse : Bilan noir pour le tableau blanc dans les \u00e9coles | Le Devoir","author":"Lyonel Kaufmann","date":"22 ao\u00fbt 2013","format":false,"excerpt":"Probl\u00e8mes techniques, manque de formation pour les enseignants, simple remplacement du tableau noir dans le cadre d'un enseignement restant majoritairement magistral et utilis\u00e9 la plupart du temps comme \u00e9cran de t\u00e9l\u00e9vision ou d\u2019\u00e9cran de projection, le Tableau Blanc Interactif (TBI) au Qu\u00e9bec est en \u00e9chec dans cette \u00e9tude men\u00e9e aupr\u00e8s\u2026","rel":"","context":"Dans &quot;Blogcaf\u00e9&quot;","block_context":{"text":"Blogcaf\u00e9","link":"https:\/\/lyonelkaufmann.ch\/Blog\/category\/blogcafe-2\/"},"img":{"alt_text":"","src":"https:\/\/i0.wp.com\/lyonelkaufmann.ch\/Blog\/wp-content\/uploads\/2015\/03\/blogcafe1.jpg?fit=1024%2C683&ssl=1&resize=350%2C200","width":350,"height":200,"srcset":"https:\/\/i0.wp.com\/lyonelkaufmann.ch\/Blog\/wp-content\/uploads\/2015\/03\/blogcafe1.jpg?fit=1024%2C683&ssl=1&resize=350%2C200 1x, https:\/\/i0.wp.com\/lyonelkaufmann.ch\/Blog\/wp-content\/uploads\/2015\/03\/blogcafe1.jpg?fit=1024%2C683&ssl=1&resize=525%2C300 1.5x, https:\/\/i0.wp.com\/lyonelkaufmann.ch\/Blog\/wp-content\/uploads\/2015\/03\/blogcafe1.jpg?fit=1024%2C683&ssl=1&resize=700%2C400 2x"},"classes":[]},{"id":7712,"url":"https:\/\/lyonelkaufmann.ch\/Blog\/2006\/06\/16\/programme-dhistoire-de-lecole-quebecoise\/","url_meta":{"origin":7700,"position":2},"title":"Programme d&rsquo;histoire de l&rsquo;\u00e9cole qu\u00e9b\u00e9coise","author":"Lyonel Kaufmann","date":"16 juin 2006","format":false,"excerpt":"PROGRAMME DE FORMATION DE L'\u00c9COLE QU\u00c9B\u00c9COISE Enseignement secondaire, deuxi\u00e8me cycle Histoire et \u00e9ducation \u00e0 la citoyennet\u00e9 Document aux fins de validation - 15 juin 2006 version fran\u00e7aise, 1,7 Mo Direction g\u00e9n\u00e9rale de la formation des jeunes Le site du gouvernement qu\u00e9b\u00e9cois vient de mettre en consultation son nouveau programme d'histoire\u2026","rel":"","context":"Dans &quot;histoire&quot;","block_context":{"text":"histoire","link":"https:\/\/lyonelkaufmann.ch\/Blog\/category\/histoire-2\/"},"img":{"alt_text":"","src":"https:\/\/i0.wp.com\/lyonelkaufmann.ch\/Blog\/wp-content\/uploads\/2015\/03\/blogcafe1.jpg?fit=1024%2C683&ssl=1&resize=350%2C200","width":350,"height":200,"srcset":"https:\/\/i0.wp.com\/lyonelkaufmann.ch\/Blog\/wp-content\/uploads\/2015\/03\/blogcafe1.jpg?fit=1024%2C683&ssl=1&resize=350%2C200 1x, https:\/\/i0.wp.com\/lyonelkaufmann.ch\/Blog\/wp-content\/uploads\/2015\/03\/blogcafe1.jpg?fit=1024%2C683&ssl=1&resize=525%2C300 1.5x, https:\/\/i0.wp.com\/lyonelkaufmann.ch\/Blog\/wp-content\/uploads\/2015\/03\/blogcafe1.jpg?fit=1024%2C683&ssl=1&resize=700%2C400 2x"},"classes":[]},{"id":7922,"url":"https:\/\/lyonelkaufmann.ch\/Blog\/2014\/02\/25\/les-jeunes-quebecois-ont-lhistoire-triste-annie-mathieu-societe\/","url_meta":{"origin":7700,"position":3},"title":"Les jeunes Qu\u00e9b\u00e9cois ont l&rsquo;histoire triste | La Presse","author":"Lyonel Kaufmann","date":"25 f\u00e9vrier 2014","format":false,"excerpt":"See on Scoop.it - histoire Contrairement \u00e0 l'id\u00e9e qu'ils soient compl\u00e8tement ignares, les jeunes qui entrent dans leur premier cours d'histoire au secondaire ont plut\u00f4t une id\u00e9e pr\u00e9con\u00e7ue de ce... Lyonel Kaufmann's insight:Pendant 10 ans, Jocelyn Letourneau a men\u00e9 l'enqu\u00eate aupr\u00e8s des \u00e9tudiants \u00e0 travers le Qu\u00e9bec. Francophones et anglophones,\u2026","rel":"","context":"Dans &quot;histoire&quot;","block_context":{"text":"histoire","link":"https:\/\/lyonelkaufmann.ch\/Blog\/category\/histoire-2\/"},"img":{"alt_text":"","src":"https:\/\/i0.wp.com\/lyonelkaufmann.ch\/Blog\/wp-content\/uploads\/2015\/03\/4r9-XrAkFxOCS7BktjYmjTl72eJkfbmt4t8yenImKBXEejxNn4ZJNZ2ss5Ku7Cxt.jpg?fit=369%2C246&ssl=1&resize=350%2C200","width":350,"height":200},"classes":[]},{"id":7088,"url":"https:\/\/lyonelkaufmann.ch\/Blog\/2013\/05\/27\/revue-de-presse-enseignement-de-lhistoire-au-secondaire-il-faut-changer-le-programme-pas-le-rapiecer-le-devoir\/","url_meta":{"origin":7700,"position":4},"title":"Revue de presse : Enseignement de l\u2019histoire au secondaire &#8211; Il faut changer le programme, pas le rapi\u00e9cer | Le Devoir","author":"Lyonel Kaufmann","date":"27 mai 2013","format":false,"excerpt":"Tribune de Raymond B\u00e9dard, Pr\u00e9sident de la SPHQ, enseignant en histoire et de F\u00e9lix Bouvier, Vice-pr\u00e9sident de la SPHQ, didacticien et historien, pr\u00e9conisant la suppression de l'approche th\u00e9matique et de la comp\u00e9tence relative \u00e0 la citoyennet\u00e9 du programme d'histoire. Pour B\u00e9dard et Bouvier, l'enseignement de l'histoire est nationale (dans le\u2026","rel":"","context":"Dans &quot;histoire&quot;","block_context":{"text":"histoire","link":"https:\/\/lyonelkaufmann.ch\/Blog\/category\/histoire-2\/"},"img":{"alt_text":"","src":"https:\/\/i0.wp.com\/lyonelkaufmann.ch\/Blog\/wp-content\/uploads\/2015\/03\/blogcafe1.jpg?fit=1024%2C683&ssl=1&resize=350%2C200","width":350,"height":200,"srcset":"https:\/\/i0.wp.com\/lyonelkaufmann.ch\/Blog\/wp-content\/uploads\/2015\/03\/blogcafe1.jpg?fit=1024%2C683&ssl=1&resize=350%2C200 1x, https:\/\/i0.wp.com\/lyonelkaufmann.ch\/Blog\/wp-content\/uploads\/2015\/03\/blogcafe1.jpg?fit=1024%2C683&ssl=1&resize=525%2C300 1.5x, https:\/\/i0.wp.com\/lyonelkaufmann.ch\/Blog\/wp-content\/uploads\/2015\/03\/blogcafe1.jpg?fit=1024%2C683&ssl=1&resize=700%2C400 2x"},"classes":[]},{"id":8549,"url":"https:\/\/lyonelkaufmann.ch\/Blog\/2014\/11\/15\/ouvrages-reformation-et-luther\/","url_meta":{"origin":7700,"position":5},"title":"Ouvrages : R\u00e9formation et Luther","author":"Lyonel Kaufmann","date":"15 novembre 2014","format":false,"excerpt":"Deux ouvrages importants, parus en allemand et consacr\u00e9s \u00e0 la R\u00e9forme ou \u00e0 Luther, viennent d\u2019\u00eatre publi\u00e9s en fran\u00e7ais. Martin Luther : rebelle dans une \u00e9poque de rupture par Heinz Schilling Avec cet ouvrage de r\u00e9f\u00e9rence, on sort de l\u2019histoire religieuse \u00ab eccl\u00e9siastique \u00bb, en g\u00e9n\u00e9ral apolog\u00e9tique, pour faire la\u2026","rel":"","context":"Dans &quot;histoire&quot;","block_context":{"text":"histoire","link":"https:\/\/lyonelkaufmann.ch\/Blog\/category\/histoire-2\/"},"img":{"alt_text":"","src":"https:\/\/i0.wp.com\/lyonelkaufmann.ch\/Blog\/wp-content\/uploads\/2015\/02\/1416067976.gif?fit=312%2C475&ssl=1&resize=350%2C200","width":350,"height":200},"classes":[]}],"jetpack_likes_enabled":true,"_links":{"self":[{"href":"https:\/\/lyonelkaufmann.ch\/Blog\/wp-json\/wp\/v2\/posts\/7700","targetHints":{"allow":["GET"]}}],"collection":[{"href":"https:\/\/lyonelkaufmann.ch\/Blog\/wp-json\/wp\/v2\/posts"}],"about":[{"href":"https:\/\/lyonelkaufmann.ch\/Blog\/wp-json\/wp\/v2\/types\/post"}],"author":[{"embeddable":true,"href":"https:\/\/lyonelkaufmann.ch\/Blog\/wp-json\/wp\/v2\/users\/1"}],"replies":[{"embeddable":true,"href":"https:\/\/lyonelkaufmann.ch\/Blog\/wp-json\/wp\/v2\/comments?post=7700"}],"version-history":[{"count":0,"href":"https:\/\/lyonelkaufmann.ch\/Blog\/wp-json\/wp\/v2\/posts\/7700\/revisions"}],"wp:featuredmedia":[{"embeddable":true,"href":"https:\/\/lyonelkaufmann.ch\/Blog\/wp-json\/wp\/v2\/media\/14680"}],"wp:attachment":[{"href":"https:\/\/lyonelkaufmann.ch\/Blog\/wp-json\/wp\/v2\/media?parent=7700"}],"wp:term":[{"taxonomy":"category","embeddable":true,"href":"https:\/\/lyonelkaufmann.ch\/Blog\/wp-json\/wp\/v2\/categories?post=7700"},{"taxonomy":"post_tag","embeddable":true,"href":"https:\/\/lyonelkaufmann.ch\/Blog\/wp-json\/wp\/v2\/tags?post=7700"}],"curies":[{"name":"wp","href":"https:\/\/api.w.org\/{rel}","templated":true}]}}