{"id":7703,"date":"2006-05-03T07:07:06","date_gmt":"2006-05-03T06:07:06","guid":{"rendered":"http:\/\/lyonelkaufmann.ch\/histoire\/?p=146"},"modified":"2006-05-03T07:07:06","modified_gmt":"2006-05-03T06:07:06","slug":"le-front-populaire-a-ete-un-feu-dartifice-social-liberation","status":"publish","type":"post","link":"https:\/\/lyonelkaufmann.ch\/Blog\/2006\/05\/03\/le-front-populaire-a-ete-un-feu-dartifice-social-liberation\/","title":{"rendered":"\u00abLe Front populaire a \u00e9t\u00e9 un feu d&rsquo;artifice social\u00bb (Lib\u00e9ration)"},"content":{"rendered":"<p><a href=\"http:\/\/www.liberation.fr\/page.php?Article=379117#\">Lib\u00e9ration : \u00abLe Front populaire a \u00e9t\u00e9 un feu d&rsquo;artifice social\u00bb<\/a><\/p>\n<blockquote><p><em>Soixante-dix ans apr\u00e8s, la victoire historique de la gauche reste un mythe ouvrier.<br \/>\n<\/em><strong><em>\u00abLe Front populaire a \u00e9t\u00e9 un feu d&rsquo;artifice social\u00bb<br \/>\n<\/em><\/strong><em>Michel Winock est historien et professeur \u00e9m\u00e9rite \u00e0 l&rsquo;Institut d&rsquo;\u00e9tudes politiques de Paris. Il publie, avec S\u00e9verine Nikel, <\/em>La Gauche au pouvoir. L&rsquo;h\u00e9ritage du Front populaire<em>, aux \u00e9ditions Bayard. Et revient sur la victoire du Front populaire le 3 mai 1936, il y a tout juste soixante-dix ans.<\/em><\/p><\/blockquote>\n<p>Deux g\u00e9n\u00e9rations et demi d\u00e9j\u00e0. Quel(s) regard(s) allons-nous porter aujourd&rsquo;hui sur cet \u00e9v\u00e9nement \u00e0 l&rsquo;\u00e8re de la d\u00e9r\u00e9gulation sociale ?<\/p>\n<p><!-- technorati tags start --><\/p>\n<p style=\"text-align:right;font-size:10px;\">Technorati Tags: <a href=\"http:\/\/www.technorati.com\/tag\/1936\" rel=\"tag\">1936<\/a>, <a href=\"http:\/\/www.technorati.com\/tag\/FrontPopulaire\" rel=\"tag\">FrontPopulaire<\/a>, <a href=\"http:\/\/www.technorati.com\/tag\/MichelWinock\" rel=\"tag\">MichelWinock<\/a>, <a href=\"http:\/\/www.technorati.com\/tag\/mythe\" rel=\"tag\">mythe<\/a>, <a href=\"http:\/\/www.technorati.com\/tag\/ouvrier\" rel=\"tag\">ouvrier<\/a><\/p>\n<p><!-- technorati tags end --><\/p>\n","protected":false},"excerpt":{"rendered":"<p>Lib\u00e9ration : \u00abLe Front populaire a \u00e9t\u00e9 un feu d&rsquo;artifice social\u00bb Soixante-dix ans apr\u00e8s, la victoire historique de la gauche reste un mythe ouvrier. \u00abLe Front populaire a \u00e9t\u00e9 un feu d&rsquo;artifice social\u00bb Michel Winock est historien et professeur \u00e9m\u00e9rite \u00e0 l&rsquo;Institut d&rsquo;\u00e9tudes politiques de Paris. Il publie, avec S\u00e9verine Nikel, La Gauche au pouvoir. [&hellip;]<\/p>\n","protected":false},"author":1,"featured_media":14680,"comment_status":"open","ping_status":"open","sticky":false,"template":"","format":"standard","meta":{"_import_markdown_pro_load_document_selector":0,"_import_markdown_pro_submit_text_textarea":"","_genesis_hide_title":false,"_genesis_hide_breadcrumbs":false,"_genesis_hide_singular_image":false,"_genesis_hide_footer_widgets":false,"_genesis_custom_body_class":"","_genesis_custom_post_class":"","_genesis_layout":"","jetpack_post_was_ever_published":false,"_jetpack_newsletter_access":"","_jetpack_dont_email_post_to_subs":false,"_jetpack_newsletter_tier_id":0,"_jetpack_memberships_contains_paywalled_content":false,"_jetpack_memberships_contains_paid_content":false,"activitypub_content_warning":"","activitypub_content_visibility":"","activitypub_max_image_attachments":3,"activitypub_interaction_policy_quote":"anyone","activitypub_status":"","footnotes":"","jetpack_publicize_message":"","jetpack_publicize_feature_enabled":true,"jetpack_social_post_already_shared":true,"jetpack_social_options":{"image_generator_settings":{"template":"fullscreen","default_image_id":0,"font":"","enabled":false},"version":2}},"categories":[2],"tags":[],"class_list":{"0":"post-7703","1":"post","2":"type-post","3":"status-publish","4":"format-standard","5":"has-post-thumbnail","7":"category-histoire-2","8":"entry"},"jetpack_publicize_connections":[],"featured_image_src":"https:\/\/i0.wp.com\/lyonelkaufmann.ch\/Blog\/wp-content\/uploads\/2015\/03\/blogcafe1.jpg?resize=600%2C400&ssl=1","featured_image_src_square":"https:\/\/i0.wp.com\/lyonelkaufmann.ch\/Blog\/wp-content\/uploads\/2015\/03\/blogcafe1.jpg?resize=600%2C600&ssl=1","author_info":{"display_name":"Lyonel Kaufmann","author_link":"https:\/\/lyonelkaufmann.ch\/Blog\/author\/lyonelk\/"},"jetpack_featured_media_url":"https:\/\/i0.wp.com\/lyonelkaufmann.ch\/Blog\/wp-content\/uploads\/2015\/03\/blogcafe1.jpg?fit=1024%2C683&ssl=1","jetpack_sharing_enabled":true,"jetpack_shortlink":"https:\/\/wp.me\/p1qtF4-20f","jetpack-related-posts":[{"id":1732,"url":"https:\/\/lyonelkaufmann.ch\/Blog\/2010\/01\/03\/ces-bobines-qui-firent-lactualite-liberation\/","url_meta":{"origin":7703,"position":0},"title":"Ces bobines qui firent l\u2019actualit\u00e9 | Lib\u00e9ration","author":"Lyonel Kaufmann","date":"3 janvier 2010","format":false,"excerpt":"Cin\u00e9actualit\u00e9s de Pierre Philippe aux Editions Omniscience. Un livre et un DVD soit une s\u00e9lection des meilleures archives Path\u00e9 et Gaumont diffus\u00e9es au cin\u00e9ma de 1908 jusqu\u2019\u00e0 la fin des ann\u00e9es 60. Le cin\u00e9aste Pierre Philippe propose en soixante extraits de films de rendre hommage \u00e0\u00a0\u00abl\u2019un des genres les plus\u2026","rel":"","context":"Dans &quot;histoire&quot;","block_context":{"text":"histoire","link":"https:\/\/lyonelkaufmann.ch\/Blog\/category\/histoire-2\/"},"img":{"alt_text":"","src":"https:\/\/i0.wp.com\/lyonelkaufmann.ch\/Blog\/wp-content\/uploads\/2015\/03\/blogcafe1.jpg?fit=1024%2C683&ssl=1&resize=350%2C200","width":350,"height":200,"srcset":"https:\/\/i0.wp.com\/lyonelkaufmann.ch\/Blog\/wp-content\/uploads\/2015\/03\/blogcafe1.jpg?fit=1024%2C683&ssl=1&resize=350%2C200 1x, https:\/\/i0.wp.com\/lyonelkaufmann.ch\/Blog\/wp-content\/uploads\/2015\/03\/blogcafe1.jpg?fit=1024%2C683&ssl=1&resize=525%2C300 1.5x, https:\/\/i0.wp.com\/lyonelkaufmann.ch\/Blog\/wp-content\/uploads\/2015\/03\/blogcafe1.jpg?fit=1024%2C683&ssl=1&resize=700%2C400 2x"},"classes":[]},{"id":19885,"url":"https:\/\/lyonelkaufmann.ch\/Blog\/2019\/01\/02\/lecran-populaire-la-vie-des-idees\/","url_meta":{"origin":7703,"position":1},"title":"L\u2019\u00e9cran populaire &#8211; La Vie des id\u00e9es","author":"Lyonel Kaufmann","date":"2 janvier 2019","format":false,"excerpt":"L\u2019enqu\u00eate men\u00e9e par Olivier Masclet renoue avec l\u2019objectif fix\u00e9 par G. Friedmann dans les ann\u00e9es 1960 de d\u00e9crire la \u00ab t\u00e9l\u00e9vision v\u00e9cue \u00bb. Il cherche \u00e0 comprendre comment les usages que font de la t\u00e9l\u00e9 les familles populaires modifient ou non leur identit\u00e9 sociale, transforment leurs styles de vie et\u2026","rel":"","context":"Dans &quot;Blogcaf\u00e9&quot;","block_context":{"text":"Blogcaf\u00e9","link":"https:\/\/lyonelkaufmann.ch\/Blog\/category\/blogcafe-2\/"},"img":{"alt_text":"","src":"https:\/\/i0.wp.com\/lyonelkaufmann.ch\/Blog\/wp-content\/uploads\/2019\/01\/33CF32DC-5EAF-42D2-B546-C2FC4C70D44A.60f3d77bb2be4fad936e2a9c5dfbefd6.jpeg?fit=261%2C400&ssl=1&resize=350%2C200","width":350,"height":200},"classes":[]},{"id":3131,"url":"https:\/\/lyonelkaufmann.ch\/Blog\/2010\/02\/19\/le-reseautage-social-plus-populaire-sur-les-mobiles-que-sur-pc\/","url_meta":{"origin":7703,"position":2},"title":"Le r\u00e9seautage social plus populaire sur les mobiles que sur PC","author":"Lyonel Kaufmann","date":"19 f\u00e9vrier 2010","format":"aside","excerpt":"Un article de ReadWriteWeb (version anglaise)\u00a0 relate une \u00e9tude r\u00e9cente r\u00e9alis\u00e9e par Ruder Finn mettant en \u00e9vidence que les Am\u00e9ricains passent environ trois heures par jour sur leurs t\u00e9l\u00e9phones mobiles. Et que font-ils avec? S'\u00e9duquer eux-m\u00eames, faire des affaires, la gestion de leurs finances, de la messagerie instantan\u00e9e, envoi par\u2026","rel":"","context":"Dans &quot;Blogcaf\u00e9&quot;","block_context":{"text":"Blogcaf\u00e9","link":"https:\/\/lyonelkaufmann.ch\/Blog\/category\/blogcafe-2\/"},"img":{"alt_text":"","src":"https:\/\/i0.wp.com\/lyonelkaufmann.ch\/Blog\/wp-content\/uploads\/2010\/02\/facebook_iPhone_feb10.jpg?resize=350%2C200","width":350,"height":200},"classes":[]},{"id":5276,"url":"https:\/\/lyonelkaufmann.ch\/Blog\/2012\/04\/13\/revue-de-presse-plaidoyer-pour-une-rencontre-entre-la-culture-populaire-et-la-culture-elitiste\/","url_meta":{"origin":7703,"position":3},"title":"Revue de presse : Plaidoyer pour une rencontre entre la culture populaire et la culture \u00e9litiste |","author":"Lyonel Kaufmann","date":"13 avril 2012","format":false,"excerpt":"Je lis et entends depuis quelques jours des gens qui s\u2019indignent, qui s\u2019irritent m\u00eame face aux jeunes suppos\u00e9ment \u00abruin\u00e9s par les r\u00e9seaux sociaux\u00bb. Ils ciblent leur d\u00e9sarroi en lien avec leur manque d\u2019int\u00e9r\u00eat pour la formation acad\u00e9mique et la culture savante, leur emprisonnement dans une culture de masse qui serait\u2026","rel":"","context":"Dans &quot;histoire&quot;","block_context":{"text":"histoire","link":"https:\/\/lyonelkaufmann.ch\/Blog\/category\/histoire-2\/"},"img":{"alt_text":"","src":"https:\/\/i0.wp.com\/lyonelkaufmann.ch\/Blog\/wp-content\/uploads\/2015\/03\/blogcafe1.jpg?fit=1024%2C683&ssl=1&resize=350%2C200","width":350,"height":200,"srcset":"https:\/\/i0.wp.com\/lyonelkaufmann.ch\/Blog\/wp-content\/uploads\/2015\/03\/blogcafe1.jpg?fit=1024%2C683&ssl=1&resize=350%2C200 1x, https:\/\/i0.wp.com\/lyonelkaufmann.ch\/Blog\/wp-content\/uploads\/2015\/03\/blogcafe1.jpg?fit=1024%2C683&ssl=1&resize=525%2C300 1.5x, https:\/\/i0.wp.com\/lyonelkaufmann.ch\/Blog\/wp-content\/uploads\/2015\/03\/blogcafe1.jpg?fit=1024%2C683&ssl=1&resize=700%2C400 2x"},"classes":[]},{"id":5900,"url":"https:\/\/lyonelkaufmann.ch\/Blog\/2012\/04\/13\/revue-de-presse-plaidoyer-pour-une-rencontre-entre-la-culture-populaire-et-la-culture-elitiste-2\/","url_meta":{"origin":7703,"position":4},"title":"Revue de presse : Plaidoyer pour une rencontre entre la culture populaire et la culture \u00e9litiste |","author":"Lyonel Kaufmann","date":"13 avril 2012","format":false,"excerpt":"Je lis et entends depuis quelques jours des gens qui s\u2019indignent, qui s\u2019irritent m\u00eame face aux jeunes suppos\u00e9ment \u00abruin\u00e9s par les r\u00e9seaux sociaux\u00bb. Ils ciblent leur d\u00e9sarroi en lien avec leur manque d\u2019int\u00e9r\u00eat pour la formation acad\u00e9mique et la culture savante, leur emprisonnement dans une culture de masse qui serait\u2026","rel":"","context":"Dans &quot;L'Expresso&quot;","block_context":{"text":"L'Expresso","link":"https:\/\/lyonelkaufmann.ch\/Blog\/category\/breves\/"},"img":{"alt_text":"","src":"https:\/\/i0.wp.com\/lyonelkaufmann.ch\/Blog\/wp-content\/uploads\/2015\/03\/blogcafe1.jpg?fit=1024%2C683&ssl=1&resize=350%2C200","width":350,"height":200,"srcset":"https:\/\/i0.wp.com\/lyonelkaufmann.ch\/Blog\/wp-content\/uploads\/2015\/03\/blogcafe1.jpg?fit=1024%2C683&ssl=1&resize=350%2C200 1x, https:\/\/i0.wp.com\/lyonelkaufmann.ch\/Blog\/wp-content\/uploads\/2015\/03\/blogcafe1.jpg?fit=1024%2C683&ssl=1&resize=525%2C300 1.5x, https:\/\/i0.wp.com\/lyonelkaufmann.ch\/Blog\/wp-content\/uploads\/2015\/03\/blogcafe1.jpg?fit=1024%2C683&ssl=1&resize=700%2C400 2x"},"classes":[]},{"id":17836,"url":"https:\/\/lyonelkaufmann.ch\/Blog\/2017\/01\/03\/chez-nous-le-film-qui-enerve-le-front-national\/","url_meta":{"origin":7703,"position":5},"title":"\u201cChez nous\u201d, le film qui \u00e9nerve le Front National","author":"Lyonel Kaufmann","date":"3 janvier 2017","format":false,"excerpt":"La diffusion sur Internet de la bande-annonce du film \u201cChez nous\u201d, qui sort en salles le 22 f\u00e9vrier, a provoqu\u00e9 la col\u00e8re de plusieurs dirigeants du Front national. Le film \u00e9voque la perc\u00e9e du parti d'extr\u00eame droite dans le Nord de la France. https:\/\/youtu.be\/t7geYq0_jhI Une simple bande-annonce peut provoquer les\u2026","rel":"","context":"Dans &quot;politis&quot;","block_context":{"text":"politis","link":"https:\/\/lyonelkaufmann.ch\/Blog\/category\/politis\/"},"img":{"alt_text":"","src":"https:\/\/i0.wp.com\/lyonelkaufmann.ch\/Blog\/wp-content\/uploads\/2017\/01\/Image-03.01.17-12-09.8e8656ccb30c445dbe603086a9620732.jpeg?fit=1000%2C667&ssl=1&resize=350%2C200","width":350,"height":200,"srcset":"https:\/\/i0.wp.com\/lyonelkaufmann.ch\/Blog\/wp-content\/uploads\/2017\/01\/Image-03.01.17-12-09.8e8656ccb30c445dbe603086a9620732.jpeg?fit=1000%2C667&ssl=1&resize=350%2C200 1x, https:\/\/i0.wp.com\/lyonelkaufmann.ch\/Blog\/wp-content\/uploads\/2017\/01\/Image-03.01.17-12-09.8e8656ccb30c445dbe603086a9620732.jpeg?fit=1000%2C667&ssl=1&resize=525%2C300 1.5x, https:\/\/i0.wp.com\/lyonelkaufmann.ch\/Blog\/wp-content\/uploads\/2017\/01\/Image-03.01.17-12-09.8e8656ccb30c445dbe603086a9620732.jpeg?fit=1000%2C667&ssl=1&resize=700%2C400 2x"},"classes":[]}],"jetpack_likes_enabled":true,"_links":{"self":[{"href":"https:\/\/lyonelkaufmann.ch\/Blog\/wp-json\/wp\/v2\/posts\/7703","targetHints":{"allow":["GET"]}}],"collection":[{"href":"https:\/\/lyonelkaufmann.ch\/Blog\/wp-json\/wp\/v2\/posts"}],"about":[{"href":"https:\/\/lyonelkaufmann.ch\/Blog\/wp-json\/wp\/v2\/types\/post"}],"author":[{"embeddable":true,"href":"https:\/\/lyonelkaufmann.ch\/Blog\/wp-json\/wp\/v2\/users\/1"}],"replies":[{"embeddable":true,"href":"https:\/\/lyonelkaufmann.ch\/Blog\/wp-json\/wp\/v2\/comments?post=7703"}],"version-history":[{"count":0,"href":"https:\/\/lyonelkaufmann.ch\/Blog\/wp-json\/wp\/v2\/posts\/7703\/revisions"}],"wp:featuredmedia":[{"embeddable":true,"href":"https:\/\/lyonelkaufmann.ch\/Blog\/wp-json\/wp\/v2\/media\/14680"}],"wp:attachment":[{"href":"https:\/\/lyonelkaufmann.ch\/Blog\/wp-json\/wp\/v2\/media?parent=7703"}],"wp:term":[{"taxonomy":"category","embeddable":true,"href":"https:\/\/lyonelkaufmann.ch\/Blog\/wp-json\/wp\/v2\/categories?post=7703"},{"taxonomy":"post_tag","embeddable":true,"href":"https:\/\/lyonelkaufmann.ch\/Blog\/wp-json\/wp\/v2\/tags?post=7703"}],"curies":[{"name":"wp","href":"https:\/\/api.w.org\/{rel}","templated":true}]}}