{"id":7705,"date":"2006-05-08T16:44:56","date_gmt":"2006-05-08T15:44:56","guid":{"rendered":"http:\/\/lyonelkaufmann.ch\/histoire\/?p=148"},"modified":"2006-05-08T16:44:56","modified_gmt":"2006-05-08T15:44:56","slug":"m078-realiser-un-kit-de-documents-historiques-pour-la-classe","status":"publish","type":"post","link":"https:\/\/lyonelkaufmann.ch\/Blog\/2006\/05\/08\/m078-realiser-un-kit-de-documents-historiques-pour-la-classe\/","title":{"rendered":"R\u00e9aliser un kit de documents historiques pour la classe (9 mai 2006)"},"content":{"rendered":"<p style=\"text-align:justify;\">Drake F. D, Nelson L. R. (2005). <em>Engagement in Teaching history. Theory and Practices for Middle and Secondary Teachers<\/em>. Upper Slade River : Pearson Education<\/p>\n<p style=\"text-align:center;\"><span style=\"font-family:Verdana;\"><strong>Leur proposition : distinguer entre sources de premier, deuxi\u00e8me et troisi\u00e8me ordre<\/strong><\/span><\/p>\n<p style=\"text-align:justify;\"><strong>1\u00b0 Document-source de premier ordre<\/strong><br \/>\nL\u2019enseignant-e d\u00e9termine pour chaque p\u00e9riode de l\u2019histoire, chaque sujet, chaque th\u00e8me LE document-source qui pour elle\/lui est de le plus essentiel, significatif, important.<br \/>\nUn tel document doit pr\u00e9senter deux qualit\u00e9s essentielles pour Drake et Nelson :<\/p>\n<blockquote><p>\u2022 cette source repr\u00e9sente le c\u0153ur de la situation \u00e9tudi\u00e9e ou de la p\u00e9riode historique ;<br \/>\n\u2022 elle doit aussi exprimer si fortement un point de vue que les autres documents pourront \u00eatre choisis pour apporter des nuances ou un point de vue diff\u00e9rent sur la situation ou la p\u00e9riode historique.<\/p><\/blockquote>\n<p style=\"text-align:justify;\"><strong>2\u00b0 Document-source de deuxi\u00e8me ordre<br \/>\n<\/strong>Trois \u00e0 cinq sources primaires ou secondaires qui corroborent ou remettent en cause l\u2019id\u00e9e principale\/centrale du document de premier ordre.<br \/>\nCes documents se doivent d\u2019apporter une compr\u00e9hension plus fine, nuanc\u00e9e du th\u00e8me\/sujet en offrant des perspectives multiples. Il s\u2019agit de sortir de l\u2019univocit\u00e9 pour aller vers la compr\u00e9hension.<\/p>\n<p><strong>3\u00b0 Document-source de troisi\u00e8me ordre<br \/>\n<\/strong>Le principe est le m\u00eame que pour les documents de deuxi\u00e8me ordre. Cependant, ce sont les \u00e9l\u00e8ves qui  devraient les s\u00e9lectionner ou les amener en classe.<br \/>\nPour les auteurs, la pratique de la recherche des documents compl\u00e9mentaires par les \u00e9l\u00e8ves devrait \u00eatre plus syst\u00e9matiquement envisag\u00e9e.<\/p>\n<p><!-- technorati tags start --><\/p>\n<p style=\"text-align:right;\">Technorati Tags: <a href=\"http:\/\/www.technorati.com\/tag\/histoire\" rel=\"tag\">histoire<\/a>, <a href=\"http:\/\/www.technorati.com\/tag\/Sources&amp;Documents\" rel=\"tag\">Sources&amp;Documents<\/a><\/p>\n<p><!-- technorati tags end --><br \/>\n<!--more--><\/p>\n<p style=\"text-align:justify;\"><strong>Questions \u00e0 se poser pour l\u2019enseignant dans le choix de son document de premier ordre :<\/strong><\/p>\n<ul>\n<li>le document repr\u00e9sente-t-il un int\u00e9r\u00eat pour mes \u00e9l\u00e8ves ?<\/li>\n<li>le document permet-t-il aux \u00e9tudiants de s\u2019appuyer et d\u2019apporter un plus \u00e0 leur savoir ant\u00e9rieur ?<\/li>\n<li>le document permet-il aux \u00e9tudiants de rapporter le concept, l\u2019id\u00e9e, ou l\u2019\u00e9v\u00e9nement \u00e0 des connaissances qui leur sont famili\u00e8res, connues ?<\/li>\n<li>le  document leur permet-il d\u2019examiner les changements survenus au cours du temps ?<\/li>\n<li>le document est-il appropri\u00e9 sur le plan cognitif relativement \u00e0 mes \u00e9tudiants ?<\/li>\n<li>de quelle mani\u00e8re ce document pourrait-il approfondir leur compr\u00e9hension contextuelle du pass\u00e9 ?<\/li>\n<li>comment le document  affectera-t-il le r\u00e9cit historique pr\u00e9con\u00e7u de mes \u00e9tudiants ?<\/li>\n<li>de quelles mani\u00e8res, le document contribue-t-il aux capacit\u00e9s de mes \u00e9tudiants de d\u00e9lib\u00e9rer et de prendre des d\u00e9cisions fond\u00e9es ?<\/li>\n<li>dans quelle mesure, ce document exige-t-il des \u00e9tudiants l\u2019emploi d\u2019une ou plusieurs dimensions de la pens\u00e9e historique ?<\/li>\n<li>comment le document est-il reli\u00e9 \u00e0 un ou plusieurs th\u00e8mes essentiels ou r\u00e9cits historiques ?<\/li>\n<li>comment le document peut-il \u00eatre reli\u00e9 \u00e0 l\u2019\u00e9tat et aux objectifs du plan d\u2019\u00e9tude sur le plan de la pens\u00e9e historique ?<\/li>\n<\/ul>\n<p style=\"text-align:justify;\"><strong>Votre Mission : R\u00e9aliser un kit de documents historiques pour la classe<br \/>\n<\/strong>Pour tester la m\u00e9thode de choix des documents, je vous propose d\u2019utiliser :<\/p>\n<ul>\n<li>Le manuel d\u2019histoire vaudois.<\/li>\n<li>Le site de Cliotexte qui regroupe un certain nombre de sources textuelles historiques r\u00e9parties par p\u00e9riode et sujet : <span style=\"color:#0000ff;text-decoration:underline;\"><a href=\"http:\/\/hypo.ge.ch\/www\/cliotexte\/index.html\">http:\/\/hypo.ge.ch\/www\/cliotexte\/index.html<\/a><\/span>;<\/li>\n<li>Antiquit\u00e9 : <span style=\"font-family:color:#0000ff;text-decoration:underline;\"><a href=\"http:\/\/www.er.uqam.ca\/nobel\/m231104\/touslescadres.htm\">http:\/\/www.er.uqam.ca\/nobel\/m231104\/touslescadres.htm<\/a><\/span>;<\/li>\n<li>Pour les sources iconographiques :<\/li>\n<\/ul>\n<blockquote><p>P\u00e9riode contemporaine : <span style=\"font-family:color:#0000ff;text-decoration:underline;\"><a href=\"http:\/\/www.histoire-image.org\/index.php\">http:\/\/www.histoire-image.org\/index.php<\/a><\/span>;<br \/>\nAntiquit\u00e9 : <span style=\"font-family:color:#0000ff;text-decoration:underline;\"><a href=\"http:\/\/www.cgb.fr\/liens\/iconographie02.html\">http:\/\/www.cgb.fr\/liens\/iconographie02.html<\/a><\/span>;<br \/>\nMoyen \u00c2ge : <span style=\"font-family:color:#0000ff;text-decoration:underline;\"><a href=\"http:\/\/www.cgb.fr\/liens\/iconographie08.html\">http:\/\/www.cgb.fr\/liens\/iconographie08.html<\/a><\/span>;<br \/>\nTemps modernes : <span style=\"font-family:color:#0000ff;text-decoration:underline;\"><a href=\"http:\/\/www.cgb.fr\/liens\/iconographie10.html\">http:\/\/www.cgb.fr\/liens\/iconographie10.html<\/a><\/span>;<\/p><\/blockquote>\n<ul>\n<li>Atlas et cartes :<\/li>\n<\/ul>\n<blockquote><p><span style=\"font-family:color:#0000ff;text-decoration:underline;\"><a href=\"http:\/\/perso.wanadoo.fr\/alain.houot\/\">http:\/\/perso.wanadoo.fr\/alain.houot\/<\/a><\/span>;<br \/>\n<span style=\"font-family:color:#0000ff;text-decoration:underline;\"><a href=\"http:\/\/www.euratlas.net\/sommaire.htm\">http:\/\/www.euratlas.net\/sommaire.htm<\/a><\/span>;<br \/>\n<span style=\"font-family:color:#0000ff;text-decoration:underline;\"><a href=\"http:\/\/www.atlas-historique.net\/accueil.html\">http:\/\/www.atlas-historique.net\/accueil.html<\/a><\/span><\/p><\/blockquote>\n<p><strong>T\u00e2che :<\/strong><br \/>cr\u00e9er un kit de documents de premier et de seconde importance. Il sera organis\u00e9 de la mani\u00e8re suivante.<\/p>\n<p style=\"text-align:justify;\"><strong>Compl\u00e9ter  le document \u00ab planification th\u00e8me\/sujet \u00bb<\/strong><span style=\"font-family:color:#1e6b88;\"><strong> <\/strong><\/span><strong>:\t<\/strong>\n<\/p>\n<p>&#8211; <span style=\"font-family:color:#0000ff;text-decoration:underline;\"><a href=\"http:\/\/lyonelkaufmann.ch\/histoire\/wp-content\/uploads\/2006\/05\/pmd_fiche.rtf\">http:\/\/lyonelkaufmann.ch\/histoire\/wp-content\/uploads\/2006\/05\/pmd_fiche.rtf<\/a><\/span> en tenant compte de<\/p>\n<p style=\"text-align:justify;\"><strong>I. Question-cl\u00e9 permettant d\u2019engager les \u00e9tudiants dans la recherche, l\u2019enqu\u00eate historique<\/strong><\/p>\n<ul>\n<li>utiliser le \u00ab comment \u00bb ou le \u00ab pourquoi \u00bb dans la question<\/li>\n<li>ne pas utiliser de \u00ab devrait \u00bb ou de \u00ab pourrait \u00bb<\/li>\n<\/ul>\n<p style=\"text-align:justify;text-indent:18pt;\">(cf Simard  M., Laville Ch. (2000). <em>Histoire de la Civilisation occidentale. Une perspective mondiale.<\/em>Saint-Laurent : ERPI)<\/p>\n<p style=\"text-align:justify;\"><strong>II. Identifier un document de premi\u00e8re importance.<\/strong><\/p>\n<ul>\n<li>Ecrire les raisons pour lesquelles, selon vous, de document est un document de premi\u00e8re ordre par rapport \u00e0 votre th\u00e8me \/ sujet.<\/li>\n<li>Quelles sont ces qualit\u00e9s qui le rendent essentielle pour votre enseignement et pour vous \u00e9tudiants tant par rapport au savoir historique qu\u2019\u00e0 la compr\u00e9hension de l\u2019histoire ?\t<\/li>\n<\/ul>\n<p style=\"text-align:justify;\">\n<strong>III. Identifier trois \u00e0 cinq documents de deuxi\u00e8me importance.<\/strong><\/p>\n<ul>\n<li>Au moins un de ces documents sera une repr\u00e9sentation iconographique.<\/li>\n<li>Au moins un de ces documents permettra de g\u00e9n\u00e9rer un point de vue contradictoire par rapport au document de premi\u00e8re importance.<\/li>\n<li>De quelle mani\u00e8re ces documents nuancent-ils ou contrebalancent-ils votre document de premi\u00e8re importance ?<\/li>\n<\/ul>\n","protected":false},"excerpt":{"rendered":"<p>Drake F. D, Nelson L. R. (2005). Engagement in Teaching history. Theory and Practices for Middle and Secondary Teachers. Upper Slade River : Pearson Education Leur proposition : distinguer entre sources de premier, deuxi\u00e8me et troisi\u00e8me ordre 1\u00b0 Document-source de premier ordre L\u2019enseignant-e d\u00e9termine pour chaque p\u00e9riode de l\u2019histoire, chaque sujet, chaque th\u00e8me LE document-source [&hellip;]<\/p>\n","protected":false},"author":1,"featured_media":14680,"comment_status":"open","ping_status":"open","sticky":false,"template":"","format":"standard","meta":{"_import_markdown_pro_load_document_selector":0,"_import_markdown_pro_submit_text_textarea":"","_genesis_hide_title":false,"_genesis_hide_breadcrumbs":false,"_genesis_hide_singular_image":false,"_genesis_hide_footer_widgets":false,"_genesis_custom_body_class":"","_genesis_custom_post_class":"","_genesis_layout":"","jetpack_post_was_ever_published":false,"_jetpack_newsletter_access":"","_jetpack_dont_email_post_to_subs":false,"_jetpack_newsletter_tier_id":0,"_jetpack_memberships_contains_paywalled_content":false,"_jetpack_memberships_contains_paid_content":false,"activitypub_content_warning":"","activitypub_content_visibility":"","activitypub_max_image_attachments":3,"activitypub_interaction_policy_quote":"anyone","activitypub_status":"","footnotes":"","jetpack_publicize_message":"","jetpack_publicize_feature_enabled":true,"jetpack_social_post_already_shared":true,"jetpack_social_options":{"image_generator_settings":{"template":"fullscreen","default_image_id":0,"font":"","enabled":false},"version":2}},"categories":[2],"tags":[],"class_list":{"0":"post-7705","1":"post","2":"type-post","3":"status-publish","4":"format-standard","5":"has-post-thumbnail","7":"category-histoire-2","8":"entry"},"jetpack_publicize_connections":[],"featured_image_src":"https:\/\/i0.wp.com\/lyonelkaufmann.ch\/Blog\/wp-content\/uploads\/2015\/03\/blogcafe1.jpg?resize=600%2C400&ssl=1","featured_image_src_square":"https:\/\/i0.wp.com\/lyonelkaufmann.ch\/Blog\/wp-content\/uploads\/2015\/03\/blogcafe1.jpg?resize=600%2C600&ssl=1","author_info":{"display_name":"Lyonel Kaufmann","author_link":"https:\/\/lyonelkaufmann.ch\/Blog\/author\/lyonelk\/"},"jetpack_featured_media_url":"https:\/\/i0.wp.com\/lyonelkaufmann.ch\/Blog\/wp-content\/uploads\/2015\/03\/blogcafe1.jpg?fit=1024%2C683&ssl=1","jetpack_sharing_enabled":true,"jetpack_shortlink":"https:\/\/wp.me\/p1qtF4-20h","jetpack-related-posts":[{"id":29,"url":"https:\/\/lyonelkaufmann.ch\/Blog\/2006\/03\/08\/06-groupes-de-reponses\/","url_meta":{"origin":7705,"position":0},"title":"06. Groupes de r\u00e9ponses","author":"Lyonel Kaufmann","date":"8 mars 2006","format":false,"excerpt":"Les groupes de r\u00e9ponses enrichissent les discussions de classe et promeuvent la pens\u00e9e critique. Chaque groupe re\u00e7oit des informations historiques compl\u00e9t\u00e9es par des documents iconographiques, des sources primaires ou des morceaux de musique. Le mat\u00e9riel est accompagn\u00e9 de questions provocantes soumises \u00e0 discussion. Apr\u00e8s discussion en sous-groupe, les rapporteurs de\u2026","rel":"","context":"Dans &quot;histoire&quot;","block_context":{"text":"histoire","link":"https:\/\/lyonelkaufmann.ch\/Blog\/category\/histoire-2\/"},"img":{"alt_text":"","src":"https:\/\/i0.wp.com\/lyonelkaufmann.ch\/Blog\/wp-content\/uploads\/2015\/03\/blogcafe1.jpg?fit=1024%2C683&ssl=1&resize=350%2C200","width":350,"height":200,"srcset":"https:\/\/i0.wp.com\/lyonelkaufmann.ch\/Blog\/wp-content\/uploads\/2015\/03\/blogcafe1.jpg?fit=1024%2C683&ssl=1&resize=350%2C200 1x, https:\/\/i0.wp.com\/lyonelkaufmann.ch\/Blog\/wp-content\/uploads\/2015\/03\/blogcafe1.jpg?fit=1024%2C683&ssl=1&resize=525%2C300 1.5x, https:\/\/i0.wp.com\/lyonelkaufmann.ch\/Blog\/wp-content\/uploads\/2015\/03\/blogcafe1.jpg?fit=1024%2C683&ssl=1&resize=700%2C400 2x"},"classes":[]},{"id":1281,"url":"https:\/\/lyonelkaufmann.ch\/Blog\/2009\/04\/29\/une-seance-dhistoire-au-cycle-3\/","url_meta":{"origin":7705,"position":1},"title":"Une s\u00e9ance d\u2019histoire au Cycle 3","author":"Lyonel Kaufmann","date":"29 avril 2009","format":false,"excerpt":"Les enseignants, \u00e0 l\u2019\u00e9cole \u00e9l\u00e9mentaire, utilisent fr\u00e9quemment, dans leurs s\u00e9ances consacr\u00e9es \u00e0 l\u2019histoire, des documents qu\u2019ils traitent hors manuel. L\u2019article propose l\u2019analyse d\u2019une de ces s\u00e9ances. La s\u00e9ance porte sur l'\u00e9tude de deux documents iconographiques\u00a0consacr\u00e9s au bapt\u00eame de Clovis. L'objectif de cette analyse microdidactique consiste \u00e0 approcher les composantes de\u2026","rel":"","context":"Dans &quot;histoire&quot;","block_context":{"text":"histoire","link":"https:\/\/lyonelkaufmann.ch\/Blog\/category\/histoire-2\/"},"img":{"alt_text":"","src":"https:\/\/i0.wp.com\/lyonelkaufmann.ch\/Blog\/wp-content\/uploads\/2015\/03\/blogcafe1.jpg?fit=1024%2C683&ssl=1&resize=350%2C200","width":350,"height":200,"srcset":"https:\/\/i0.wp.com\/lyonelkaufmann.ch\/Blog\/wp-content\/uploads\/2015\/03\/blogcafe1.jpg?fit=1024%2C683&ssl=1&resize=350%2C200 1x, https:\/\/i0.wp.com\/lyonelkaufmann.ch\/Blog\/wp-content\/uploads\/2015\/03\/blogcafe1.jpg?fit=1024%2C683&ssl=1&resize=525%2C300 1.5x, https:\/\/i0.wp.com\/lyonelkaufmann.ch\/Blog\/wp-content\/uploads\/2015\/03\/blogcafe1.jpg?fit=1024%2C683&ssl=1&resize=700%2C400 2x"},"classes":[]},{"id":7670,"url":"https:\/\/lyonelkaufmann.ch\/Blog\/2006\/03\/08\/04-lecture-visuelle-interactive\/","url_meta":{"origin":7705,"position":2},"title":"04. Lecture visuelle interactive","author":"Lyonel Kaufmann","date":"8 mars 2006","format":false,"excerpt":"Au travers de cette strat\u00e9gie, les \u00e9l\u00e8ves\/\u00e9tudiantEs vont voir, toucher, interpr\u00e9ter et agir \u00e0 partir de documents historiques iconographiques qui seront projet\u00e9s sur un large \u00e9cran devant la classe. Pendant le d\u00e9roulement de la discussion, l'enseignantE prendra des notes un transparent qui sera projet\u00e9 sur un deuxi\u00e8me \u00e9cran plus petit\u2026","rel":"","context":"Dans &quot;histoire&quot;","block_context":{"text":"histoire","link":"https:\/\/lyonelkaufmann.ch\/Blog\/category\/histoire-2\/"},"img":{"alt_text":"","src":"https:\/\/i0.wp.com\/lyonelkaufmann.ch\/Blog\/wp-content\/uploads\/2015\/03\/blogcafe1.jpg?fit=1024%2C683&ssl=1&resize=350%2C200","width":350,"height":200,"srcset":"https:\/\/i0.wp.com\/lyonelkaufmann.ch\/Blog\/wp-content\/uploads\/2015\/03\/blogcafe1.jpg?fit=1024%2C683&ssl=1&resize=350%2C200 1x, https:\/\/i0.wp.com\/lyonelkaufmann.ch\/Blog\/wp-content\/uploads\/2015\/03\/blogcafe1.jpg?fit=1024%2C683&ssl=1&resize=525%2C300 1.5x, https:\/\/i0.wp.com\/lyonelkaufmann.ch\/Blog\/wp-content\/uploads\/2015\/03\/blogcafe1.jpg?fit=1024%2C683&ssl=1&resize=700%2C400 2x"},"classes":[]},{"id":6846,"url":"https:\/\/lyonelkaufmann.ch\/Blog\/2013\/03\/12\/le-temoin-lhistorien-et-le-realisateur-la-place-du-conseiller-documents-de-cours-cinemadoc\/","url_meta":{"origin":7705,"position":3},"title":"Le t\u00e9moin, l\u2019historien et le r\u00e9alisateur : la place du conseiller \u2013 documents de cours | Cin\u00e9madoc","author":"Lyonel Kaufmann","date":"12 mars 2013","format":false,"excerpt":"Cette note reprend les documents et films utilis\u00e9s pour le cours Histoire et cin\u00e9ma (Universit\u00e9 de Montr\u00e9al) du 13 mars 2013. L\u2019objectif principal de cette s\u00e9ance est de s\u2019interroger sur le statut et la fonction du conseiller historique \u00e0 partir d\u2019exemples de films portant sur le Moyen \u00c2ge. Les deux\u2026","rel":"","context":"Dans &quot;histoire&quot;","block_context":{"text":"histoire","link":"https:\/\/lyonelkaufmann.ch\/Blog\/category\/histoire-2\/"},"img":{"alt_text":"","src":"https:\/\/i0.wp.com\/lyonelkaufmann.ch\/Blog\/wp-content\/uploads\/2015\/03\/blogcafe1.jpg?fit=1024%2C683&ssl=1&resize=350%2C200","width":350,"height":200,"srcset":"https:\/\/i0.wp.com\/lyonelkaufmann.ch\/Blog\/wp-content\/uploads\/2015\/03\/blogcafe1.jpg?fit=1024%2C683&ssl=1&resize=350%2C200 1x, https:\/\/i0.wp.com\/lyonelkaufmann.ch\/Blog\/wp-content\/uploads\/2015\/03\/blogcafe1.jpg?fit=1024%2C683&ssl=1&resize=525%2C300 1.5x, https:\/\/i0.wp.com\/lyonelkaufmann.ch\/Blog\/wp-content\/uploads\/2015\/03\/blogcafe1.jpg?fit=1024%2C683&ssl=1&resize=700%2C400 2x"},"classes":[]},{"id":7552,"url":"https:\/\/lyonelkaufmann.ch\/Blog\/2013\/10\/03\/problematiser-mais-vraiment-en-classe-dhistoire-chronique-no-145\/","url_meta":{"origin":7705,"position":4},"title":"Probl\u00e9matiser, mais vraiment, en classe d&rsquo;histoire | Chronique no 145","author":"Lyonel Kaufmann","date":"3 octobre 2013","format":false,"excerpt":"La parution r\u00e9cente de \u00ab\u00a0Didactique et enseignement de l'histoire-g\u00e9ographie au coll\u00e8ge et au lyc\u00e9e\u00bb de Yannick M\u00e9vel et Nicole Tutiaux Guillon permet de faire le point sur la question de la probl\u00e9matisation et du probl\u00e8me en classe d'histoire.\u00a0 Pr\u00e9alablement, l'ouvrage de Yannick M\u00e9vel et Nicole Tutiaux-Guillon propose par chapitre d'aborder\u2026","rel":"","context":"Dans &quot;histoire&quot;","block_context":{"text":"histoire","link":"https:\/\/lyonelkaufmann.ch\/Blog\/category\/histoire-2\/"},"img":{"alt_text":"145_chronique","src":"https:\/\/i0.wp.com\/lyonelkaufmann.ch\/histoire\/wp-content\/uploads\/2013\/10\/145_chronique.jpg?resize=350%2C200","width":350,"height":200},"classes":[]},{"id":1712,"url":"https:\/\/lyonelkaufmann.ch\/Blog\/2009\/12\/16\/les-debats-du-parlement-suisse-disponibles-en-ligne-fragments-actuels\/","url_meta":{"origin":7705,"position":5},"title":"Les d\u00e9bats du Parlement suisse disponibles en ligne | Fragments actuels","author":"Lyonel Kaufmann","date":"16 d\u00e9cembre 2009","format":false,"excerpt":"Tous les d\u00e9bats du Conseil national et du Conseil des Etats depuis 1971 sont d\u00e9sormais disponibles en ligne. Les Services du Parlement et les Archives f\u00e9d\u00e9rales suisses ont proc\u00e9d\u00e9 \u00e0 la num\u00e9risation du Bulletin officiel de l\u2019Assembl\u00e9e f\u00e9d\u00e9rale de 1971 \u00e0 1995 et le publient aujourd\u2019hui sur www.amtsdruckschriften.bar.admin.ch. On y\u2026","rel":"","context":"Dans &quot;histoire&quot;","block_context":{"text":"histoire","link":"https:\/\/lyonelkaufmann.ch\/Blog\/category\/histoire-2\/"},"img":{"alt_text":"","src":"https:\/\/i0.wp.com\/lyonelkaufmann.ch\/Blog\/wp-content\/uploads\/2015\/03\/blogcafe1.jpg?fit=1024%2C683&ssl=1&resize=350%2C200","width":350,"height":200,"srcset":"https:\/\/i0.wp.com\/lyonelkaufmann.ch\/Blog\/wp-content\/uploads\/2015\/03\/blogcafe1.jpg?fit=1024%2C683&ssl=1&resize=350%2C200 1x, https:\/\/i0.wp.com\/lyonelkaufmann.ch\/Blog\/wp-content\/uploads\/2015\/03\/blogcafe1.jpg?fit=1024%2C683&ssl=1&resize=525%2C300 1.5x, https:\/\/i0.wp.com\/lyonelkaufmann.ch\/Blog\/wp-content\/uploads\/2015\/03\/blogcafe1.jpg?fit=1024%2C683&ssl=1&resize=700%2C400 2x"},"classes":[]}],"jetpack_likes_enabled":true,"_links":{"self":[{"href":"https:\/\/lyonelkaufmann.ch\/Blog\/wp-json\/wp\/v2\/posts\/7705","targetHints":{"allow":["GET"]}}],"collection":[{"href":"https:\/\/lyonelkaufmann.ch\/Blog\/wp-json\/wp\/v2\/posts"}],"about":[{"href":"https:\/\/lyonelkaufmann.ch\/Blog\/wp-json\/wp\/v2\/types\/post"}],"author":[{"embeddable":true,"href":"https:\/\/lyonelkaufmann.ch\/Blog\/wp-json\/wp\/v2\/users\/1"}],"replies":[{"embeddable":true,"href":"https:\/\/lyonelkaufmann.ch\/Blog\/wp-json\/wp\/v2\/comments?post=7705"}],"version-history":[{"count":0,"href":"https:\/\/lyonelkaufmann.ch\/Blog\/wp-json\/wp\/v2\/posts\/7705\/revisions"}],"wp:featuredmedia":[{"embeddable":true,"href":"https:\/\/lyonelkaufmann.ch\/Blog\/wp-json\/wp\/v2\/media\/14680"}],"wp:attachment":[{"href":"https:\/\/lyonelkaufmann.ch\/Blog\/wp-json\/wp\/v2\/media?parent=7705"}],"wp:term":[{"taxonomy":"category","embeddable":true,"href":"https:\/\/lyonelkaufmann.ch\/Blog\/wp-json\/wp\/v2\/categories?post=7705"},{"taxonomy":"post_tag","embeddable":true,"href":"https:\/\/lyonelkaufmann.ch\/Blog\/wp-json\/wp\/v2\/tags?post=7705"}],"curies":[{"name":"wp","href":"https:\/\/api.w.org\/{rel}","templated":true}]}}