{"id":7708,"date":"2006-05-28T07:01:52","date_gmt":"2006-05-28T06:01:52","guid":{"rendered":"http:\/\/lyonelkaufmann.ch\/histoire\/?p=151"},"modified":"2006-05-28T07:01:52","modified_gmt":"2006-05-28T06:01:52","slug":"le-fascisme-francais-a-t-il-existe","status":"publish","type":"post","link":"https:\/\/lyonelkaufmann.ch\/Blog\/2006\/05\/28\/le-fascisme-francais-a-t-il-existe\/","title":{"rendered":"Le fascisme fran\u00e7ais a-t-il exist\u00e9 ?"},"content":{"rendered":"<div><strong><a href=\"http:\/\/passouline.blog.lemonde.fr\/livres\/2006\/05\/le_fascisme_fra.html\">La R\u00e9publique des livres<\/a><\/strong> de Pierre Assouline offre un compte-rendu int\u00e9ressant d&rsquo;un article de Michel Winock dans la revue <strong><a href=\"http:\/\/www.persee.fr\/listIssues.do?key=xxs\">Vingti\u00e8me si\u00e8cle<\/a><\/strong><strong> <\/strong>(No 90, avril-juin 2006, 18,50 euros, Presses de Science Po). L&rsquo;article de Winock est consacr\u00e9 au colonel Fran\u00e7ois de La Rocque, chef charismatique des Croix-de-Feu, ligue d&rsquo;anciens combattants devenue \u00e0 partir de juillet 1936 le Parti Social Fran\u00e7ais (PSF).<\/div>\n<p>Extrait :<\/p>\n<blockquote><p><em>Fran\u00e7ois de La Rocque \u00e9tait un nationaliste, catholique social, partisan d&rsquo;un r\u00e9gime conservateur, autoritaire et r\u00e9publicain. Il \u00e9tait anticommuniste, antima\u00e7on, antiparlementaire au sens o\u00f9 il voulait non supprimer les Chambres mais att\u00e9nuer le pouvoir du l\u00e9gislatif par rapport \u00e0 celui de l&rsquo;ex\u00e9cutif. Nul projet expansionniste dans le programme de son parti, nulle dimension r\u00e9volutionnaire dans son mouvement, nulle volont\u00e9 de cr\u00e9er un homme nouveau, comme ce fut le cas alors des r\u00e9gimes totalitaires, et du c\u00f4t\u00e9 de Jacques Doriot et de son PPF. La Rocque n&rsquo;en a pas moins durablement incarn\u00e9 un mythique \u201cfascisme \u00e0 la fran\u00e7aise\u201d en raison de l&rsquo;effet de puissance des Croix-de-Feu et du PSF, comme le montre bien Michel Winock dans son article, en insistant sur ses influences : outre le catholicisme social, un vieux fond bonapartiste alli\u00e9 \u00e0 \u00e0 un jacobinisme \u00e0 la Clemenceau.<\/em><\/p><\/blockquote>\n<p>Conclusion de Pierre Assouline :<\/p>\n<blockquote><p><em>Michel Winock conclue que \u201cle fascisme fran\u00e7ais n&rsquo;a pas exist\u00e9\u201d (le cas de Vichy est \u00e0 part puisqu&rsquo;il n&rsquo;a \u00e9t\u00e9 possible que sous une occupation \u00e9trang\u00e8re) et que les Croix-de-Feu et le PSF ne pouvaient \u00eatre assimil\u00e9s \u00e0 un parti fasciste \u201csi ce n&rsquo;est au prix d&rsquo;un d\u00e9faut de rigueur s\u00e9mantique\u201d. Une mise au point rigoureuse et argument\u00e9e dont on peut pr\u00e9dire qu&rsquo;elle ne va pas clore le d\u00e9bat mais, au contraire, probablement le relancer chez certains historiens.<\/em><\/p><\/blockquote>\n<p>Ce qui ne manque pas de relancer le d\u00e9bat d\u00e8s le premier commentaire du billet d&rsquo;Assouline :<\/p>\n<blockquote><p><em>Comme \u00e0 son habitude, Michel Winock cherche \u00e0 disculper la France et \u00e0 promouvoir une version aseptis\u00e9e des \u00e9v\u00e9nements des ann\u00e9es 1930. Fort heureusement, le point de vue orthodoxe de l&rsquo;\u00e9cole historique fran\u00e7aise (Ren\u00e9 R\u00e9mond, Michel Winock et Cie) a \u00e9t\u00e9 contredit, preuves solides \u00e0 l&rsquo;appui, par quelques courageux historiens \u00e9trangers comme Robert Paxton ou Zeev Sternhell, qui ont d\u00e9montr\u00e9 que ce que Girardet appelait pudiquement \u201cl&rsquo;impr\u00e9gnation fasciste\u201d \u00e9tant un authentique fascisme fran\u00e7ais. Il aurait suffi de peu pour que le 6 f\u00e9vrier 1934, la France bascule dans le camp du fascisme. La \u201cR\u00e9volution Nationale\u201d de 1940 n&rsquo;est donc pas due uniquement \u00e0 l&rsquo;occupation allemande, mais \u00e0 un \u00e9tat d&rsquo;esprit propre \u00e0 la droite fran\u00e7aise, qui a devanc\u00e9 les d\u00e9sirs de l&rsquo;occupant et ne s&rsquo;est pas content\u00e9e de suivre.<br \/>\nIl est temps que les historiens fran\u00e7ais aient le courage de regarder en face les pages sombres de l&rsquo;histoire plut\u00f4t que de constamment c\u00e9der au chauvinisme, tant\u00f4t en pr\u00e9tendant qu&rsquo;il n&rsquo;y a pas eud e fascisme fran\u00e7ais et tant\u00f4t en minimisant les crimes de Napol\u00e9on ou ceux de la colonisation.<br \/>\nR\u00e9dig\u00e9 par: nopasaran | 27 mai 06 18:42:49<\/em><\/p><\/blockquote>\n<p>A vous de voir !<\/p>\n<p><!-- technorati tags start --><\/p>\n<p style=\"text-align:right;font-size:10px;\">Technorati Tags: <a href=\"http:\/\/www.technorati.com\/tag\/Croix-de-Feu\" rel=\"tag\">Croix-de-Feu<\/a>, <a href=\"http:\/\/www.technorati.com\/tag\/Entre-deux-Guerres\" rel=\"tag\">Entre-deux-Guerres<\/a>, <a href=\"http:\/\/www.technorati.com\/tag\/fascisme\" rel=\"tag\">fascisme<\/a>, <a href=\"http:\/\/www.technorati.com\/tag\/France\" rel=\"tag\">France<\/a>, <a href=\"http:\/\/www.technorati.com\/tag\/LaRocque\" rel=\"tag\">LaRocque<\/a><\/p>\n<p><!-- technorati tags end --><\/p>\n","protected":false},"excerpt":{"rendered":"<p>La R\u00e9publique des livres de Pierre Assouline offre un compte-rendu int\u00e9ressant d&rsquo;un article de Michel Winock dans la revue Vingti\u00e8me si\u00e8cle (No 90, avril-juin 2006, 18,50 euros, Presses de Science Po). L&rsquo;article de Winock est consacr\u00e9 au colonel Fran\u00e7ois de La Rocque, chef charismatique des Croix-de-Feu, ligue d&rsquo;anciens combattants devenue \u00e0 partir de juillet 1936 [&hellip;]<\/p>\n","protected":false},"author":1,"featured_media":14680,"comment_status":"open","ping_status":"open","sticky":false,"template":"","format":"standard","meta":{"_import_markdown_pro_load_document_selector":0,"_import_markdown_pro_submit_text_textarea":"","_genesis_hide_title":false,"_genesis_hide_breadcrumbs":false,"_genesis_hide_singular_image":false,"_genesis_hide_footer_widgets":false,"_genesis_custom_body_class":"","_genesis_custom_post_class":"","_genesis_layout":"","jetpack_post_was_ever_published":false,"_jetpack_newsletter_access":"","_jetpack_dont_email_post_to_subs":false,"_jetpack_newsletter_tier_id":0,"_jetpack_memberships_contains_paywalled_content":false,"_jetpack_memberships_contains_paid_content":false,"activitypub_content_warning":"","activitypub_content_visibility":"","activitypub_max_image_attachments":3,"activitypub_interaction_policy_quote":"anyone","activitypub_status":"","footnotes":"","jetpack_publicize_message":"","jetpack_publicize_feature_enabled":true,"jetpack_social_post_already_shared":true,"jetpack_social_options":{"image_generator_settings":{"template":"fullscreen","default_image_id":0,"font":"","enabled":false},"version":2}},"categories":[2],"tags":[],"class_list":{"0":"post-7708","1":"post","2":"type-post","3":"status-publish","4":"format-standard","5":"has-post-thumbnail","7":"category-histoire-2","8":"entry"},"jetpack_publicize_connections":[],"featured_image_src":"https:\/\/i0.wp.com\/lyonelkaufmann.ch\/Blog\/wp-content\/uploads\/2015\/03\/blogcafe1.jpg?resize=600%2C400&ssl=1","featured_image_src_square":"https:\/\/i0.wp.com\/lyonelkaufmann.ch\/Blog\/wp-content\/uploads\/2015\/03\/blogcafe1.jpg?resize=600%2C600&ssl=1","author_info":{"display_name":"Lyonel Kaufmann","author_link":"https:\/\/lyonelkaufmann.ch\/Blog\/author\/lyonelk\/"},"jetpack_featured_media_url":"https:\/\/i0.wp.com\/lyonelkaufmann.ch\/Blog\/wp-content\/uploads\/2015\/03\/blogcafe1.jpg?fit=1024%2C683&ssl=1","jetpack_sharing_enabled":true,"jetpack_shortlink":"https:\/\/wp.me\/p1qtF4-20k","jetpack-related-posts":[{"id":1442,"url":"https:\/\/lyonelkaufmann.ch\/Blog\/2009\/08\/03\/lectures-dete-preparer-sa-rentree-2\/","url_meta":{"origin":7708,"position":0},"title":"Lectures d&rsquo;\u00e9t\u00e9: Pr\u00e9parer sa rentr\u00e9e (2)","author":"Lyonel Kaufmann","date":"3 ao\u00fbt 2009","format":false,"excerpt":"Quand l'\u00e9t\u00e9 vient c'est le temps tout \u00e0 la fois de lire des romans policiers et de pr\u00e9parer sa rentr\u00e9e \u00e0 l'aide de lectures stimulantes. Voici les miennes p\u00each\u00e9es sur la to\u00eele. Comment les m\u00e9dias sociaux stimulent ma m\u00e9moire R\u00e9flexions de Fran\u00e7ois Guit\u00e9 sur l'impact des m\u00e9dias sociaux sur son\u2026","rel":"","context":"Dans &quot;histoire&quot;","block_context":{"text":"histoire","link":"https:\/\/lyonelkaufmann.ch\/Blog\/category\/histoire-2\/"},"img":{"alt_text":"","src":"https:\/\/i0.wp.com\/lyonelkaufmann.ch\/Blog\/wp-content\/uploads\/2015\/03\/memorisationmediassociauxs.jpg?fit=550%2C352&ssl=1&resize=350%2C200","width":350,"height":200,"srcset":"https:\/\/i0.wp.com\/lyonelkaufmann.ch\/Blog\/wp-content\/uploads\/2015\/03\/memorisationmediassociauxs.jpg?fit=550%2C352&ssl=1&resize=350%2C200 1x, https:\/\/i0.wp.com\/lyonelkaufmann.ch\/Blog\/wp-content\/uploads\/2015\/03\/memorisationmediassociauxs.jpg?fit=550%2C352&ssl=1&resize=525%2C300 1.5x"},"classes":[]},{"id":17954,"url":"https:\/\/lyonelkaufmann.ch\/Blog\/2017\/01\/18\/chambre-federale-cesla-amarelle-mene-le-bal-sur-leurope-la-liberte-16012016\/","url_meta":{"origin":7708,"position":1},"title":"Chambres f\u00e9d\u00e9rales : Cesla Amarelle m\u00e8ne le bal sur l&rsquo;Europe | La Libert\u00e9 (16.01.2016)","author":"Lyonel Kaufmann","date":"18 janvier 2017","format":false,"excerpt":"Deux jours apr\u00e8s la d\u00e9signation de Cesla Amarelle par le Parti socialiste vaudois, le journal La Libert\u00e9, dans son \u00e9dition de ce lundi,consacr\u00e9 un article \u00e0 la premi\u00e8re ann\u00e9e de l\u00e9gislature des Chambres f\u00e9d\u00e9rales et s'interroge sur le glissement \u00e0 droite du Parlement. Parmi les parlementaires f\u00e9d\u00e9raux d\u00e9terminants dans la\u2026","rel":"","context":"Dans &quot;politis&quot;","block_context":{"text":"politis","link":"https:\/\/lyonelkaufmann.ch\/Blog\/category\/politis\/"},"img":{"alt_text":"","src":"","width":0,"height":0},"classes":[]},{"id":1119,"url":"https:\/\/lyonelkaufmann.ch\/Blog\/2009\/02\/28\/reformer-le-pupitre-francois-guite\/","url_meta":{"origin":7708,"position":2},"title":"R\u00e9former le pupitre |\u00a0Fran\u00e7ois Guit\u00e9","author":"Lyonel Kaufmann","date":"28 f\u00e9vrier 2009","format":false,"excerpt":"Voici une r\u00e9flexion int\u00e9ressant de Fran\u00e7ois Guit\u00e9 sur son blog Relief \u00bb R\u00e9former le pupitre: \"Pendant que le mobilier domiciliaire et industriel progresse \u00e0 la vitesse du g\u00e9nie et du design, le pupitre de l\u2019\u00e9l\u00e8ve \u00e9volue au rythme des bancs d\u2019\u00e9glise, c\u2019est-\u00e0-dire au train de l\u2019\u00e9rosion.\" Cette r\u00e9flexion nous rappelle\u2026","rel":"","context":"Dans &quot;histoire&quot;","block_context":{"text":"histoire","link":"https:\/\/lyonelkaufmann.ch\/Blog\/category\/histoire-2\/"},"img":{"alt_text":"","src":"https:\/\/i0.wp.com\/lyonelkaufmann.ch\/Blog\/wp-content\/uploads\/2015\/03\/061.jpg?fit=480%2C360&ssl=1&resize=350%2C200","width":350,"height":200},"classes":[]},{"id":4213,"url":"https:\/\/lyonelkaufmann.ch\/Blog\/2010\/11\/16\/de-lhyperpresidence-a-lhypercandidature-2012-par-francois-bonnet\/","url_meta":{"origin":7708,"position":3},"title":"De l\u2019hyperpr\u00e9sidence \u00e0 l\u2019hypercandidature 2012 (par Fran\u00e7ois Bonnet)","author":"Lyonel Kaufmann","date":"16 novembre 2010","format":"aside","excerpt":"via Mediapart - Les derniers articles Il a \u00e9t\u00e9 abondamment dit, et trop vite dit, que ce vrai-faux remaniement \u00e9tait un signe de faiblesse du pr\u00e9sident de la R\u00e9publique. Et si c'\u00e9tait tout le contraire? ... Read More >>","rel":"","context":"Dans &quot;L'Expresso&quot;","block_context":{"text":"L'Expresso","link":"https:\/\/lyonelkaufmann.ch\/Blog\/category\/breves\/"},"img":{"alt_text":"","src":"","width":0,"height":0},"classes":[]},{"id":27429,"url":"https:\/\/lyonelkaufmann.ch\/Blog\/2025\/09\/09\/le-suicide-politique-de-francois-bayrou-est-le-produit-dun-regime-politique-a-bout-de-souffle\/","url_meta":{"origin":7708,"position":4},"title":"\u00ab Le suicide politique de Fran\u00e7ois Bayrou est le produit d\u2019un r\u00e9gime politique \u00e0 bout de souffle \u00bb","author":"Lyonel Kaufmann","date":"9 septembre 2025","format":false,"excerpt":"En refusant de s\u2019engager depuis sa nomination dans une n\u00e9gociation ayant pu d\u00e9boucher sur une esp\u00e8ce de contrat de gouvernement, notamment avec le Parti socialiste, Fran\u00e7ois Bayrou s\u2019est priv\u00e9 de toute possibilit\u00e9 de survie politique. C\u2019est l\u00e0 un paradoxe pour ce d\u00e9mocrate-chr\u00e9tien qui, tout au long de sa carri\u00e8re politique,\u2026","rel":"","context":"Dans &quot;Blogcaf\u00e9&quot;","block_context":{"text":"Blogcaf\u00e9","link":"https:\/\/lyonelkaufmann.ch\/Blog\/category\/blogcafe-2\/"},"img":{"alt_text":"","src":"","width":0,"height":0},"classes":[]},{"id":3221,"url":"https:\/\/lyonelkaufmann.ch\/Blog\/2010\/09\/16\/sommes-nous-des-influenceurs-la-longue-traine-ma-rattrape\/","url_meta":{"origin":7708,"position":5},"title":"Sommes-nous des influenceurs? : La longue traine m\u2019a rattrap\u00e9!","author":"Lyonel Kaufmann","date":"16 septembre 2010","format":false,"excerpt":"Ou quand une s\u00e9rie d'articles datant de l'\u00e9t\u00e9 2007 confirme la th\u00e9orie de la longue tra\u00eene de Chris Anderson, fournit un aper\u00e7u du travail journalistique en 2010 et apporte un \u00e9clairage sur la notori\u00e9t\u00e9 \u00e0 l'\u00e8re des reseaux sociaux. En juillet-ao\u00fbt 2007, je r\u00e9digeais une s\u00e9rie de quatre articles consacr\u00e9s\u2026","rel":"","context":"Dans &quot;histoire&quot;","block_context":{"text":"histoire","link":"https:\/\/lyonelkaufmann.ch\/Blog\/category\/histoire-2\/"},"img":{"alt_text":"","src":"https:\/\/i0.wp.com\/lyonelkaufmann.ch\/Blog\/wp-content\/uploads\/2015\/03\/blogcafe1.jpg?fit=1024%2C683&ssl=1&resize=350%2C200","width":350,"height":200,"srcset":"https:\/\/i0.wp.com\/lyonelkaufmann.ch\/Blog\/wp-content\/uploads\/2015\/03\/blogcafe1.jpg?fit=1024%2C683&ssl=1&resize=350%2C200 1x, https:\/\/i0.wp.com\/lyonelkaufmann.ch\/Blog\/wp-content\/uploads\/2015\/03\/blogcafe1.jpg?fit=1024%2C683&ssl=1&resize=525%2C300 1.5x, https:\/\/i0.wp.com\/lyonelkaufmann.ch\/Blog\/wp-content\/uploads\/2015\/03\/blogcafe1.jpg?fit=1024%2C683&ssl=1&resize=700%2C400 2x"},"classes":[]}],"jetpack_likes_enabled":true,"_links":{"self":[{"href":"https:\/\/lyonelkaufmann.ch\/Blog\/wp-json\/wp\/v2\/posts\/7708","targetHints":{"allow":["GET"]}}],"collection":[{"href":"https:\/\/lyonelkaufmann.ch\/Blog\/wp-json\/wp\/v2\/posts"}],"about":[{"href":"https:\/\/lyonelkaufmann.ch\/Blog\/wp-json\/wp\/v2\/types\/post"}],"author":[{"embeddable":true,"href":"https:\/\/lyonelkaufmann.ch\/Blog\/wp-json\/wp\/v2\/users\/1"}],"replies":[{"embeddable":true,"href":"https:\/\/lyonelkaufmann.ch\/Blog\/wp-json\/wp\/v2\/comments?post=7708"}],"version-history":[{"count":0,"href":"https:\/\/lyonelkaufmann.ch\/Blog\/wp-json\/wp\/v2\/posts\/7708\/revisions"}],"wp:featuredmedia":[{"embeddable":true,"href":"https:\/\/lyonelkaufmann.ch\/Blog\/wp-json\/wp\/v2\/media\/14680"}],"wp:attachment":[{"href":"https:\/\/lyonelkaufmann.ch\/Blog\/wp-json\/wp\/v2\/media?parent=7708"}],"wp:term":[{"taxonomy":"category","embeddable":true,"href":"https:\/\/lyonelkaufmann.ch\/Blog\/wp-json\/wp\/v2\/categories?post=7708"},{"taxonomy":"post_tag","embeddable":true,"href":"https:\/\/lyonelkaufmann.ch\/Blog\/wp-json\/wp\/v2\/tags?post=7708"}],"curies":[{"name":"wp","href":"https:\/\/api.w.org\/{rel}","templated":true}]}}