{"id":7713,"date":"2006-06-25T22:53:54","date_gmt":"2006-06-25T21:53:54","guid":{"rendered":"http:\/\/lyonelkaufmann.ch\/histoire\/?p=157"},"modified":"2006-06-25T22:53:54","modified_gmt":"2006-06-25T21:53:54","slug":"plus-question-de-critiquer-lhistoire-officielle-en-floride","status":"publish","type":"post","link":"https:\/\/lyonelkaufmann.ch\/Blog\/2006\/06\/25\/plus-question-de-critiquer-lhistoire-officielle-en-floride\/","title":{"rendered":"Plus question de critiquer l&rsquo;histoire officielle en Floride"},"content":{"rendered":"<p><span style=\"font-family:Arial;\">Extrait du <\/span><span style=\"font-family:Arial;\"><strong>Los Angeles Times<\/strong><\/span><span style=\"font-family:Arial;\">, traduit par le <\/span><span style=\"font-family:Arial;\"><strong>Courrier International :<br \/>\n<\/strong><\/span><span style=\"font-family:Arial;\"><br \/>\n<\/span><span style=\"font-family:Arial;\"><em>\u00a0\u00bb Les professeurs devront enseigner l&rsquo;histoire authentique des Etats-Unis et ne devront pas suivre les th\u00e9ories r\u00e9visionnistes ou postmodernistes sur la relativit\u00e9 de la v\u00e9rit\u00e9 historique \u00ab\u00a0<\/em><\/span><span style=\"font-family:Arial;\">, affirme la loi sur l&rsquo;\u00e9ducation de l&rsquo;Etat de Floride que vient de signer le gouverneur Jeb Bush.<\/span><span style=\"font-family:Arial;\"><em> \u00a0\u00bb L&rsquo;histoire am\u00e9ricaine devra \u00eatre consid\u00e9r\u00e9e comme factuelle, et non comme une construction \u00ab\u00a0<\/em><\/span><span style=\"font-family:Arial;\">.<\/p>\n<p>Mais, ironiquement, cette loi de la Floride est elle-m\u00eame r\u00e9visionniste.<br \/>\nLoin d&rsquo;\u00eatre une invention des hippies des ann\u00e9es 1960, le concept d&rsquo;interpr\u00e9tation a \u00e9t\u00e9 au centre des pr\u00e9occupations des historiens d\u00e8s les ann\u00e9es 1920. Certes, auparavant, certains d&rsquo;entre eux croyaient pouvoir rendre compte du pass\u00e9 de fa\u00e7on strictement factuelle et objective. Mais, pendant l&rsquo;entre-deux-guerres, la plupart d&rsquo;entre eux avaient renonc\u00e9 \u00e0 ce que l&rsquo;historien Charles Beard appelait un<\/span><span style=\"font-family:Arial;\"><em> \u00ab\u00a0noble r\u00eave\u00a0\u00bb<\/em><\/span><span style=\"font-family:Arial;\">, les universitaires ayant pris conscience que le choix des faits \u00e9tait en lui-m\u00eame un acte d&rsquo;interpr\u00e9tation \u00ab\u00a0.<\/p>\n<p><\/span><strong>Source : <\/strong><span style=\"font-family:Arial;\"><strong><a href=\"http:\/\/clioweb.free.fr\/presse\/floride.doc\">http:\/\/clioweb.free.fr\/presse\/floride.doc<\/a><\/strong><\/span><span style=\"font-family:Arial;\"><strong> <\/strong><\/span><span style=\"font-family:Arial;\">(mise en ligne provisoire)<\/span><\/p>\n","protected":false},"excerpt":{"rendered":"<p>Extrait du Los Angeles Times, traduit par le Courrier International : \u00a0\u00bb Les professeurs devront enseigner l&rsquo;histoire authentique des Etats-Unis et ne devront pas suivre les th\u00e9ories r\u00e9visionnistes ou postmodernistes sur la relativit\u00e9 de la v\u00e9rit\u00e9 historique \u00ab\u00a0, affirme la loi sur l&rsquo;\u00e9ducation de l&rsquo;Etat de Floride que vient de signer le gouverneur Jeb Bush. [&hellip;]<\/p>\n","protected":false},"author":1,"featured_media":14680,"comment_status":"open","ping_status":"open","sticky":false,"template":"","format":"standard","meta":{"_import_markdown_pro_load_document_selector":0,"_import_markdown_pro_submit_text_textarea":"","_genesis_hide_title":false,"_genesis_hide_breadcrumbs":false,"_genesis_hide_singular_image":false,"_genesis_hide_footer_widgets":false,"_genesis_custom_body_class":"","_genesis_custom_post_class":"","_genesis_layout":"","jetpack_post_was_ever_published":false,"_jetpack_newsletter_access":"","_jetpack_dont_email_post_to_subs":false,"_jetpack_newsletter_tier_id":0,"_jetpack_memberships_contains_paywalled_content":false,"_jetpack_memberships_contains_paid_content":false,"activitypub_content_warning":"","activitypub_content_visibility":"","activitypub_max_image_attachments":3,"activitypub_interaction_policy_quote":"anyone","activitypub_status":"","footnotes":"","jetpack_publicize_message":"","jetpack_publicize_feature_enabled":true,"jetpack_social_post_already_shared":true,"jetpack_social_options":{"image_generator_settings":{"template":"fullscreen","default_image_id":0,"font":"","enabled":false},"version":2}},"categories":[2],"tags":[],"class_list":{"0":"post-7713","1":"post","2":"type-post","3":"status-publish","4":"format-standard","5":"has-post-thumbnail","7":"category-histoire-2","8":"entry"},"jetpack_publicize_connections":[],"featured_image_src":"https:\/\/i0.wp.com\/lyonelkaufmann.ch\/Blog\/wp-content\/uploads\/2015\/03\/blogcafe1.jpg?resize=600%2C400&ssl=1","featured_image_src_square":"https:\/\/i0.wp.com\/lyonelkaufmann.ch\/Blog\/wp-content\/uploads\/2015\/03\/blogcafe1.jpg?resize=600%2C600&ssl=1","author_info":{"display_name":"Lyonel Kaufmann","author_link":"https:\/\/lyonelkaufmann.ch\/Blog\/author\/lyonelk\/"},"jetpack_featured_media_url":"https:\/\/i0.wp.com\/lyonelkaufmann.ch\/Blog\/wp-content\/uploads\/2015\/03\/blogcafe1.jpg?fit=1024%2C683&ssl=1","jetpack_sharing_enabled":true,"jetpack_shortlink":"https:\/\/wp.me\/p1qtF4-20p","jetpack-related-posts":[{"id":2824,"url":"https:\/\/lyonelkaufmann.ch\/Blog\/2010\/05\/09\/quelle-place-pour-le-xxe-siecle-a-lecole-du-per-plan-detudes-romand\/","url_meta":{"origin":7713,"position":0},"title":"Quelle place pour le XXe si\u00e8cle \u00e0 l&rsquo;\u00e9cole du PER (Plan d&rsquo;\u00e9tudes romand) ?","author":"Lyonel Kaufmann","date":"9 mai 2010","format":false,"excerpt":"Vendredi matin (7 mai 2010), le Grand conseil valaisan a accept\u00e9 un postulat du d\u00e9put\u00e9 lib\u00e9ral-radical Philippe Nantermod, d\u00e9pos\u00e9 le 10 septembre 2009 et visant\u00a0\u00e0 modifier le contenu des cours d\u2019Histoire dispens\u00e9s aux \u00e9coliers valaisans\u2026 et romands. Le texte du postulat d\u00e9pos\u00e9 \u00e9tait le suivant: Plusieurs affaires r\u00e9centes en Valais\u2026","rel":"","context":"Dans &quot;histoire&quot;","block_context":{"text":"histoire","link":"https:\/\/lyonelkaufmann.ch\/Blog\/category\/histoire-2\/"},"img":{"alt_text":"","src":"https:\/\/i0.wp.com\/lyonelkaufmann.ch\/Blog\/wp-content\/uploads\/2015\/03\/blogcafe1.jpg?fit=1024%2C683&ssl=1&resize=350%2C200","width":350,"height":200,"srcset":"https:\/\/i0.wp.com\/lyonelkaufmann.ch\/Blog\/wp-content\/uploads\/2015\/03\/blogcafe1.jpg?fit=1024%2C683&ssl=1&resize=350%2C200 1x, https:\/\/i0.wp.com\/lyonelkaufmann.ch\/Blog\/wp-content\/uploads\/2015\/03\/blogcafe1.jpg?fit=1024%2C683&ssl=1&resize=525%2C300 1.5x, https:\/\/i0.wp.com\/lyonelkaufmann.ch\/Blog\/wp-content\/uploads\/2015\/03\/blogcafe1.jpg?fit=1024%2C683&ssl=1&resize=700%2C400 2x"},"classes":[]},{"id":1245,"url":"https:\/\/lyonelkaufmann.ch\/Blog\/2009\/03\/26\/twitter-ou-wikipedia-et-moins-dhistoire-enseignee-tribune-de-geneve\/","url_meta":{"origin":7713,"position":1},"title":"Twitter ou Wikipedia et moins d&rsquo;histoire enseign\u00e9e? |\u00a0Tribune de Gen\u00e8ve","author":"Lyonel Kaufmann","date":"26 mars 2009","format":false,"excerpt":"Les \u00e9l\u00e8ves des \u00e9coles primaires britanniques pourraient bient\u00f4t \u00eatre dispens\u00e9s de certains cours d\u2019histoire mais devront ma\u00eetriser l\u2019internet et l\u2019utilisation de sites comme Twitter ou Wikipedia! L'article complet:\u00a0Twitter ou Wikipedia bient\u00f4t au cursus des \u00e9coles primaires britanniques | Tribune de Gen\u00e8ve Aller \u00e0 la source","rel":"","context":"Dans &quot;histoire&quot;","block_context":{"text":"histoire","link":"https:\/\/lyonelkaufmann.ch\/Blog\/category\/histoire-2\/"},"img":{"alt_text":"","src":"https:\/\/i0.wp.com\/lyonelkaufmann.ch\/Blog\/wp-content\/uploads\/2015\/03\/blogcafe1.jpg?fit=1024%2C683&ssl=1&resize=350%2C200","width":350,"height":200,"srcset":"https:\/\/i0.wp.com\/lyonelkaufmann.ch\/Blog\/wp-content\/uploads\/2015\/03\/blogcafe1.jpg?fit=1024%2C683&ssl=1&resize=350%2C200 1x, https:\/\/i0.wp.com\/lyonelkaufmann.ch\/Blog\/wp-content\/uploads\/2015\/03\/blogcafe1.jpg?fit=1024%2C683&ssl=1&resize=525%2C300 1.5x, https:\/\/i0.wp.com\/lyonelkaufmann.ch\/Blog\/wp-content\/uploads\/2015\/03\/blogcafe1.jpg?fit=1024%2C683&ssl=1&resize=700%2C400 2x"},"classes":[]},{"id":5375,"url":"https:\/\/lyonelkaufmann.ch\/Blog\/2012\/01\/15\/revue-de-presse-revue-de-murs-lannee-2011-de-gaia-petit-genie-du-street-art-rue89\/","url_meta":{"origin":7713,"position":2},"title":"Revue de presse : Revue de murs\u00a0: l&rsquo;ann\u00e9e 2011 de Gaia, petit g\u00e9nie du street art | Rue89","author":"Lyonel Kaufmann","date":"15 janvier 2012","format":false,"excerpt":"Gaia - Henry Flagler Au fil de ses \u00e9ditions, la grande foire d'art contemporain Miami Art Basel est devenue un grand rendez-vous du street art. Gaia \u00e9tait le plus jeune artiste invit\u00e9. En peignant un portrait d'Henry Flagler, magnat de la Standard Oil, qui a contribu\u00e9 \u00e0 b\u00e2tir la fortune\u2026","rel":"","context":"Dans &quot;L'Expresso&quot;","block_context":{"text":"L'Expresso","link":"https:\/\/lyonelkaufmann.ch\/Blog\/category\/breves\/"},"img":{"alt_text":"","src":"https:\/\/i0.wp.com\/lyonelkaufmann.ch\/Blog\/wp-content\/uploads\/2015\/03\/ozartsetc_here-comes-the-neighborhood_gaia_video_0-e1322254215496.png?fit=480%2C300&ssl=1&resize=350%2C200","width":350,"height":200},"classes":[]},{"id":3849,"url":"https:\/\/lyonelkaufmann.ch\/Blog\/2011\/07\/30\/des-difficultes-denseigner-le-conflit-israelo-arabe-en-france\/","url_meta":{"origin":7713,"position":3},"title":"Des difficult\u00e9s d&rsquo;enseigner le conflit isra\u00e9lo-arabe en France","author":"Lyonel Kaufmann","date":"30 juillet 2011","format":false,"excerpt":"Dans Rue89, l'historien\u00a0S\u00e9bastien Ledoux\u00a0et le sociologue\u00a0Samuel Ghiles Meilhac d\u00e9cryptent la censure effectu\u00e9e par les \u00e9ditions Hachette, sous la pression d'organisations juives, se rapportant \u00e0 une l\u00e9gende photographique dans son chapitre consacr\u00e9 \u00e0 \u00ab\u00a0L'ONU et la question palestinienne, 1947-1948\u00a0\u00bb. Il donc aura suffi d'un mot, d'une phrase pour qu'une\u00a0question d'histoire se\u2026","rel":"","context":"Dans &quot;histoire&quot;","block_context":{"text":"histoire","link":"https:\/\/lyonelkaufmann.ch\/Blog\/category\/histoire-2\/"},"img":{"alt_text":"","src":"https:\/\/i0.wp.com\/lyonelkaufmann.ch\/Blog\/wp-content\/uploads\/2015\/03\/palestine_israel_page1_full.jpg?fit=541%2C792&ssl=1&resize=350%2C200","width":350,"height":200,"srcset":"https:\/\/i0.wp.com\/lyonelkaufmann.ch\/Blog\/wp-content\/uploads\/2015\/03\/palestine_israel_page1_full.jpg?fit=541%2C792&ssl=1&resize=350%2C200 1x, https:\/\/i0.wp.com\/lyonelkaufmann.ch\/Blog\/wp-content\/uploads\/2015\/03\/palestine_israel_page1_full.jpg?fit=541%2C792&ssl=1&resize=525%2C300 1.5x"},"classes":[]},{"id":3871,"url":"https:\/\/lyonelkaufmann.ch\/Blog\/2011\/08\/03\/si-vous-etiez-enseignant-accepteriez-vous-detre-ami-facebook-avec-vos-eleves\/","url_meta":{"origin":7713,"position":4},"title":"Si vous \u00e9tiez enseignant, accepteriez-vous d&rsquo;\u00eatre ami Facebook avec vos \u00e9l\u00e8ves ?","author":"Lyonel Kaufmann","date":"3 ao\u00fbt 2011","format":false,"excerpt":"La RSR revient sur la d\u00e9cision de l'Etat du Missouri d'interdire les relations num\u00e9riques profs-\u00e9l\u00e8ves sur Facebook. L'occasion pour moi d'intervenir sur la question p\u00e9dagogique et de r\u00e9percuter les r\u00e9sultats d'un m\u00e9moire professionnel r\u00e9alis\u00e9 cette ann\u00e9e par une \u00e9tudiante de la HEP Vaud sur la question de l'utilisation de Facebook\u2026","rel":"","context":"Dans &quot;histoire&quot;","block_context":{"text":"histoire","link":"https:\/\/lyonelkaufmann.ch\/Blog\/category\/histoire-2\/"},"img":{"alt_text":"","src":"https:\/\/i0.wp.com\/lyonelkaufmann.ch\/Blog\/wp-content\/uploads\/2015\/03\/blogcafe1.jpg?fit=1024%2C683&ssl=1&resize=350%2C200","width":350,"height":200,"srcset":"https:\/\/i0.wp.com\/lyonelkaufmann.ch\/Blog\/wp-content\/uploads\/2015\/03\/blogcafe1.jpg?fit=1024%2C683&ssl=1&resize=350%2C200 1x, https:\/\/i0.wp.com\/lyonelkaufmann.ch\/Blog\/wp-content\/uploads\/2015\/03\/blogcafe1.jpg?fit=1024%2C683&ssl=1&resize=525%2C300 1.5x, https:\/\/i0.wp.com\/lyonelkaufmann.ch\/Blog\/wp-content\/uploads\/2015\/03\/blogcafe1.jpg?fit=1024%2C683&ssl=1&resize=700%2C400 2x"},"classes":[]},{"id":3328,"url":"https:\/\/lyonelkaufmann.ch\/Blog\/2010\/12\/08\/photographier-une-crise-economique-de-1929-a-2010\/","url_meta":{"origin":7713,"position":5},"title":"Photographier une crise \u00e9conomique de 1929 \u00e0 2010","author":"Lyonel Kaufmann","date":"8 d\u00e9cembre 2010","format":false,"excerpt":"La crise \u00e9conomique am\u00e9ricaine actuelle a conduit un groupe de photographes am\u00e9ricains (Facing Change) \u00e0\u00a0documenter celle-ci. Ce groupe reprend le flambeau des photographes engag\u00e9s par la Farm Security Administration sous Roosevelt. Une occasion de r\u00e9fl\u00e9chir et de s'interroger sur l'emploi de la photographie en temps de crise. Dorothea Lange est\u2026","rel":"","context":"Dans &quot;histoire&quot;","block_context":{"text":"histoire","link":"https:\/\/lyonelkaufmann.ch\/Blog\/category\/histoire-2\/"},"img":{"alt_text":"","src":"https:\/\/i0.wp.com\/lyonelkaufmann.ch\/Blog\/wp-content\/uploads\/2015\/03\/dorothea-lange-migrant-mother-ver1a1.jpg?fit=400%2C499&ssl=1&resize=350%2C200","width":350,"height":200},"classes":[]}],"jetpack_likes_enabled":true,"_links":{"self":[{"href":"https:\/\/lyonelkaufmann.ch\/Blog\/wp-json\/wp\/v2\/posts\/7713","targetHints":{"allow":["GET"]}}],"collection":[{"href":"https:\/\/lyonelkaufmann.ch\/Blog\/wp-json\/wp\/v2\/posts"}],"about":[{"href":"https:\/\/lyonelkaufmann.ch\/Blog\/wp-json\/wp\/v2\/types\/post"}],"author":[{"embeddable":true,"href":"https:\/\/lyonelkaufmann.ch\/Blog\/wp-json\/wp\/v2\/users\/1"}],"replies":[{"embeddable":true,"href":"https:\/\/lyonelkaufmann.ch\/Blog\/wp-json\/wp\/v2\/comments?post=7713"}],"version-history":[{"count":0,"href":"https:\/\/lyonelkaufmann.ch\/Blog\/wp-json\/wp\/v2\/posts\/7713\/revisions"}],"wp:featuredmedia":[{"embeddable":true,"href":"https:\/\/lyonelkaufmann.ch\/Blog\/wp-json\/wp\/v2\/media\/14680"}],"wp:attachment":[{"href":"https:\/\/lyonelkaufmann.ch\/Blog\/wp-json\/wp\/v2\/media?parent=7713"}],"wp:term":[{"taxonomy":"category","embeddable":true,"href":"https:\/\/lyonelkaufmann.ch\/Blog\/wp-json\/wp\/v2\/categories?post=7713"},{"taxonomy":"post_tag","embeddable":true,"href":"https:\/\/lyonelkaufmann.ch\/Blog\/wp-json\/wp\/v2\/tags?post=7713"}],"curies":[{"name":"wp","href":"https:\/\/api.w.org\/{rel}","templated":true}]}}