{"id":7717,"date":"2006-07-15T06:55:10","date_gmt":"2006-07-15T05:55:10","guid":{"rendered":"http:\/\/lyonelkaufmann.ch\/histoire\/?p=166"},"modified":"2006-07-15T06:55:10","modified_gmt":"2006-07-15T05:55:10","slug":"christophe-colomb-un-tyran-cruel","status":"publish","type":"post","link":"https:\/\/lyonelkaufmann.ch\/Blog\/2006\/07\/15\/christophe-colomb-un-tyran-cruel\/","title":{"rendered":"Christophe Colomb, un tyran cruel"},"content":{"rendered":"<p>Le journal <strong><a href=\"http:\/\/www.letemps.ch\">Le Temps<\/a><\/strong>, dans son \u00e9dition du 15 juillet 2006, rend compte d&rsquo;un texte d\u00e9couvert en 2005 dans les Archives de Simancas \u00e0 Valladolid. Ce document de 46 pages comporte 23 t\u00e9moignages qui ont contribu\u00e9 \u00e0 la disgr\u00e2ce de Colomb. Ce sont les plus importants sur la colonie de Saint-Domingue (premi\u00e8re colonie espagnole du Nouveau Mexique) apparus depuis 100 ans. Ils montrent la <em>\u00abface cach\u00e9e\u00bb<\/em> de Colomb.<br \/>\nPour l&rsquo;historienne Consuelo Varela, qui vient d\u2019en assurer la publication, Colomb <em>\u00abdirigeait la colonie de fa\u00e7on tyrannique\u00bb<\/em> et faisait preuve d\u2019une <em>\u00abgrande avidit\u00e9\u00bb<\/em>.<br \/>\n<!-- technorati tags start --><\/p>\n<p style=\"text-align:right;font-size:10px;\">Technorati Tags: <a href=\"http:\/\/www.technorati.com\/tag\/ChristopheColomb\" rel=\"tag\">ChristopheColomb<\/a>, <a href=\"http:\/\/www.technorati.com\/tag\/NouveauMexique\" rel=\"tag\">NouveauMexique<\/a>, <a href=\"http:\/\/www.technorati.com\/tag\/GrandesD\u00e9couvertes\" rel=\"tag\">GrandesD\u00e9couvertes<\/a><\/p>\n<p><!-- technorati tags end --><\/p>\n","protected":false},"excerpt":{"rendered":"<p>Le journal Le Temps, dans son \u00e9dition du 15 juillet 2006, rend compte d&rsquo;un texte d\u00e9couvert en 2005 dans les Archives de Simancas \u00e0 Valladolid. Ce document de 46 pages comporte 23 t\u00e9moignages qui ont contribu\u00e9 \u00e0 la disgr\u00e2ce de Colomb. Ce sont les plus importants sur la colonie de Saint-Domingue (premi\u00e8re colonie espagnole du [&hellip;]<\/p>\n","protected":false},"author":1,"featured_media":14680,"comment_status":"open","ping_status":"open","sticky":false,"template":"","format":"standard","meta":{"_import_markdown_pro_load_document_selector":0,"_import_markdown_pro_submit_text_textarea":"","_genesis_hide_title":false,"_genesis_hide_breadcrumbs":false,"_genesis_hide_singular_image":false,"_genesis_hide_footer_widgets":false,"_genesis_custom_body_class":"","_genesis_custom_post_class":"","_genesis_layout":"","jetpack_post_was_ever_published":false,"_jetpack_newsletter_access":"","_jetpack_dont_email_post_to_subs":false,"_jetpack_newsletter_tier_id":0,"_jetpack_memberships_contains_paywalled_content":false,"_jetpack_memberships_contains_paid_content":false,"activitypub_content_warning":"","activitypub_content_visibility":"","activitypub_max_image_attachments":3,"activitypub_interaction_policy_quote":"anyone","activitypub_status":"","footnotes":"","jetpack_publicize_message":"","jetpack_publicize_feature_enabled":true,"jetpack_social_post_already_shared":true,"jetpack_social_options":{"image_generator_settings":{"template":"fullscreen","default_image_id":0,"font":"","enabled":false},"version":2}},"categories":[2],"tags":[],"class_list":{"0":"post-7717","1":"post","2":"type-post","3":"status-publish","4":"format-standard","5":"has-post-thumbnail","7":"category-histoire-2","8":"entry"},"jetpack_publicize_connections":[],"featured_image_src":"https:\/\/i0.wp.com\/lyonelkaufmann.ch\/Blog\/wp-content\/uploads\/2015\/03\/blogcafe1.jpg?resize=600%2C400&ssl=1","featured_image_src_square":"https:\/\/i0.wp.com\/lyonelkaufmann.ch\/Blog\/wp-content\/uploads\/2015\/03\/blogcafe1.jpg?resize=600%2C600&ssl=1","author_info":{"display_name":"Lyonel Kaufmann","author_link":"https:\/\/lyonelkaufmann.ch\/Blog\/author\/lyonelk\/"},"jetpack_featured_media_url":"https:\/\/i0.wp.com\/lyonelkaufmann.ch\/Blog\/wp-content\/uploads\/2015\/03\/blogcafe1.jpg?fit=1024%2C683&ssl=1","jetpack_sharing_enabled":true,"jetpack_shortlink":"https:\/\/wp.me\/p1qtF4-20t","jetpack-related-posts":[{"id":5477,"url":"https:\/\/lyonelkaufmann.ch\/Blog\/2012\/05\/30\/christophe-colomb-des-origines-juives\/","url_meta":{"origin":7717,"position":0},"title":"Christophe Colomb : des origines juives?","author":"Lyonel Kaufmann","date":"30 mai 2012","format":false,"excerpt":"Plus de cinq si\u00e8cles apr\u00e8s la mort du c\u00e9l\u00e8bre explorateur, des historiens portent un regard neuf sur ce qui a motiv\u00e9 Christophe Colomb \u00e0 faire sa travers\u00e9e de l'Atlantique - et comment sa foi a peut-\u00eatre jou\u00e9 dans ses motivations. Certains chercheurs, apr\u00e8s analyse des volont\u00e9s de Colomb et d'autres\u2026","rel":"","context":"Dans &quot;histoire&quot;","block_context":{"text":"histoire","link":"https:\/\/lyonelkaufmann.ch\/Blog\/category\/histoire-2\/"},"img":{"alt_text":"","src":"https:\/\/i0.wp.com\/lyonelkaufmann.ch\/histoire\/wp-content\/uploads\/2012\/05\/s-CHRISTOPHER-COLUMBUS-JEWISH-large.jpg?resize=350%2C200","width":350,"height":200},"classes":[]},{"id":18649,"url":"https:\/\/lyonelkaufmann.ch\/Blog\/2017\/10\/16\/et-la-je-me-demande-soudainement-quest-ce-quen-aurait-pense-christophe-colomb\/","url_meta":{"origin":7717,"position":1},"title":"Et l\u00e0, je me demande soudainement qu\u2019est-ce qu\u2019en aurait pens\u00e9 Christophe Colomb&#8230;","author":"Lyonel Kaufmann","date":"16 octobre 2017","format":false,"excerpt":"from Instagram: http:\/\/ift.tt\/2getM2w","rel":"","context":"Dans &quot;Blogcaf\u00e9&quot;","block_context":{"text":"Blogcaf\u00e9","link":"https:\/\/lyonelkaufmann.ch\/Blog\/category\/blogcafe-2\/"},"img":{"alt_text":"","src":"","width":0,"height":0},"classes":[]},{"id":19727,"url":"https:\/\/lyonelkaufmann.ch\/Blog\/2018\/11\/26\/ollon-deux-motards-jouent-les-profs-a-distance-24heures-ch\/","url_meta":{"origin":7717,"position":2},"title":"Ollon: Deux motards jouent les profs \u00e0 distance &#8211; \u00a024heures.ch","author":"Lyonel Kaufmann","date":"26 novembre 2018","format":false,"excerpt":"Partis en septembre 2017 d\u2019Ollon pour un voyage \u00e0 moto de deux ans autour de la plan\u00e8te, Jan M\u00fcller et Yvan Bela\u00efeff roulent actuellement dans la r\u00e9gion de Perth (Australie). Leur p\u00e9riple ne vise pas \u00e0 assouvir uniquement leurs passions de la b\u00e9cane et des grands espaces. En effet, depuis\u2026","rel":"","context":"Dans &quot;Blogcaf\u00e9&quot;","block_context":{"text":"Blogcaf\u00e9","link":"https:\/\/lyonelkaufmann.ch\/Blog\/category\/blogcafe-2\/"},"img":{"alt_text":"","src":"https:\/\/i0.wp.com\/lyonelkaufmann.ch\/Blog\/wp-content\/uploads\/2018\/11\/topelement.jpg?resize=350%2C200&ssl=1","width":350,"height":200,"srcset":"https:\/\/i0.wp.com\/lyonelkaufmann.ch\/Blog\/wp-content\/uploads\/2018\/11\/topelement.jpg?resize=350%2C200&ssl=1 1x, https:\/\/i0.wp.com\/lyonelkaufmann.ch\/Blog\/wp-content\/uploads\/2018\/11\/topelement.jpg?resize=525%2C300&ssl=1 1.5x"},"classes":[]},{"id":9045,"url":"https:\/\/lyonelkaufmann.ch\/Blog\/2013\/01\/01\/mouette-sur-rocher-vevey-photo-du-jour\/","url_meta":{"origin":7717,"position":3},"title":"Mouette sur rocher @ Vevey | Photo du jour","author":"Lyonel Kaufmann","date":"1 janvier 2013","format":"image","excerpt":"Il n'est pas si ais\u00e9 de trouver la distance ad\u00e9quate pour prendre cette mouette sans la d\u00e9ranger et avant qu'elle s'envole. Un petit recadrage ensuite et c'est dans la bo\u00eete. Et \u00e0 d\u00e9faut d'une colombe, nous commencerons donc cette ann\u00e9e 2013 avec une mouette. J'en profite pour vous adresser tous\u2026","rel":"","context":"Dans &quot;Photo du jour&quot;","block_context":{"text":"Photo du jour","link":"https:\/\/lyonelkaufmann.ch\/Blog\/category\/photo-du-jour\/"},"img":{"alt_text":"","src":"https:\/\/i0.wp.com\/lyonelkaufmann.ch\/Blog\/wp-content\/uploads\/2015\/03\/8305647068_23f02dc364_c.jpg?fit=800%2C800&ssl=1&resize=350%2C200","width":350,"height":200,"srcset":"https:\/\/i0.wp.com\/lyonelkaufmann.ch\/Blog\/wp-content\/uploads\/2015\/03\/8305647068_23f02dc364_c.jpg?fit=800%2C800&ssl=1&resize=350%2C200 1x, https:\/\/i0.wp.com\/lyonelkaufmann.ch\/Blog\/wp-content\/uploads\/2015\/03\/8305647068_23f02dc364_c.jpg?fit=800%2C800&ssl=1&resize=525%2C300 1.5x, https:\/\/i0.wp.com\/lyonelkaufmann.ch\/Blog\/wp-content\/uploads\/2015\/03\/8305647068_23f02dc364_c.jpg?fit=800%2C800&ssl=1&resize=700%2C400 2x"},"classes":[]},{"id":5929,"url":"https:\/\/lyonelkaufmann.ch\/Blog\/2012\/08\/15\/colloque-la-narration-en-images-de-la-colonne-trajane-a-la-bande-dessinee-latelier-des-icones\/","url_meta":{"origin":7717,"position":4},"title":"Colloque \u201cLa narration en images. De la colonne Trajane \u00e0 la bande dessin\u00e9e\u201d | L&rsquo;Atelier des ic\u00f4nes","author":"Lyonel Kaufmann","date":"15 ao\u00fbt 2012","format":false,"excerpt":"Tapisserie de Bayeux, d\u00e9tail Ce colloque qui a lieu du lundi 27 ao\u00fbt 2012 au vendredi 31 ao\u00fbt 2012 \u00e0 Angoul\u00eame offre des conf\u00e9rences tr\u00e8s int\u00e9ressantes pour un enseignant d'histoire et l'utilisation de l'image en classe d'histoire.\u00a0 Voici une s\u00e9lection de contributions en ce sens: Mardi 28 ao\u00fbt 2012: Antiquit\u00e9\u2026","rel":"","context":"Dans &quot;histoire&quot;","block_context":{"text":"histoire","link":"https:\/\/lyonelkaufmann.ch\/Blog\/category\/histoire-2\/"},"img":{"alt_text":"","src":"","width":0,"height":0},"classes":[]},{"id":1730,"url":"https:\/\/lyonelkaufmann.ch\/Blog\/2009\/12\/23\/mythes-et-realites-dans-lintegration-des-technologies-linfobourg\/","url_meta":{"origin":7717,"position":5},"title":"Mythes et r\u00e9alit\u00e9s dans l\u2019int\u00e9gration des technologies  | l&rsquo;Infobourg","author":"Lyonel Kaufmann","date":"23 d\u00e9cembre 2009","format":false,"excerpt":"Une lecture \u00e0 glisser sous le sapin de No\u00ebl et \u00e0 lire avant ses bonnes r\u00e9solutions pour 2010. El\u00e9mentaire d'ailleurs, mais n\u00e9cessaire rappel. Lors d\u2019un atelier pr\u00e9sent\u00e9 au Congr\u00e8s de l\u2019Association canadienne d\u2019\u00e9ducation en langue fran\u00e7aise ACELF, Marie-Claude Gilbert, conseill\u00e8re p\u00e9dagogique en technologies \u00e9ducatives au Conseil scolaire francophone de la\u2026","rel":"","context":"Dans &quot;histoire&quot;","block_context":{"text":"histoire","link":"https:\/\/lyonelkaufmann.ch\/Blog\/category\/histoire-2\/"},"img":{"alt_text":"","src":"https:\/\/i0.wp.com\/lyonelkaufmann.ch\/Blog\/wp-content\/uploads\/2015\/03\/blogcafe1.jpg?fit=1024%2C683&ssl=1&resize=350%2C200","width":350,"height":200,"srcset":"https:\/\/i0.wp.com\/lyonelkaufmann.ch\/Blog\/wp-content\/uploads\/2015\/03\/blogcafe1.jpg?fit=1024%2C683&ssl=1&resize=350%2C200 1x, https:\/\/i0.wp.com\/lyonelkaufmann.ch\/Blog\/wp-content\/uploads\/2015\/03\/blogcafe1.jpg?fit=1024%2C683&ssl=1&resize=525%2C300 1.5x, https:\/\/i0.wp.com\/lyonelkaufmann.ch\/Blog\/wp-content\/uploads\/2015\/03\/blogcafe1.jpg?fit=1024%2C683&ssl=1&resize=700%2C400 2x"},"classes":[]}],"jetpack_likes_enabled":true,"_links":{"self":[{"href":"https:\/\/lyonelkaufmann.ch\/Blog\/wp-json\/wp\/v2\/posts\/7717","targetHints":{"allow":["GET"]}}],"collection":[{"href":"https:\/\/lyonelkaufmann.ch\/Blog\/wp-json\/wp\/v2\/posts"}],"about":[{"href":"https:\/\/lyonelkaufmann.ch\/Blog\/wp-json\/wp\/v2\/types\/post"}],"author":[{"embeddable":true,"href":"https:\/\/lyonelkaufmann.ch\/Blog\/wp-json\/wp\/v2\/users\/1"}],"replies":[{"embeddable":true,"href":"https:\/\/lyonelkaufmann.ch\/Blog\/wp-json\/wp\/v2\/comments?post=7717"}],"version-history":[{"count":0,"href":"https:\/\/lyonelkaufmann.ch\/Blog\/wp-json\/wp\/v2\/posts\/7717\/revisions"}],"wp:featuredmedia":[{"embeddable":true,"href":"https:\/\/lyonelkaufmann.ch\/Blog\/wp-json\/wp\/v2\/media\/14680"}],"wp:attachment":[{"href":"https:\/\/lyonelkaufmann.ch\/Blog\/wp-json\/wp\/v2\/media?parent=7717"}],"wp:term":[{"taxonomy":"category","embeddable":true,"href":"https:\/\/lyonelkaufmann.ch\/Blog\/wp-json\/wp\/v2\/categories?post=7717"},{"taxonomy":"post_tag","embeddable":true,"href":"https:\/\/lyonelkaufmann.ch\/Blog\/wp-json\/wp\/v2\/tags?post=7717"}],"curies":[{"name":"wp","href":"https:\/\/api.w.org\/{rel}","templated":true}]}}