{"id":7722,"date":"2006-07-25T05:58:45","date_gmt":"2006-07-25T04:58:45","guid":{"rendered":"http:\/\/lyonelkaufmann.ch\/histoire\/?p=172"},"modified":"2006-07-25T05:58:45","modified_gmt":"2006-07-25T04:58:45","slug":"les-suisses-et-la-guerre-despagne","status":"publish","type":"post","link":"https:\/\/lyonelkaufmann.ch\/Blog\/2006\/07\/25\/les-suisses-et-la-guerre-despagne\/","title":{"rendered":"Les Suisses et la Guerre d&rsquo;Espagne (1936-1939)"},"content":{"rendered":"<p style=\"text-align:justify;\">Le 18 juillet 1936 marque le d\u00e9but de la Guerre d&rsquo;Espagne. Ce jour-l\u00e0, l&rsquo;arm\u00e9e tente un coup d&rsquo;Etat; ce dernier \u00e9choue, mais les g\u00e9n\u00e9raux rebelles, parmi lesquels figure le g\u00e9n\u00e9ral Franco, refusent la m\u00e9diation et poursuivent le combat. Pendant trois ans, cette guerre va d\u00e9chirer l&rsquo;Espagne et co\u00fbter la vie \u00e0 600&rsquo;000 personnes. La capitulation de l&rsquo;arm\u00e9e r\u00e9publicaine le 1er avril 1939 met fin au conflit. Ce sera le d\u00e9but de l&rsquo;exil pour de nombreux Espagnols.<br \/>\nLa Guerre d&rsquo;Espagne (1936-1939) ne fut pas qu&rsquo;une guerre civile, mais un conflit de port\u00e9e internationale. L&rsquo;Allemagne enverra la l\u00e9gion Condor et l&rsquo;Italie un corps exp\u00e9ditionnaire pour soutenir les troupes du g\u00e9n\u00e9ral Franco. Pour leur part, les R\u00e9publicains accueillirent des conseillers sovi\u00e9tiques ainsi que des volontaires de toute l&rsquo;Europe engag\u00e9s dans les Brigades internationales. Le conflit mobilise donc fascistes et anti-facistes et pr\u00e9figure, en partie, le deuxi\u00e8me conflit mondial. Le conflit fut \u00e9galement marqu\u00e9 par les luttes intestines entre les diff\u00e9rentes composantes des forces r\u00e9publicaines, plus particuli\u00e8rement entre les communistes, les trotkistes et les anarchistes.<br \/>\nPour une pr\u00e9sentation g\u00e9n\u00e9rale de ce conflit,<\/p>\n<ul>\n<li>\tle site \u00ab\u00a0<strong><a href=\"http:\/\/site.voila.fr\/espana36\/\">Espagne au coeur<\/a><\/strong>\u00ab\u00a0<\/li>\n<li>\tl&rsquo;article <strong><a href=\"http:\/\/fr.wikipedia.org\/wiki\/Guerre_civile_espagnole\">Guerre civile espagnole<\/a><\/strong> de Wikipedia<\/li>\n<li>\t4 pages de Cliotexte sur la <strong><a href=\"http:\/\/hypo.ge-dip.etat-ge.ch\/www\/cliotexte\/html\/espagne.franco.html\">Guerre d&rsquo;Espagne<\/a><\/strong>.<\/li>\n<li>\tClioweb (<strong><a href=\"http:\/\/clioweb.free.fr\/dossiers\/scw.htm\">1936 : la Guerre civile espagnole<\/a><\/strong>) vous offrira des liens compl\u00e9mentaires.<\/li>\n<\/ul>\n<p style=\"text-align:justify;\">Les r\u00e9f\u00e9rences suivantes permettent de replacer l&rsquo;engagement des Suisses impliqu\u00e9s dans ce conflit :<\/p>\n<ul>\n<li>Les Editions <strong><a href=\"http:\/\/www.antipodes.ch\/\">Antipodes<\/a><\/strong> ont consacr\u00e9s en 2001 deux ouvrages aux Suisses et \u00e0 la Guerre d&rsquo;Espagne : Nic Ulmi et Peter Huber, <em>Les Combattants suisses en Espagne r\u00e9publicaine (1936-1939)<\/em> et S\u00e9bastien Guex, Mauro Cerutti et Peter Huber, <em>La Suisse et l&rsquo;Espagne de la R\u00e9publique \u00e0 Franco (1936-1946). Relations officielles, solidarit\u00e9s de gauche, rapports \u00e9conomiques<\/em>. Pour une pr\u00e9sentation de ces ouvrage : <strong><a href=\"http:\/\/www.culturactif.ch\/editions\/antipodescollhistoire.htm\">http:\/\/www.culturactif.ch\/editions\/antipodescollhistoire.htm<\/a><\/strong><\/li>\n<li>Article Espagne du DHS (Dictionnaire historique de la Suisse) : <strong><a href=\"http:\/\/hls-dhs-dss.ch\/textes\/f\/F3372-1-7.php\">De la guerre civile \u00e0 la mort de Franco<\/a><\/strong>.<\/li>\n<li>Le site du CICR et son histoire : <strong><a href=\"http:\/\/www.icrc.org\/Web\/fre\/sitefre0.nsf\/iwpList219\/E71EF0F023DE8284C1256C750045B2A8\">Le CICR et la Guerre d&rsquo;Espagne (1936-1939)<\/a><\/strong><\/li>\n<li>Le GSSA (Groupe pour une Suisse sans arm\u00e9e) a publi\u00e9 en 2002 une vid\u00e9o regroupant des t\u00e9moignages de volontaires suisses. L&rsquo;article suivant pr\u00e9sente le travail du r\u00e9alisateur et les coordonn\u00e9es pour obtenir la vid\u00e9o VHS : <strong><a href=\"http:\/\/www.gssa.ch\/journal\/display.php3?id=151\">http:\/\/www.gssa.ch\/journal\/display.php3?id=151<\/a><\/strong><strong>.<\/strong><\/li>\n<li><em>La Guerre d&rsquo;Espagne, les brigadistes et leur \u00e9cho en Suisse romande (1997).<\/em> Dossier des Cahiers d&rsquo;histoire du Mouvement ouvrier. Pour le sommaire de ce num\u00e9ro de 1997 : <strong><a href=\"http:\/\/barthes.ens.fr\/clio\/revues\/assoc\/mouvementouvrier.html\">http:\/\/barthes.ens.fr\/clio\/revues\/assoc\/mouvementouvrier.html<\/a><\/strong><\/li>\n<li><em>Eolo Morenzoni,86 ans, ancien Brigadiste suisse, nous raconte sa guerre civile<\/em> (<strong><a href=\"http:\/\/www.gauchebdo.ch\/impression.php3?id_article=912\">GaucheHebdo<\/a><\/strong>)<\/li>\n<li><strong><a href=\"http:\/\/www.icrc.org\/Web\/fre\/sitefre0.nsf\/iwpList219\/E71EF0F023DE8284C1256C750045B2A8\">Le CICR et la Guerre d&rsquo;Espagne (1936-1939)<\/a><\/strong><\/li>\n<li>La ville de Gen\u00e8ve va rendre hommage aux brigadistes suisses (<strong><a href=\"http:\/\/www.lecourrier.ch\/modules.php?op=modload&amp;name=NewsPaper&amp;file=article&amp;sid=1494\">Le Courrier<\/a><\/strong> &#8211; 2002)<\/li>\n<li><em>Les passeurs r\u00e9habilit\u00e9s, les r\u00e9sistants oubli\u00e9s<\/em> (<strong><a href=\"http:\/\/www.swissinfo.org\/fre\/Swissinfo.html?siteSect=105&amp;sid=1516446\">Suisseinfo<\/a><\/strong>). La Chambre basse du Parlement r\u00e9habilite les personnes qui ont aid\u00e9 les victimes du nazisme \u00e0 se r\u00e9fugier ill\u00e9galement en Suisse. Mais elle refuse d\u2019\u00e9tendre l\u2019amnistie aux combattants suisses de la R\u00e9sistance et de la R\u00e9publique espagnole.<\/li>\n<li><strong><a href=\"http:\/\/www.gouvernement.ch\/article.php3?id_article=71\">Inauguration de la Place des Brigades internationales \u00e0 La Chaux-de-Fonds<\/a><\/strong>.<\/li>\n<\/ul>\n<p><!-- technorati tags start --><\/p>\n<p style=\"text-align:right;font-size:10px;\">Technorati Tags: <a href=\"http:\/\/www.technorati.com\/tag\/1936\" rel=\"tag\">1936<\/a>, <a href=\"http:\/\/www.technorati.com\/tag\/comm\u00e9moration\" rel=\"tag\">comm\u00e9moration<\/a>, <a href=\"http:\/\/www.technorati.com\/tag\/GuerreEspagne\" rel=\"tag\">GuerreEspagne<\/a>, <a href=\"http:\/\/www.technorati.com\/tag\/Suisse\" rel=\"tag\">Suisse<\/a><\/p>\n<p><!-- technorati tags end --><\/p>\n","protected":false},"excerpt":{"rendered":"<p>Le 18 juillet 1936 marque le d\u00e9but de la Guerre d&rsquo;Espagne. Ce jour-l\u00e0, l&rsquo;arm\u00e9e tente un coup d&rsquo;Etat; ce dernier \u00e9choue, mais les g\u00e9n\u00e9raux rebelles, parmi lesquels figure le g\u00e9n\u00e9ral Franco, refusent la m\u00e9diation et poursuivent le combat. Pendant trois ans, cette guerre va d\u00e9chirer l&rsquo;Espagne et co\u00fbter la vie \u00e0 600&rsquo;000 personnes. La capitulation [&hellip;]<\/p>\n","protected":false},"author":1,"featured_media":14680,"comment_status":"open","ping_status":"open","sticky":false,"template":"","format":"standard","meta":{"_import_markdown_pro_load_document_selector":0,"_import_markdown_pro_submit_text_textarea":"","_genesis_hide_title":false,"_genesis_hide_breadcrumbs":false,"_genesis_hide_singular_image":false,"_genesis_hide_footer_widgets":false,"_genesis_custom_body_class":"","_genesis_custom_post_class":"","_genesis_layout":"","jetpack_post_was_ever_published":false,"_jetpack_newsletter_access":"","_jetpack_dont_email_post_to_subs":false,"_jetpack_newsletter_tier_id":0,"_jetpack_memberships_contains_paywalled_content":false,"_jetpack_memberships_contains_paid_content":false,"activitypub_content_warning":"","activitypub_content_visibility":"","activitypub_max_image_attachments":3,"activitypub_interaction_policy_quote":"anyone","activitypub_status":"","footnotes":"","jetpack_publicize_message":"","jetpack_publicize_feature_enabled":true,"jetpack_social_post_already_shared":true,"jetpack_social_options":{"image_generator_settings":{"template":"fullscreen","default_image_id":0,"font":"","enabled":false},"version":2}},"categories":[2],"tags":[],"class_list":{"0":"post-7722","1":"post","2":"type-post","3":"status-publish","4":"format-standard","5":"has-post-thumbnail","7":"category-histoire-2","8":"entry"},"jetpack_publicize_connections":[],"featured_image_src":"https:\/\/i0.wp.com\/lyonelkaufmann.ch\/Blog\/wp-content\/uploads\/2015\/03\/blogcafe1.jpg?resize=600%2C400&ssl=1","featured_image_src_square":"https:\/\/i0.wp.com\/lyonelkaufmann.ch\/Blog\/wp-content\/uploads\/2015\/03\/blogcafe1.jpg?resize=600%2C600&ssl=1","author_info":{"display_name":"Lyonel Kaufmann","author_link":"https:\/\/lyonelkaufmann.ch\/Blog\/author\/lyonelk\/"},"jetpack_featured_media_url":"https:\/\/i0.wp.com\/lyonelkaufmann.ch\/Blog\/wp-content\/uploads\/2015\/03\/blogcafe1.jpg?fit=1024%2C683&ssl=1","jetpack_sharing_enabled":true,"jetpack_shortlink":"https:\/\/wp.me\/p1qtF4-20y","jetpack-related-posts":[{"id":7736,"url":"https:\/\/lyonelkaufmann.ch\/Blog\/2006\/09\/15\/beevor-anthony-2006-la-guerre-despagne\/","url_meta":{"origin":7722,"position":0},"title":"Beevor Anthony (2006) &#8211; La Guerre d&rsquo;Espagne","author":"Lyonel Kaufmann","date":"15 septembre 2006","format":false,"excerpt":"La Guerre d\u2019Espagne de l\u2019Anglais Anthony Beevor remporte en Espagne un grand succ\u00e8s depuis 2005. Beevor avait d\u00e9j\u00e0 publi\u00e9 en 1982 (apr\u00e8s six ans de travail) une premi\u00e8re version de cet essai historique. C\u2019est son \u00e9diteur espagnol qui l\u2019a pouss\u00e9 \u00e0 r\u00e9diger une nouvelle mouture en b\u00e9n\u00e9ficiant des travaux les\u2026","rel":"","context":"Dans &quot;histoire&quot;","block_context":{"text":"histoire","link":"https:\/\/lyonelkaufmann.ch\/Blog\/category\/histoire-2\/"},"img":{"alt_text":"Beevor - Guerre d'Espagne","src":"https:\/\/i0.wp.com\/www.liberation.fr\/culture\/livre\/_files\/file_204332_41451.jpg?resize=350%2C200","width":350,"height":200},"classes":[]},{"id":3819,"url":"https:\/\/lyonelkaufmann.ch\/Blog\/2011\/06\/08\/franco-rigoureux-et-efficace-une-bio-fait-scandale-en-espagne-rue89\/","url_meta":{"origin":7722,"position":1},"title":"Franco \u00ab rigoureux et efficace \u00bb ? Une bio fait scandale en Espagne | Rue89","author":"Lyonel Kaufmann","date":"8 juin 2011","format":false,"excerpt":"Point de dictateur\u00a0: Francisco Franco \u00e9tait un \u00ab\u00a0chef rigoureux et efficace\u00a0\u00bb, selon un volumineux dictionnaire biographique financ\u00e9 par des fonds publics qui secoue l'Espagne. Les extraits rapport\u00e9s par l'article de Rue89 sont \u00e9difiants en eux-m\u00eames: \u00ab\u00a0Le courage et le sang froid qu'il montrait sur le champ [de bataille] l'a vite\u2026","rel":"","context":"Dans &quot;histoire&quot;","block_context":{"text":"histoire","link":"https:\/\/lyonelkaufmann.ch\/Blog\/category\/histoire-2\/"},"img":{"alt_text":"","src":"https:\/\/i0.wp.com\/lyonelkaufmann.ch\/Blog\/wp-content\/uploads\/2015\/03\/blogcafe1.jpg?fit=1024%2C683&ssl=1&resize=350%2C200","width":350,"height":200,"srcset":"https:\/\/i0.wp.com\/lyonelkaufmann.ch\/Blog\/wp-content\/uploads\/2015\/03\/blogcafe1.jpg?fit=1024%2C683&ssl=1&resize=350%2C200 1x, https:\/\/i0.wp.com\/lyonelkaufmann.ch\/Blog\/wp-content\/uploads\/2015\/03\/blogcafe1.jpg?fit=1024%2C683&ssl=1&resize=525%2C300 1.5x, https:\/\/i0.wp.com\/lyonelkaufmann.ch\/Blog\/wp-content\/uploads\/2015\/03\/blogcafe1.jpg?fit=1024%2C683&ssl=1&resize=700%2C400 2x"},"classes":[]},{"id":23204,"url":"https:\/\/lyonelkaufmann.ch\/Blog\/2022\/03\/04\/finlande-1939-nous-nous-battons-seuls-contre-lenvahisseur-sovietique\/","url_meta":{"origin":7722,"position":2},"title":"Finlande, 1939 : \u201cNous nous battons seuls contre l\u2019envahisseur\u201d sovi\u00e9tique","author":"Lyonel Kaufmann","date":"4 mars 2022","format":false,"excerpt":"L\u2019invasion russe de l\u2019Ukraine r\u00e9veille de mauvais souvenirs en Finlande. Devenu ind\u00e9pendant en 1917, \u00e0 la faveur de l\u2019\u00e9croulement de l\u2019empire tsariste, ce pays a d\u00fb endurer, lui aussi, une agression militaire au d\u00e9but de la Seconde Guerre mondiale. Dans son \u00e9dition du 2\u00a0mars, Hufvudstadsbladet, lu par la minorit\u00e9 su\u00e9dophone\u2026","rel":"","context":"Dans &quot;politis&quot;","block_context":{"text":"politis","link":"https:\/\/lyonelkaufmann.ch\/Blog\/category\/politis\/"},"img":{"alt_text":"","src":"https:\/\/i0.wp.com\/lyonelkaufmann.ch\/Blog\/wp-content\/uploads\/2022\/03\/winterwar.jpg?fit=940%2C628&ssl=1&resize=350%2C200","width":350,"height":200,"srcset":"https:\/\/i0.wp.com\/lyonelkaufmann.ch\/Blog\/wp-content\/uploads\/2022\/03\/winterwar.jpg?fit=940%2C628&ssl=1&resize=350%2C200 1x, https:\/\/i0.wp.com\/lyonelkaufmann.ch\/Blog\/wp-content\/uploads\/2022\/03\/winterwar.jpg?fit=940%2C628&ssl=1&resize=525%2C300 1.5x, https:\/\/i0.wp.com\/lyonelkaufmann.ch\/Blog\/wp-content\/uploads\/2022\/03\/winterwar.jpg?fit=940%2C628&ssl=1&resize=700%2C400 2x"},"classes":[]},{"id":5023,"url":"https:\/\/lyonelkaufmann.ch\/Blog\/2012\/02\/07\/revue-de-presse-benoit-falaize-marianne-koreta-dir-la-guerre-despagne-lecrire-et-lenseigner\/","url_meta":{"origin":7722,"position":3},"title":"Revue de presse : Beno\u00eet Falaize, Marianne Koreta (dir.), La guerre d&rsquo;Espagne. L&rsquo;\u00e9crire et l&rsquo;enseigner","author":"Lyonel Kaufmann","date":"7 f\u00e9vrier 2012","format":false,"excerpt":"Il 's'agit d'un compte-rendu de l\u2019ouvrage dirig\u00e9 par Beno\u00eet Falaize et Marianne Koreta, issu des rencontres internationales de Lyon en 2007 autour des fa\u00e7ons d\u2019\u00e9crire et d\u2019enseigner la guerre d\u2019Espagne. L'ouvrage est compos\u00e9 de deux grandes parties, regroupant chacune plusieurs articles. Au sein de la premi\u00e8re partie, sont d\u00e9velopp\u00e9s, tout\u2026","rel":"","context":"Dans &quot;histoire&quot;","block_context":{"text":"histoire","link":"https:\/\/lyonelkaufmann.ch\/Blog\/category\/histoire-2\/"},"img":{"alt_text":"","src":"https:\/\/i0.wp.com\/lyonelkaufmann.ch\/Blog\/wp-content\/uploads\/2015\/03\/blogcafe1.jpg?fit=1024%2C683&ssl=1&resize=350%2C200","width":350,"height":200,"srcset":"https:\/\/i0.wp.com\/lyonelkaufmann.ch\/Blog\/wp-content\/uploads\/2015\/03\/blogcafe1.jpg?fit=1024%2C683&ssl=1&resize=350%2C200 1x, https:\/\/i0.wp.com\/lyonelkaufmann.ch\/Blog\/wp-content\/uploads\/2015\/03\/blogcafe1.jpg?fit=1024%2C683&ssl=1&resize=525%2C300 1.5x, https:\/\/i0.wp.com\/lyonelkaufmann.ch\/Blog\/wp-content\/uploads\/2015\/03\/blogcafe1.jpg?fit=1024%2C683&ssl=1&resize=700%2C400 2x"},"classes":[]},{"id":8173,"url":"https:\/\/lyonelkaufmann.ch\/Blog\/2014\/08\/21\/la-suisse-et-la-premiere-guerre-mondiale-le-delire-general-et-le-rostigraben\/","url_meta":{"origin":7722,"position":4},"title":"La Suisse et la Premi\u00e8re Guerre mondiale : 1. le d\u00e9lire g\u00e9n\u00e9ral et le \u00abR\u00f6stigraben\u00bb","author":"Lyonel Kaufmann","date":"21 ao\u00fbt 2014","format":false,"excerpt":"Si la Suisse a \u00e9t\u00e9 \u00e9pargn\u00e9e militairement par la Premi\u00e8re Guerre mondiale, elle n\u2019en a pas moins \u00e9t\u00e9 partie prenante ou touch\u00e9e indirectement par le conflit mondial. Les cons\u00e9quences de cette p\u00e9riode mod\u00e8leront durablement la Suisse apr\u00e8s la Premi\u00e8re Guerre mondiale jusqu\u2019\u00e0 nos jours. Cette s\u00e9rie d\u2019articles a pour objectif\u2026","rel":"","context":"Dans &quot;histoire&quot;","block_context":{"text":"histoire","link":"https:\/\/lyonelkaufmann.ch\/Blog\/category\/histoire-2\/"},"img":{"alt_text":"","src":"https:\/\/i0.wp.com\/lyonelkaufmann.ch\/Blog\/wp-content\/uploads\/2015\/02\/1408257978_thumb1.jpeg?fit=640%2C448&ssl=1&resize=350%2C200","width":350,"height":200,"srcset":"https:\/\/i0.wp.com\/lyonelkaufmann.ch\/Blog\/wp-content\/uploads\/2015\/02\/1408257978_thumb1.jpeg?fit=640%2C448&ssl=1&resize=350%2C200 1x, https:\/\/i0.wp.com\/lyonelkaufmann.ch\/Blog\/wp-content\/uploads\/2015\/02\/1408257978_thumb1.jpeg?fit=640%2C448&ssl=1&resize=525%2C300 1.5x"},"classes":[]},{"id":8249,"url":"https:\/\/lyonelkaufmann.ch\/Blog\/2014\/08\/27\/la-suisse-et-la-premiere-guerre-mondiale-4-dans-les-manuels\/","url_meta":{"origin":7722,"position":5},"title":"La Suisse et la Premi\u00e8re Guerre mondiale : 4. dans les manuels","author":"Lyonel Kaufmann","date":"27 ao\u00fbt 2014","format":false,"excerpt":"Si la Suisse a \u00e9t\u00e9 \u00e9pargn\u00e9e militairement par la Premi\u00e8re Guerre mondiale, elle n\u2019en a pas moins \u00e9t\u00e9 partie prenante ou touch\u00e9e indirectement par le conflit mondial. Les cons\u00e9quences de cette p\u00e9riode mod\u00e8leront durablement la Suisse apr\u00e8s la Premi\u00e8re Guerre mondiale jusqu\u2019\u00e0 nos jours. Cette s\u00e9rie d\u2019articles a pour objectif\u2026","rel":"","context":"Dans &quot;histoire&quot;","block_context":{"text":"histoire","link":"https:\/\/lyonelkaufmann.ch\/Blog\/category\/histoire-2\/"},"img":{"alt_text":"","src":"https:\/\/i0.wp.com\/lyonelkaufmann.ch\/Blog\/wp-content\/uploads\/2015\/03\/blogcafe1.jpg?fit=1024%2C683&ssl=1&resize=350%2C200","width":350,"height":200,"srcset":"https:\/\/i0.wp.com\/lyonelkaufmann.ch\/Blog\/wp-content\/uploads\/2015\/03\/blogcafe1.jpg?fit=1024%2C683&ssl=1&resize=350%2C200 1x, https:\/\/i0.wp.com\/lyonelkaufmann.ch\/Blog\/wp-content\/uploads\/2015\/03\/blogcafe1.jpg?fit=1024%2C683&ssl=1&resize=525%2C300 1.5x, https:\/\/i0.wp.com\/lyonelkaufmann.ch\/Blog\/wp-content\/uploads\/2015\/03\/blogcafe1.jpg?fit=1024%2C683&ssl=1&resize=700%2C400 2x"},"classes":[]}],"jetpack_likes_enabled":true,"_links":{"self":[{"href":"https:\/\/lyonelkaufmann.ch\/Blog\/wp-json\/wp\/v2\/posts\/7722","targetHints":{"allow":["GET"]}}],"collection":[{"href":"https:\/\/lyonelkaufmann.ch\/Blog\/wp-json\/wp\/v2\/posts"}],"about":[{"href":"https:\/\/lyonelkaufmann.ch\/Blog\/wp-json\/wp\/v2\/types\/post"}],"author":[{"embeddable":true,"href":"https:\/\/lyonelkaufmann.ch\/Blog\/wp-json\/wp\/v2\/users\/1"}],"replies":[{"embeddable":true,"href":"https:\/\/lyonelkaufmann.ch\/Blog\/wp-json\/wp\/v2\/comments?post=7722"}],"version-history":[{"count":0,"href":"https:\/\/lyonelkaufmann.ch\/Blog\/wp-json\/wp\/v2\/posts\/7722\/revisions"}],"wp:featuredmedia":[{"embeddable":true,"href":"https:\/\/lyonelkaufmann.ch\/Blog\/wp-json\/wp\/v2\/media\/14680"}],"wp:attachment":[{"href":"https:\/\/lyonelkaufmann.ch\/Blog\/wp-json\/wp\/v2\/media?parent=7722"}],"wp:term":[{"taxonomy":"category","embeddable":true,"href":"https:\/\/lyonelkaufmann.ch\/Blog\/wp-json\/wp\/v2\/categories?post=7722"},{"taxonomy":"post_tag","embeddable":true,"href":"https:\/\/lyonelkaufmann.ch\/Blog\/wp-json\/wp\/v2\/tags?post=7722"}],"curies":[{"name":"wp","href":"https:\/\/api.w.org\/{rel}","templated":true}]}}