{"id":7723,"date":"2006-08-16T09:31:37","date_gmt":"2006-08-16T08:31:37","guid":{"rendered":"http:\/\/lyonelkaufmann.ch\/histoire\/?p=174"},"modified":"2006-08-16T09:31:37","modified_gmt":"2006-08-16T08:31:37","slug":"hommage-a-deux-historiens-pierre-vidal-naquet-et-jacques-ozouf","status":"publish","type":"post","link":"https:\/\/lyonelkaufmann.ch\/Blog\/2006\/08\/16\/hommage-a-deux-historiens-pierre-vidal-naquet-et-jacques-ozouf\/","title":{"rendered":"Hommage \u00e0 deux historiens : Pierre Vidal-Naquet et Jacques Ozouf"},"content":{"rendered":"<p style=\"text-align:justify;\"><em>Pendant mes vacances, la mort a eu le mauvais go\u00fbt de nous priver de deux grands historiens fran\u00e7ais : Pierre-Vidal Naquet et Jacques Ozouf. Qui plus est le m\u00eame jour.<br \/>\nLes articles suivants retracent leur parcours et leurs engagements.<\/em><\/p>\n<ul>\n<li><strong>Pierre Vidal-Naquet :<\/strong><\/li>\n<\/ul>\n<p style=\"text-align:justify;\"><em>Pierre Vidal-Naquet est mort\u00a0 le samedi 29 juillet 2006 \u00e0 l&rsquo;h\u00f4pital de Nice des suites d&rsquo;une attaque c\u00e9r\u00e9brale. Il venait d&rsquo;avoir 76 ans. Grand sp\u00e9cialiste de la Gr\u00e8ce antique, Pierre Vidal-Naquet fut toute sa vie un intellectuel engag\u00e9.<br \/>\n<\/em><strong><br \/>\n<\/strong><strong><a href=\"http:\/\/www.lemonde.fr\/web\/article\/0,1-0@2-3382,36-799727,0.html?xtor=RSS-3208\">Le Monde.fr : L'\u00a0\u00bbhistorien militant\u00a0\u00bb Pierre Vidal-Naquet est mort<\/a><\/strong><strong><br \/>\n<\/strong><strong><a href=\"http:\/\/archquo.nouvelobs.com\/cgi\/articles?ad=culture\/20060730.OBS6763.html&amp;host=http:\/\/permanent.nouvelobs.com\/\">Nouvel Obs : L&rsquo;historien Pierre Vidal-Naquet est mort<br \/>\n<\/a><\/strong><strong><a href=\"http:\/\/www.lefigaro.fr\/france\/20060731.FIG000000028_pierre_vidal_naquet_un_historien_militant.html\">Le Figaro : Pierre Vidal-Naquet, un \u00abhistorien militant\u00bb<\/a><\/strong><span style=\"font-family:Arial;font-size:13pt;\"><br \/>\n<\/span><strong><a href=\"http:\/\/www.liberation.fr\/culture\/196150.FR.php\">Lib\u00e9ration : Pierre Vidal-Naquet, engag\u00e9 dans l&rsquo;histoire<\/a><\/strong><span style=\"color:#2d2dff;text-decoration:underline;\"><strong><\/p>\n<p><\/strong><\/span>On lira aussi avec int\u00e9r\u00eat<strong> <\/strong><strong><a href=\"http:\/\/www.univ-paris12.fr\/1134765690563\/0\/fiche___article\/\">l&rsquo;entretien<\/a><\/strong><strong> <\/strong>accord\u00e9 en 1998 par Pierre Vidal-Naquet \u00e0 Thierry Payot pour l&rsquo;Universit\u00e9 de Paris 12 &#8211; Val de Marne.<\/p>\n<ul>\n<li><strong>Jacques Ozouf :<\/strong><\/li>\n<\/ul>\n<p style=\"text-align:justify;\"><em>Jacques Ozouf, historien important de l&rsquo;\u00e9cole r\u00e9publicaine, pilier de l&rsquo;\u00e9cole des Annales (du nom de la revue) dans les ann\u00e9es 60 et 70, mari de Mona Ozouf depuis cinquante ans, est mort\u00a0 le samedi 29 juillet 2006 \u00e0 Limogne-en-Quercy (Lot), d&rsquo;une attaque c\u00e9r\u00e9brale, alors qu&rsquo;il se promenait dans la rue, \u00e0 77 ans.<br \/>\n<\/em><strong><br \/>\n<\/strong><strong><a href=\"http:\/\/www.liberation.fr\/culture\/196599.FR.php\">Lib\u00e9ration : Jacques Ozouf quitte les bancs de l&rsquo;\u00e9cole r\u00e9publicaine<\/a><\/strong><br \/>\n<strong><a href=\"http:\/\/archquo.nouvelobs.com\/cgi\/articles?ad=societe\/20060802.OBS7104.html&amp;host=http:\/\/permanent.nouvelobs.com\/\">Nouvel Obs : L&rsquo;historien Jacques Ozouf s&rsquo;est \u00e9teint<\/a><\/strong><br \/>\n<strong><a href=\"http:\/\/www.lefigaro.fr\/culture\/20060803.FIG000000023_adieu_a_jacques_ozouf.html\">Le Figaro : Adieu \u00e0 Jacques Ozouf<\/a><\/strong><\/p>\n<p><!-- technorati tags start --><\/p>\n<p style=\"text-align:right;font-size:10px;\">Technorati Tags: <a href=\"http:\/\/www.technorati.com\/tag\/JacquesOzouf\" rel=\"tag\">JacquesOzouf<\/a>, <a href=\"http:\/\/www.technorati.com\/tag\/Vidal-Naquet\" rel=\"tag\">Vidal-Naquet<\/a><\/p>\n<p><!-- technorati tags end --><\/p>\n","protected":false},"excerpt":{"rendered":"<p>Pendant mes vacances, la mort a eu le mauvais go\u00fbt de nous priver de deux grands historiens fran\u00e7ais : Pierre-Vidal Naquet et Jacques Ozouf. Qui plus est le m\u00eame jour. Les articles suivants retracent leur parcours et leurs engagements. Pierre Vidal-Naquet : Pierre Vidal-Naquet est mort\u00a0 le samedi 29 juillet 2006 \u00e0 l&rsquo;h\u00f4pital de Nice [&hellip;]<\/p>\n","protected":false},"author":1,"featured_media":14680,"comment_status":"open","ping_status":"open","sticky":false,"template":"","format":"standard","meta":{"_import_markdown_pro_load_document_selector":0,"_import_markdown_pro_submit_text_textarea":"","_genesis_hide_title":false,"_genesis_hide_breadcrumbs":false,"_genesis_hide_singular_image":false,"_genesis_hide_footer_widgets":false,"_genesis_custom_body_class":"","_genesis_custom_post_class":"","_genesis_layout":"","jetpack_post_was_ever_published":false,"_jetpack_newsletter_access":"","_jetpack_dont_email_post_to_subs":false,"_jetpack_newsletter_tier_id":0,"_jetpack_memberships_contains_paywalled_content":false,"_jetpack_memberships_contains_paid_content":false,"activitypub_content_warning":"","activitypub_content_visibility":"","activitypub_max_image_attachments":3,"activitypub_interaction_policy_quote":"anyone","activitypub_status":"","footnotes":"","jetpack_publicize_message":"","jetpack_publicize_feature_enabled":true,"jetpack_social_post_already_shared":true,"jetpack_social_options":{"image_generator_settings":{"template":"fullscreen","default_image_id":0,"font":"","enabled":false},"version":2}},"categories":[2],"tags":[],"class_list":{"0":"post-7723","1":"post","2":"type-post","3":"status-publish","4":"format-standard","5":"has-post-thumbnail","7":"category-histoire-2","8":"entry"},"jetpack_publicize_connections":[],"featured_image_src":"https:\/\/i0.wp.com\/lyonelkaufmann.ch\/Blog\/wp-content\/uploads\/2015\/03\/blogcafe1.jpg?resize=600%2C400&ssl=1","featured_image_src_square":"https:\/\/i0.wp.com\/lyonelkaufmann.ch\/Blog\/wp-content\/uploads\/2015\/03\/blogcafe1.jpg?resize=600%2C600&ssl=1","author_info":{"display_name":"Lyonel Kaufmann","author_link":"https:\/\/lyonelkaufmann.ch\/Blog\/author\/lyonelk\/"},"jetpack_featured_media_url":"https:\/\/i0.wp.com\/lyonelkaufmann.ch\/Blog\/wp-content\/uploads\/2015\/03\/blogcafe1.jpg?fit=1024%2C683&ssl=1","jetpack_sharing_enabled":true,"jetpack_shortlink":"https:\/\/wp.me\/p1qtF4-20z","jetpack-related-posts":[{"id":7699,"url":"https:\/\/lyonelkaufmann.ch\/Blog\/2006\/04\/29\/historiographie-la-democratie-athenienne\/","url_meta":{"origin":7723,"position":0},"title":"Historiographie : la d\u00e9mocratie ath\u00e9nienne","author":"Lyonel Kaufmann","date":"29 avril 2006","format":false,"excerpt":"Brul\u00e9 P. (1995). La cit\u00e9 grecque \u00e0 l'\u00e9poque classique. Paris: Presses Universitaires de Rennes M.I. Finley M.I. (1975). D\u00e9mocratie antique et d\u00e9mocratie moderne. Paris: Payot (r\u00e9\u00e9dition en 2003) Pr\u00e9sentation de l\u2019\u00e9diteur : En quoi la d\u00e9mocratie ath\u00e9nienne nous concerne-t-elle aujourd\u2019hui ? Telle est la question \u00e0 laquelle r\u00e9pond ce livre\u2026","rel":"","context":"Dans &quot;histoire&quot;","block_context":{"text":"histoire","link":"https:\/\/lyonelkaufmann.ch\/Blog\/category\/histoire-2\/"},"img":{"alt_text":"","src":"https:\/\/i0.wp.com\/lyonelkaufmann.ch\/Blog\/wp-content\/uploads\/2015\/03\/blogcafe1.jpg?fit=1024%2C683&ssl=1&resize=350%2C200","width":350,"height":200,"srcset":"https:\/\/i0.wp.com\/lyonelkaufmann.ch\/Blog\/wp-content\/uploads\/2015\/03\/blogcafe1.jpg?fit=1024%2C683&ssl=1&resize=350%2C200 1x, https:\/\/i0.wp.com\/lyonelkaufmann.ch\/Blog\/wp-content\/uploads\/2015\/03\/blogcafe1.jpg?fit=1024%2C683&ssl=1&resize=525%2C300 1.5x, https:\/\/i0.wp.com\/lyonelkaufmann.ch\/Blog\/wp-content\/uploads\/2015\/03\/blogcafe1.jpg?fit=1024%2C683&ssl=1&resize=700%2C400 2x"},"classes":[]},{"id":7803,"url":"https:\/\/lyonelkaufmann.ch\/Blog\/2007\/04\/14\/rene-remond-entre-tradition-memoire-et-histoire-1918-2007\/","url_meta":{"origin":7723,"position":1},"title":"Ren\u00e9 R\u00e9mond, entre tradition, m\u00e9moire et histoire (1918-2007)","author":"Lyonel Kaufmann","date":"14 avril 2007","format":false,"excerpt":"L'historien et acad\u00e9micien Ren\u00e9 R\u00e9mond est mort dans la nuit de vendredi \u00e0 samedi. Comme le dit Hugo Billard sur son blog, \u00e7a fait un peu beaucoup apr\u00e8s les d\u00e9c\u00e8s ces derniers mois de Pierre Vidal-Naquet, Jacques Ozouf Jean-Pierre Vernant et Lucie Aubrac. La communaut\u00e9 des historiens engag\u00e9s et des\u2026","rel":"","context":"Dans &quot;histoire&quot;","block_context":{"text":"histoire","link":"https:\/\/lyonelkaufmann.ch\/Blog\/category\/histoire-2\/"},"img":{"alt_text":"","src":"","width":0,"height":0},"classes":[]},{"id":7779,"url":"https:\/\/lyonelkaufmann.ch\/Blog\/2007\/01\/11\/ce-soir-les-dieux-grecs-pleurent-j-p-vernant\/","url_meta":{"origin":7723,"position":2},"title":"Ce soir les Dieux grecs pleurent J.-P. Vernant\u2026","author":"Lyonel Kaufmann","date":"11 janvier 2007","format":false,"excerpt":"Jean-Pierre Vernant\u00a0 en 2003 (Sipa) \"le vrai courage, c'est, au-dedans de soi, de ne pas c\u00e9der, ne pas plier, ne pas renoncer. Etre le grain de sable que les plus lourds engins, \u00e9crasant tout sur leur passage, ne r\u00e9ussissent pas \u00e0 briser\". Jean-Pierre Vernant (1914-2007) Ce soir les Dieux pleurent\u2026","rel":"","context":"Dans &quot;histoire&quot;","block_context":{"text":"histoire","link":"https:\/\/lyonelkaufmann.ch\/Blog\/category\/histoire-2\/"},"img":{"alt_text":"","src":"https:\/\/i0.wp.com\/lyonelkaufmann.ch\/Blog\/wp-content\/uploads\/2015\/03\/165077.jpg?fit=330%2C278&ssl=1&resize=350%2C200","width":350,"height":200},"classes":[]},{"id":7689,"url":"https:\/\/lyonelkaufmann.ch\/Blog\/2006\/04\/01\/histoires-grecques-de-maurice-sartre-2006\/","url_meta":{"origin":7723,"position":3},"title":"HISTOIRES GRECQUES de Maurice Sartre (2006)","author":"Lyonel Kaufmann","date":"1 avril 2006","format":false,"excerpt":"Source : Le Monde.fr : il \u00e9tait une fois la Gr\u00e8ce (compte-rendu de Pierre Vidal-Naquet) LE MONDE DES LIVRES | 30.03.06 | 17h01\u00a0 \u2022\u00a0 Mis \u00e0 jour le 30.03.06 | 17h01 Que nous apporte ce livre qui succ\u00e8de \u00e0 de savants recueils d'inscriptions grecques et latines, et aussi \u00e0 de\u2026","rel":"","context":"Dans &quot;histoire&quot;","block_context":{"text":"histoire","link":"https:\/\/lyonelkaufmann.ch\/Blog\/category\/histoire-2\/"},"img":{"alt_text":"","src":"https:\/\/i0.wp.com\/lyonelkaufmann.ch\/Blog\/wp-content\/uploads\/2015\/03\/blogcafe1.jpg?fit=1024%2C683&ssl=1&resize=350%2C200","width":350,"height":200,"srcset":"https:\/\/i0.wp.com\/lyonelkaufmann.ch\/Blog\/wp-content\/uploads\/2015\/03\/blogcafe1.jpg?fit=1024%2C683&ssl=1&resize=350%2C200 1x, https:\/\/i0.wp.com\/lyonelkaufmann.ch\/Blog\/wp-content\/uploads\/2015\/03\/blogcafe1.jpg?fit=1024%2C683&ssl=1&resize=525%2C300 1.5x, https:\/\/i0.wp.com\/lyonelkaufmann.ch\/Blog\/wp-content\/uploads\/2015\/03\/blogcafe1.jpg?fit=1024%2C683&ssl=1&resize=700%2C400 2x"},"classes":[]},{"id":1146,"url":"https:\/\/lyonelkaufmann.ch\/Blog\/2009\/03\/03\/cet-historien-serait-il-dangereux\/","url_meta":{"origin":7723,"position":4},"title":"Cet historien serait-il dangereux ?","author":"Lyonel Kaufmann","date":"3 mars 2009","format":false,"excerpt":"A lire ce savoureux billet de Pierre Assouline sur ce dernier g\u00e9ant qu\u2019est l\u2019historien britannique Eric Hobsbawm Cet historien serait-il dangereux\u00a0? - La r\u00e9publique des livres - Blog LeMonde.fr Aller \u00e0 la source","rel":"","context":"Dans &quot;histoire&quot;","block_context":{"text":"histoire","link":"https:\/\/lyonelkaufmann.ch\/Blog\/category\/histoire-2\/"},"img":{"alt_text":"","src":"https:\/\/i0.wp.com\/14.media.tumblr.com\/1oxiLPzCVkmpu0rpagGkVG0io1_250.jpg?resize=350%2C200","width":350,"height":200},"classes":[]},{"id":2879,"url":"https:\/\/lyonelkaufmann.ch\/Blog\/2010\/06\/19\/lhistorien-le-film-et-lanachronique-pierre-sorlin-cinemadoc\/","url_meta":{"origin":7723,"position":5},"title":"L\u2019historien, le film et l\u2019anachronique \u2013 Pierre Sorlin | Cin\u00e9madoc","author":"Lyonel Kaufmann","date":"19 juin 2010","format":false,"excerpt":"\"Nous arrivons ainsi \u00e0 une premi\u00e8re proposition : le film historique serait, davantage que beaucoup d\u2019autres, un film situ\u00e9, \u00e9troitement d\u00e9pendant d\u2019un contexte en dehors duquel il n\u2019aurait pas de sens. Il serait, d\u2019autre part, sous un v\u00eatement d\u2019emprunt, consacr\u00e9 d\u2019abord et avant tout aux questions contemporaines ; par une\u2026","rel":"","context":"Dans &quot;histoire&quot;","block_context":{"text":"histoire","link":"https:\/\/lyonelkaufmann.ch\/Blog\/category\/histoire-2\/"},"img":{"alt_text":"","src":"https:\/\/i0.wp.com\/lyonelkaufmann.ch\/Blog\/wp-content\/uploads\/2015\/03\/blogcafe1.jpg?fit=1024%2C683&ssl=1&resize=350%2C200","width":350,"height":200,"srcset":"https:\/\/i0.wp.com\/lyonelkaufmann.ch\/Blog\/wp-content\/uploads\/2015\/03\/blogcafe1.jpg?fit=1024%2C683&ssl=1&resize=350%2C200 1x, https:\/\/i0.wp.com\/lyonelkaufmann.ch\/Blog\/wp-content\/uploads\/2015\/03\/blogcafe1.jpg?fit=1024%2C683&ssl=1&resize=525%2C300 1.5x, https:\/\/i0.wp.com\/lyonelkaufmann.ch\/Blog\/wp-content\/uploads\/2015\/03\/blogcafe1.jpg?fit=1024%2C683&ssl=1&resize=700%2C400 2x"},"classes":[]}],"jetpack_likes_enabled":true,"_links":{"self":[{"href":"https:\/\/lyonelkaufmann.ch\/Blog\/wp-json\/wp\/v2\/posts\/7723","targetHints":{"allow":["GET"]}}],"collection":[{"href":"https:\/\/lyonelkaufmann.ch\/Blog\/wp-json\/wp\/v2\/posts"}],"about":[{"href":"https:\/\/lyonelkaufmann.ch\/Blog\/wp-json\/wp\/v2\/types\/post"}],"author":[{"embeddable":true,"href":"https:\/\/lyonelkaufmann.ch\/Blog\/wp-json\/wp\/v2\/users\/1"}],"replies":[{"embeddable":true,"href":"https:\/\/lyonelkaufmann.ch\/Blog\/wp-json\/wp\/v2\/comments?post=7723"}],"version-history":[{"count":0,"href":"https:\/\/lyonelkaufmann.ch\/Blog\/wp-json\/wp\/v2\/posts\/7723\/revisions"}],"wp:featuredmedia":[{"embeddable":true,"href":"https:\/\/lyonelkaufmann.ch\/Blog\/wp-json\/wp\/v2\/media\/14680"}],"wp:attachment":[{"href":"https:\/\/lyonelkaufmann.ch\/Blog\/wp-json\/wp\/v2\/media?parent=7723"}],"wp:term":[{"taxonomy":"category","embeddable":true,"href":"https:\/\/lyonelkaufmann.ch\/Blog\/wp-json\/wp\/v2\/categories?post=7723"},{"taxonomy":"post_tag","embeddable":true,"href":"https:\/\/lyonelkaufmann.ch\/Blog\/wp-json\/wp\/v2\/tags?post=7723"}],"curies":[{"name":"wp","href":"https:\/\/api.w.org\/{rel}","templated":true}]}}