{"id":7728,"date":"2006-08-27T23:26:06","date_gmt":"2006-08-27T22:26:06","guid":{"rendered":"http:\/\/histoire.lyonelkaufmann.ch\/?p=180"},"modified":"2006-08-27T23:26:06","modified_gmt":"2006-08-27T22:26:06","slug":"lecriture-marque-t-elle-le-passage-a-lhistoire","status":"publish","type":"post","link":"https:\/\/lyonelkaufmann.ch\/Blog\/2006\/08\/27\/lecriture-marque-t-elle-le-passage-a-lhistoire\/","title":{"rendered":"L&rsquo;\u00e9criture marque-t-elle le passage \u00e0 l&rsquo;histoire ?"},"content":{"rendered":"<blockquote><p><em>\u00ab\u00a0Tout comme les hommes pr\u00e9historiques , les populations non europ\u00e9ennes ont longtemps \u00e9t\u00e9 per\u00e7ues comme arri\u00e9r\u00e9es . En effet, l&rsquo;\u00e9criture repr\u00e9sentant pour les historiens occidentaux, la condition pour passer de la pr\u00e9histoire \u00e0 l&rsquo;histoire, on a pr\u00e9tendu que les peuples qui ne l&rsquo;utilisaient pas stagnaient dans une p\u00e9riode ant\u00e9rieure \u00e0 l&rsquo;histoire : selon un tel crit\u00e8re, les populations n&rsquo;ayant pas invent\u00e9 l&rsquo;\u00e9criture seraient en quelque sorte fig\u00e9es dans la pr\u00e9histoire .<br \/>\nL&rsquo;id\u00e9e que des civilisations sans \u00e9criture n&rsquo;ont pas d&rsquo;histoire est absurde. Ce n&rsquo;est pas parce que des \u00e9v\u00e8nements ne sont pas attest\u00e9s par \u00e9crit, ce n&rsquo;est pas parce que les dates pr\u00e9cises n&rsquo;en sont pas consign\u00e9es sur papier que ces \u00e9v\u00e8nements n&rsquo;existent pas ou que les peuples ne leur accordent pas d&rsquo;inter\u00eat. La m\u00e9morisation comme la transmission de cette histoire se fait tout simplement diff\u00e9remment, oralement ! Il s&rsquo;agit seulement d&rsquo;un syst\u00e8me de m\u00e9morisation et de transmission diff\u00e9rent de l&rsquo;\u00e9crit . De plus en plus \u00e9tudi\u00e9e , l&rsquo;histoire orale r\u00e9v\u00e8le tout son inter\u00eat \u00ab\u00a0.<\/em><\/p><\/blockquote>\n<p style=\"text-align:right;\"><em>\u00ab\u00a0Comment parler des arts premiers (Afrique, Am\u00e9riques, Asie , Oc\u00e9anie) aux enfants\u00a0\u00bb<\/em>, de Isabelle Glorieux, p.23<\/p>\n<p style=\"text-align:justify;\"><strong>Et vous qui allez d\u00e9marrer avec une nouvelle classe de 5e, qu&rsquo;allez-vous faire avec vos \u00e9l\u00e8ves relativement aux d\u00e9buts de l&rsquo;histoire? <\/strong><\/p>\n<p><!-- technorati tags start --><\/p>\n<p style=\"text-align:right;font-size:10px;\">Technorati Tags: <a href=\"http:\/\/www.technorati.com\/tag\/D\u00e9butsHistoire\" rel=\"tag\">D\u00e9butsHistoire<\/a>, <a href=\"http:\/\/www.technorati.com\/tag\/ArtsPremiers\" rel=\"tag\">ArtsPremiers<\/a>, <a href=\"http:\/\/www.technorati.com\/tag\/Ecriture\" rel=\"tag\">Ecriture<\/a>, <a href=\"http:\/\/www.technorati.com\/tag\/Pr\u00e9histoire\" rel=\"tag\">Pr\u00e9histoire<\/a>, <a href=\"http:\/\/www.technorati.com\/tag\/histoire\" rel=\"tag\">histoire<\/a><\/p>\n<p><!-- technorati tags end --><\/p>\n","protected":false},"excerpt":{"rendered":"<p>\u00ab\u00a0Tout comme les hommes pr\u00e9historiques , les populations non europ\u00e9ennes ont longtemps \u00e9t\u00e9 per\u00e7ues comme arri\u00e9r\u00e9es . En effet, l&rsquo;\u00e9criture repr\u00e9sentant pour les historiens occidentaux, la condition pour passer de la pr\u00e9histoire \u00e0 l&rsquo;histoire, on a pr\u00e9tendu que les peuples qui ne l&rsquo;utilisaient pas stagnaient dans une p\u00e9riode ant\u00e9rieure \u00e0 l&rsquo;histoire : selon un tel [&hellip;]<\/p>\n","protected":false},"author":1,"featured_media":14680,"comment_status":"open","ping_status":"open","sticky":false,"template":"","format":"standard","meta":{"_import_markdown_pro_load_document_selector":0,"_import_markdown_pro_submit_text_textarea":"","_genesis_hide_title":false,"_genesis_hide_breadcrumbs":false,"_genesis_hide_singular_image":false,"_genesis_hide_footer_widgets":false,"_genesis_custom_body_class":"","_genesis_custom_post_class":"","_genesis_layout":"","jetpack_post_was_ever_published":false,"_jetpack_newsletter_access":"","_jetpack_dont_email_post_to_subs":false,"_jetpack_newsletter_tier_id":0,"_jetpack_memberships_contains_paywalled_content":false,"_jetpack_memberships_contains_paid_content":false,"activitypub_content_warning":"","activitypub_content_visibility":"","activitypub_max_image_attachments":3,"activitypub_interaction_policy_quote":"anyone","activitypub_status":"","footnotes":"","jetpack_publicize_message":"","jetpack_publicize_feature_enabled":true,"jetpack_social_post_already_shared":true,"jetpack_social_options":{"image_generator_settings":{"template":"fullscreen","default_image_id":0,"font":"","enabled":false},"version":2}},"categories":[2],"tags":[],"class_list":{"0":"post-7728","1":"post","2":"type-post","3":"status-publish","4":"format-standard","5":"has-post-thumbnail","7":"category-histoire-2","8":"entry"},"jetpack_publicize_connections":[],"featured_image_src":"https:\/\/i0.wp.com\/lyonelkaufmann.ch\/Blog\/wp-content\/uploads\/2015\/03\/blogcafe1.jpg?resize=600%2C400&ssl=1","featured_image_src_square":"https:\/\/i0.wp.com\/lyonelkaufmann.ch\/Blog\/wp-content\/uploads\/2015\/03\/blogcafe1.jpg?resize=600%2C600&ssl=1","author_info":{"display_name":"Lyonel Kaufmann","author_link":"https:\/\/lyonelkaufmann.ch\/Blog\/author\/lyonelk\/"},"jetpack_featured_media_url":"https:\/\/i0.wp.com\/lyonelkaufmann.ch\/Blog\/wp-content\/uploads\/2015\/03\/blogcafe1.jpg?fit=1024%2C683&ssl=1","jetpack_sharing_enabled":true,"jetpack_shortlink":"https:\/\/wp.me\/p1qtF4-20E","jetpack-related-posts":[{"id":3836,"url":"https:\/\/lyonelkaufmann.ch\/Blog\/2011\/06\/14\/le-roman-historique-un-art-de-leloignement\/","url_meta":{"origin":7728,"position":0},"title":"Le roman historique\u00a0: un \u00ab\u00a0art de l\u2019\u00e9loignement\u00a0\u00bb\u00a0?","author":"Lyonel Kaufmann","date":"14 juin 2011","format":false,"excerpt":"Dans la continuit\u00e9 des travaux ant\u00e9rieurs sur l\u2019\u00e9criture de l\u2019histoire, Aude D\u00e9ruelle et Alain Tassel publient les actes du colloque intitul\u00e9 \u00ab\u00a0Pour une approche narratologique du roman historique\u00a0\u00bb, qui a eu lieu \u00e0 Nice du 19 au 21 mai 2005. \u00c9tudiant les rapports probl\u00e9matiques entre l\u2019histoire et la fiction romanesque,\u2026","rel":"","context":"Dans &quot;histoire&quot;","block_context":{"text":"histoire","link":"https:\/\/lyonelkaufmann.ch\/Blog\/category\/histoire-2\/"},"img":{"alt_text":"","src":"https:\/\/i0.wp.com\/lyonelkaufmann.ch\/Blog\/wp-content\/uploads\/2015\/03\/blogcafe1.jpg?fit=1024%2C683&ssl=1&resize=350%2C200","width":350,"height":200,"srcset":"https:\/\/i0.wp.com\/lyonelkaufmann.ch\/Blog\/wp-content\/uploads\/2015\/03\/blogcafe1.jpg?fit=1024%2C683&ssl=1&resize=350%2C200 1x, https:\/\/i0.wp.com\/lyonelkaufmann.ch\/Blog\/wp-content\/uploads\/2015\/03\/blogcafe1.jpg?fit=1024%2C683&ssl=1&resize=525%2C300 1.5x, https:\/\/i0.wp.com\/lyonelkaufmann.ch\/Blog\/wp-content\/uploads\/2015\/03\/blogcafe1.jpg?fit=1024%2C683&ssl=1&resize=700%2C400 2x"},"classes":[]},{"id":6360,"url":"https:\/\/lyonelkaufmann.ch\/Blog\/2012\/11\/03\/enseigner-lecriture-collaborative-dans-le-secondaire-webtv-utc\/","url_meta":{"origin":7728,"position":1},"title":"Enseigner l\u2019\u00e9criture collaborative dans le secondaire | WebTV UTC","author":"Lyonel Kaufmann","date":"3 novembre 2012","format":false,"excerpt":"Le projet PRECIP est un projet sur l\u2019enseignement de l\u2019\u00e9criture num\u00e9rique, port\u00e9 par l\u2019UTC et financ\u00e9 par la R\u00e9gion Picardie. Le projet s\u2019int\u00e9resse moins aux pratiques num\u00e9riques pour l\u2019enseignement qu\u2019\u00e0 l\u2019\u00e9criture num\u00e9rique comme objet d\u2019enseignement. L\u2019\u00e9criture num\u00e9rique est l\u2019\u00e9criture sur un support et avec des outils num\u00e9riques. Cette \u00e9criture peut\u2026","rel":"","context":"Dans &quot;histoire&quot;","block_context":{"text":"histoire","link":"https:\/\/lyonelkaufmann.ch\/Blog\/category\/histoire-2\/"},"img":{"alt_text":"","src":"https:\/\/i0.wp.com\/lyonelkaufmann.ch\/Blog\/wp-content\/uploads\/2015\/03\/blogcafe1.jpg?fit=1024%2C683&ssl=1&resize=350%2C200","width":350,"height":200,"srcset":"https:\/\/i0.wp.com\/lyonelkaufmann.ch\/Blog\/wp-content\/uploads\/2015\/03\/blogcafe1.jpg?fit=1024%2C683&ssl=1&resize=350%2C200 1x, https:\/\/i0.wp.com\/lyonelkaufmann.ch\/Blog\/wp-content\/uploads\/2015\/03\/blogcafe1.jpg?fit=1024%2C683&ssl=1&resize=525%2C300 1.5x, https:\/\/i0.wp.com\/lyonelkaufmann.ch\/Blog\/wp-content\/uploads\/2015\/03\/blogcafe1.jpg?fit=1024%2C683&ssl=1&resize=700%2C400 2x"},"classes":[]},{"id":14550,"url":"https:\/\/lyonelkaufmann.ch\/Blog\/2015\/02\/23\/revue-de-presse-imaginations-historiennes\/","url_meta":{"origin":7728,"position":2},"title":"Revue de Presse : Imaginations historiennes","author":"Lyonel Kaufmann","date":"23 f\u00e9vrier 2015","format":false,"excerpt":"L'imagination est-elle une ressource ou une menace pour l'\u00e9criture de l'histoire ? Ind\u00e9niable outil de connaissance, elle permet surtout de faire le lien avec d'autres mises en pr\u00e9sence du pass\u00e9, comme le roman, le cin\u00e9ma ou les s\u00e9ries t\u00e9l\u00e9vis\u00e9es. je note: \u00abCroisant les approches historiennes, litt\u00e9raires et cin\u00e9matographiques, l\u2019ouvrage collectif\u2026","rel":"","context":"Dans &quot;Diary&quot;","block_context":{"text":"Diary","link":"https:\/\/lyonelkaufmann.ch\/Blog\/category\/diary\/"},"img":{"alt_text":"","src":"https:\/\/i0.wp.com\/lyonelkaufmann.ch\/Blog\/wp-content\/uploads\/2015\/03\/blogcafe1.jpg?fit=1024%2C683&ssl=1&resize=350%2C200","width":350,"height":200,"srcset":"https:\/\/i0.wp.com\/lyonelkaufmann.ch\/Blog\/wp-content\/uploads\/2015\/03\/blogcafe1.jpg?fit=1024%2C683&ssl=1&resize=350%2C200 1x, https:\/\/i0.wp.com\/lyonelkaufmann.ch\/Blog\/wp-content\/uploads\/2015\/03\/blogcafe1.jpg?fit=1024%2C683&ssl=1&resize=525%2C300 1.5x, https:\/\/i0.wp.com\/lyonelkaufmann.ch\/Blog\/wp-content\/uploads\/2015\/03\/blogcafe1.jpg?fit=1024%2C683&ssl=1&resize=700%2C400 2x"},"classes":[]},{"id":6960,"url":"https:\/\/lyonelkaufmann.ch\/Blog\/2013\/04\/13\/enjeux-dune-ecriture-historienne-du-devoir-de-memoire-1-par-sebastien-ledoux\/","url_meta":{"origin":7728,"position":3},"title":"Enjeux d\u2019une \u00e9criture historienne du devoir de m\u00e9moire (1) par S\u00e9bastien Ledoux.","author":"Lyonel Kaufmann","date":"13 avril 2013","format":false,"excerpt":"S\u00e9bastien Ledoux termine actuellement une th\u00e8se sur \u00ab L\u2019histoire du \u201cdevoir de m\u00e9moire\u02ee\u02ee \u00bb \u00e0 Paris 1 (Centre d\u2019histoire sociale du XXe si\u00e8cle). Il a d\u00e9j\u00e0 publi\u00e9 Le \u00ab devoir de m\u00e9moire \u00bb \u00e0 l\u2019\u00e9cole. Essai d\u2019\u00e9criture d\u2019un nouveau roman national, Sarrebruck, \u00c9tudes universitaires europ\u00e9ennes, 2011, et de nombreux articles\u2026","rel":"","context":"Dans &quot;histoire&quot;","block_context":{"text":"histoire","link":"https:\/\/lyonelkaufmann.ch\/Blog\/category\/histoire-2\/"},"img":{"alt_text":"","src":"https:\/\/i0.wp.com\/lyonelkaufmann.ch\/Blog\/wp-content\/uploads\/2015\/03\/blogcafe1.jpg?fit=1024%2C683&ssl=1&resize=350%2C200","width":350,"height":200,"srcset":"https:\/\/i0.wp.com\/lyonelkaufmann.ch\/Blog\/wp-content\/uploads\/2015\/03\/blogcafe1.jpg?fit=1024%2C683&ssl=1&resize=350%2C200 1x, https:\/\/i0.wp.com\/lyonelkaufmann.ch\/Blog\/wp-content\/uploads\/2015\/03\/blogcafe1.jpg?fit=1024%2C683&ssl=1&resize=525%2C300 1.5x, https:\/\/i0.wp.com\/lyonelkaufmann.ch\/Blog\/wp-content\/uploads\/2015\/03\/blogcafe1.jpg?fit=1024%2C683&ssl=1&resize=700%2C400 2x"},"classes":[]},{"id":8072,"url":"https:\/\/lyonelkaufmann.ch\/Blog\/2014\/06\/27\/dossier-historiographies-de-la-grande-guerre\/","url_meta":{"origin":7728,"position":4},"title":"DOSSIER \u2013 Historiographies de la Grande Guerre","author":"Lyonel Kaufmann","date":"27 juin 2014","format":false,"excerpt":"Consacrer un dossier au conflit qui ouvre l\u2019\u00e8re des guerres mondiales et totales est un passage oblig\u00e9 pour tout m\u00e9dia en ces temps de comm\u00e9moration. L\u2019imp\u00e9ratif m\u00e9moriel se fait sans doute d\u2019autant plus pressant que le premier conflit mondial, longtemps occult\u00e9 par l\u2019ombre du second et sans plus...","rel":"","context":"Dans &quot;histoire&quot;","block_context":{"text":"histoire","link":"https:\/\/lyonelkaufmann.ch\/Blog\/category\/histoire-2\/"},"img":{"alt_text":"","src":"","width":0,"height":0},"classes":[]},{"id":6388,"url":"https:\/\/lyonelkaufmann.ch\/Blog\/2012\/11\/06\/revue-de-presse-ecriture-collaborative-avec-google-docs-quels-criteres-de-reussite-netpublic\/","url_meta":{"origin":7728,"position":5},"title":"Revue de presse : Ecriture collaborative avec Google Docs : quels crit\u00e8res de r\u00e9ussite | NetPublic","author":"Lyonel Kaufmann","date":"6 novembre 2012","format":false,"excerpt":"Le portail Profweb, carrefour qu\u00e9b\u00e9cois pour l\u2019int\u00e9gration des TIC en enseignement coll\u00e9gial, propose des astuces et conseils pour int\u00e9grer un processus d\u2019\u00e9criture collaborative avec Google Docs dans un contexte p\u00e9dagogique. C\u2019est l\u2019exp\u00e9rience de Jules Mass\u00e9, enseignant et r\u00e9pondant technop\u00e9dagogique qui exprime dans l\u2019article Quelques sc\u00e9narios d\u2019\u00e9criture r\u00e9ussis avec Google Docs\u2026","rel":"","context":"Dans &quot;histoire&quot;","block_context":{"text":"histoire","link":"https:\/\/lyonelkaufmann.ch\/Blog\/category\/histoire-2\/"},"img":{"alt_text":"","src":"https:\/\/i0.wp.com\/lyonelkaufmann.ch\/Blog\/wp-content\/uploads\/2015\/03\/blogcafe1.jpg?fit=1024%2C683&ssl=1&resize=350%2C200","width":350,"height":200,"srcset":"https:\/\/i0.wp.com\/lyonelkaufmann.ch\/Blog\/wp-content\/uploads\/2015\/03\/blogcafe1.jpg?fit=1024%2C683&ssl=1&resize=350%2C200 1x, https:\/\/i0.wp.com\/lyonelkaufmann.ch\/Blog\/wp-content\/uploads\/2015\/03\/blogcafe1.jpg?fit=1024%2C683&ssl=1&resize=525%2C300 1.5x, https:\/\/i0.wp.com\/lyonelkaufmann.ch\/Blog\/wp-content\/uploads\/2015\/03\/blogcafe1.jpg?fit=1024%2C683&ssl=1&resize=700%2C400 2x"},"classes":[]}],"jetpack_likes_enabled":true,"_links":{"self":[{"href":"https:\/\/lyonelkaufmann.ch\/Blog\/wp-json\/wp\/v2\/posts\/7728","targetHints":{"allow":["GET"]}}],"collection":[{"href":"https:\/\/lyonelkaufmann.ch\/Blog\/wp-json\/wp\/v2\/posts"}],"about":[{"href":"https:\/\/lyonelkaufmann.ch\/Blog\/wp-json\/wp\/v2\/types\/post"}],"author":[{"embeddable":true,"href":"https:\/\/lyonelkaufmann.ch\/Blog\/wp-json\/wp\/v2\/users\/1"}],"replies":[{"embeddable":true,"href":"https:\/\/lyonelkaufmann.ch\/Blog\/wp-json\/wp\/v2\/comments?post=7728"}],"version-history":[{"count":0,"href":"https:\/\/lyonelkaufmann.ch\/Blog\/wp-json\/wp\/v2\/posts\/7728\/revisions"}],"wp:featuredmedia":[{"embeddable":true,"href":"https:\/\/lyonelkaufmann.ch\/Blog\/wp-json\/wp\/v2\/media\/14680"}],"wp:attachment":[{"href":"https:\/\/lyonelkaufmann.ch\/Blog\/wp-json\/wp\/v2\/media?parent=7728"}],"wp:term":[{"taxonomy":"category","embeddable":true,"href":"https:\/\/lyonelkaufmann.ch\/Blog\/wp-json\/wp\/v2\/categories?post=7728"},{"taxonomy":"post_tag","embeddable":true,"href":"https:\/\/lyonelkaufmann.ch\/Blog\/wp-json\/wp\/v2\/tags?post=7728"}],"curies":[{"name":"wp","href":"https:\/\/api.w.org\/{rel}","templated":true}]}}