{"id":7731,"date":"2006-09-02T08:00:39","date_gmt":"2006-09-02T07:00:39","guid":{"rendered":"http:\/\/histoire.lyonelkaufmann.ch\/?p=184"},"modified":"2006-09-02T08:00:39","modified_gmt":"2006-09-02T07:00:39","slug":"indigenes-de-rachid-bouchareb-2","status":"publish","type":"post","link":"https:\/\/lyonelkaufmann.ch\/Blog\/2006\/09\/02\/indigenes-de-rachid-bouchareb-2\/","title":{"rendered":"Indig\u00e8nes de Rachid Bouchareb"},"content":{"rendered":"<div align=\"center\"><img data-recalc-dims=\"1\" loading=\"lazy\" decoding=\"async\" src=\"https:\/\/i0.wp.com\/tadrart.com\/tessalit\/indigenes\/Resources\/item9.gif?resize=419%2C359\" height=\"359\" width=\"419\" \/><br \/><small><\/small><small><b>Tract en arabe et en fran\u00e7ais diffus\u00e9 dans la nuit du 7 au 8 novembre 1942<\/b><br \/><i>Source :<\/i> <a href=\"http:\/\/tadrart.com\/tessalit\/indigenes\/espacehistoire2.html\">http:\/\/tadrart.com\/tessalit\/indigenes\/espacehistoire2.html<\/a><\/small><\/p>\n<div align=\"justify\">Indig\u00e8nes de Rachid Bouchareb est certainement le film \u00e9v\u00e9nement de la rentr\u00e9e (scolaire) en France. Au travers de l&rsquo;histoire quatre personnages, il narre l&rsquo;histoire des 130&rsquo;000 \u00ab\u00a0indig\u00e8nes\u00a0\u00bb (Maghr\u00e9bins et Noirs africains) qui vont fouler pour la premi\u00e8re fois le sol fran\u00e7ais en 1943 et sont engag\u00e9s dans l&rsquo;arm\u00e9e fran\u00e7aise pour lib\u00e9rer \u00ab\u00a0la m\u00e8re patrie\u00a0\u00bb de l&rsquo;ennemi nazi.<br \/>Pr\u00e9sent\u00e9 \u00e0 Cannes, le film a re\u00e7u le prix d&rsquo;interpr\u00e9ation masculine pour ses cinq acteurs principaux : Jamel Debouze, Samy Nac\u00e9ry, Roschdy Zem, Sami Bouajila et Bernard Blancan. <br \/>Pour accompagner la sortie du film le 27 septembre, un <a href=\"http:\/\/www.zerodeconduite.net\/indigenes\/\">dossier p\u00e9dagogique <\/a>en ligne a \u00e9t\u00e9 con\u00e7u par l&rsquo;excellent site <em><a href=\"http:\/\/cinema-education.fluctuat.net\/blog\/index.html\">\u00ab\u00a0Z\u00e9ro de conduite\u00a0\u00bb<\/a><\/em> en collaboration avec la production du film.<br \/>On peut \u00e9galement consulter <a href=\"http:\/\/tadrart.com\/tessalit\/indigenes\/home.html\">le site du film<\/a> lui-m\u00eame qui propose notamment un dossier avec les articles de la presse (critiques de film) et des documents d&rsquo;histoire (photos, cartes, documents).<br \/>Par ailleurs, Djamel Debouze revient dans <a href=\"http:\/\/www.alterites.com\/cache\/center_evenement\/id_901.php\"><i>Alt\u00e9rit\u00e9 <\/i><\/a>sur son engagement dans le film.<br \/>Un film \u00e0 voir et pour r\u00e9fl\u00e9chir.<\/p>\n<h4>Mise \u00e0 jour (22.09.2006)<\/h4>\n<p>L&rsquo;hebdomadaire <i>Le Point<\/i> revient \u00e0 son tour sur le film de Bouchareb : <a href=\"http:\/\/www.lepoint.fr\/cinema\/document.html?did=183496\"><b>Des h\u00e9ros si ordinaires<\/b><\/a> dont le chapeau indique:<br \/>\n<em>Ni revanchard ni repentant, \u00ab Indig\u00e8nes \u00bb, de Rachid Bouchareb, rend hommage aux tirailleurs africains pendant la Seconde Guerre mondiale. Rappel historique et histoire d&rsquo;un film.<\/em><br \/>\nCet article -ainsi que les trois autres qui l&rsquo;accompagne- offre un utile compl\u00e9ment \u00e0 notre billet sur ce m\u00eame film. Titre des trois autres articles:<br \/>\n&#8211; Histoire &#8211; Entretien avec Dominique Lormier (historien, auteur de <i>\u00abC&rsquo;est nous, les Africains. L&rsquo;\u00e9pop\u00e9e de l&rsquo;arm\u00e9e fran\u00e7aise d&rsquo;Afrique, 1940-1945\u00bb<\/i> (Calmann-L\u00e9vy))<br \/>\n&#8211; T\u00e9moignage &#8211; Entretien avec le tirailleur, Youb Lalleg<br \/>\n&#8211; T\u00e9moignage &#8211; \u00ab\u00a0Quel prix peut avoir le sang vers\u00e9 ?\u00a0\u00bb<\/div>\n<\/div>\n","protected":false},"excerpt":{"rendered":"<p>Tract en arabe et en fran\u00e7ais diffus\u00e9 dans la nuit du 7 au 8 novembre 1942Source : http:\/\/tadrart.com\/tessalit\/indigenes\/espacehistoire2.html Indig\u00e8nes de Rachid Bouchareb est certainement le film \u00e9v\u00e9nement de la rentr\u00e9e (scolaire) en France. Au travers de l&rsquo;histoire quatre personnages, il narre l&rsquo;histoire des 130&rsquo;000 \u00ab\u00a0indig\u00e8nes\u00a0\u00bb (Maghr\u00e9bins et Noirs africains) qui vont fouler pour la premi\u00e8re [&hellip;]<\/p>\n","protected":false},"author":1,"featured_media":13475,"comment_status":"open","ping_status":"open","sticky":false,"template":"","format":"standard","meta":{"_import_markdown_pro_load_document_selector":0,"_import_markdown_pro_submit_text_textarea":"","_genesis_hide_title":false,"_genesis_hide_breadcrumbs":false,"_genesis_hide_singular_image":false,"_genesis_hide_footer_widgets":false,"_genesis_custom_body_class":"","_genesis_custom_post_class":"","_genesis_layout":"","jetpack_post_was_ever_published":false,"_jetpack_newsletter_access":"","_jetpack_dont_email_post_to_subs":false,"_jetpack_newsletter_tier_id":0,"_jetpack_memberships_contains_paywalled_content":false,"_jetpack_memberships_contains_paid_content":false,"activitypub_content_warning":"","activitypub_content_visibility":"","activitypub_max_image_attachments":3,"activitypub_interaction_policy_quote":"anyone","activitypub_status":"","footnotes":"","jetpack_publicize_message":"","jetpack_publicize_feature_enabled":true,"jetpack_social_post_already_shared":true,"jetpack_social_options":{"image_generator_settings":{"template":"fullscreen","default_image_id":0,"font":"","enabled":false},"version":2}},"categories":[2],"tags":[],"class_list":{"0":"post-7731","1":"post","2":"type-post","3":"status-publish","4":"format-standard","5":"has-post-thumbnail","7":"category-histoire-2","8":"entry"},"jetpack_publicize_connections":[],"featured_image_src":"https:\/\/i0.wp.com\/lyonelkaufmann.ch\/Blog\/wp-content\/uploads\/2015\/03\/item9.gif?resize=510%2C400&ssl=1","featured_image_src_square":"https:\/\/i0.wp.com\/lyonelkaufmann.ch\/Blog\/wp-content\/uploads\/2015\/03\/item9.gif?resize=510%2C437&ssl=1","author_info":{"display_name":"Lyonel Kaufmann","author_link":"https:\/\/lyonelkaufmann.ch\/Blog\/author\/lyonelk\/"},"jetpack_featured_media_url":"https:\/\/i0.wp.com\/lyonelkaufmann.ch\/Blog\/wp-content\/uploads\/2015\/03\/item9.gif?fit=510%2C437&ssl=1","jetpack_sharing_enabled":true,"jetpack_shortlink":"https:\/\/wp.me\/p1qtF4-20H","jetpack-related-posts":[{"id":3181,"url":"https:\/\/lyonelkaufmann.ch\/Blog\/2010\/05\/05\/les-films-sur-la-guerre-dalgerie-anti-francais-rue89\/","url_meta":{"origin":7731,"position":0},"title":"Les films sur la guerre d&rsquo;Alg\u00e9rie, \u00ab\u00a0anti-fran\u00e7ais\u00a0\u00bb ? | Rue89","author":"Lyonel Kaufmann","date":"5 mai 2010","format":"aside","excerpt":"Rachid Bouchareb, qui avait marqu\u00e9 le Festival de Cannes en 2006 avec \u00abIndig\u00e8nes\u00bb, revient en s\u00e9lection officielle cette ann\u00e9e avec \u00abHors la loi\u00bb. Ce film consacr\u00e9 \u00e0 la guerre d'Alg\u00e9rie d\u00e9marre avec le massacre de S\u00e9tif, le 8 mai 1945. Sans avoir m\u00eame vu le film, Lionel Luca, d\u00e9put\u00e9 UMP\u2026","rel":"","context":"Dans &quot;Blogcaf\u00e9&quot;","block_context":{"text":"Blogcaf\u00e9","link":"https:\/\/lyonelkaufmann.ch\/Blog\/category\/blogcafe-2\/"},"img":{"alt_text":"","src":"https:\/\/i0.wp.com\/lyonelkaufmann.ch\/Blog\/wp-content\/uploads\/2015\/03\/blogcafe1.jpg?fit=1024%2C683&ssl=1&resize=350%2C200","width":350,"height":200,"srcset":"https:\/\/i0.wp.com\/lyonelkaufmann.ch\/Blog\/wp-content\/uploads\/2015\/03\/blogcafe1.jpg?fit=1024%2C683&ssl=1&resize=350%2C200 1x, https:\/\/i0.wp.com\/lyonelkaufmann.ch\/Blog\/wp-content\/uploads\/2015\/03\/blogcafe1.jpg?fit=1024%2C683&ssl=1&resize=525%2C300 1.5x, https:\/\/i0.wp.com\/lyonelkaufmann.ch\/Blog\/wp-content\/uploads\/2015\/03\/blogcafe1.jpg?fit=1024%2C683&ssl=1&resize=700%2C400 2x"},"classes":[]},{"id":4317,"url":"https:\/\/lyonelkaufmann.ch\/Blog\/2011\/11\/16\/les-hommes-libres-ismael-ferroukhi-zero-de-conduite\/","url_meta":{"origin":7731,"position":1},"title":"Les Hommes libres (Isma\u00ebl Ferroukhi) | Z\u00e9ro de conduite","author":"Lyonel Kaufmann","date":"16 novembre 2011","format":false,"excerpt":"Cinq ans apr\u00e8s\u00a0Indig\u00e8nes de Rachid Bouchareb, Isma\u00ebl Ferroukhi l\u00e8ve le coin d'un autre voile : le r\u00f4le des Maghr\u00e9bins sous l'Occupation, et notamment dans la R\u00e9sistance. En s'appuyant sur des travaux d'historiens, les quelques archives et t\u00e9moignages disponibles, le r\u00e9alisateur du\u00a0Grand Voyage (2004) fait revivre la\u00a0communaut\u00e9 maghr\u00e9bine de l'\u00e9poque.\u00a0Il montre\u2026","rel":"","context":"Dans &quot;histoire&quot;","block_context":{"text":"histoire","link":"https:\/\/lyonelkaufmann.ch\/Blog\/category\/histoire-2\/"},"img":{"alt_text":"Header leshommeslibres","src":"https:\/\/i0.wp.com\/lyonelkaufmann.ch\/histoire\/wp-content\/uploads\/2011\/11\/header_leshommeslibres.jpg?resize=350%2C200","width":350,"height":200},"classes":[]},{"id":3713,"url":"https:\/\/lyonelkaufmann.ch\/Blog\/2010\/09\/24\/links-for-2010-09-23\/","url_meta":{"origin":7731,"position":2},"title":"Que s\u2019est-il vraiment pass\u00e9 \u00e0 S\u00e9tif en mai 1945 ? | T\u00e9l\u00e9rama","author":"Lyonel Kaufmann","date":"24 septembre 2010","format":"aside","excerpt":"Que s\u2019est-il vraiment pass\u00e9 \u00e0 S\u00e9tif en mai 1945 ? | T\u00e9l\u00e9rama A Cannes, et aujourd\u2019hui encore \u00e0 sa sortie, \u201cHors-la-loi\u201d, le nouveau film de Rachid Bouchareb (\u201cIndig\u00e8nes\u201d), est l\u2019objet d\u2019une pol\u00e9mique\u2026 En cause, quelques minutes au d\u00e9but qui \u00e9voquent le massacre de S\u00e9tif, perp\u00e9tr\u00e9 par les forces fran\u00e7aises en\u2026","rel":"","context":"Dans &quot;histoire&quot;","block_context":{"text":"histoire","link":"https:\/\/lyonelkaufmann.ch\/Blog\/category\/histoire-2\/"},"img":{"alt_text":"","src":"https:\/\/i0.wp.com\/lyonelkaufmann.ch\/Blog\/wp-content\/uploads\/2015\/03\/blogcafe1.jpg?fit=1024%2C683&ssl=1&resize=350%2C200","width":350,"height":200,"srcset":"https:\/\/i0.wp.com\/lyonelkaufmann.ch\/Blog\/wp-content\/uploads\/2015\/03\/blogcafe1.jpg?fit=1024%2C683&ssl=1&resize=350%2C200 1x, https:\/\/i0.wp.com\/lyonelkaufmann.ch\/Blog\/wp-content\/uploads\/2015\/03\/blogcafe1.jpg?fit=1024%2C683&ssl=1&resize=525%2C300 1.5x, https:\/\/i0.wp.com\/lyonelkaufmann.ch\/Blog\/wp-content\/uploads\/2015\/03\/blogcafe1.jpg?fit=1024%2C683&ssl=1&resize=700%2C400 2x"},"classes":[]},{"id":7754,"url":"https:\/\/lyonelkaufmann.ch\/Blog\/2006\/11\/03\/usages-politiques-du-passe-en-france-publication-et-compte-rendu\/","url_meta":{"origin":7731,"position":3},"title":"Usages politiques du pass\u00e9 en France (publication et compte-rendu)","author":"Lyonel Kaufmann","date":"3 novembre 2006","format":false,"excerpt":"En septembre 2003, un colloque \u00e9tait organis\u00e9 \u00e0 Paris par le Centre d'Histoire sociale sur le th\u00e8me des Usages politiques du pass\u00e9 dans la France contemporaine. Aujourd'hui, deux ouvrages rendent compte de la richesses des interventions : Collectif, Usages politiques du pass\u00e9 dans la France contemporaine (2006).\u00a0 Presses universitaires de\u2026","rel":"","context":"Dans &quot;histoire&quot;","block_context":{"text":"histoire","link":"https:\/\/lyonelkaufmann.ch\/Blog\/category\/histoire-2\/"},"img":{"alt_text":"","src":"https:\/\/i0.wp.com\/lyonelkaufmann.ch\/Blog\/wp-content\/uploads\/2015\/03\/blogcafe1.jpg?fit=1024%2C683&ssl=1&resize=350%2C200","width":350,"height":200,"srcset":"https:\/\/i0.wp.com\/lyonelkaufmann.ch\/Blog\/wp-content\/uploads\/2015\/03\/blogcafe1.jpg?fit=1024%2C683&ssl=1&resize=350%2C200 1x, https:\/\/i0.wp.com\/lyonelkaufmann.ch\/Blog\/wp-content\/uploads\/2015\/03\/blogcafe1.jpg?fit=1024%2C683&ssl=1&resize=525%2C300 1.5x, https:\/\/i0.wp.com\/lyonelkaufmann.ch\/Blog\/wp-content\/uploads\/2015\/03\/blogcafe1.jpg?fit=1024%2C683&ssl=1&resize=700%2C400 2x"},"classes":[]},{"id":6285,"url":"https:\/\/lyonelkaufmann.ch\/Blog\/2012\/10\/16\/les-indiens-a-la-conquete-de-louest-la-vie-des-idees\/","url_meta":{"origin":7731,"position":4},"title":"Les Indiens \u00e0 la conqu\u00eate de l\u2019Ouest | La Vie des id\u00e9es","author":"Lyonel Kaufmann","date":"16 octobre 2012","format":false,"excerpt":"D\u00e9passer le r\u00e9cit national\u00a0: ce d\u00e9fi occupe les historiens depuis plusieurs d\u00e9cennies. Appliqu\u00e9e \u00e0 l\u2019Am\u00e9rique du Nord, il a boulevers\u00e9 notre compr\u00e9hension de ph\u00e9nom\u00e8nes historiques comme la \u00ab\u00a0Conqu\u00eate de l\u2019Ouest\u00a0\u00bb. Un historien finlandais propose, \u00e0 travers l\u2019histoire des Comanches, de pousser jusqu\u2019au bout ce renversement de perspectives pour mettre en\u2026","rel":"","context":"Dans &quot;histoire&quot;","block_context":{"text":"histoire","link":"https:\/\/lyonelkaufmann.ch\/Blog\/category\/histoire-2\/"},"img":{"alt_text":"","src":"https:\/\/i0.wp.com\/lyonelkaufmann.ch\/histoire\/wp-content\/uploads\/2012\/10\/arton2053-35d31.jpg?resize=350%2C200","width":350,"height":200},"classes":[]},{"id":293,"url":"https:\/\/lyonelkaufmann.ch\/Blog\/2008\/02\/27\/mshis11-film-histoire-mississippi-burning-alan-parker\/","url_meta":{"origin":7731,"position":5},"title":"Film &amp; Histoire : Mississippi Burning (Alan Parker)","author":"Lyonel Kaufmann","date":"27 f\u00e9vrier 2008","format":false,"excerpt":"En prolongement du travail \u00e0 r\u00e9aliser relativement \u00e0 l'utilisation du Film de fiction en classe d'histoire, voici quelques liens et des pistes d'utilisation possible en classe pour Mississippi Burning d'Alan Parker. Les fiches de pr\u00e9sentation du film sur Wikipedia: - Mississippi Burning en fran\u00e7ais - Mississippi Burning en anglais. Avec\u2026","rel":"","context":"Dans &quot;histoire&quot;","block_context":{"text":"histoire","link":"https:\/\/lyonelkaufmann.ch\/Blog\/category\/histoire-2\/"},"img":{"alt_text":"","src":"https:\/\/i0.wp.com\/img.youtube.com\/vi\/rmAqrMtB-Qg\/0.jpg?resize=350%2C200","width":350,"height":200},"classes":[]}],"jetpack_likes_enabled":true,"_links":{"self":[{"href":"https:\/\/lyonelkaufmann.ch\/Blog\/wp-json\/wp\/v2\/posts\/7731","targetHints":{"allow":["GET"]}}],"collection":[{"href":"https:\/\/lyonelkaufmann.ch\/Blog\/wp-json\/wp\/v2\/posts"}],"about":[{"href":"https:\/\/lyonelkaufmann.ch\/Blog\/wp-json\/wp\/v2\/types\/post"}],"author":[{"embeddable":true,"href":"https:\/\/lyonelkaufmann.ch\/Blog\/wp-json\/wp\/v2\/users\/1"}],"replies":[{"embeddable":true,"href":"https:\/\/lyonelkaufmann.ch\/Blog\/wp-json\/wp\/v2\/comments?post=7731"}],"version-history":[{"count":0,"href":"https:\/\/lyonelkaufmann.ch\/Blog\/wp-json\/wp\/v2\/posts\/7731\/revisions"}],"wp:featuredmedia":[{"embeddable":true,"href":"https:\/\/lyonelkaufmann.ch\/Blog\/wp-json\/wp\/v2\/media\/13475"}],"wp:attachment":[{"href":"https:\/\/lyonelkaufmann.ch\/Blog\/wp-json\/wp\/v2\/media?parent=7731"}],"wp:term":[{"taxonomy":"category","embeddable":true,"href":"https:\/\/lyonelkaufmann.ch\/Blog\/wp-json\/wp\/v2\/categories?post=7731"},{"taxonomy":"post_tag","embeddable":true,"href":"https:\/\/lyonelkaufmann.ch\/Blog\/wp-json\/wp\/v2\/tags?post=7731"}],"curies":[{"name":"wp","href":"https:\/\/api.w.org\/{rel}","templated":true}]}}