{"id":7732,"date":"2006-09-03T00:44:47","date_gmt":"2006-09-02T23:44:47","guid":{"rendered":"http:\/\/histoire.lyonelkaufmann.ch\/?p=185"},"modified":"2006-09-03T00:44:47","modified_gmt":"2006-09-02T23:44:47","slug":"le-vent-se-leve-ken-loach","status":"publish","type":"post","link":"https:\/\/lyonelkaufmann.ch\/Blog\/2006\/09\/03\/le-vent-se-leve-ken-loach\/","title":{"rendered":"Le vent se l\u00e8ve (Ken Loach)"},"content":{"rendered":"<div align=\"justify\"><img data-recalc-dims=\"1\" loading=\"lazy\" decoding=\"async\" src=\"https:\/\/i0.wp.com\/www.liberation.fr\/culture\/cinema\/_files\/file_199932_54866.jpg?resize=400%2C250\" height=\"250\" width=\"400\" \/><\/p>\n<blockquote><p><i>Ils ont tomb\u00e9 la veste. Ils courent en chemise et en bretelles, crosse de bois en main, \u00e0 travers la lande comme les enfants d&rsquo;ici. Ils crient, se bousculent de l&rsquo;\u00e9paule, se taquinent du regard. C&rsquo;est un match de hurling, le plus vieux sport d&rsquo;Irlande. Un hockey sur gazon, plus rapide, plus sauvage, plus rieur. Ici, pas de terrain. Juste la campagne, les herbes hautes et l&rsquo;orge pench\u00e9 par le vent. Ici pas de joueurs. Juste une poign\u00e9e de paysans, d&rsquo;amis rudes et de fr\u00e8res, comme Damien et Teddy. La partie est finie. Vestes sur l&rsquo;\u00e9paule, cheveux en d\u00e9sordre, les gars rentrent \u00e0 la ferme en parlant haut. Nous sommes en 1920. Ce doit \u00eatre le printemps. La campagne frissonne. Tout est calme, repos\u00e9, fraternel. Sur le pas de sa porte, bonnet de dentelle et tablier bleu, la vieille Peggy accueille les gar\u00e7ons comme on attend le ciel. Il y a du feu dans la chemin\u00e9e. Le th\u00e9 est pr\u00eat.<br \/>Et voici que surgit la meute. Une horde en uniforme vert sombre et fauve. Ils sont Anglais, arriv\u00e9s par bateaux entiers pour pr\u00eater main forte \u00e0 la lutte contre les r\u00e9publicains irlandais. Les Black and Tans ne sont pas des soldats r\u00e9guliers. [\u2026] On leur dit qu&rsquo;ils combattent une force \u00abdangereuse et brutale\u00bb,&nbsp;alors ils terrorisent.<br \/>Et les voil\u00e0 qui arrivent \u00e0 la ferme, qui descendent des camions en hurlant, fusil \u00e9paul\u00e9, ba\u00efonnette au canon. [\u2026] \u00abSalopards de catholiques !\u00bb&nbsp;hurle un Anglais. \u00abSale truie !\u00bb&nbsp;crache un autre en repoussant la vieille Peggy. Les crosses de fusil s&rsquo;abattent. Les joueurs de hurling sont brutalement adoss\u00e9s au mur de la ferme. Un officier anglais rappelle que les rassemblements d&rsquo;hommes sont interdits. Il leur ordonne de se d\u00e9shabiller. Claquement des culasses. [\u2026] \u00abTon nom ?\u00bb \u00abMicheail\u00bb,&nbsp;r\u00e9pond le plus jeune. \u00abEn anglais !\u00bb&nbsp;ordonne le Black and Tan. \u00abMicheail\u00bb,&nbsp;r\u00e9p\u00e8te le gamin. Les autres supplient, jurent qu&rsquo;il ne parle que le ga\u00e9lique, que c&rsquo;est son pr\u00e9nom en irlandais et qu&rsquo;il n&rsquo;a que 17 ans. \u00abTon nom, putain d&rsquo;Irlandais ?\u00bb&nbsp;Le jeune homme, front lev\u00e9. \u00abMicheail\u00bb&nbsp;. Des hommes l&#8217;emm\u00e8nent dans la remise et le tuent.<\/i><br \/><i><a href=\"http:\/\/www.liberation.fr\/culture\/cinema\/199932.FR.php\">Lib\u00e9ration<\/a><\/i> (23.08.2006)<\/p><\/blockquote>\n<p>Ces images sont les premi\u00e8res du <em>Vent se l\u00e8ve<\/em>,&nbsp;palme d&rsquo;or du Festival de Cannes qui a laiss\u00e9 a part belle \u00e0 l&rsquo;histoire. Si <em>Indig\u00e8nes<\/em> (voir <a href=\"http:\/\/histoire.lyonelkaufmann.ch\/?p=184\">notre billet pr\u00e9c\u00e9dent<\/a>) a re\u00e7u le prix d&rsquo;interpr\u00e9tation masculine pour ses cinq com\u00e9diens, <em>Le Vent se l\u00e8ve<\/em> de Ken Loach  a, pour sa part, raffler la Palme d&rsquo;Or :\u00a0\u00bb(Par contre, on \u00e9vitera le film <i>Marie-Antoinette<\/i> de Sofia Coppola; \u00e0 ce sujet lire notre billet <a href=\"http:\/\/lyonelkaufmann.ch\/histoire\/?p=150\">Marie-Antoinette en ado lassante<\/a>.)\u00a0\u00bb:.<\/p>\n<div align=\"center\"><img data-recalc-dims=\"1\" loading=\"lazy\" decoding=\"async\" src=\"https:\/\/i0.wp.com\/www.commeaucinema.com\/images\/galerie\/big\/50707_55964c29e1c4826cba4a4ea0c781024e.jpg?resize=525%2C350\" height=\"350\" width=\"525\" \/><br \/>Source : <a href=\"http:\/\/www.commeaucinema.com\/images\/galerie\/big\/50707_55964c29e1c4826cba4a4ea0c781024e.jpg\">Comme au cin\u00e9ma<\/a><\/div>\n<p>C&rsquo;est en Irlande et dans les ann\u00e9es 1920 que Ken Loach a plant\u00e9 le d\u00e9cor de son film. L&rsquo;intrigue ? Des paysans s\u2019unissent pour former une arm\u00e9e de volontaires contre les redoutables Black and Tans, troupes anglaises envoy\u00e9es par bateaux entiers pour mater les vell\u00e9it\u00e9s d&rsquo;ind\u00e9pendance du peuple irlandais. On suit leur trajectoire, la victoire contre les Britaniques, mais aussi la division entre les Irlandais qui m\u00eane elle \u00e0 la guerre civile. Et dans le film, deux fr\u00e8res qui deviennent ennemi.<\/p>\n<p>Vous retrouverez des informations compl\u00e9mentaires sur ce film sur le site<a href=\"http:\/\/www.commeaucinema.com\/news.php3?nominfos=50707\"> \u00ab\u00a0Comme au cin\u00e9ma\u00a0\u00bb<\/a>.<br \/>Sur la guerre au cin\u00e9ma, on lira avec attention <a href=\"%20film%20de%20guerre%20\/%20film%20sur%20la%20guerre\">Godard : film de guerre \/ film sur la guerre<\/a> de Netlex News<\/div>\n","protected":false},"excerpt":{"rendered":"<p>Ils ont tomb\u00e9 la veste. Ils courent en chemise et en bretelles, crosse de bois en main, \u00e0 travers la lande comme les enfants d&rsquo;ici. Ils crient, se bousculent de l&rsquo;\u00e9paule, se taquinent du regard. C&rsquo;est un match de hurling, le plus vieux sport d&rsquo;Irlande. Un hockey sur gazon, plus rapide, plus sauvage, plus rieur. [&hellip;]<\/p>\n","protected":false},"author":1,"featured_media":13476,"comment_status":"open","ping_status":"open","sticky":false,"template":"","format":"standard","meta":{"_import_markdown_pro_load_document_selector":0,"_import_markdown_pro_submit_text_textarea":"","_genesis_hide_title":false,"_genesis_hide_breadcrumbs":false,"_genesis_hide_singular_image":false,"_genesis_hide_footer_widgets":false,"_genesis_custom_body_class":"","_genesis_custom_post_class":"","_genesis_layout":"","jetpack_post_was_ever_published":false,"_jetpack_newsletter_access":"","_jetpack_dont_email_post_to_subs":false,"_jetpack_newsletter_tier_id":0,"_jetpack_memberships_contains_paywalled_content":false,"_jetpack_memberships_contains_paid_content":false,"activitypub_content_warning":"","activitypub_content_visibility":"","activitypub_max_image_attachments":3,"activitypub_interaction_policy_quote":"anyone","activitypub_status":"","footnotes":"","jetpack_publicize_message":"","jetpack_publicize_feature_enabled":true,"jetpack_social_post_already_shared":true,"jetpack_social_options":{"image_generator_settings":{"template":"fullscreen","default_image_id":0,"font":"","enabled":false},"version":2}},"categories":[2],"tags":[],"class_list":{"0":"post-7732","1":"post","2":"type-post","3":"status-publish","4":"format-standard","5":"has-post-thumbnail","7":"category-histoire-2","8":"entry"},"jetpack_publicize_connections":[],"featured_image_src":"https:\/\/i0.wp.com\/lyonelkaufmann.ch\/Blog\/wp-content\/uploads\/2015\/03\/50707_55964c29e1c4826cba4a4ea0c781024e.jpg?resize=590%2C393&ssl=1","featured_image_src_square":"https:\/\/i0.wp.com\/lyonelkaufmann.ch\/Blog\/wp-content\/uploads\/2015\/03\/50707_55964c29e1c4826cba4a4ea0c781024e.jpg?resize=590%2C393&ssl=1","author_info":{"display_name":"Lyonel Kaufmann","author_link":"https:\/\/lyonelkaufmann.ch\/Blog\/author\/lyonelk\/"},"jetpack_featured_media_url":"https:\/\/i0.wp.com\/lyonelkaufmann.ch\/Blog\/wp-content\/uploads\/2015\/03\/50707_55964c29e1c4826cba4a4ea0c781024e.jpg?fit=590%2C393&ssl=1","jetpack_sharing_enabled":true,"jetpack_shortlink":"https:\/\/wp.me\/p1qtF4-20I","jetpack-related-posts":[{"id":10324,"url":"https:\/\/lyonelkaufmann.ch\/Blog\/2013\/08\/04\/sequence-nostalgie-getamac-campagne-de-pub-dapple-2006\/","url_meta":{"origin":7732,"position":0},"title":"S\u00e9quence nostalgie : Getamac, campagne de pub d&rsquo;Apple (2006)","author":"Lyonel Kaufmann","date":"4 ao\u00fbt 2013","format":"video","excerpt":"Replongeant dans les entrailles de ce blog, cette ancienne pub pour mac ressort de sa bo\u00eete. \u00a0Elle me s\u00e9duit toujours autant. (cliquez pour sur l'image pour acc\u00e8der \u00e0 la vid\u00e9o) http:\/\/movies.apple.com\/movies\/us\/apple\/getamac_ads1\/restarting_480x376.mov J\u2019admire comment juste deux personnes sans aucun accessoire arrivent \u00e0 planter le d\u00e9cor. Evidemment, le meilleur acteur des deux\u2026","rel":"","context":"Dans &quot;Blogcaf\u00e9&quot;","block_context":{"text":"Blogcaf\u00e9","link":"https:\/\/lyonelkaufmann.ch\/Blog\/category\/blogcafe-2\/"},"img":{"alt_text":"","src":"https:\/\/i0.wp.com\/lyonelkaufmann.ch\/Blog\/wp-content\/uploads\/2015\/03\/139986829_05dbde06101.jpg?fit=438%2C374&ssl=1&resize=350%2C200","width":350,"height":200},"classes":[]},{"id":12501,"url":"https:\/\/lyonelkaufmann.ch\/Blog\/2006\/05\/03\/getamac-campagne-apple\/","url_meta":{"origin":7732,"position":1},"title":"Getamac : campagne Apple","author":"Lyonel Kaufmann","date":"3 mai 2006","format":false,"excerpt":"D\u00e9cid\u00e9ment cette nouvelle campagne de pubs d'Apple est trop bien faite. A chaque fois que je la regarde, le plaisir est le m\u00eame. C'est la pub de la campagne getamac qui renouvelle la campagne du switch de pc-windows \u00e0 mac. Mais mon clip pr\u00e9f\u00e9r\u00e9 est celui du pc qui reste\u2026","rel":"","context":"Dans &quot;Blogcaf\u00e9&quot;","block_context":{"text":"Blogcaf\u00e9","link":"https:\/\/lyonelkaufmann.ch\/Blog\/category\/blogcafe-2\/"},"img":{"alt_text":"","src":"https:\/\/i0.wp.com\/lyonelkaufmann.ch\/Blog\/wp-content\/uploads\/2015\/03\/139986829_05dbde0610.jpg?fit=438%2C374&ssl=1&resize=350%2C200","width":350,"height":200},"classes":[]},{"id":17951,"url":"https:\/\/lyonelkaufmann.ch\/Blog\/2017\/01\/15\/14-janvier-le-triomphe-des-militant-e-s-socialistes-vaudois\/","url_meta":{"origin":7732,"position":2},"title":"14 janvier &#8211; Le triomphe des militant-e-s socialistes vaudois","author":"Lyonel Kaufmann","date":"15 janvier 2017","format":false,"excerpt":"Quel beau samedi apr\u00e8s-midi \u00e0 Clarens ! Cesla Amarelle a \u00e9t\u00e9 d\u00e9sign\u00e9e au premier tour et \u00e0 58% des voix par les d\u00e9l\u00e9gu\u00e9s du Congr\u00e8s du Parti socialiste vaudois. Je n'avais jamais assist\u00e9 \u00e0 un Congr\u00e8s d'une telle ampleur sur sol vaudois avec ses presque 500 d\u00e9l\u00e9gu\u00e9s et \u00e0 une\u2026","rel":"","context":"Dans &quot;Diary&quot;","block_context":{"text":"Diary","link":"https:\/\/lyonelkaufmann.ch\/Blog\/category\/diary\/"},"img":{"alt_text":"","src":"https:\/\/i0.wp.com\/lyonelkaufmann.ch\/Blog\/wp-content\/uploads\/2017\/01\/Image-15.01.17-09-03.jpeg?fit=1152%2C768&ssl=1&resize=350%2C200","width":350,"height":200,"srcset":"https:\/\/i0.wp.com\/lyonelkaufmann.ch\/Blog\/wp-content\/uploads\/2017\/01\/Image-15.01.17-09-03.jpeg?fit=1152%2C768&ssl=1&resize=350%2C200 1x, https:\/\/i0.wp.com\/lyonelkaufmann.ch\/Blog\/wp-content\/uploads\/2017\/01\/Image-15.01.17-09-03.jpeg?fit=1152%2C768&ssl=1&resize=525%2C300 1.5x, https:\/\/i0.wp.com\/lyonelkaufmann.ch\/Blog\/wp-content\/uploads\/2017\/01\/Image-15.01.17-09-03.jpeg?fit=1152%2C768&ssl=1&resize=700%2C400 2x, https:\/\/i0.wp.com\/lyonelkaufmann.ch\/Blog\/wp-content\/uploads\/2017\/01\/Image-15.01.17-09-03.jpeg?fit=1152%2C768&ssl=1&resize=1050%2C600 3x"},"classes":[]},{"id":10591,"url":"https:\/\/lyonelkaufmann.ch\/Blog\/2013\/08\/11\/col-de-lalbula-alpes-grisonnes\/","url_meta":{"origin":7732,"position":3},"title":"Col de l&rsquo;Albula &amp; Alpes grisonnes","author":"Lyonel Kaufmann","date":"11 ao\u00fbt 2013","format":false,"excerpt":"Samedi, deuxi\u00e8me journ\u00e9e de notre petite vir\u00e9e \u00e0 moto et en duo dans les Alpes suisses, cette \u00e9tape partant d'Altdorf nous a men\u00e9 d'abord au col du Klausen, puis \u00e0 Davos, au col de la Fluela, \u00e0 Zernez, au col de l'Albula pour rejoindre enfin Disentis\/Must\u00e9r. Si la nuit porte\u2026","rel":"","context":"Dans &quot;Roadbook&quot;","block_context":{"text":"Roadbook","link":"https:\/\/lyonelkaufmann.ch\/Blog\/category\/roadbook\/"},"img":{"alt_text":"","src":"https:\/\/i0.wp.com\/lyonelkaufmann.ch\/Blog\/wp-content\/uploads\/2015\/03\/20130811-174329.jpg?fit=600%2C800&ssl=1&resize=350%2C200","width":350,"height":200,"srcset":"https:\/\/i0.wp.com\/lyonelkaufmann.ch\/Blog\/wp-content\/uploads\/2015\/03\/20130811-174329.jpg?fit=600%2C800&ssl=1&resize=350%2C200 1x, https:\/\/i0.wp.com\/lyonelkaufmann.ch\/Blog\/wp-content\/uploads\/2015\/03\/20130811-174329.jpg?fit=600%2C800&ssl=1&resize=525%2C300 1.5x"},"classes":[]},{"id":16184,"url":"https:\/\/lyonelkaufmann.ch\/Blog\/2016\/03\/27\/roadbook-st-urban-pfaffnau\/","url_meta":{"origin":7732,"position":4},"title":"Roadbook : St. Urban (Pfaffnau)","author":"Lyonel Kaufmann","date":"27 mars 2016","format":"image","excerpt":"Ma premi\u00e8re rencontre avec le monast\u00e8re de St. Urban \u00e9tait singuli\u00e8re. J'arrivais depuis Roggwil et me dirigeais vers Langenthal. A un carrefour, je l'ai aper\u00e7u au loin dans la direction oppos\u00e9e. Ensuite, je le voyais dans les r\u00e9troviseurs de ma moto. Arriv\u00e9 \u00e0 mon domicile, j'ai cherch\u00e9 \u00e0 savoir de\u2026","rel":"","context":"Dans &quot;Roadbook&quot;","block_context":{"text":"Roadbook","link":"https:\/\/lyonelkaufmann.ch\/Blog\/category\/roadbook\/"},"img":{"alt_text":"","src":"https:\/\/i0.wp.com\/lyonelkaufmann.ch\/Blog\/wp-content\/uploads\/2016\/03\/399c-6eb5-b699-ff61-2.jpg?fit=1200%2C797&ssl=1&resize=350%2C200","width":350,"height":200,"srcset":"https:\/\/i0.wp.com\/lyonelkaufmann.ch\/Blog\/wp-content\/uploads\/2016\/03\/399c-6eb5-b699-ff61-2.jpg?fit=1200%2C797&ssl=1&resize=350%2C200 1x, https:\/\/i0.wp.com\/lyonelkaufmann.ch\/Blog\/wp-content\/uploads\/2016\/03\/399c-6eb5-b699-ff61-2.jpg?fit=1200%2C797&ssl=1&resize=525%2C300 1.5x, https:\/\/i0.wp.com\/lyonelkaufmann.ch\/Blog\/wp-content\/uploads\/2016\/03\/399c-6eb5-b699-ff61-2.jpg?fit=1200%2C797&ssl=1&resize=700%2C400 2x, https:\/\/i0.wp.com\/lyonelkaufmann.ch\/Blog\/wp-content\/uploads\/2016\/03\/399c-6eb5-b699-ff61-2.jpg?fit=1200%2C797&ssl=1&resize=1050%2C600 3x"},"classes":[]},{"id":21104,"url":"https:\/\/lyonelkaufmann.ch\/Blog\/2020\/01\/28\/dans-le-retroviseur-steve-job-presente-lipad-le-27-janvier-2010\/","url_meta":{"origin":7732,"position":5},"title":"Dans le r\u00e9troviseur : le 27 janvier 2010, Steve Job pr\u00e9sente l\u2019iPad","author":"Lyonel Kaufmann","date":"28 janvier 2020","format":false,"excerpt":"Il y a dix ans, Steve Jobs pr\u00e9sentait \u00e0 l\u2019occasion d\u2019un \u00e9v\u00e9nement sp\u00e9cial le premier iPad. Flashback. Dans son keynote, Steve Jobs pr\u00e9sentait l\u2019iPad comme le repr\u00e9sentant d\u2019une nouvelle cat\u00e9gorie de produit entre le t\u00e9l\u00e9phone portable et l\u2019ordinateur portable. Comme un produit capable de faire beaucoup mieux que ces deux\u2026","rel":"","context":"Dans &quot;Blogcaf\u00e9&quot;","block_context":{"text":"Blogcaf\u00e9","link":"https:\/\/lyonelkaufmann.ch\/Blog\/category\/blogcafe-2\/"},"img":{"alt_text":"","src":"https:\/\/i0.wp.com\/lyonelkaufmann.ch\/Blog\/wp-content\/uploads\/2020\/01\/DraggedImage.fa0f6e59b22c4007ad78b540acb9abe3.png?fit=300%2C298&ssl=1&resize=350%2C200","width":350,"height":200},"classes":[]}],"jetpack_likes_enabled":true,"_links":{"self":[{"href":"https:\/\/lyonelkaufmann.ch\/Blog\/wp-json\/wp\/v2\/posts\/7732","targetHints":{"allow":["GET"]}}],"collection":[{"href":"https:\/\/lyonelkaufmann.ch\/Blog\/wp-json\/wp\/v2\/posts"}],"about":[{"href":"https:\/\/lyonelkaufmann.ch\/Blog\/wp-json\/wp\/v2\/types\/post"}],"author":[{"embeddable":true,"href":"https:\/\/lyonelkaufmann.ch\/Blog\/wp-json\/wp\/v2\/users\/1"}],"replies":[{"embeddable":true,"href":"https:\/\/lyonelkaufmann.ch\/Blog\/wp-json\/wp\/v2\/comments?post=7732"}],"version-history":[{"count":0,"href":"https:\/\/lyonelkaufmann.ch\/Blog\/wp-json\/wp\/v2\/posts\/7732\/revisions"}],"wp:featuredmedia":[{"embeddable":true,"href":"https:\/\/lyonelkaufmann.ch\/Blog\/wp-json\/wp\/v2\/media\/13476"}],"wp:attachment":[{"href":"https:\/\/lyonelkaufmann.ch\/Blog\/wp-json\/wp\/v2\/media?parent=7732"}],"wp:term":[{"taxonomy":"category","embeddable":true,"href":"https:\/\/lyonelkaufmann.ch\/Blog\/wp-json\/wp\/v2\/categories?post=7732"},{"taxonomy":"post_tag","embeddable":true,"href":"https:\/\/lyonelkaufmann.ch\/Blog\/wp-json\/wp\/v2\/tags?post=7732"}],"curies":[{"name":"wp","href":"https:\/\/api.w.org\/{rel}","templated":true}]}}