{"id":7736,"date":"2006-09-15T06:44:32","date_gmt":"2006-09-15T05:44:32","guid":{"rendered":"http:\/\/histoire.lyonelkaufmann.ch\/?p=193"},"modified":"2006-09-15T06:44:32","modified_gmt":"2006-09-15T05:44:32","slug":"beevor-anthony-2006-la-guerre-despagne","status":"publish","type":"post","link":"https:\/\/lyonelkaufmann.ch\/Blog\/2006\/09\/15\/beevor-anthony-2006-la-guerre-despagne\/","title":{"rendered":"Beevor Anthony (2006) &#8211; La Guerre d&rsquo;Espagne"},"content":{"rendered":"<div align=\"left\"><img data-recalc-dims=\"1\" loading=\"lazy\" decoding=\"async\" width=\"167\" height=\"220\" alt=\"Beevor - Guerre d'Espagne\" src=\"https:\/\/i0.wp.com\/www.liberation.fr\/culture\/livre\/_files\/file_204332_41451.jpg?resize=167%2C220\" \/><\/div>\n<div align=\"justify\"><span style=\"color:#222222;\"><\/span><span style=\"color:#222222;\"><strong><em>La Guerre d\u2019Espagne<\/em><\/strong><\/span><span style=\"color:#222222;\"><em> <\/em><\/span><span style=\"color:#222222;\">de l\u2019Anglais Anthony Beevor remporte en Espagne un grand succ\u00e8s depuis 2005. Beevor avait d\u00e9j\u00e0 publi\u00e9 en 1982 (apr\u00e8s six ans de travail) une premi\u00e8re version de cet essai historique. C\u2019est son \u00e9diteur espagnol qui l\u2019a pouss\u00e9 \u00e0 r\u00e9diger une nouvelle mouture en b\u00e9n\u00e9ficiant des travaux les plus r\u00e9cents ainsi que l&rsquo;acc\u00e8s aux archives allemandes et sovi\u00e9tiques. <\/span><\/div>\n<div align=\"justify\"><span style=\"color:#222222;\">Cela nous permet de lire aujourd\u2019hui ce livre r\u00e9aliste ni hagiographique \u00e0 l&rsquo;\u00e9gard des R\u00e9publicains, ni silencieux sur les exactions du camp nationaliste.<\/span><\/div>\n<div align=\"justify\"><span style=\"color:#222222;\">Pour une pr\u00e9sentation plus d\u00e9taill\u00e9e de l&rsquo;ouvrage, vous pouvez lire le compte-rendu de <\/span><span style=\"color:#222222;\"><strong>Lib\u00e9ration<\/strong><\/span><span style=\"color:#222222;\"> <\/span><strong><a href=\"http:\/\/www.liberation.fr\/culture\/livre\/204332.FR.php\">\u00ab\u00a0Une nouvelle Guerre d&rsquo;Espagne\u00a0\u00bb<\/a><\/strong><br \/>\n<span style=\"color:#1919ff;text-decoration:underline;\"><strong><\/strong><\/span><span style=\"color:#222222;\">Relativement aux Suisses et \u00e0 la Guerre d&rsquo;Espagne, je vous renvoie \u00e0 mon billet <\/span><strong><a href=\"http:\/\/lyonelkaufmann.ch\/histoire\/?p=172\">\u00ab\u00a0Les Suisses et la Guerre d&rsquo;Espagne (1936-1939)\u00a0\u00bb<\/a><\/strong><span style=\"color:#222222;\"> qui vous fournira \u00e9galement \u00e0 un certain nombre de liens relatif \u00e0 des sites \u00ab\u00a0g\u00e9n\u00e9ralistes\u00a0\u00bb sur la Guerre d&rsquo;Espagne.<\/span><\/div>\n<p><!-- technorati tags start --><\/p>\n<p style=\"text-align:right;font-size:10px;\">Technorati Tags: <a rel=\"tag\" href=\"http:\/\/www.technorati.com\/tag\/1936\">1936<\/a>, <a rel=\"tag\" href=\"http:\/\/www.technorati.com\/tag\/comm\u00e9moration\">comm\u00e9moration<\/a>, <a rel=\"tag\" href=\"http:\/\/www.technorati.com\/tag\/GuerreEspagne\">GuerreEspagne<\/a><\/p>\n<p><!-- technorati tags end --><\/p>\n","protected":false},"excerpt":{"rendered":"<p>La Guerre d\u2019Espagne de l\u2019Anglais Anthony Beevor remporte en Espagne un grand succ\u00e8s depuis 2005. Beevor avait d\u00e9j\u00e0 publi\u00e9 en 1982 (apr\u00e8s six ans de travail) une premi\u00e8re version de cet essai historique. C\u2019est son \u00e9diteur espagnol qui l\u2019a pouss\u00e9 \u00e0 r\u00e9diger une nouvelle mouture en b\u00e9n\u00e9ficiant des travaux les plus r\u00e9cents ainsi que l&rsquo;acc\u00e8s [&hellip;]<\/p>\n","protected":false},"author":1,"featured_media":8387,"comment_status":"open","ping_status":"open","sticky":false,"template":"","format":"standard","meta":{"_import_markdown_pro_load_document_selector":0,"_import_markdown_pro_submit_text_textarea":"","_genesis_hide_title":false,"_genesis_hide_breadcrumbs":false,"_genesis_hide_singular_image":false,"_genesis_hide_footer_widgets":false,"_genesis_custom_body_class":"","_genesis_custom_post_class":"","_genesis_layout":"","jetpack_post_was_ever_published":false,"_jetpack_newsletter_access":"","_jetpack_dont_email_post_to_subs":false,"_jetpack_newsletter_tier_id":0,"_jetpack_memberships_contains_paywalled_content":false,"_jetpack_memberships_contains_paid_content":false,"activitypub_content_warning":"","activitypub_content_visibility":"","activitypub_max_image_attachments":3,"activitypub_interaction_policy_quote":"anyone","activitypub_status":"","footnotes":"","jetpack_publicize_message":"","jetpack_publicize_feature_enabled":true,"jetpack_social_post_already_shared":true,"jetpack_social_options":{"image_generator_settings":{"template":"fullscreen","default_image_id":0,"font":"","enabled":false},"version":2}},"categories":[2],"tags":[],"class_list":{"0":"post-7736","1":"post","2":"type-post","3":"status-publish","4":"format-standard","5":"has-post-thumbnail","7":"category-histoire-2","8":"entry"},"jetpack_publicize_connections":[],"featured_image_src":null,"featured_image_src_square":null,"author_info":{"display_name":"Lyonel Kaufmann","author_link":"https:\/\/lyonelkaufmann.ch\/Blog\/author\/lyonelk\/"},"jetpack_featured_media_url":"","jetpack_sharing_enabled":true,"jetpack_shortlink":"https:\/\/wp.me\/p1qtF4-20M","jetpack-related-posts":[{"id":7722,"url":"https:\/\/lyonelkaufmann.ch\/Blog\/2006\/07\/25\/les-suisses-et-la-guerre-despagne\/","url_meta":{"origin":7736,"position":0},"title":"Les Suisses et la Guerre d&rsquo;Espagne (1936-1939)","author":"Lyonel Kaufmann","date":"25 juillet 2006","format":false,"excerpt":"Le 18 juillet 1936 marque le d\u00e9but de la Guerre d'Espagne. Ce jour-l\u00e0, l'arm\u00e9e tente un coup d'Etat; ce dernier \u00e9choue, mais les g\u00e9n\u00e9raux rebelles, parmi lesquels figure le g\u00e9n\u00e9ral Franco, refusent la m\u00e9diation et poursuivent le combat. Pendant trois ans, cette guerre va d\u00e9chirer l'Espagne et co\u00fbter la vie\u2026","rel":"","context":"Dans &quot;histoire&quot;","block_context":{"text":"histoire","link":"https:\/\/lyonelkaufmann.ch\/Blog\/category\/histoire-2\/"},"img":{"alt_text":"","src":"https:\/\/i0.wp.com\/lyonelkaufmann.ch\/Blog\/wp-content\/uploads\/2015\/03\/blogcafe1.jpg?fit=1024%2C683&ssl=1&resize=350%2C200","width":350,"height":200,"srcset":"https:\/\/i0.wp.com\/lyonelkaufmann.ch\/Blog\/wp-content\/uploads\/2015\/03\/blogcafe1.jpg?fit=1024%2C683&ssl=1&resize=350%2C200 1x, https:\/\/i0.wp.com\/lyonelkaufmann.ch\/Blog\/wp-content\/uploads\/2015\/03\/blogcafe1.jpg?fit=1024%2C683&ssl=1&resize=525%2C300 1.5x, https:\/\/i0.wp.com\/lyonelkaufmann.ch\/Blog\/wp-content\/uploads\/2015\/03\/blogcafe1.jpg?fit=1024%2C683&ssl=1&resize=700%2C400 2x"},"classes":[]},{"id":5023,"url":"https:\/\/lyonelkaufmann.ch\/Blog\/2012\/02\/07\/revue-de-presse-benoit-falaize-marianne-koreta-dir-la-guerre-despagne-lecrire-et-lenseigner\/","url_meta":{"origin":7736,"position":1},"title":"Revue de presse : Beno\u00eet Falaize, Marianne Koreta (dir.), La guerre d&rsquo;Espagne. L&rsquo;\u00e9crire et l&rsquo;enseigner","author":"Lyonel Kaufmann","date":"7 f\u00e9vrier 2012","format":false,"excerpt":"Il 's'agit d'un compte-rendu de l\u2019ouvrage dirig\u00e9 par Beno\u00eet Falaize et Marianne Koreta, issu des rencontres internationales de Lyon en 2007 autour des fa\u00e7ons d\u2019\u00e9crire et d\u2019enseigner la guerre d\u2019Espagne. L'ouvrage est compos\u00e9 de deux grandes parties, regroupant chacune plusieurs articles. Au sein de la premi\u00e8re partie, sont d\u00e9velopp\u00e9s, tout\u2026","rel":"","context":"Dans &quot;histoire&quot;","block_context":{"text":"histoire","link":"https:\/\/lyonelkaufmann.ch\/Blog\/category\/histoire-2\/"},"img":{"alt_text":"","src":"https:\/\/i0.wp.com\/lyonelkaufmann.ch\/Blog\/wp-content\/uploads\/2015\/03\/blogcafe1.jpg?fit=1024%2C683&ssl=1&resize=350%2C200","width":350,"height":200,"srcset":"https:\/\/i0.wp.com\/lyonelkaufmann.ch\/Blog\/wp-content\/uploads\/2015\/03\/blogcafe1.jpg?fit=1024%2C683&ssl=1&resize=350%2C200 1x, https:\/\/i0.wp.com\/lyonelkaufmann.ch\/Blog\/wp-content\/uploads\/2015\/03\/blogcafe1.jpg?fit=1024%2C683&ssl=1&resize=525%2C300 1.5x, https:\/\/i0.wp.com\/lyonelkaufmann.ch\/Blog\/wp-content\/uploads\/2015\/03\/blogcafe1.jpg?fit=1024%2C683&ssl=1&resize=700%2C400 2x"},"classes":[]},{"id":3819,"url":"https:\/\/lyonelkaufmann.ch\/Blog\/2011\/06\/08\/franco-rigoureux-et-efficace-une-bio-fait-scandale-en-espagne-rue89\/","url_meta":{"origin":7736,"position":2},"title":"Franco \u00ab rigoureux et efficace \u00bb ? Une bio fait scandale en Espagne | Rue89","author":"Lyonel Kaufmann","date":"8 juin 2011","format":false,"excerpt":"Point de dictateur\u00a0: Francisco Franco \u00e9tait un \u00ab\u00a0chef rigoureux et efficace\u00a0\u00bb, selon un volumineux dictionnaire biographique financ\u00e9 par des fonds publics qui secoue l'Espagne. Les extraits rapport\u00e9s par l'article de Rue89 sont \u00e9difiants en eux-m\u00eames: \u00ab\u00a0Le courage et le sang froid qu'il montrait sur le champ [de bataille] l'a vite\u2026","rel":"","context":"Dans &quot;histoire&quot;","block_context":{"text":"histoire","link":"https:\/\/lyonelkaufmann.ch\/Blog\/category\/histoire-2\/"},"img":{"alt_text":"","src":"https:\/\/i0.wp.com\/lyonelkaufmann.ch\/Blog\/wp-content\/uploads\/2015\/03\/blogcafe1.jpg?fit=1024%2C683&ssl=1&resize=350%2C200","width":350,"height":200,"srcset":"https:\/\/i0.wp.com\/lyonelkaufmann.ch\/Blog\/wp-content\/uploads\/2015\/03\/blogcafe1.jpg?fit=1024%2C683&ssl=1&resize=350%2C200 1x, https:\/\/i0.wp.com\/lyonelkaufmann.ch\/Blog\/wp-content\/uploads\/2015\/03\/blogcafe1.jpg?fit=1024%2C683&ssl=1&resize=525%2C300 1.5x, https:\/\/i0.wp.com\/lyonelkaufmann.ch\/Blog\/wp-content\/uploads\/2015\/03\/blogcafe1.jpg?fit=1024%2C683&ssl=1&resize=700%2C400 2x"},"classes":[]},{"id":6788,"url":"https:\/\/lyonelkaufmann.ch\/Blog\/2013\/02\/10\/le-traite-de-paris-de-1763-est-le-document-le-plus-important-de-notre-histoire-le-devoir\/","url_meta":{"origin":7736,"position":3},"title":"Le trait\u00e9 de Paris de 1763 est le document le plus important de notre histoire | Le Devoir","author":"Lyonel Kaufmann","date":"10 f\u00e9vrier 2013","format":false,"excerpt":"Apr\u00e8s les comm\u00e9morations canadiennes du 200e anniversaire de la Guerre de 1812, c'est au tour du trait\u00e9 de Paris de 1763 d'entrer dans la danse. La bataille des plaines d\u2019Abraham de 1759.\u00a0Photo : Approvisionnements et Services Canada. La bataille des plaines d\u2019Abraham du 13 septembre 1759 est devenue un des\u2026","rel":"","context":"Dans &quot;histoire&quot;","block_context":{"text":"histoire","link":"https:\/\/lyonelkaufmann.ch\/Blog\/category\/histoire-2\/"},"img":{"alt_text":"","src":"https:\/\/i0.wp.com\/lyonelkaufmann.ch\/Blog\/wp-content\/uploads\/2015\/03\/image4.jpg?fit=915%2C590&ssl=1&resize=350%2C200","width":350,"height":200,"srcset":"https:\/\/i0.wp.com\/lyonelkaufmann.ch\/Blog\/wp-content\/uploads\/2015\/03\/image4.jpg?fit=915%2C590&ssl=1&resize=350%2C200 1x, https:\/\/i0.wp.com\/lyonelkaufmann.ch\/Blog\/wp-content\/uploads\/2015\/03\/image4.jpg?fit=915%2C590&ssl=1&resize=525%2C300 1.5x, https:\/\/i0.wp.com\/lyonelkaufmann.ch\/Blog\/wp-content\/uploads\/2015\/03\/image4.jpg?fit=915%2C590&ssl=1&resize=700%2C400 2x"},"classes":[]},{"id":989,"url":"https:\/\/lyonelkaufmann.ch\/Blog\/2008\/05\/13\/rififi-autour-eurovision-1968\/","url_meta":{"origin":7736,"position":4},"title":"Rififi autour de l&rsquo;Eurovision\u2026 1968","author":"Lyonel Kaufmann","date":"13 mai 2008","format":"aside","excerpt":"Franco aurait-il soudoy\u00e9 les jurys pour s'assurer de la victoire de l'Espagne lors de l'Euro 1968. Si oui, faut-il rendre la victoire \u00e0 la Grande-Bretagne qui avait fini deuxi\u00e8me? Et si tout cela n'\u00e9tait pas tout simplement le moyen de faire du buzz autour de l'\u00e9dition 2008 pour favoriser le\u2026","rel":"","context":"Dans &quot;Blogcaf\u00e9&quot;","block_context":{"text":"Blogcaf\u00e9","link":"https:\/\/lyonelkaufmann.ch\/Blog\/category\/blogcafe-2\/"},"img":{"alt_text":"","src":"https:\/\/i0.wp.com\/lyonelkaufmann.ch\/Blog\/wp-content\/uploads\/2015\/03\/050.jpg?fit=480%2C360&ssl=1&resize=350%2C200","width":350,"height":200},"classes":[]},{"id":19733,"url":"https:\/\/lyonelkaufmann.ch\/Blog\/2018\/12\/01\/livre-adolfo-kaminsky-une-vie-de-faussaire-de-sarah-kaminsky\/","url_meta":{"origin":7736,"position":5},"title":"Livre : Adolfo Kaminsky, une vie de faussaire de Sarah Kaminsky","author":"Lyonel Kaufmann","date":"1 d\u00e9cembre 2018","format":false,"excerpt":"Adolfo Kaminsky, une vie de faussaire de Sarah Kaminsky (Le Livre de Poche), 264\u00a0p., 7,20\u2009\u20ac Pr\u00e9sentation de l\u2019\u00e9diteur : \u00ab Le calcul est simple. En une heure, je fabrique trente faux papiers. Si je dors une heure, trente personnes mourront... \u00bb Quand, \u00e0 17 ans, Adolfo Kaminsky devient l'expert en\u2026","rel":"","context":"Dans &quot;Blogcaf\u00e9&quot;","block_context":{"text":"Blogcaf\u00e9","link":"https:\/\/lyonelkaufmann.ch\/Blog\/category\/blogcafe-2\/"},"img":{"alt_text":"","src":"https:\/\/i0.wp.com\/lyonelkaufmann.ch\/Blog\/wp-content\/uploads\/2018\/12\/9D6536A7-2BF8-499E-8E59-4539B14A0AF2.jpeg?fit=269%2C435&ssl=1&resize=350%2C200","width":350,"height":200},"classes":[]}],"jetpack_likes_enabled":true,"_links":{"self":[{"href":"https:\/\/lyonelkaufmann.ch\/Blog\/wp-json\/wp\/v2\/posts\/7736","targetHints":{"allow":["GET"]}}],"collection":[{"href":"https:\/\/lyonelkaufmann.ch\/Blog\/wp-json\/wp\/v2\/posts"}],"about":[{"href":"https:\/\/lyonelkaufmann.ch\/Blog\/wp-json\/wp\/v2\/types\/post"}],"author":[{"embeddable":true,"href":"https:\/\/lyonelkaufmann.ch\/Blog\/wp-json\/wp\/v2\/users\/1"}],"replies":[{"embeddable":true,"href":"https:\/\/lyonelkaufmann.ch\/Blog\/wp-json\/wp\/v2\/comments?post=7736"}],"version-history":[{"count":0,"href":"https:\/\/lyonelkaufmann.ch\/Blog\/wp-json\/wp\/v2\/posts\/7736\/revisions"}],"wp:featuredmedia":[{"embeddable":true,"href":"https:\/\/lyonelkaufmann.ch\/Blog\/wp-json\/"}],"wp:attachment":[{"href":"https:\/\/lyonelkaufmann.ch\/Blog\/wp-json\/wp\/v2\/media?parent=7736"}],"wp:term":[{"taxonomy":"category","embeddable":true,"href":"https:\/\/lyonelkaufmann.ch\/Blog\/wp-json\/wp\/v2\/categories?post=7736"},{"taxonomy":"post_tag","embeddable":true,"href":"https:\/\/lyonelkaufmann.ch\/Blog\/wp-json\/wp\/v2\/tags?post=7736"}],"curies":[{"name":"wp","href":"https:\/\/api.w.org\/{rel}","templated":true}]}}