{"id":7744,"date":"2006-10-11T22:37:11","date_gmt":"2006-10-11T21:37:11","guid":{"rendered":"http:\/\/histoire.lyonelkaufmann.ch\/?p=205"},"modified":"2006-10-11T22:37:11","modified_gmt":"2006-10-11T21:37:11","slug":"lanalyse-de-documents-lunivers-social","status":"publish","type":"post","link":"https:\/\/lyonelkaufmann.ch\/Blog\/2006\/10\/11\/lanalyse-de-documents-lunivers-social\/","title":{"rendered":"L&rsquo;Analyse de documents  &#8211; l&rsquo;Univers social"},"content":{"rendered":"<div align=\"justify\">Dans le cadre de la pr\u00e9paration de son Congr\u00e8s 2007 des 26,27 et 28 octobre 2006  Qu\u00e9bec  \u2014intitul\u00e9 <em>Concepts et comp\u00e9tences, un pont \u00e0 construire<\/em>\u2014, le Congr\u00e8s de l&rsquo;Univers social propose un certain nombre d&rsquo;articles et de dossiers \u00e0 l&rsquo;intention de ses participants. Le troisi\u00e8me article concerne <strong><a href=\"http:\/\/www.recitus.qc.ca\/congres\/article.php3?id_article=38\">L\u2019analyse des documents et la pens\u00e9e critique.<br \/>\n<\/a><\/strong>Dans la perspective de la conduite d&rsquo;une s\u00e9quence, l&rsquo;article rappelle qu&rsquo;en Sciences humaines, \u00ab\u00a0<em>l\u2019utilisation de documents est essentielle lorsque vient le moment de choisir des exemples et des contre-exemples ou d\u2019interpr\u00e9ter un changement dans une soci\u00e9t\u00e9 ou sur son territoire ou un enjeu territorial.\u00a0\u00bb <\/em><br \/>\nL&rsquo;article se poursuit en pr\u00e9sentant une d\u00e9marche syst\u00e9matique afin que l&rsquo;enseignant proc\u00e8de \u00e0 une analyse pr\u00e9alable de ceux-ci avant de les utiliser en classe.<br \/>\nTout document \u00e9tant par essence une <strong>construction m\u00e9diatique<\/strong>, la d\u00e9marche s&rsquo;appuie sur la m\u00e9thode des sept champs d&rsquo;investigations issus de l&rsquo;\u00e9ducation aux m\u00e9dias. Cette m\u00e9thode vaut autant pour le ma\u00eetre que pour l&rsquo;\u00e9l\u00e8ve. Ces sept champs sont les suivants :<br \/>\n* les repr\u00e9sentations;<br \/>\n* les publics,;<br \/>\n* les types de messages soit leurs genres (le r\u00e9cit, la carte, la photo ou l\u2019image, le film documentaire, l\u2019affiche, le t\u00e9l\u00e9roman, le t\u00e9l\u00e9journal, la page Web, etc.);<br \/>\n* les langages et les technologies;<br \/>\n<span style=\"font-size:12pt;color:#000000;\">* l<\/span>es producteurs;<br \/>\n<span style=\"font-size:12pt;color:#000000;\">* <\/span>les auteurs et les diffuseurs;<br \/>\n* l\u2019esth\u00e9tique.<\/p>\n<p>Cette m\u00e9thode doit amener l\u2019\u00e9l\u00e8ve \u00e0 d\u00e9couvrir le sens des repr\u00e9sentations, \u00e0 comparer entre les faits et les opinions, \u00e0 qualifier les messages, \u00e0 distinguer entre la repr\u00e9sentation de la r\u00e9alit\u00e9 et celle qui est virtuelle ou fictive, \u00e0 identifier les publics vis\u00e9s, \u00e0 reconna\u00eetre les genres m\u00e9diatiques, les \u00e9l\u00e9ments du langage m\u00e9diatique (son, image, mouvement, sens et forme du message) et la tr\u00e8s grande vari\u00e9t\u00e9 des technologies utilis\u00e9es, \u00e0 identifier les auteurs, les producteurs et les diffuseurs et \u00e0 appr\u00e9cier les qualit\u00e9s esth\u00e9tiques des messages m\u00e9diatis\u00e9s et la diversit\u00e9 de leurs formes.<\/p>\n<p>Apr\u00e8s avoir pr\u00e9sent\u00e9 les \u00e9l\u00e9ments relatifs \u00e0 ces sept champs, l&rsquo;article s&rsquo;attache \u00e0 souligner l&rsquo;importance d&rsquo;une meilleure analyse des images pr\u00e9sentes dans ces documents. Cette analyse peut \u00eatre conduite en 5 points (ou temps) :<br \/>\n* faire observer l\u2019image et faire parler l\u2019\u00e9l\u00e8ve\u00a0;<br \/>\n* faire pr\u00e9ciser quel est le message\u00a0;<br \/>\n* expliquer le contexte\u00a0: s\u2019exprimer, dire ce que l\u2019on voit et comprendre en explicitant pourquoi\u00a0;<br \/>\n* exprimer son opinion sur l\u2019efficacit\u00e9 de l\u2019image pour v\u00e9hiculer le message\u00a0;<br \/>\n* v\u00e9rifier si la compr\u00e9hension est ad\u00e9quate.<\/p>\n<p>La question des droits et responsabilit\u00e9 ainsi que des habilet\u00e9s cognitives \u00e0 d\u00e9velopper concluent l&rsquo;article. La synth\u00e8se des habilet\u00e9s cognitives offre un panorama de pistes vari\u00e9es et int\u00e9ressantes \u00e0 d\u00e9velopper dans des activit\u00e9s d&rsquo;\u00e9l\u00e8ves conduites \u00e0 l&rsquo;aide de documents et de niveau taxonomique \u00e9lev\u00e9 tout en permettant de d\u00e9velopper leur pens\u00e9e critique.<\/p>\n<p>\u00c0 lire : <strong><a href=\"http:\/\/www.recitus.qc.ca\/congres\/article.php3?id_article=38\">L\u2019analyse des documents et la pens\u00e9e critique.<\/a><\/strong><\/div>\n","protected":false},"excerpt":{"rendered":"<p>Dans le cadre de la pr\u00e9paration de son Congr\u00e8s 2007 des 26,27 et 28 octobre 2006 Qu\u00e9bec \u2014intitul\u00e9 Concepts et comp\u00e9tences, un pont \u00e0 construire\u2014, le Congr\u00e8s de l&rsquo;Univers social propose un certain nombre d&rsquo;articles et de dossiers \u00e0 l&rsquo;intention de ses participants. Le troisi\u00e8me article concerne L\u2019analyse des documents et la pens\u00e9e critique. Dans [&hellip;]<\/p>\n","protected":false},"author":1,"featured_media":14680,"comment_status":"open","ping_status":"open","sticky":false,"template":"","format":"standard","meta":{"_import_markdown_pro_load_document_selector":0,"_import_markdown_pro_submit_text_textarea":"","_genesis_hide_title":false,"_genesis_hide_breadcrumbs":false,"_genesis_hide_singular_image":false,"_genesis_hide_footer_widgets":false,"_genesis_custom_body_class":"","_genesis_custom_post_class":"","_genesis_layout":"","jetpack_post_was_ever_published":false,"_jetpack_newsletter_access":"","_jetpack_dont_email_post_to_subs":false,"_jetpack_newsletter_tier_id":0,"_jetpack_memberships_contains_paywalled_content":false,"_jetpack_memberships_contains_paid_content":false,"activitypub_content_warning":"","activitypub_content_visibility":"","activitypub_max_image_attachments":3,"activitypub_interaction_policy_quote":"anyone","activitypub_status":"","footnotes":"","jetpack_publicize_message":"","jetpack_publicize_feature_enabled":true,"jetpack_social_post_already_shared":true,"jetpack_social_options":{"image_generator_settings":{"template":"fullscreen","default_image_id":0,"font":"","enabled":false},"version":2}},"categories":[2],"tags":[],"class_list":{"0":"post-7744","1":"post","2":"type-post","3":"status-publish","4":"format-standard","5":"has-post-thumbnail","7":"category-histoire-2","8":"entry"},"jetpack_publicize_connections":[],"featured_image_src":"https:\/\/i0.wp.com\/lyonelkaufmann.ch\/Blog\/wp-content\/uploads\/2015\/03\/blogcafe1.jpg?resize=600%2C400&ssl=1","featured_image_src_square":"https:\/\/i0.wp.com\/lyonelkaufmann.ch\/Blog\/wp-content\/uploads\/2015\/03\/blogcafe1.jpg?resize=600%2C600&ssl=1","author_info":{"display_name":"Lyonel Kaufmann","author_link":"https:\/\/lyonelkaufmann.ch\/Blog\/author\/lyonelk\/"},"jetpack_featured_media_url":"https:\/\/i0.wp.com\/lyonelkaufmann.ch\/Blog\/wp-content\/uploads\/2015\/03\/blogcafe1.jpg?fit=1024%2C683&ssl=1","jetpack_sharing_enabled":true,"jetpack_shortlink":"https:\/\/wp.me\/p1qtF4-20U","jetpack-related-posts":[{"id":1281,"url":"https:\/\/lyonelkaufmann.ch\/Blog\/2009\/04\/29\/une-seance-dhistoire-au-cycle-3\/","url_meta":{"origin":7744,"position":0},"title":"Une s\u00e9ance d\u2019histoire au Cycle 3","author":"Lyonel Kaufmann","date":"29 avril 2009","format":false,"excerpt":"Les enseignants, \u00e0 l\u2019\u00e9cole \u00e9l\u00e9mentaire, utilisent fr\u00e9quemment, dans leurs s\u00e9ances consacr\u00e9es \u00e0 l\u2019histoire, des documents qu\u2019ils traitent hors manuel. L\u2019article propose l\u2019analyse d\u2019une de ces s\u00e9ances. La s\u00e9ance porte sur l'\u00e9tude de deux documents iconographiques\u00a0consacr\u00e9s au bapt\u00eame de Clovis. L'objectif de cette analyse microdidactique consiste \u00e0 approcher les composantes de\u2026","rel":"","context":"Dans &quot;histoire&quot;","block_context":{"text":"histoire","link":"https:\/\/lyonelkaufmann.ch\/Blog\/category\/histoire-2\/"},"img":{"alt_text":"","src":"https:\/\/i0.wp.com\/lyonelkaufmann.ch\/Blog\/wp-content\/uploads\/2015\/03\/blogcafe1.jpg?fit=1024%2C683&ssl=1&resize=350%2C200","width":350,"height":200,"srcset":"https:\/\/i0.wp.com\/lyonelkaufmann.ch\/Blog\/wp-content\/uploads\/2015\/03\/blogcafe1.jpg?fit=1024%2C683&ssl=1&resize=350%2C200 1x, https:\/\/i0.wp.com\/lyonelkaufmann.ch\/Blog\/wp-content\/uploads\/2015\/03\/blogcafe1.jpg?fit=1024%2C683&ssl=1&resize=525%2C300 1.5x, https:\/\/i0.wp.com\/lyonelkaufmann.ch\/Blog\/wp-content\/uploads\/2015\/03\/blogcafe1.jpg?fit=1024%2C683&ssl=1&resize=700%2C400 2x"},"classes":[]},{"id":7690,"url":"https:\/\/lyonelkaufmann.ch\/Blog\/2006\/04\/05\/m075-cartes-graphiques-et-schemas-ressources\/","url_meta":{"origin":7744,"position":1},"title":"Cartes, graphiques et sch\u00e9mas (Ressources)","author":"Lyonel Kaufmann","date":"5 avril 2006","format":false,"excerpt":"1\u00b0 Utiliser, analyser, (faire) r\u00e9aliser des cartes, graphiques, sch\u00e9mas\u2026 \u2022 S\u00e9miologie graphique par l'Atelier cartographique de Science Po Paris. Plus particuli\u00e8rement les cours intitul\u00e9s Faire des cartes..., La graphique (Jacques Bertin) et La Cartographie et espace mondial. Cartes et croquis en g\u00e9ographie - Quand on examine le statut de la\u2026","rel":"","context":"Dans &quot;histoire&quot;","block_context":{"text":"histoire","link":"https:\/\/lyonelkaufmann.ch\/Blog\/category\/histoire-2\/"},"img":{"alt_text":"","src":"","width":0,"height":0},"classes":[]},{"id":3994,"url":"https:\/\/lyonelkaufmann.ch\/Blog\/2004\/09\/12\/les-enfants-dans-la-grande-guerre\/","url_meta":{"origin":7744,"position":2},"title":"Les enfants dans la Grande Guerre","author":"Lyonel Kaufmann","date":"12 septembre 2004","format":false,"excerpt":"Les enfants dans la Grande Guerre Exposition en ligne Pr\u00e9sentation par Manon Pignot, Commissaire de l'exposition (extrait de son article intitul\u00e9 \u00ab \u00c9tudier et jouer, vivre et combattre : objets pour l'histoire de l'enfance en guerre \u00bb) \"La Premi\u00e8re Guerre mondiale est une guerre totale , dans l'espace et dans\u2026","rel":"","context":"Dans &quot;histoire&quot;","block_context":{"text":"histoire","link":"https:\/\/lyonelkaufmann.ch\/Blog\/category\/histoire-2\/"},"img":{"alt_text":"","src":"https:\/\/i0.wp.com\/lyonelkaufmann.ch\/Blog\/wp-content\/uploads\/2015\/03\/jeu.jpg?fit=350%2C249&ssl=1&resize=350%2C200","width":350,"height":200},"classes":[]},{"id":2554,"url":"https:\/\/lyonelkaufmann.ch\/Blog\/2009\/03\/05\/du-web-aux-wikis-une-histoire-des-outils-collaboratifs-i-interstices\/","url_meta":{"origin":7744,"position":3},"title":"Du Web aux wikis : une histoire des outils collaboratifs | )i( interstices","author":"Lyonel Kaufmann","date":"5 mars 2009","format":"aside","excerpt":"Les outils collaboratifs r\u00e9pondent aux besoins des utilisateurs de travailler en groupe, par...","rel":"","context":"Dans &quot;Blogcaf\u00e9&quot;","block_context":{"text":"Blogcaf\u00e9","link":"https:\/\/lyonelkaufmann.ch\/Blog\/category\/blogcafe-2\/"},"img":{"alt_text":"","src":"https:\/\/i0.wp.com\/lyonelkaufmann.ch\/Blog\/wp-content\/uploads\/2015\/03\/blogcafe1.jpg?fit=1024%2C683&ssl=1&resize=350%2C200","width":350,"height":200,"srcset":"https:\/\/i0.wp.com\/lyonelkaufmann.ch\/Blog\/wp-content\/uploads\/2015\/03\/blogcafe1.jpg?fit=1024%2C683&ssl=1&resize=350%2C200 1x, https:\/\/i0.wp.com\/lyonelkaufmann.ch\/Blog\/wp-content\/uploads\/2015\/03\/blogcafe1.jpg?fit=1024%2C683&ssl=1&resize=525%2C300 1.5x, https:\/\/i0.wp.com\/lyonelkaufmann.ch\/Blog\/wp-content\/uploads\/2015\/03\/blogcafe1.jpg?fit=1024%2C683&ssl=1&resize=700%2C400 2x"},"classes":[]},{"id":1386,"url":"https:\/\/lyonelkaufmann.ch\/Blog\/2009\/07\/09\/le-2-0-de-lete-les-outils-de-navigation-sociale\/","url_meta":{"origin":7744,"position":4},"title":"Le 2.0 de l&rsquo;\u00e9t\u00e9: les outils de navigation sociale","author":"Lyonel Kaufmann","date":"9 juillet 2009","format":false,"excerpt":"Histoire de meubler l'\u00e9t\u00e9, histoire de faire comme les grands organes de presse, histoire aussi de pr\u00e9parer la rentr\u00e9e, je vous propose cet \u00e9t\u00e9 de pr\u00e9senter et de faire le tour d'une s\u00e9rie d'outils \u00abweb 2.0\u00bb susceptibles d'\u00eatre utilis\u00e9s dans son enseignement. Un parcours bien \u00e9videmment subjectif. Les articles seront\u2026","rel":"","context":"Dans &quot;histoire&quot;","block_context":{"text":"histoire","link":"https:\/\/lyonelkaufmann.ch\/Blog\/category\/histoire-2\/"},"img":{"alt_text":"","src":"https:\/\/i0.wp.com\/lyonelkaufmann.ch\/histoire\/wp-content\/uploads\/2009\/07\/ibplanet.png?resize=350%2C200","width":350,"height":200},"classes":[]},{"id":5384,"url":"https:\/\/lyonelkaufmann.ch\/Blog\/2012\/05\/11\/enferme-limite-mais-utilise-veille-et-analyse-tice\/","url_meta":{"origin":7744,"position":5},"title":"Enferm\u00e9, limit\u00e9, mais utilis\u00e9\u2026. | Veille et Analyse TICE","author":"Lyonel Kaufmann","date":"11 mai 2012","format":false,"excerpt":"Bruno Devauchelle nous gratifie \u00e0 nouveau d'un excellent article relativement \u00e0 l'int\u00e9gration des TICE \u00e0 l'\u00e9cole. Son point de d\u00e9part est la lecture du rapport fait par l\u2019inspection g\u00e9n\u00e9rale sur l\u2019exp\u00e9rience de Corr\u00e8ze ((http:\/\/www.ordicollege.cg19.fr\/index.php?option=com_content&view=frontpage&Itemid=2))\u00a0 et plus g\u00e9n\u00e9ralement des exp\u00e9riences des utilisateurs des TIC en classe. Il en ressort que la\u2026","rel":"","context":"Dans &quot;histoire&quot;","block_context":{"text":"histoire","link":"https:\/\/lyonelkaufmann.ch\/Blog\/category\/histoire-2\/"},"img":{"alt_text":"","src":"https:\/\/i0.wp.com\/lyonelkaufmann.ch\/Blog\/wp-content\/uploads\/2015\/03\/blogcafe1.jpg?fit=1024%2C683&ssl=1&resize=350%2C200","width":350,"height":200,"srcset":"https:\/\/i0.wp.com\/lyonelkaufmann.ch\/Blog\/wp-content\/uploads\/2015\/03\/blogcafe1.jpg?fit=1024%2C683&ssl=1&resize=350%2C200 1x, https:\/\/i0.wp.com\/lyonelkaufmann.ch\/Blog\/wp-content\/uploads\/2015\/03\/blogcafe1.jpg?fit=1024%2C683&ssl=1&resize=525%2C300 1.5x, https:\/\/i0.wp.com\/lyonelkaufmann.ch\/Blog\/wp-content\/uploads\/2015\/03\/blogcafe1.jpg?fit=1024%2C683&ssl=1&resize=700%2C400 2x"},"classes":[]}],"jetpack_likes_enabled":true,"_links":{"self":[{"href":"https:\/\/lyonelkaufmann.ch\/Blog\/wp-json\/wp\/v2\/posts\/7744","targetHints":{"allow":["GET"]}}],"collection":[{"href":"https:\/\/lyonelkaufmann.ch\/Blog\/wp-json\/wp\/v2\/posts"}],"about":[{"href":"https:\/\/lyonelkaufmann.ch\/Blog\/wp-json\/wp\/v2\/types\/post"}],"author":[{"embeddable":true,"href":"https:\/\/lyonelkaufmann.ch\/Blog\/wp-json\/wp\/v2\/users\/1"}],"replies":[{"embeddable":true,"href":"https:\/\/lyonelkaufmann.ch\/Blog\/wp-json\/wp\/v2\/comments?post=7744"}],"version-history":[{"count":0,"href":"https:\/\/lyonelkaufmann.ch\/Blog\/wp-json\/wp\/v2\/posts\/7744\/revisions"}],"wp:featuredmedia":[{"embeddable":true,"href":"https:\/\/lyonelkaufmann.ch\/Blog\/wp-json\/wp\/v2\/media\/14680"}],"wp:attachment":[{"href":"https:\/\/lyonelkaufmann.ch\/Blog\/wp-json\/wp\/v2\/media?parent=7744"}],"wp:term":[{"taxonomy":"category","embeddable":true,"href":"https:\/\/lyonelkaufmann.ch\/Blog\/wp-json\/wp\/v2\/categories?post=7744"},{"taxonomy":"post_tag","embeddable":true,"href":"https:\/\/lyonelkaufmann.ch\/Blog\/wp-json\/wp\/v2\/tags?post=7744"}],"curies":[{"name":"wp","href":"https:\/\/api.w.org\/{rel}","templated":true}]}}