{"id":7749,"date":"2006-10-21T21:46:19","date_gmt":"2006-10-21T20:46:19","guid":{"rendered":"http:\/\/histoire.lyonelkaufmann.ch\/?p=212"},"modified":"2006-10-21T21:46:19","modified_gmt":"2006-10-21T20:46:19","slug":"atlas-des-esclavages-editions-autrement","status":"publish","type":"post","link":"https:\/\/lyonelkaufmann.ch\/Blog\/2006\/10\/21\/atlas-des-esclavages-editions-autrement\/","title":{"rendered":"Atlas des esclavages (Editions Autrement)"},"content":{"rendered":"<div align=\"justify\">\n<p>Les <em>Editions Autrement<\/em> ont publi\u00e9 r\u00e9cemment, dans leur collection <a href=\"http:\/\/www.autrement.com\/html\/f_ouvra.lasso?id=2-7467-0878-7&amp;collection_ouvrage=12&amp;titre_ouvrage=Atlas%20des%20esclavages\">Atlas- M\u00e9moires<\/a>, un <strong>Atlas des esclavages. (Traites, soci\u00e9t\u00e9s coloniales et abolitions de l&rsquo;Antiquit\u00e9 \u00e0 nos jours).<\/strong> 80 Pages &#8211; 15.0\u20ac ISBN : 2-7467-0878-7<\/p>\n<p><img data-recalc-dims=\"1\" decoding=\"async\" src=\"https:\/\/i0.wp.com\/clioweb.free.fr\/dossiers\/colonisation\/esclavages.jpg\" alt=\"Atlas des esclavages (couverture)\" \/><\/p>\n<p>La pr\u00e9sentation de l\u2019ouvrage par les <em>Editions Autrement : <\/em><\/p>\n<blockquote><p><em>L\u2019esclavage est la n\u00e9gation de l\u2019\u00eatre humain, r\u00e9duit \u00e0 l\u2019\u00e9tat de force de travail brut. Il ne peut \u00eatre ramen\u00e9 ni \u00e0 une civilisation, ni \u00e0 un espace g\u00e9ographique, ni \u00e0 une \u00e9poque donn\u00e9e ; c\u2019est l\u2019une des formes les plus constantes de la domination d\u2019hommes par d\u2019autres hommes. La dispersion des nombreuses recherches \u00e9rudites sur la traite n\u00e9gri\u00e8re, les soci\u00e9t\u00e9s esclavagistes et les processus d\u2019abolition rend difficile, voire impossible, une vision d\u2019ensemble de ces ph\u00e9nom\u00e8nes historiques de tr\u00e8s longue dur\u00e9e. L\u2019ambition de cet atlas est toutefois de pr\u00e9senter les grandes lignes des connaissances historiques actuelles sur ces sujets qui font d\u00e9bat.<br \/>\nDepuis l\u2019Antiquit\u00e9 jusqu\u2019au xxie si\u00e8cle, toutes les formes d\u2019esclavage et de traite sont ici prises en compte. L\u2019expansion de la traite, de l\u2019\u00e9conomie de plantation et l\u2019internationalisation des \u00e9changes ont pour contrepartie l\u2019essor d\u2019un mouvement abolitionniste structur\u00e9 sur le plan international. La l\u00e9gislation abolitionniste est issue de la convergence des r\u00e9voltes serviles, multiformes, ins\u00e9parables de la condition servile elle-m\u00eame, et de la prise de conscience qui se d\u00e9veloppe en Europe occidentale avec la pens\u00e9e critique. Tous ces ph\u00e9nom\u00e8nes font l\u2019objet dans cet atlas de cartographies comparatives, donnant une vision spatiale de faits historiques trop souvent \u00e9tudi\u00e9s s\u00e9par\u00e9ment.<br \/>\nAinsi, \u00e0 travers plus de 150 cartes et infographies, se d\u00e9roule la longue histoire des pratiques esclavagistes et de leurs cons\u00e9quences jusqu\u2019\u00e0 nos jours, faisant de cet Atlas des esclavages un instrument de travail novateur et efficace.<\/em><\/p><\/blockquote>\n<p><span style=\"font-size:14pt;color:#306E96;\"><strong>Compl\u00e9ments<\/strong><\/span><br \/>\nDaniel Letouzey a mis en ligne sur son site <a href=\"http:\/\/clioweb.free.fr\/dossiers\/colonisation\/esclavages.htm\">clioweb<\/a> la table des mati\u00e8re ainsi que trois cartes de l\u2019ouvrage.<\/p>\n<p>Deux sites francophones en rapport avec l\u2019esclavage et son abolition :<br \/>\n&#160;&#160;&#160;&#160;&#160;&#160;&#160;&#160;\u2022&#160;&#160;&#160;&#160;&#160;&#160;&#160;&#160;<strong><\/strong><a href=\"http:\/\/www.lesanneauxdelamemoire.com\/\">Les Anneaux de la m\u00e9moire<\/a><br \/>\n&#160;&#160;&#160;&#160;&#160;&#160;&#160;&#160;\u2022&#160;&#160;&#160;&#160;&#160;&#160;&#160;&#160;<a href=\"http:\/\/abolitions.free.fr\/\">L\u2019abolition \/ Les abolitions de l\u2019esclavage<\/a><\/p>\n<p>Par ailleurs, le site anglophone de  <a href=\"http:\/\/www.vancouver.wsu.edu\/fac\/peabody\/slave.htm\">Sue Peabody<\/a>, Professeur associ\u00e9e d\u2019histoire Washington State University Vancouver recense une mine de ressources (textes, images, films) essentiellement issu du monde anglophone (r\u00e9f\u00e9rence via Daniel Letouzey).\u2028<br \/>\n Nos pr\u00e9c\u00e9dents billets ayant trait \u00e0 l\u2019esclavage et \u00e0 la traite n\u00e9gri\u00e8re:<\/p>\n<p>&#160;&#160;&#160;&#160;&#160;&#160;&#160;&#160;\u2022&#160;&#160;&#160;&#160;&#160;&#160;&#160;&#160;<a href=\"http:\/\/histoire.lyonelkaufmann.ch\/?p=147\">Journ\u00e9e de la m\u00e9moire de la traite n\u00e9gri\u00e8re, de l\u2019esclavage et de leurs abolitions (10 mai)<\/a><br \/>\n&#160;&#160;&#160;&#160;&#160;&#160;&#160;&#160;\u2022&#160;&#160;&#160;&#160;&#160;&#160;&#160;&#160;<a href=\"http:\/\/histoire.lyonelkaufmann.ch\/?p=93\">Enseigner les questions sensibles du XXe si\u00e8cle<\/a><br \/>\n&#160;&#160;&#160;&#160;&#160;&#160;&#160;&#160;\u2022&#160;&#160;&#160;&#160;&#160;&#160;&#160;&#160;<a href=\"http:\/\/histoire.lyonelkaufmann.ch\/?p=43\">La Suisse et l\u2019esclavage<\/a><br \/>\n&#160;&#160;&#160;&#160;&#160;&#160;&#160;&#160;\u2022&#160;&#160;&#160;&#160;&#160;&#160;&#160;&#160;<a href=\"http:\/\/histoire.lyonelkaufmann.ch\/?p=32\">Retour du bon temps des colonies<\/a><br \/>\n&#160;&#160;&#160;&#160;&#160;&#160;&#160;&#160;\u2022&#160;&#160;&#160;&#160;&#160;&#160;&#160;&#160;<a href=\"http:\/\/histoire.lyonelkaufmann.ch\/?p=24\">Quelle Europe n\u00e9gri\u00e8re ? (Eric Saugera:: Histoire G\u00e9ographie Cr\u00e9teil)<\/a>\n<\/div>\n","protected":false},"excerpt":{"rendered":"<p>Les Editions Autrement ont publi\u00e9 r\u00e9cemment, dans leur collection Atlas- M\u00e9moires, un Atlas des esclavages. (Traites, soci\u00e9t\u00e9s coloniales et abolitions de l&rsquo;Antiquit\u00e9 \u00e0 nos jours). 80 Pages &#8211; 15.0\u20ac ISBN : 2-7467-0878-7 La pr\u00e9sentation de l\u2019ouvrage par les Editions Autrement : L\u2019esclavage est la n\u00e9gation de l\u2019\u00eatre humain, r\u00e9duit \u00e0 l\u2019\u00e9tat de force de travail [&hellip;]<\/p>\n","protected":false},"author":1,"featured_media":13478,"comment_status":"open","ping_status":"open","sticky":false,"template":"","format":"standard","meta":{"_import_markdown_pro_load_document_selector":0,"_import_markdown_pro_submit_text_textarea":"","_genesis_hide_title":false,"_genesis_hide_breadcrumbs":false,"_genesis_hide_singular_image":false,"_genesis_hide_footer_widgets":false,"_genesis_custom_body_class":"","_genesis_custom_post_class":"","_genesis_layout":"","jetpack_post_was_ever_published":false,"_jetpack_newsletter_access":"","_jetpack_dont_email_post_to_subs":false,"_jetpack_newsletter_tier_id":0,"_jetpack_memberships_contains_paywalled_content":false,"_jetpack_memberships_contains_paid_content":false,"activitypub_content_warning":"","activitypub_content_visibility":"","activitypub_max_image_attachments":3,"activitypub_interaction_policy_quote":"anyone","activitypub_status":"","footnotes":"","jetpack_publicize_message":"","jetpack_publicize_feature_enabled":true,"jetpack_social_post_already_shared":true,"jetpack_social_options":{"image_generator_settings":{"template":"fullscreen","default_image_id":0,"font":"","enabled":false},"version":2}},"categories":[2],"tags":[],"class_list":{"0":"post-7749","1":"post","2":"type-post","3":"status-publish","4":"format-standard","5":"has-post-thumbnail","7":"category-histoire-2","8":"entry"},"jetpack_publicize_connections":[],"featured_image_src":"https:\/\/i0.wp.com\/lyonelkaufmann.ch\/Blog\/wp-content\/uploads\/2015\/03\/esclavages.jpg?resize=150%2C218&ssl=1","featured_image_src_square":"https:\/\/i0.wp.com\/lyonelkaufmann.ch\/Blog\/wp-content\/uploads\/2015\/03\/esclavages.jpg?resize=150%2C218&ssl=1","author_info":{"display_name":"Lyonel Kaufmann","author_link":"https:\/\/lyonelkaufmann.ch\/Blog\/author\/lyonelk\/"},"jetpack_featured_media_url":"https:\/\/i0.wp.com\/lyonelkaufmann.ch\/Blog\/wp-content\/uploads\/2015\/03\/esclavages.jpg?fit=150%2C218&ssl=1","jetpack_sharing_enabled":true,"jetpack_shortlink":"https:\/\/wp.me\/p1qtF4-20Z","jetpack-related-posts":[{"id":12503,"url":"https:\/\/lyonelkaufmann.ch\/Blog\/2006\/05\/05\/journee-de-la-memoire-de-la-traite-negriere-de-lesclavage-et-de-leurs-abolitions-2\/","url_meta":{"origin":7749,"position":0},"title":"Journ\u00e9e de la m\u00e9moire de la traite n\u00e9gri\u00e8re, de l\u2019esclavage et de leurs abolitions (10 mai)","author":"Lyonel Kaufmann","date":"5 mai 2006","format":false,"excerpt":"Le 10 mai est d\u00e9sormais en France la Journ\u00e9es de la m\u00e9moire de la traite\u00a0 n\u00e9gri\u00e8re , de l'esclavage et de leurs abolitions. D\u00e8s lors, du mat\u00e9riel et de la documentation sur ces sujets est mis \u00e0 disposition des enseignants. Bon \u00e0 savoir ! Voici une synth\u00e8se de ressources en\u2026","rel":"","context":"Dans &quot;histoire&quot;","block_context":{"text":"histoire","link":"https:\/\/lyonelkaufmann.ch\/Blog\/category\/histoire-2\/"},"img":{"alt_text":"","src":"https:\/\/i0.wp.com\/lyonelkaufmann.ch\/Blog\/wp-content\/uploads\/2015\/03\/blogcafe1.jpg?fit=1024%2C683&ssl=1&resize=350%2C200","width":350,"height":200,"srcset":"https:\/\/i0.wp.com\/lyonelkaufmann.ch\/Blog\/wp-content\/uploads\/2015\/03\/blogcafe1.jpg?fit=1024%2C683&ssl=1&resize=350%2C200 1x, https:\/\/i0.wp.com\/lyonelkaufmann.ch\/Blog\/wp-content\/uploads\/2015\/03\/blogcafe1.jpg?fit=1024%2C683&ssl=1&resize=525%2C300 1.5x, https:\/\/i0.wp.com\/lyonelkaufmann.ch\/Blog\/wp-content\/uploads\/2015\/03\/blogcafe1.jpg?fit=1024%2C683&ssl=1&resize=700%2C400 2x"},"classes":[]},{"id":20,"url":"https:\/\/lyonelkaufmann.ch\/Blog\/2005\/07\/21\/la-suisse-et-lesclavage\/","url_meta":{"origin":7749,"position":1},"title":"La Suisse et l&rsquo;esclavage","author":"Lyonel Kaufmann","date":"21 juillet 2005","format":false,"excerpt":"Depuis la parution d'articles e 2004 dans le journal Le Courrier et La Libert\u00e9 relativement \u00e0 la question du r\u00f4le de la Suisse dans l'esclavage, un livre est paru ce printemps aux \u00e9ditions Antipodes & SHSR, dans la collection Histoire.ch. Il a \u00e9t\u00e9 \u00e9crit par Thomas David [professeur-assistant \u00e0 l'Institut\u2026","rel":"","context":"Dans &quot;histoire&quot;","block_context":{"text":"histoire","link":"https:\/\/lyonelkaufmann.ch\/Blog\/category\/histoire-2\/"},"img":{"alt_text":"","src":"https:\/\/i0.wp.com\/lyonelkaufmann.ch\/Blog\/wp-content\/uploads\/2015\/03\/blogcafe1.jpg?fit=1024%2C683&ssl=1&resize=350%2C200","width":350,"height":200,"srcset":"https:\/\/i0.wp.com\/lyonelkaufmann.ch\/Blog\/wp-content\/uploads\/2015\/03\/blogcafe1.jpg?fit=1024%2C683&ssl=1&resize=350%2C200 1x, https:\/\/i0.wp.com\/lyonelkaufmann.ch\/Blog\/wp-content\/uploads\/2015\/03\/blogcafe1.jpg?fit=1024%2C683&ssl=1&resize=525%2C300 1.5x, https:\/\/i0.wp.com\/lyonelkaufmann.ch\/Blog\/wp-content\/uploads\/2015\/03\/blogcafe1.jpg?fit=1024%2C683&ssl=1&resize=700%2C400 2x"},"classes":[]},{"id":6424,"url":"https:\/\/lyonelkaufmann.ch\/Blog\/2012\/11\/17\/lincoln-enferme-dans-son-histoire-le-devoir\/","url_meta":{"origin":7749,"position":2},"title":"Lincoln enferm\u00e9 dans son histoire | Le Devoir","author":"Lyonel Kaufmann","date":"17 novembre 2012","format":false,"excerpt":"Photo : 20th Century Fox Difficile d\u2019\u00e9viter les r\u00e9f\u00e9rences \u00e0 la r\u00e9\u00e9lection d\u2019Obama, m\u00eame si Spielberg avait en t\u00eate ce biopic sur Lincoln depuis 1999. La r\u00e9cente campagne \u00e9lectorale, avec tous ses clivages, trouve dans le film sa perspective historique. On songe aussi au chemin parcouru depuis l\u2019abolition de l\u2019esclavage,\u2026","rel":"","context":"Dans &quot;histoire&quot;","block_context":{"text":"histoire","link":"https:\/\/lyonelkaufmann.ch\/Blog\/category\/histoire-2\/"},"img":{"alt_text":"","src":"https:\/\/i0.wp.com\/lyonelkaufmann.ch\/Blog\/wp-content\/uploads\/2015\/03\/image2.jpg?fit=222%2C331&ssl=1&resize=350%2C200","width":350,"height":200},"classes":[]},{"id":6885,"url":"https:\/\/lyonelkaufmann.ch\/Blog\/2013\/03\/29\/tout-objet-historiographique-releve-t-il-dun-traitement-global-histoire-globale\/","url_meta":{"origin":7749,"position":3},"title":"Tout objet historiographique rel\u00e8ve-t-il d\u2019un traitement global ? \u00ab Histoire Globale","author":"Lyonel Kaufmann","date":"29 mars 2013","format":false,"excerpt":"See on Scoop.it - histoireC\u2019est en d\u00e9finitive la question fondamentale que pose le recueil intitul\u00e9 \u00ab\u00a0Essais d\u2019histoire globale\u00a0\u00bb, dirig\u00e9 par Chlo\u00e9 Maurel et publi\u00e9 en f\u00e9vrier dernier aux \u00e9ditions L\u2019Harmattan. Il s\u2019agit l\u00e0 d\u2019un ouvrage\u00a0a priori\u00a0disparate, reprenant des interventions en s\u00e9minaire, et portant sur des objets aussi divers que les\u2026","rel":"","context":"Dans &quot;histoire&quot;","block_context":{"text":"histoire","link":"https:\/\/lyonelkaufmann.ch\/Blog\/category\/histoire-2\/"},"img":{"alt_text":"","src":"https:\/\/i0.wp.com\/lyonelkaufmann.ch\/Blog\/wp-content\/uploads\/2015\/03\/blogcafe1.jpg?fit=1024%2C683&ssl=1&resize=350%2C200","width":350,"height":200,"srcset":"https:\/\/i0.wp.com\/lyonelkaufmann.ch\/Blog\/wp-content\/uploads\/2015\/03\/blogcafe1.jpg?fit=1024%2C683&ssl=1&resize=350%2C200 1x, https:\/\/i0.wp.com\/lyonelkaufmann.ch\/Blog\/wp-content\/uploads\/2015\/03\/blogcafe1.jpg?fit=1024%2C683&ssl=1&resize=525%2C300 1.5x, https:\/\/i0.wp.com\/lyonelkaufmann.ch\/Blog\/wp-content\/uploads\/2015\/03\/blogcafe1.jpg?fit=1024%2C683&ssl=1&resize=700%2C400 2x"},"classes":[]},{"id":7255,"url":"https:\/\/lyonelkaufmann.ch\/Blog\/2013\/08\/06\/chronique-de-lete-obama-lincoln-django-unchained-notre-voyage-nest-pas-termine\/","url_meta":{"origin":7749,"position":4},"title":"Chronique de l&rsquo;\u00e9t\u00e9 : Obama, Lincoln &amp; Django unchained : \u00ab notre voyage n\u2019est pas termin\u00e9 \u00bb.","author":"Lyonel Kaufmann","date":"6 ao\u00fbt 2013","format":false,"excerpt":"Je mets \u00e0 profit la pause estivale pour publier en ce mois d\u2019ao\u00fbt mes chroniques mensuelles du\u00a0Caf\u00e9 p\u00e9dagogique.\u00a0En janvier 2013, Obama, Lincoln et Django Unchained interrogaient le rapport de\u00a0\u00a0la soci\u00e9t\u00e9 am\u00e9ricaine \u00e0 son histoire et \u00e0 son pr\u00e9sent. Bonne lecture. Dans la relecture de l\u2019histoire am\u00e9ricaine des 19e et 20e\u2026","rel":"","context":"Dans &quot;histoire&quot;","block_context":{"text":"histoire","link":"https:\/\/lyonelkaufmann.ch\/Blog\/category\/histoire-2\/"},"img":{"alt_text":"","src":"https:\/\/i0.wp.com\/www.citylocalnews.com\/fr\/images\/6A30D0DA-0A8A-436C-A542-1DAB4DA88198\/CLN_03\/lincoln-le-dernier-spielberg-en-avant-premiere-au-pathe-cap-sud-et-au-capitole-studios-%28photo-dr%29.jpg?resize=350%2C200","width":350,"height":200},"classes":[]},{"id":1358,"url":"https:\/\/lyonelkaufmann.ch\/Blog\/2009\/06\/23\/un-siecle-de-nouvelles-en-un-clic\/","url_meta":{"origin":7749,"position":5},"title":"Un si\u00e8cle de nouvelles en un clic","author":"Lyonel Kaufmann","date":"23 juin 2009","format":false,"excerpt":"http:\/\/www.youtube.com\/v\/ The British Library a mis en ligne deux millions de pages num\u00e9ris\u00e9es de journaux du 19e si\u00e8cle. Ces pages sont mises \u00e0 disposition en ligne. Il est possible de faire des recherches en ligne et certains articles sont en libre-consultation. Pour d'autres il faut payer pour les consulter int\u00e9gralement.\u2026","rel":"","context":"Dans &quot;histoire&quot;","block_context":{"text":"histoire","link":"https:\/\/lyonelkaufmann.ch\/Blog\/category\/histoire-2\/"},"img":{"alt_text":"","src":"https:\/\/i0.wp.com\/lyonelkaufmann.ch\/Blog\/wp-content\/uploads\/2015\/03\/blogcafe1.jpg?fit=1024%2C683&ssl=1&resize=350%2C200","width":350,"height":200,"srcset":"https:\/\/i0.wp.com\/lyonelkaufmann.ch\/Blog\/wp-content\/uploads\/2015\/03\/blogcafe1.jpg?fit=1024%2C683&ssl=1&resize=350%2C200 1x, https:\/\/i0.wp.com\/lyonelkaufmann.ch\/Blog\/wp-content\/uploads\/2015\/03\/blogcafe1.jpg?fit=1024%2C683&ssl=1&resize=525%2C300 1.5x, https:\/\/i0.wp.com\/lyonelkaufmann.ch\/Blog\/wp-content\/uploads\/2015\/03\/blogcafe1.jpg?fit=1024%2C683&ssl=1&resize=700%2C400 2x"},"classes":[]}],"jetpack_likes_enabled":true,"_links":{"self":[{"href":"https:\/\/lyonelkaufmann.ch\/Blog\/wp-json\/wp\/v2\/posts\/7749","targetHints":{"allow":["GET"]}}],"collection":[{"href":"https:\/\/lyonelkaufmann.ch\/Blog\/wp-json\/wp\/v2\/posts"}],"about":[{"href":"https:\/\/lyonelkaufmann.ch\/Blog\/wp-json\/wp\/v2\/types\/post"}],"author":[{"embeddable":true,"href":"https:\/\/lyonelkaufmann.ch\/Blog\/wp-json\/wp\/v2\/users\/1"}],"replies":[{"embeddable":true,"href":"https:\/\/lyonelkaufmann.ch\/Blog\/wp-json\/wp\/v2\/comments?post=7749"}],"version-history":[{"count":0,"href":"https:\/\/lyonelkaufmann.ch\/Blog\/wp-json\/wp\/v2\/posts\/7749\/revisions"}],"wp:featuredmedia":[{"embeddable":true,"href":"https:\/\/lyonelkaufmann.ch\/Blog\/wp-json\/wp\/v2\/media\/13478"}],"wp:attachment":[{"href":"https:\/\/lyonelkaufmann.ch\/Blog\/wp-json\/wp\/v2\/media?parent=7749"}],"wp:term":[{"taxonomy":"category","embeddable":true,"href":"https:\/\/lyonelkaufmann.ch\/Blog\/wp-json\/wp\/v2\/categories?post=7749"},{"taxonomy":"post_tag","embeddable":true,"href":"https:\/\/lyonelkaufmann.ch\/Blog\/wp-json\/wp\/v2\/tags?post=7749"}],"curies":[{"name":"wp","href":"https:\/\/api.w.org\/{rel}","templated":true}]}}