{"id":7754,"date":"2006-11-03T16:00:49","date_gmt":"2006-11-03T15:00:49","guid":{"rendered":"http:\/\/histoire.lyonelkaufmann.ch\/?p=226"},"modified":"2006-11-03T16:00:49","modified_gmt":"2006-11-03T15:00:49","slug":"usages-politiques-du-passe-en-france-publication-et-compte-rendu","status":"publish","type":"post","link":"https:\/\/lyonelkaufmann.ch\/Blog\/2006\/11\/03\/usages-politiques-du-passe-en-france-publication-et-compte-rendu\/","title":{"rendered":"Usages politiques du pass\u00e9 en France (publication et compte-rendu)"},"content":{"rendered":"<p style=\"margin:0;text-align:justify;font:13px Arial;\">En septembre 2003, un colloque \u00e9tait organis\u00e9 \u00e0 Paris par le Centre d&rsquo;Histoire sociale sur le th\u00e8me des<i> Usages politiques du pass\u00e9 dans la France contemporaine.<\/i> Aujourd&rsquo;hui, deux ouvrages rendent compte de la richesses des interventions :<\/p>\n<p style=\"margin:0;text-align:justify;font:13px Arial;\">Collectif, <i>Usages politiques du pass\u00e9 dans la France contemporaine <\/i>(2006).<span class=\"Apple-converted-space\">\u00a0 <\/span>Presses universitaires de Provence, coll. \u00abLe Temps de l\u2019histoire\u00bb.<\/p>\n<p style=\"margin:0;text-align:justify;font:13px Arial;\"><span class=\"Apple-tab-span\" style=\"white-space:pre;\">\t<\/span>\u2022<span class=\"Apple-tab-span\" style=\"white-space:pre;\">\t<\/span>Vol. 1, sous la dir. de Claire Andrieu, Marie-Claire Lavabre, Danielle Tartakowsky, \u00abPolitiques du pass\u00e9\u00bb, 264 p.<\/p>\n<p style=\"margin:0;text-align:justify;font:13px Arial;\"><span class=\"Apple-tab-span\" style=\"white-space:pre;\">\t<\/span>\u2022<span class=\"Apple-tab-span\" style=\"white-space:pre;\">\t<\/span>Vol. 2, sous la dir. de Maryline Crivello, Patrick Garcia, Nicolas Offenstadt, \u00abConcurrence des pass\u00e9s\u00bb, 298 p.<\/p>\n<p style=\"margin:0;text-align:justify;font:13px Arial;min-height:15px;\"><\/p>\n<p style=\"margin:0;text-align:justify;font:13px Arial;\">Les th\u00e8mes abord\u00e9s par les diff\u00e9rentes contributions sont tr\u00e8s larges et diversifi\u00e9s. Des utilisations de l\u2019Histoire par les pr\u00e9sidents de la R\u00e9publique, on passe \u00e0 celles qui en sont faites par des mouvements r\u00e9gionalistes. Un d\u00e9tour est possible par des \u00e9v\u00e9nements devenus des r\u00e9f\u00e9rences nationales fran\u00e7aises. De m\u00eame sont interrog\u00e9s des faits douloureux de la m\u00e9moire collective fran\u00e7aise, comme la Guerre d\u2019Alg\u00e9rie, l\u2019esclavage ou la Premi\u00e8re Guerre mondiale. Mais d\u2019autres usages du pass\u00e9 sont examin\u00e9s comme la L\u00e9gion d\u2019honneur ou l\u2019Internet. Les usages de l\u2019Histoire faits dans l\u2019enseignement ne sont pas oubli\u00e9s. Cette centration sur la France n&#8217;emp\u00eache donc pas un int\u00e9r\u00eat pour les enseignants ou historiens suisses.<\/p>\n<p style=\"margin:0;text-align:justify;font:13px Arial;min-height:15px;\"><\/p>\n<p style=\"margin:0;text-align:justify;font:13px Arial;\">D&rsquo;autant que l\u2019actualit\u00e9 ne cesse de montrer que l\u2019Histoire constitue un enjeu politique important. Les remous principalement en Suisse allemande autour du Rapport Bergier et de son emploi en classe, la question du g\u00e9nocide des Arm\u00e9niens ou la sortie en France du film <i>Indig\u00e8nes<\/i> en sont quelques exemples r\u00e9cents.<span class=\"Apple-converted-space\">\u00a0<\/span><\/p>\n<p style=\"margin:0;text-align:justify;font:13px Arial;min-height:15px;\"><\/p>\n<p style=\"margin:0;text-align:justify;font:13px Arial;\">On lira donc avec int\u00e9r\u00eat <a href=\"http:\/\/www.clionautes.org\/spip.php?article1151\"><b>le compte-rendu<\/b><\/a> de ces deux ouvrages effectu\u00e9s pour les Clionautes par Fr\u00e9d\u00e9ric St\u00e9venot.<\/p>\n<p style=\"margin:0;text-align:justify;font:13px Arial;\">Je terminerai \u00e0 l&rsquo;aide de la conclusion faite par Fr\u00e9d\u00e9ric St\u00e9venot dans son compte-rendu :<\/p>\n<p style=\"margin:0;text-align:justify;font:13px Arial;min-height:15px;\"><\/p>\n<blockquote>\n<p style=\"margin:0 0 0 28px;text-align:justify;font:13px Arial;\"><i>\u00ab\u00a0Les Usages politiques du pass\u00e9 dans la France contemporaine constituent un ouvrage destin\u00e9 e priorit\u00e9 \u00e0 un public averti, \u00e9tudiants ou enseignants. On peut aussi le consid\u00e9rer comme un outil de r\u00e9flexion pour le citoyen soucieux de d\u00e9coder les manifestations historiques les plus banales, en apparence, en l\u2019aidant \u00e0 d\u00e9couvrir les enjeux servis derri\u00e8re la fa\u00e7ade festive. Ce citoyen averti peut aussi \u00eatre \u00e0 l\u2019occasion un enseignant, sollicit\u00e9 fr\u00e9quemment pour participer qui \u00e0 des reconstitutions, \u00e0 des c\u00e9r\u00e9monies comm\u00e9moratives, qui \u00e0 la visite de lieux reconstitu\u00e9s, qui au visionnement de films \u00e0 caract\u00e8re historique&#8230; Chacun pourra donc trouver mati\u00e8re \u00e0 prendre le recul critique n\u00e9cessaire et indispensable avant de s\u2019engager, seul ou, pis encore, avec sa classe.\u00a0\u00bb<\/i><\/p>\n<\/blockquote>\n<p style=\"margin:0;text-align:justify;font:13px Arial;min-height:15px;\"><i><\/i><\/p>\n<p style=\"margin:0;text-align:justify;font:13px Arial;\">Bonne lecture du compte-rendu et des deux ouvrages.<\/p>\n","protected":false},"excerpt":{"rendered":"<p>En septembre 2003, un colloque \u00e9tait organis\u00e9 \u00e0 Paris par le Centre d&rsquo;Histoire sociale sur le th\u00e8me des Usages politiques du pass\u00e9 dans la France contemporaine. Aujourd&rsquo;hui, deux ouvrages rendent compte de la richesses des interventions : Collectif, Usages politiques du pass\u00e9 dans la France contemporaine (2006).\u00a0 Presses universitaires de Provence, coll. \u00abLe Temps de [&hellip;]<\/p>\n","protected":false},"author":1,"featured_media":14680,"comment_status":"open","ping_status":"open","sticky":false,"template":"","format":"standard","meta":{"_import_markdown_pro_load_document_selector":0,"_import_markdown_pro_submit_text_textarea":"","_genesis_hide_title":false,"_genesis_hide_breadcrumbs":false,"_genesis_hide_singular_image":false,"_genesis_hide_footer_widgets":false,"_genesis_custom_body_class":"","_genesis_custom_post_class":"","_genesis_layout":"","jetpack_post_was_ever_published":false,"_jetpack_newsletter_access":"","_jetpack_dont_email_post_to_subs":false,"_jetpack_newsletter_tier_id":0,"_jetpack_memberships_contains_paywalled_content":false,"_jetpack_memberships_contains_paid_content":false,"activitypub_content_warning":"","activitypub_content_visibility":"","activitypub_max_image_attachments":3,"activitypub_interaction_policy_quote":"anyone","activitypub_status":"","footnotes":"","jetpack_publicize_message":"","jetpack_publicize_feature_enabled":true,"jetpack_social_post_already_shared":true,"jetpack_social_options":{"image_generator_settings":{"template":"fullscreen","default_image_id":0,"font":"","enabled":false},"version":2}},"categories":[2],"tags":[],"class_list":{"0":"post-7754","1":"post","2":"type-post","3":"status-publish","4":"format-standard","5":"has-post-thumbnail","7":"category-histoire-2","8":"entry"},"jetpack_publicize_connections":[],"featured_image_src":"https:\/\/i0.wp.com\/lyonelkaufmann.ch\/Blog\/wp-content\/uploads\/2015\/03\/blogcafe1.jpg?resize=600%2C400&ssl=1","featured_image_src_square":"https:\/\/i0.wp.com\/lyonelkaufmann.ch\/Blog\/wp-content\/uploads\/2015\/03\/blogcafe1.jpg?resize=600%2C600&ssl=1","author_info":{"display_name":"Lyonel Kaufmann","author_link":"https:\/\/lyonelkaufmann.ch\/Blog\/author\/lyonelk\/"},"jetpack_featured_media_url":"https:\/\/i0.wp.com\/lyonelkaufmann.ch\/Blog\/wp-content\/uploads\/2015\/03\/blogcafe1.jpg?fit=1024%2C683&ssl=1","jetpack_sharing_enabled":true,"jetpack_shortlink":"https:\/\/wp.me\/p1qtF4-214","jetpack-related-posts":[{"id":7218,"url":"https:\/\/lyonelkaufmann.ch\/Blog\/2013\/07\/24\/lhistoire-contemporaine-a-lere-numerique-peter-lang\/","url_meta":{"origin":7754,"position":0},"title":"L&rsquo;histoire contemporaine \u00e0 l&rsquo;\u00e8re num\u00e9rique | Peter Lang","author":"Lyonel Kaufmann","date":"24 juillet 2013","format":false,"excerpt":"Pr\u00e9sentation : \"Depuis plusieurs d\u00e9cennies, les usages du num\u00e9rique en histoire se multiplient. Mais l\u2019histoire contemporaine est parfois rest\u00e9e \u00e0 la marge de ce mouvement. Ce livre, qui recouvre divers usages du num\u00e9rique, ses outils, ses m\u00e9thodes, sera \u00e0 la fois une bonne introduction pour les historiens d\u00e9sirant se renseigner\u2026","rel":"","context":"Dans &quot;histoire&quot;","block_context":{"text":"histoire","link":"https:\/\/lyonelkaufmann.ch\/Blog\/category\/histoire-2\/"},"img":{"alt_text":"","src":"https:\/\/i0.wp.com\/lyonelkaufmann.ch\/Blog\/wp-content\/uploads\/2015\/03\/20130723-231805.jpg?fit=271%2C400&ssl=1&resize=350%2C200","width":350,"height":200},"classes":[]},{"id":7464,"url":"https:\/\/lyonelkaufmann.ch\/Blog\/2013\/09\/07\/revue-de-presse-revolution-tranquille-lignorance-pleine-de-lhistoire-du-quebec-contemporain-chaire-de-recherche-du-canada-en-histoire-et-economie-politique-du-quebec-contemporai\/","url_meta":{"origin":7754,"position":1},"title":"Revue de presse : R\u00e9volution tranquille? L\u2019ignorance pleine de l\u2019histoire du Qu\u00e9bec contemporain","author":"Lyonel Kaufmann","date":"7 septembre 2013","format":false,"excerpt":"Depuis 2004, des chercheurs ont sond\u00e9 les jeunes Qu\u00e9b\u00e9cois au sujet de la R\u00e9volution tranquille. Leurs \u00e9tudes sont disponibles sous forme de m\u00e9moire de ma\u00eetrise ou d\u2019articles scientifiques. Coup sur coup, ces \u00e9tudes illustrent que les jeunes ont une ignorance pleine plut\u00f4t que vide de la R\u00e9volution tranquille. Ils poss\u00e8dent\u2026","rel":"","context":"Dans &quot;histoire&quot;","block_context":{"text":"histoire","link":"https:\/\/lyonelkaufmann.ch\/Blog\/category\/histoire-2\/"},"img":{"alt_text":"","src":"https:\/\/i0.wp.com\/lyonelkaufmann.ch\/Blog\/wp-content\/uploads\/2015\/03\/blogcafe1.jpg?fit=1024%2C683&ssl=1&resize=350%2C200","width":350,"height":200,"srcset":"https:\/\/i0.wp.com\/lyonelkaufmann.ch\/Blog\/wp-content\/uploads\/2015\/03\/blogcafe1.jpg?fit=1024%2C683&ssl=1&resize=350%2C200 1x, https:\/\/i0.wp.com\/lyonelkaufmann.ch\/Blog\/wp-content\/uploads\/2015\/03\/blogcafe1.jpg?fit=1024%2C683&ssl=1&resize=525%2C300 1.5x, https:\/\/i0.wp.com\/lyonelkaufmann.ch\/Blog\/wp-content\/uploads\/2015\/03\/blogcafe1.jpg?fit=1024%2C683&ssl=1&resize=700%2C400 2x"},"classes":[]},{"id":6474,"url":"https:\/\/lyonelkaufmann.ch\/Blog\/2012\/11\/28\/revue-de-presse-lhistoire-du-quebec-racontee-par-les-eleves-du-secondaire-chaire-de-recherche-du-canada-en-histoire-et-economie-politique-du-quebec-contemporain\/","url_meta":{"origin":7754,"position":2},"title":"Revue de presse : L\u2019histoire du Qu\u00e9bec racont\u00e9e par les \u00e9l\u00e8ves du secondaire | Chaire de recherche du Canada en histoire et \u00e9conomie politique du Qu\u00e9bec contemporain","author":"Lyonel Kaufmann","date":"28 novembre 2012","format":false,"excerpt":"Les jeunes, que l\u2019on dit amn\u00e9siques et d\u00e9ficitaires sur le plan de la culture historique, ne sont pas sans poss\u00e9der une certaine vision de l\u2019histoire du Qu\u00e9bec. Quelle est cette vision ? Est-elle diff\u00e9rente selon que l\u2019on est francophone, anglophone ou allophone ? \u00c9volue-t-elle apr\u00e8s que les jeunes aient suivi\u2026","rel":"","context":"Dans &quot;histoire&quot;","block_context":{"text":"histoire","link":"https:\/\/lyonelkaufmann.ch\/Blog\/category\/histoire-2\/"},"img":{"alt_text":"","src":"https:\/\/i0.wp.com\/lyonelkaufmann.ch\/Blog\/wp-content\/uploads\/2015\/03\/blogcafe1.jpg?fit=1024%2C683&ssl=1&resize=350%2C200","width":350,"height":200,"srcset":"https:\/\/i0.wp.com\/lyonelkaufmann.ch\/Blog\/wp-content\/uploads\/2015\/03\/blogcafe1.jpg?fit=1024%2C683&ssl=1&resize=350%2C200 1x, https:\/\/i0.wp.com\/lyonelkaufmann.ch\/Blog\/wp-content\/uploads\/2015\/03\/blogcafe1.jpg?fit=1024%2C683&ssl=1&resize=525%2C300 1.5x, https:\/\/i0.wp.com\/lyonelkaufmann.ch\/Blog\/wp-content\/uploads\/2015\/03\/blogcafe1.jpg?fit=1024%2C683&ssl=1&resize=700%2C400 2x"},"classes":[]},{"id":8072,"url":"https:\/\/lyonelkaufmann.ch\/Blog\/2014\/06\/27\/dossier-historiographies-de-la-grande-guerre\/","url_meta":{"origin":7754,"position":3},"title":"DOSSIER \u2013 Historiographies de la Grande Guerre","author":"Lyonel Kaufmann","date":"27 juin 2014","format":false,"excerpt":"Consacrer un dossier au conflit qui ouvre l\u2019\u00e8re des guerres mondiales et totales est un passage oblig\u00e9 pour tout m\u00e9dia en ces temps de comm\u00e9moration. L\u2019imp\u00e9ratif m\u00e9moriel se fait sans doute d\u2019autant plus pressant que le premier conflit mondial, longtemps occult\u00e9 par l\u2019ombre du second et sans plus...","rel":"","context":"Dans &quot;histoire&quot;","block_context":{"text":"histoire","link":"https:\/\/lyonelkaufmann.ch\/Blog\/category\/histoire-2\/"},"img":{"alt_text":"","src":"","width":0,"height":0},"classes":[]},{"id":8507,"url":"https:\/\/lyonelkaufmann.ch\/Blog\/2014\/11\/07\/y-aller-ou-pas-retours-sur-une-experience-televisuelle-1\/","url_meta":{"origin":7754,"position":4},"title":"Y aller ou pas ? Retours sur une exp\u00e9rience t\u00e9l\u00e9visuelle (1)","author":"Lyonel Kaufmann","date":"7 novembre 2014","format":false,"excerpt":"Ce billet de \u00abDevenir historien-ne\u00bb est n\u00e9 d'une conversation sur Twitter.\u00a0@BenoitVaillot\u00a0et\u00a0@thibault_lh\u00a0discutaient de l'entretien qu'ils venaient d'accepter de donner \u00e0 un journaliste pour une \u00e9mission de t\u00e9l\u00e9. Il \u00e9changeaient sur leurs doutes et les raisons qui les avaient pouss\u00e9s \u00e0 accepter. C'est alors qu\u2019il leur a \u00e9t\u00e9 demand\u00e9 par Emilien Ruiz\u2026","rel":"","context":"Dans &quot;histoire&quot;","block_context":{"text":"histoire","link":"https:\/\/lyonelkaufmann.ch\/Blog\/category\/histoire-2\/"},"img":{"alt_text":"","src":"https:\/\/i0.wp.com\/lyonelkaufmann.ch\/Blog\/wp-content\/uploads\/2015\/03\/blogcafe1.jpg?fit=1024%2C683&ssl=1&resize=350%2C200","width":350,"height":200,"srcset":"https:\/\/i0.wp.com\/lyonelkaufmann.ch\/Blog\/wp-content\/uploads\/2015\/03\/blogcafe1.jpg?fit=1024%2C683&ssl=1&resize=350%2C200 1x, https:\/\/i0.wp.com\/lyonelkaufmann.ch\/Blog\/wp-content\/uploads\/2015\/03\/blogcafe1.jpg?fit=1024%2C683&ssl=1&resize=525%2C300 1.5x, https:\/\/i0.wp.com\/lyonelkaufmann.ch\/Blog\/wp-content\/uploads\/2015\/03\/blogcafe1.jpg?fit=1024%2C683&ssl=1&resize=700%2C400 2x"},"classes":[]},{"id":3747,"url":"https:\/\/lyonelkaufmann.ch\/Blog\/2010\/10\/13\/dominique-cardon-pourquoi-linternet-na-t-il-pas-change-la-politique\/","url_meta":{"origin":7754,"position":5},"title":"Dominique Cardon : Pourquoi l\u2019internet n\u2019a-t-il pas chang\u00e9 la politique ?","author":"Lyonel Kaufmann","date":"13 octobre 2010","format":"aside","excerpt":"via InternetActu.netOn ne pr\u00e9sente plus Dominique Cardon, sociologue au laboratoire des usages SENSE d\u2019Orange Labs. Il publie au Seuil, dans ... Read More >>","rel":"","context":"Dans &quot;L'Expresso&quot;","block_context":{"text":"L'Expresso","link":"https:\/\/lyonelkaufmann.ch\/Blog\/category\/breves\/"},"img":{"alt_text":"","src":"","width":0,"height":0},"classes":[]}],"jetpack_likes_enabled":true,"_links":{"self":[{"href":"https:\/\/lyonelkaufmann.ch\/Blog\/wp-json\/wp\/v2\/posts\/7754","targetHints":{"allow":["GET"]}}],"collection":[{"href":"https:\/\/lyonelkaufmann.ch\/Blog\/wp-json\/wp\/v2\/posts"}],"about":[{"href":"https:\/\/lyonelkaufmann.ch\/Blog\/wp-json\/wp\/v2\/types\/post"}],"author":[{"embeddable":true,"href":"https:\/\/lyonelkaufmann.ch\/Blog\/wp-json\/wp\/v2\/users\/1"}],"replies":[{"embeddable":true,"href":"https:\/\/lyonelkaufmann.ch\/Blog\/wp-json\/wp\/v2\/comments?post=7754"}],"version-history":[{"count":0,"href":"https:\/\/lyonelkaufmann.ch\/Blog\/wp-json\/wp\/v2\/posts\/7754\/revisions"}],"wp:featuredmedia":[{"embeddable":true,"href":"https:\/\/lyonelkaufmann.ch\/Blog\/wp-json\/wp\/v2\/media\/14680"}],"wp:attachment":[{"href":"https:\/\/lyonelkaufmann.ch\/Blog\/wp-json\/wp\/v2\/media?parent=7754"}],"wp:term":[{"taxonomy":"category","embeddable":true,"href":"https:\/\/lyonelkaufmann.ch\/Blog\/wp-json\/wp\/v2\/categories?post=7754"},{"taxonomy":"post_tag","embeddable":true,"href":"https:\/\/lyonelkaufmann.ch\/Blog\/wp-json\/wp\/v2\/tags?post=7754"}],"curies":[{"name":"wp","href":"https:\/\/api.w.org\/{rel}","templated":true}]}}