{"id":7759,"date":"2006-11-19T20:10:00","date_gmt":"2006-11-19T19:10:00","guid":{"rendered":"http:\/\/histoire.lyonelkaufmann.ch\/?p=238"},"modified":"2006-11-19T20:10:00","modified_gmt":"2006-11-19T19:10:00","slug":"untitledmecanique-filmique-films-historiques-et-histoire-du-cinema","status":"publish","type":"post","link":"https:\/\/lyonelkaufmann.ch\/Blog\/2006\/11\/19\/untitledmecanique-filmique-films-historiques-et-histoire-du-cinema\/","title":{"rendered":"M\u00e9canique filmique. Films historiques et histoire du cin\u00e9ma"},"content":{"rendered":"<div align=\"justify\">\n<p>Le blog <i>M\u00e9canique filmique. Films historiques et histoire du cin\u00e9ma<\/i> est l&rsquo;oeuvre d&rsquo;un doctorant en histoire de la Facult\u00e9 des Lettres de Nice (France) : Aur\u00e9lien Portelli. Le sujet de sa th\u00e8se aborde <em>\u00ab\u00a0La repr\u00e9sentation de l&rsquo;histoire contemporaine de l&rsquo;Italie sur grand \u00e9cran\u00a0\u00bb<\/em>. Ses orientations de recherche portent surtout sur la mise en r\u00e9cit du pass\u00e9, la repr\u00e9sentation du pouvoir et l&rsquo;expression de la marginalit\u00e9 dans le cin\u00e9ma.<\/p>\n<p>Il pr\u00e9sente ainsi les objectifs de son blog : \n<\/p>\n<blockquote><p><span><i>Mon id\u00e9e est de cr\u00e9er un blog sur le cin\u00e9ma, non seulement pour publier des critiques et des r\u00e9flexions sur les films, mais \u00e9galement pour \u00e9tablir un tremplin culturel diversifi\u00e9. L\u2019objet filmique en soi ne me suffit pas. Ce qui m\u2019int\u00e9resse particuli\u00e8rement, c\u2019est de partir d\u2019un film, puis de cr\u00e9er un lien vers quelque chose d\u2019autre. La pens\u00e9e d\u2019un auteur, une musique, un tableau. Aussi, au-del\u00e0 de l\u2019\u00e9motion cin\u00e9philique, comment le cin\u00e9ma nous connecte-t-il \u00e0 d\u2019autres \u00e9l\u00e9ments du savoir ? Comment nous am\u00e8ne-t-il \u00e0 penser notre rapport au monde ? Quels aspects de la connaissance sociale nous r\u00e9v\u00e8le-t-il ? Voici quelques interrogations que je souhaite prochainement aborder sur cette page web. A tr\u00e8s bient\u00f4t donc.<\/i><\/span><\/p><\/blockquote>\n<div class=\"post-body\">\n<div>\n<div align=\"justify\"> <\/div>\n<\/p><\/div>\n<\/p><\/div>\n<div align=\"center\">\n<p><img data-recalc-dims=\"1\" decoding=\"async\" src=\"https:\/\/i0.wp.com\/media.monsieurcinema.com\/film\/014400\/14427\/14427.jpg\" alt=\"Alexandre le Grand\" \/>\n<\/p>\n<div align=\"justify\">\n<p>Son blog int\u00e9ressera tous les \u00e9tudiants et enseignants en histoire qui souhaitent, d&rsquo;une mani\u00e8re ou d&rsquo;une autre, int\u00e9grer le film en histoire et pas seulement par rapport au cin\u00e9ma italien.<\/p>\n<p>Ainsi, <a href=\"http:\/\/mecaniquefilmique.blogspot.com\">M\u00e9canique filmique. Films historiques et Histoire du cin\u00e9ma<\/a> propose quatre articles remarquables pour faire le point sur les rapports entre cin\u00e9ma et histoire : <\/p>\n<ul>\n<li><a href=\"http:\/\/mecaniquefilmique.blogspot.com\/2006\/08\/le-film-historique.html\"> Le film historique<\/a><\/li>\n<li><a href=\"http:\/\/mecaniquefilmique.blogspot.com\/2006\/07\/lhistorien-face-au-film.html\"> L&rsquo;historien face au film<\/a><\/li>\n<li><a href=\"http:\/\/mecaniquefilmique.blogspot.com\/2006\/07\/cinma-et-histoire-la-recherche.html\"> Cin\u00e9ma et histoire : la recherche fran\u00e7aise<\/a><\/li>\n<li><a href=\"http:\/\/mecaniquefilmique.blogspot.com\/2006\/08\/le-film-comme-lieu-de-mmoire_02.html\"> Le film comme lieu de m\u00e9moire<\/a><\/li>\n<\/ul>\n<p>Il propose \u00e9galement un article de synth\u00e8se sur <a href=\"http:\/\/mecaniquefilmique.blogspot.com\/2006\/09\/la-guerre-du-vietnam-dans-le-cinma.html\">le cin\u00e9ma et la guerre du Vietnam<\/a>.<\/p>\n<p>Chaque mois, un film est plus particuli\u00e8rement pr\u00e9sent\u00e9.<br \/>\n<!-- technorati tags begin --><\/p>\n<p style=\"font-size:10px;text-align:right;\">technorati tags:<a href=\"http:\/\/technorati.com\/tag\/Film%26Histoire\" rel=\"tag\">Film&amp;Histoire<\/a><\/p>\n<p><!-- technorati tags end --><\/p>\n<p style=\"text-align:right;font-size:8px;\">\n<\/div>\n<\/div>\n<\/div>\n","protected":false},"excerpt":{"rendered":"<p>Le blog M\u00e9canique filmique. Films historiques et histoire du cin\u00e9ma est l&rsquo;oeuvre d&rsquo;un doctorant en histoire de la Facult\u00e9 des Lettres de Nice (France) : Aur\u00e9lien Portelli. Le sujet de sa th\u00e8se aborde \u00ab\u00a0La repr\u00e9sentation de l&rsquo;histoire contemporaine de l&rsquo;Italie sur grand \u00e9cran\u00a0\u00bb. Ses orientations de recherche portent surtout sur la mise en r\u00e9cit du [&hellip;]<\/p>\n","protected":false},"author":1,"featured_media":14680,"comment_status":"open","ping_status":"open","sticky":false,"template":"","format":"standard","meta":{"_import_markdown_pro_load_document_selector":0,"_import_markdown_pro_submit_text_textarea":"","_genesis_hide_title":false,"_genesis_hide_breadcrumbs":false,"_genesis_hide_singular_image":false,"_genesis_hide_footer_widgets":false,"_genesis_custom_body_class":"","_genesis_custom_post_class":"","_genesis_layout":"","jetpack_post_was_ever_published":false,"_jetpack_newsletter_access":"","_jetpack_dont_email_post_to_subs":false,"_jetpack_newsletter_tier_id":0,"_jetpack_memberships_contains_paywalled_content":false,"_jetpack_memberships_contains_paid_content":false,"activitypub_content_warning":"","activitypub_content_visibility":"","activitypub_max_image_attachments":3,"activitypub_interaction_policy_quote":"anyone","activitypub_status":"","footnotes":"","jetpack_publicize_message":"","jetpack_publicize_feature_enabled":true,"jetpack_social_post_already_shared":true,"jetpack_social_options":{"image_generator_settings":{"template":"fullscreen","default_image_id":0,"font":"","enabled":false},"version":2}},"categories":[2],"tags":[],"class_list":{"0":"post-7759","1":"post","2":"type-post","3":"status-publish","4":"format-standard","5":"has-post-thumbnail","7":"category-histoire-2","8":"entry"},"jetpack_publicize_connections":[],"featured_image_src":"https:\/\/i0.wp.com\/lyonelkaufmann.ch\/Blog\/wp-content\/uploads\/2015\/03\/blogcafe1.jpg?resize=600%2C400&ssl=1","featured_image_src_square":"https:\/\/i0.wp.com\/lyonelkaufmann.ch\/Blog\/wp-content\/uploads\/2015\/03\/blogcafe1.jpg?resize=600%2C600&ssl=1","author_info":{"display_name":"Lyonel Kaufmann","author_link":"https:\/\/lyonelkaufmann.ch\/Blog\/author\/lyonelk\/"},"jetpack_featured_media_url":"https:\/\/i0.wp.com\/lyonelkaufmann.ch\/Blog\/wp-content\/uploads\/2015\/03\/blogcafe1.jpg?fit=1024%2C683&ssl=1","jetpack_sharing_enabled":true,"jetpack_shortlink":"https:\/\/wp.me\/p1qtF4-219","jetpack-related-posts":[{"id":2935,"url":"https:\/\/lyonelkaufmann.ch\/Blog\/2010\/06\/24\/quand-le-film-defie-lhistorien-robert-a-rosenstone-cinemadoc\/","url_meta":{"origin":7759,"position":0},"title":"Quand le film d\u00e9fie l\u2019historien \u2013 Robert A. Rosenstone | Cin\u00e9madoc","author":"Lyonel Kaufmann","date":"24 juin 2010","format":false,"excerpt":"Dans son article, Robert Rosenstone part du constat que les historiens critiquent les films historiques, car ils interpr\u00e8tent ces derniers \u00e0 l\u2019aune de leurs propres exigences acad\u00e9miques. Pour l\u2019auteur, cette critique masque un double d\u00e9ni. En fait, d\u2019un c\u00f4t\u00e9 les historiens critiquent les films car ils se rendent compte qu\u2019ils\u2026","rel":"","context":"Dans &quot;histoire&quot;","block_context":{"text":"histoire","link":"https:\/\/lyonelkaufmann.ch\/Blog\/category\/histoire-2\/"},"img":{"alt_text":"","src":"https:\/\/i0.wp.com\/lyonelkaufmann.ch\/Blog\/wp-content\/uploads\/2015\/03\/blogcafe1.jpg?fit=1024%2C683&ssl=1&resize=350%2C200","width":350,"height":200,"srcset":"https:\/\/i0.wp.com\/lyonelkaufmann.ch\/Blog\/wp-content\/uploads\/2015\/03\/blogcafe1.jpg?fit=1024%2C683&ssl=1&resize=350%2C200 1x, https:\/\/i0.wp.com\/lyonelkaufmann.ch\/Blog\/wp-content\/uploads\/2015\/03\/blogcafe1.jpg?fit=1024%2C683&ssl=1&resize=525%2C300 1.5x, https:\/\/i0.wp.com\/lyonelkaufmann.ch\/Blog\/wp-content\/uploads\/2015\/03\/blogcafe1.jpg?fit=1024%2C683&ssl=1&resize=700%2C400 2x"},"classes":[]},{"id":2918,"url":"https:\/\/lyonelkaufmann.ch\/Blog\/2010\/07\/21\/film-histoire-la-resistance\/","url_meta":{"origin":7759,"position":1},"title":"Film &amp; Histoire : La R\u00e9sistance","author":"Lyonel Kaufmann","date":"21 juillet 2010","format":false,"excerpt":"La pause estivale est l'occasion de rattraper ses retards en lecture de toutes sortes. Je vous proposerai donc quelques ouvrages ou lecture en ligne en lien avec le cin\u00e9ma et l'histoire. Pour le reste, le site tournera tr\u00e8s certainement au ralenti. Bon \u00e9t\u00e9! Dans son article \u00abLes repr\u00e9sentations successives de\u2026","rel":"","context":"Dans &quot;histoire&quot;","block_context":{"text":"histoire","link":"https:\/\/lyonelkaufmann.ch\/Blog\/category\/histoire-2\/"},"img":{"alt_text":"","src":"https:\/\/i0.wp.com\/lyonelkaufmann.ch\/Blog\/wp-content\/uploads\/2015\/03\/blogcafe1.jpg?fit=1024%2C683&ssl=1&resize=350%2C200","width":350,"height":200,"srcset":"https:\/\/i0.wp.com\/lyonelkaufmann.ch\/Blog\/wp-content\/uploads\/2015\/03\/blogcafe1.jpg?fit=1024%2C683&ssl=1&resize=350%2C200 1x, https:\/\/i0.wp.com\/lyonelkaufmann.ch\/Blog\/wp-content\/uploads\/2015\/03\/blogcafe1.jpg?fit=1024%2C683&ssl=1&resize=525%2C300 1.5x, https:\/\/i0.wp.com\/lyonelkaufmann.ch\/Blog\/wp-content\/uploads\/2015\/03\/blogcafe1.jpg?fit=1024%2C683&ssl=1&resize=700%2C400 2x"},"classes":[]},{"id":8612,"url":"https:\/\/lyonelkaufmann.ch\/Blog\/2014\/12\/19\/retrouver-14-18-cent-ans-de-cinema-vus-par-laurent-veray-slate-fr\/","url_meta":{"origin":7759,"position":2},"title":"Retrouver 14-18 : cent ans de cin\u00e9ma vus par Laurent V\u00e9ray | Slate.fr","author":"Lyonel Kaufmann","date":"19 d\u00e9cembre 2014","format":false,"excerpt":"Il s'agit du troisi\u00e8me volet d\u2019un grand entretien de Slate\u00a0(et Non-fiction.fr) avec Laurent V\u00e9ray, professeur d\u2019\u00e9tudes cin\u00e9matographiques et audiovisuelles \u00e0 l\u2019universit\u00e9 Paris III, portant sur le cin\u00e9ma \u00abde\u00bb et \u00absur\u00bb la Grande Guerre. L\u2019\u00e9poque de la Grande Guerre a \u00e9t\u00e9 l\u2019occasion de la mise en place d\u2019un mod\u00e8le du \u00abfilm\u2026","rel":"","context":"Dans &quot;histoire&quot;","block_context":{"text":"histoire","link":"https:\/\/lyonelkaufmann.ch\/Blog\/category\/histoire-2\/"},"img":{"alt_text":"","src":"https:\/\/i0.wp.com\/lyonelkaufmann.ch\/Blog\/wp-content\/uploads\/2015\/02\/australian_infantry_small_box_respirators_ypres_1917.jpg?fit=1090%2C500&ssl=1&resize=350%2C200","width":350,"height":200,"srcset":"https:\/\/i0.wp.com\/lyonelkaufmann.ch\/Blog\/wp-content\/uploads\/2015\/02\/australian_infantry_small_box_respirators_ypres_1917.jpg?fit=1090%2C500&ssl=1&resize=350%2C200 1x, https:\/\/i0.wp.com\/lyonelkaufmann.ch\/Blog\/wp-content\/uploads\/2015\/02\/australian_infantry_small_box_respirators_ypres_1917.jpg?fit=1090%2C500&ssl=1&resize=525%2C300 1.5x, https:\/\/i0.wp.com\/lyonelkaufmann.ch\/Blog\/wp-content\/uploads\/2015\/02\/australian_infantry_small_box_respirators_ypres_1917.jpg?fit=1090%2C500&ssl=1&resize=700%2C400 2x, https:\/\/i0.wp.com\/lyonelkaufmann.ch\/Blog\/wp-content\/uploads\/2015\/02\/australian_infantry_small_box_respirators_ypres_1917.jpg?fit=1090%2C500&ssl=1&resize=1050%2C600 3x"},"classes":[]},{"id":2879,"url":"https:\/\/lyonelkaufmann.ch\/Blog\/2010\/06\/19\/lhistorien-le-film-et-lanachronique-pierre-sorlin-cinemadoc\/","url_meta":{"origin":7759,"position":3},"title":"L\u2019historien, le film et l\u2019anachronique \u2013 Pierre Sorlin | Cin\u00e9madoc","author":"Lyonel Kaufmann","date":"19 juin 2010","format":false,"excerpt":"\"Nous arrivons ainsi \u00e0 une premi\u00e8re proposition : le film historique serait, davantage que beaucoup d\u2019autres, un film situ\u00e9, \u00e9troitement d\u00e9pendant d\u2019un contexte en dehors duquel il n\u2019aurait pas de sens. Il serait, d\u2019autre part, sous un v\u00eatement d\u2019emprunt, consacr\u00e9 d\u2019abord et avant tout aux questions contemporaines ; par une\u2026","rel":"","context":"Dans &quot;histoire&quot;","block_context":{"text":"histoire","link":"https:\/\/lyonelkaufmann.ch\/Blog\/category\/histoire-2\/"},"img":{"alt_text":"","src":"https:\/\/i0.wp.com\/lyonelkaufmann.ch\/Blog\/wp-content\/uploads\/2015\/03\/blogcafe1.jpg?fit=1024%2C683&ssl=1&resize=350%2C200","width":350,"height":200,"srcset":"https:\/\/i0.wp.com\/lyonelkaufmann.ch\/Blog\/wp-content\/uploads\/2015\/03\/blogcafe1.jpg?fit=1024%2C683&ssl=1&resize=350%2C200 1x, https:\/\/i0.wp.com\/lyonelkaufmann.ch\/Blog\/wp-content\/uploads\/2015\/03\/blogcafe1.jpg?fit=1024%2C683&ssl=1&resize=525%2C300 1.5x, https:\/\/i0.wp.com\/lyonelkaufmann.ch\/Blog\/wp-content\/uploads\/2015\/03\/blogcafe1.jpg?fit=1024%2C683&ssl=1&resize=700%2C400 2x"},"classes":[]},{"id":6846,"url":"https:\/\/lyonelkaufmann.ch\/Blog\/2013\/03\/12\/le-temoin-lhistorien-et-le-realisateur-la-place-du-conseiller-documents-de-cours-cinemadoc\/","url_meta":{"origin":7759,"position":4},"title":"Le t\u00e9moin, l\u2019historien et le r\u00e9alisateur : la place du conseiller \u2013 documents de cours | Cin\u00e9madoc","author":"Lyonel Kaufmann","date":"12 mars 2013","format":false,"excerpt":"Cette note reprend les documents et films utilis\u00e9s pour le cours Histoire et cin\u00e9ma (Universit\u00e9 de Montr\u00e9al) du 13 mars 2013. L\u2019objectif principal de cette s\u00e9ance est de s\u2019interroger sur le statut et la fonction du conseiller historique \u00e0 partir d\u2019exemples de films portant sur le Moyen \u00c2ge. Les deux\u2026","rel":"","context":"Dans &quot;histoire&quot;","block_context":{"text":"histoire","link":"https:\/\/lyonelkaufmann.ch\/Blog\/category\/histoire-2\/"},"img":{"alt_text":"","src":"https:\/\/i0.wp.com\/lyonelkaufmann.ch\/Blog\/wp-content\/uploads\/2015\/03\/blogcafe1.jpg?fit=1024%2C683&ssl=1&resize=350%2C200","width":350,"height":200,"srcset":"https:\/\/i0.wp.com\/lyonelkaufmann.ch\/Blog\/wp-content\/uploads\/2015\/03\/blogcafe1.jpg?fit=1024%2C683&ssl=1&resize=350%2C200 1x, https:\/\/i0.wp.com\/lyonelkaufmann.ch\/Blog\/wp-content\/uploads\/2015\/03\/blogcafe1.jpg?fit=1024%2C683&ssl=1&resize=525%2C300 1.5x, https:\/\/i0.wp.com\/lyonelkaufmann.ch\/Blog\/wp-content\/uploads\/2015\/03\/blogcafe1.jpg?fit=1024%2C683&ssl=1&resize=700%2C400 2x"},"classes":[]},{"id":6671,"url":"https:\/\/lyonelkaufmann.ch\/Blog\/2012\/12\/30\/le-cinema-francais-et-la-guerre-dalgerie\/","url_meta":{"origin":7759,"position":5},"title":"Le cin\u00e9ma fran\u00e7ais et la guerre d&rsquo;Alg\u00e9rie","author":"Lyonel Kaufmann","date":"30 d\u00e9cembre 2012","format":false,"excerpt":"C'est un int\u00e9ressant article de Jean-Michel Frodon publi\u00e9 sur Slate.fr et consacr\u00e9 au cin\u00e9ma fran\u00e7ais et la Guerre d'Alg\u00e9rie. Int\u00e9ressant \u00e9galement par le travail de comparaison fait entre le cin\u00e9ma fran\u00e7ais\/Guerre d'Alg\u00e9rie et cin\u00e9ma am\u00e9ricain\/Guerre du Vietnam. Ainsi, \u00e0 propos du cin\u00e9ma am\u00e9ricain et la guerre du Vietnam, Jean-Michel Frodon\u2026","rel":"","context":"Dans &quot;histoire&quot;","block_context":{"text":"histoire","link":"https:\/\/lyonelkaufmann.ch\/Blog\/category\/histoire-2\/"},"img":{"alt_text":"","src":"https:\/\/i0.wp.com\/lyonelkaufmann.ch\/Blog\/wp-content\/uploads\/2015\/03\/blogcafe1.jpg?fit=1024%2C683&ssl=1&resize=350%2C200","width":350,"height":200,"srcset":"https:\/\/i0.wp.com\/lyonelkaufmann.ch\/Blog\/wp-content\/uploads\/2015\/03\/blogcafe1.jpg?fit=1024%2C683&ssl=1&resize=350%2C200 1x, https:\/\/i0.wp.com\/lyonelkaufmann.ch\/Blog\/wp-content\/uploads\/2015\/03\/blogcafe1.jpg?fit=1024%2C683&ssl=1&resize=525%2C300 1.5x, https:\/\/i0.wp.com\/lyonelkaufmann.ch\/Blog\/wp-content\/uploads\/2015\/03\/blogcafe1.jpg?fit=1024%2C683&ssl=1&resize=700%2C400 2x"},"classes":[]}],"jetpack_likes_enabled":true,"_links":{"self":[{"href":"https:\/\/lyonelkaufmann.ch\/Blog\/wp-json\/wp\/v2\/posts\/7759","targetHints":{"allow":["GET"]}}],"collection":[{"href":"https:\/\/lyonelkaufmann.ch\/Blog\/wp-json\/wp\/v2\/posts"}],"about":[{"href":"https:\/\/lyonelkaufmann.ch\/Blog\/wp-json\/wp\/v2\/types\/post"}],"author":[{"embeddable":true,"href":"https:\/\/lyonelkaufmann.ch\/Blog\/wp-json\/wp\/v2\/users\/1"}],"replies":[{"embeddable":true,"href":"https:\/\/lyonelkaufmann.ch\/Blog\/wp-json\/wp\/v2\/comments?post=7759"}],"version-history":[{"count":0,"href":"https:\/\/lyonelkaufmann.ch\/Blog\/wp-json\/wp\/v2\/posts\/7759\/revisions"}],"wp:featuredmedia":[{"embeddable":true,"href":"https:\/\/lyonelkaufmann.ch\/Blog\/wp-json\/wp\/v2\/media\/14680"}],"wp:attachment":[{"href":"https:\/\/lyonelkaufmann.ch\/Blog\/wp-json\/wp\/v2\/media?parent=7759"}],"wp:term":[{"taxonomy":"category","embeddable":true,"href":"https:\/\/lyonelkaufmann.ch\/Blog\/wp-json\/wp\/v2\/categories?post=7759"},{"taxonomy":"post_tag","embeddable":true,"href":"https:\/\/lyonelkaufmann.ch\/Blog\/wp-json\/wp\/v2\/tags?post=7759"}],"curies":[{"name":"wp","href":"https:\/\/api.w.org\/{rel}","templated":true}]}}