{"id":7761,"date":"2006-11-24T10:03:54","date_gmt":"2006-11-24T09:03:54","guid":{"rendered":"http:\/\/lyonelkaufmann.ch\/histoire\/?p=240"},"modified":"2006-11-24T10:03:54","modified_gmt":"2006-11-24T09:03:54","slug":"cetait-quoi-le-tiers-monde-histoire-dun-concept","status":"publish","type":"post","link":"https:\/\/lyonelkaufmann.ch\/Blog\/2006\/11\/24\/cetait-quoi-le-tiers-monde-histoire-dun-concept\/","title":{"rendered":"C&rsquo;\u00e9tait quoi le Tiers-Monde ? (histoire d&rsquo;un concept)"},"content":{"rendered":"<div align=\"justify\">A la suite d&rsquo;une demande d&rsquo;un \u00e9tudiant du M078 &#8211; Transposition didactique en histoire, je vous mets en ligne quelques r\u00e9f\u00e9rences relatives au concept de Tiers-Monde :\u00a0\u00bbLe terme tiers monde a \u00e9t\u00e9 invent\u00e9 par l&rsquo;\u00e9conomiste et d\u00e9mographe fran\u00e7ais Alfred Sauvy en 1952, en r\u00e9f\u00e9rence au tiers \u00e9tat (de l&rsquo;abb\u00e9 Siey\u00e8s) fran\u00e7ais sous l&rsquo;Ancien R\u00e9gime, afin de d\u00e9signer l&rsquo;ensemble des pays du globe qui n&rsquo;appartenaient ni au bloc occidental (Am\u00e9rique du Nord, Isra\u00ebl, Europe de l&rsquo;Ouest, Australie\u2026), ni au bloc communiste (URSS, Chine, Europe de l&rsquo;Est\u2026).\u00a0\u00bb: :\u00a0<\/p>\n<ul>\n<li style=\"margin:0 0 9px;\"><a href=\"http:\/\/baccalaureat.africa-web.org\/index.php?option=com_content&amp;task=view&amp;id=127&amp;Itemid=\"><i>Le Tiers-Monde, un concept pertinent ?<\/i><\/a><\/li>\n<li style=\"margin:0 0 9px;\">Immanuel WALLERSTEIN (2000). <a href=\"http:\/\/classiques.uqac.ca\/contemporains\/WALLERSTEIN_Immanuel\/de_bandung_a_seattle\/wallerstein_Tiers_Monde.pdf\"><i>De Bandung \u00e0 Seattle, \u00abc\u2019\u00e9tait quoi, le tiers-monde ?\u00bb<\/i><\/a><i> <\/i>(document en .pdf)<\/li>\n<li style=\"margin:0 0 9px;\"><a href=\"http:\/\/ced.u-bordeaux4.fr\/GresPrg04\/BA04francois.pdf\"><i>Le concept de d\u00e9veloppement : la fin d\u2019un mythe*<\/i><\/a><i> <\/i>(document en .pdf)<\/li>\n<li style=\"margin:0 0 9px;\"><a href=\"http:\/\/www.er.uqam.ca\/nobel\/ceim\/gricpdf\/legoute%5b1%5d.pdf\"><i>D\u00e9finir le d\u00e9veloppement : historique et dimensions d&rsquo;un concept plurivoque<\/i><\/a> (document en .pdf)<\/li>\n<li style=\"margin:0 0 9px;\"><a href=\"http:\/\/www.monde-diplomatique.fr\/2005\/04\/LACOUTURE\/12062\"><i>Bandung ou la fin de l\u2019\u00e8re coloniale<\/i><\/a><i> <\/i>(Le Monde Diplomatique)<\/li>\n<li style=\"margin:0 0 9px;\"><a href=\"http:\/\/www.ihecs.be\/focus\/generalites\/lesmots.htm\"><i>Les Mots pour le dire<\/i><\/a><i> <\/i>(Tiers-Monde, Pays \u00absous-d\u00e9velopp\u00e9s\u00bb, Sud, Pays \u00aben voie de d\u00e9veloppement\u00bb\u2026)<\/li>\n<li style=\"margin:0 0 9px;\">Pour une courte bibliographie:<br \/>\n<a href=\"http:\/\/www.ritimo.org\/F\/Eduquer\/EAD\/f0917_ess_ead_concepts.html\">http:\/\/www.ritimo.org\/F\/Eduquer\/EAD\/f0917_ess_ead_concepts.html<\/a><\/li>\n<\/ul>\n<\/div>\n","protected":false},"excerpt":{"rendered":"<p>A la suite d&rsquo;une demande d&rsquo;un \u00e9tudiant du M078 &#8211; Transposition didactique en histoire, je vous mets en ligne quelques r\u00e9f\u00e9rences relatives au concept de Tiers-Monde :\u00a0\u00bbLe terme tiers monde a \u00e9t\u00e9 invent\u00e9 par l&rsquo;\u00e9conomiste et d\u00e9mographe fran\u00e7ais Alfred Sauvy en 1952, en r\u00e9f\u00e9rence au tiers \u00e9tat (de l&rsquo;abb\u00e9 Siey\u00e8s) fran\u00e7ais sous l&rsquo;Ancien R\u00e9gime, afin [&hellip;]<\/p>\n","protected":false},"author":1,"featured_media":14680,"comment_status":"open","ping_status":"open","sticky":false,"template":"","format":"standard","meta":{"_import_markdown_pro_load_document_selector":0,"_import_markdown_pro_submit_text_textarea":"","_genesis_hide_title":false,"_genesis_hide_breadcrumbs":false,"_genesis_hide_singular_image":false,"_genesis_hide_footer_widgets":false,"_genesis_custom_body_class":"","_genesis_custom_post_class":"","_genesis_layout":"","jetpack_post_was_ever_published":false,"_jetpack_newsletter_access":"","_jetpack_dont_email_post_to_subs":false,"_jetpack_newsletter_tier_id":0,"_jetpack_memberships_contains_paywalled_content":false,"_jetpack_memberships_contains_paid_content":false,"activitypub_content_warning":"","activitypub_content_visibility":"","activitypub_max_image_attachments":3,"activitypub_interaction_policy_quote":"anyone","activitypub_status":"","footnotes":"","jetpack_publicize_message":"","jetpack_publicize_feature_enabled":true,"jetpack_social_post_already_shared":true,"jetpack_social_options":{"image_generator_settings":{"template":"fullscreen","default_image_id":0,"font":"","enabled":false},"version":2}},"categories":[2],"tags":[],"class_list":{"0":"post-7761","1":"post","2":"type-post","3":"status-publish","4":"format-standard","5":"has-post-thumbnail","7":"category-histoire-2","8":"entry"},"jetpack_publicize_connections":[],"featured_image_src":"https:\/\/i0.wp.com\/lyonelkaufmann.ch\/Blog\/wp-content\/uploads\/2015\/03\/blogcafe1.jpg?resize=600%2C400&ssl=1","featured_image_src_square":"https:\/\/i0.wp.com\/lyonelkaufmann.ch\/Blog\/wp-content\/uploads\/2015\/03\/blogcafe1.jpg?resize=600%2C600&ssl=1","author_info":{"display_name":"Lyonel Kaufmann","author_link":"https:\/\/lyonelkaufmann.ch\/Blog\/author\/lyonelk\/"},"jetpack_featured_media_url":"https:\/\/i0.wp.com\/lyonelkaufmann.ch\/Blog\/wp-content\/uploads\/2015\/03\/blogcafe1.jpg?fit=1024%2C683&ssl=1","jetpack_sharing_enabled":true,"jetpack_shortlink":"https:\/\/wp.me\/p1qtF4-21b","jetpack-related-posts":[{"id":6269,"url":"https:\/\/lyonelkaufmann.ch\/Blog\/2012\/10\/13\/dans-les-meandres-du-congo-mediapart\/","url_meta":{"origin":7761,"position":0},"title":"Dans les m\u00e9andres du Congo | Mediapart","author":"Lyonel Kaufmann","date":"13 octobre 2012","format":false,"excerpt":"Au moment o\u00f9 le sommet de la Francophonie se tient en R\u00e9publique du Congo, ou Congo-Kinshasa, il est utile de revenir sur l'histoire mouvement\u00e9e de ce pays. A ce titre, la lecture de l'ouvrage de David Van Reybrouck \u00abCongo. Une histoire\u00bbs'impose. Cette histoire remonte bien avant l'arriv\u00e9e des Portugais au\u2026","rel":"","context":"Dans &quot;histoire&quot;","block_context":{"text":"histoire","link":"https:\/\/lyonelkaufmann.ch\/Blog\/category\/histoire-2\/"},"img":{"alt_text":"","src":"https:\/\/i0.wp.com\/www.politis.ch\/carnets\/wp-content\/uploads\/2012\/10\/Congo_une_histoire.jpg?resize=350%2C200","width":350,"height":200},"classes":[]},{"id":7191,"url":"https:\/\/lyonelkaufmann.ch\/Blog\/2013\/06\/28\/revue-de-presse-quelle-place-pour-le-numerique-a-lecole-primaire\/","url_meta":{"origin":7761,"position":1},"title":"Revue de presse : Quelle place pour le num\u00e9rique \u00e0 l&rsquo;\u00e9cole primaire ?","author":"Lyonel Kaufmann","date":"28 juin 2013","format":false,"excerpt":"D\u00e8s sa sortie, j'indiquais que l'iPad \u00e9tait probalbement \u00abpremier cartable num\u00e9rique v\u00e9ritablement cr\u00e9dible pour le monde de l\u2019\u00e9ducation\u00bb (iPad le cha\u00eenon manquant?). Dans cet article, cet extrait explique bien le pourquoi :\u00a0\u00abLes tablettes fascinent aussi bien les \u00e9l\u00e8ves que les enseignants. Toutefois de nombreuses imperfections bien connues apparaissent : une\u2026","rel":"","context":"Dans &quot;histoire&quot;","block_context":{"text":"histoire","link":"https:\/\/lyonelkaufmann.ch\/Blog\/category\/histoire-2\/"},"img":{"alt_text":"","src":"https:\/\/i0.wp.com\/lyonelkaufmann.ch\/Blog\/wp-content\/uploads\/2015\/03\/blogcafe1.jpg?fit=1024%2C683&ssl=1&resize=350%2C200","width":350,"height":200,"srcset":"https:\/\/i0.wp.com\/lyonelkaufmann.ch\/Blog\/wp-content\/uploads\/2015\/03\/blogcafe1.jpg?fit=1024%2C683&ssl=1&resize=350%2C200 1x, https:\/\/i0.wp.com\/lyonelkaufmann.ch\/Blog\/wp-content\/uploads\/2015\/03\/blogcafe1.jpg?fit=1024%2C683&ssl=1&resize=525%2C300 1.5x, https:\/\/i0.wp.com\/lyonelkaufmann.ch\/Blog\/wp-content\/uploads\/2015\/03\/blogcafe1.jpg?fit=1024%2C683&ssl=1&resize=700%2C400 2x"},"classes":[]},{"id":9986,"url":"https:\/\/lyonelkaufmann.ch\/Blog\/2013\/06\/28\/revue-de-presse-quelle-place-pour-le-numerique-a-lecole-primaire-2\/","url_meta":{"origin":7761,"position":2},"title":"Revue de presse : Quelle place pour le num\u00e9rique \u00e0 l&rsquo;\u00e9cole primaire ?","author":"Lyonel Kaufmann","date":"28 juin 2013","format":false,"excerpt":"D\u00e8s sa sortie, j'indiquais que l'iPad \u00e9tait probalbement \u00abpremier cartable num\u00e9rique v\u00e9ritablement cr\u00e9dible pour le monde de l\u2019\u00e9ducation\u00bb (iPad le cha\u00eenon manquant? ). Dans cet article, cet extrait explique bien le pourquoi :\u00a0\u00abLes tablettes fascinent aussi bien les \u00e9l\u00e8ves que les enseignants. Toutefois de nombreuses imperfections bien connues apparaissent :\u2026","rel":"","context":"Dans &quot;L'Expresso&quot;","block_context":{"text":"L'Expresso","link":"https:\/\/lyonelkaufmann.ch\/Blog\/category\/breves\/"},"img":{"alt_text":"","src":"https:\/\/i0.wp.com\/lyonelkaufmann.ch\/Blog\/wp-content\/uploads\/2015\/03\/blogcafe1.jpg?fit=1024%2C683&ssl=1&resize=350%2C200","width":350,"height":200,"srcset":"https:\/\/i0.wp.com\/lyonelkaufmann.ch\/Blog\/wp-content\/uploads\/2015\/03\/blogcafe1.jpg?fit=1024%2C683&ssl=1&resize=350%2C200 1x, https:\/\/i0.wp.com\/lyonelkaufmann.ch\/Blog\/wp-content\/uploads\/2015\/03\/blogcafe1.jpg?fit=1024%2C683&ssl=1&resize=525%2C300 1.5x, https:\/\/i0.wp.com\/lyonelkaufmann.ch\/Blog\/wp-content\/uploads\/2015\/03\/blogcafe1.jpg?fit=1024%2C683&ssl=1&resize=700%2C400 2x"},"classes":[]},{"id":28313,"url":"https:\/\/lyonelkaufmann.ch\/Blog\/2026\/04\/08\/a-la-decouverte-de-lile-dogoz-06-04-2026\/","url_meta":{"origin":7761,"position":3},"title":"A la d\u00e9couverte de l\u2019\u00eele d\u2019Ogoz (06.04.2026)","author":"Lyonel Kaufmann","date":"8 avril 2026","format":false,"excerpt":"Que diriez-vous d\u2019une \u00eele et d\u2019un ch\u00e2teau auxquels il n\u2019est possible d\u2019acc\u00e9der \u00e0 pied que quelques jours par an. Et qui, le reste de l\u2019ann\u00e9e baignent dans l\u2019eau. Tel est le destin de l\u2019\u00eele d\u2019Ogoz et de ses ruines que nous vous narrons aujourd\u2019hui en ce lundi de P\u00e2ques \ud83d\udc23\u2026","rel":"","context":"Dans &quot;Blogcaf\u00e9&quot;","block_context":{"text":"Blogcaf\u00e9","link":"https:\/\/lyonelkaufmann.ch\/Blog\/category\/blogcafe-2\/"},"img":{"alt_text":"","src":"https:\/\/i0.wp.com\/lyonelkaufmann.ch\/Blog\/wp-content\/uploads\/2026\/04\/dsc01783.jpg?fit=1200%2C800&ssl=1&resize=350%2C200","width":350,"height":200,"srcset":"https:\/\/i0.wp.com\/lyonelkaufmann.ch\/Blog\/wp-content\/uploads\/2026\/04\/dsc01783.jpg?fit=1200%2C800&ssl=1&resize=350%2C200 1x, https:\/\/i0.wp.com\/lyonelkaufmann.ch\/Blog\/wp-content\/uploads\/2026\/04\/dsc01783.jpg?fit=1200%2C800&ssl=1&resize=525%2C300 1.5x, https:\/\/i0.wp.com\/lyonelkaufmann.ch\/Blog\/wp-content\/uploads\/2026\/04\/dsc01783.jpg?fit=1200%2C800&ssl=1&resize=700%2C400 2x, https:\/\/i0.wp.com\/lyonelkaufmann.ch\/Blog\/wp-content\/uploads\/2026\/04\/dsc01783.jpg?fit=1200%2C800&ssl=1&resize=1050%2C600 3x"},"classes":[]},{"id":7888,"url":"https:\/\/lyonelkaufmann.ch\/Blog\/2013\/12\/17\/1998-2013-le-web-et-lenseignement-de-lhistoire-entre-deux-commemorations-chronique-no-147\/","url_meta":{"origin":7761,"position":4},"title":"1998 &#8211; 2013 : le web et l\u2019enseignement de l\u2019histoire entre deux comm\u00e9morations | Chronique no 147","author":"Lyonel Kaufmann","date":"17 d\u00e9cembre 2013","format":false,"excerpt":"En plein milieu du maelstr\u00f6m qui vient de d\u00e9buter concernant la Premi\u00e8re Guerre mondiale, revenir aux comm\u00e9morations de 1998 consacr\u00e9es en ligne au 80 ans de la signature de l\u2019Armistice permet de mesurer quelques chemins parcourus concernant les outils num\u00e9riques et l\u2019enseignement de l\u2019histoire. En 1998, pour le 80e anniversaire\u2026","rel":"","context":"Dans &quot;histoire&quot;","block_context":{"text":"histoire","link":"https:\/\/lyonelkaufmann.ch\/Blog\/category\/histoire-2\/"},"img":{"alt_text":"couleur_larmes","src":"https:\/\/i0.wp.com\/lyonelkaufmann.ch\/histoire\/wp-content\/uploads\/2013\/12\/couleur_larmes.png?resize=350%2C200","width":350,"height":200,"srcset":"https:\/\/i0.wp.com\/lyonelkaufmann.ch\/histoire\/wp-content\/uploads\/2013\/12\/couleur_larmes.png?resize=350%2C200 1x, https:\/\/i0.wp.com\/lyonelkaufmann.ch\/histoire\/wp-content\/uploads\/2013\/12\/couleur_larmes.png?resize=525%2C300 1.5x, https:\/\/i0.wp.com\/lyonelkaufmann.ch\/histoire\/wp-content\/uploads\/2013\/12\/couleur_larmes.png?resize=700%2C400 2x"},"classes":[]},{"id":5285,"url":"https:\/\/lyonelkaufmann.ch\/Blog\/2012\/04\/13\/patrick-boucheron-un-historien-qui-bouscule-les-siecles-la-republique-des-livres\/","url_meta":{"origin":7761,"position":5},"title":"Patrick Boucheron, un historien qui bouscule les si\u00e8cles | La r\u00e9publique des livres","author":"Lyonel Kaufmann","date":"13 avril 2012","format":"quote","excerpt":"Et si Denys le Petit, ce moine du VI\u00e8me si\u00e8cle \u00e0 qui l'on doit l'invention de l'\u00e8re chr\u00e9tienne, avait choisi d\u2019adopter l\u2019\u00e8re de la Passion et non celle de l\u2019Incarnation pour faire d\u00e9buter notre \u00e8re? Alors notre chronologie s\u2019en trouverait d\u00e9cal\u00e9e de 33 ans. \u00ab A ce jeu, le XIX\u00e8me\u2026","rel":"","context":"Dans &quot;histoire&quot;","block_context":{"text":"histoire","link":"https:\/\/lyonelkaufmann.ch\/Blog\/category\/histoire-2\/"},"img":{"alt_text":"","src":"https:\/\/i0.wp.com\/lyonelkaufmann.ch\/Blog\/wp-content\/uploads\/2015\/03\/blogcafe1.jpg?fit=1024%2C683&ssl=1&resize=350%2C200","width":350,"height":200,"srcset":"https:\/\/i0.wp.com\/lyonelkaufmann.ch\/Blog\/wp-content\/uploads\/2015\/03\/blogcafe1.jpg?fit=1024%2C683&ssl=1&resize=350%2C200 1x, https:\/\/i0.wp.com\/lyonelkaufmann.ch\/Blog\/wp-content\/uploads\/2015\/03\/blogcafe1.jpg?fit=1024%2C683&ssl=1&resize=525%2C300 1.5x, https:\/\/i0.wp.com\/lyonelkaufmann.ch\/Blog\/wp-content\/uploads\/2015\/03\/blogcafe1.jpg?fit=1024%2C683&ssl=1&resize=700%2C400 2x"},"classes":[]}],"jetpack_likes_enabled":true,"_links":{"self":[{"href":"https:\/\/lyonelkaufmann.ch\/Blog\/wp-json\/wp\/v2\/posts\/7761","targetHints":{"allow":["GET"]}}],"collection":[{"href":"https:\/\/lyonelkaufmann.ch\/Blog\/wp-json\/wp\/v2\/posts"}],"about":[{"href":"https:\/\/lyonelkaufmann.ch\/Blog\/wp-json\/wp\/v2\/types\/post"}],"author":[{"embeddable":true,"href":"https:\/\/lyonelkaufmann.ch\/Blog\/wp-json\/wp\/v2\/users\/1"}],"replies":[{"embeddable":true,"href":"https:\/\/lyonelkaufmann.ch\/Blog\/wp-json\/wp\/v2\/comments?post=7761"}],"version-history":[{"count":0,"href":"https:\/\/lyonelkaufmann.ch\/Blog\/wp-json\/wp\/v2\/posts\/7761\/revisions"}],"wp:featuredmedia":[{"embeddable":true,"href":"https:\/\/lyonelkaufmann.ch\/Blog\/wp-json\/wp\/v2\/media\/14680"}],"wp:attachment":[{"href":"https:\/\/lyonelkaufmann.ch\/Blog\/wp-json\/wp\/v2\/media?parent=7761"}],"wp:term":[{"taxonomy":"category","embeddable":true,"href":"https:\/\/lyonelkaufmann.ch\/Blog\/wp-json\/wp\/v2\/categories?post=7761"},{"taxonomy":"post_tag","embeddable":true,"href":"https:\/\/lyonelkaufmann.ch\/Blog\/wp-json\/wp\/v2\/tags?post=7761"}],"curies":[{"name":"wp","href":"https:\/\/api.w.org\/{rel}","templated":true}]}}