{"id":7769,"date":"2006-12-11T23:04:18","date_gmt":"2006-12-11T22:04:18","guid":{"rendered":"http:\/\/lyonelkaufmann.ch\/histoire\/2006\/12\/11\/%c2%ab%c2%a0selectionner-et-evaluer-des-ressources-pour-l%e2%80%99enseignement-de-l%e2%80%99histoire%c2%a0%c2%bb\/"},"modified":"2006-12-11T23:04:18","modified_gmt":"2006-12-11T22:04:18","slug":"selectionner-et-evaluer-des-ressources-pour-lenseignement-de-lhistoire","status":"publish","type":"post","link":"https:\/\/lyonelkaufmann.ch\/Blog\/2006\/12\/11\/selectionner-et-evaluer-des-ressources-pour-lenseignement-de-lhistoire\/","title":{"rendered":"M078 &#8211; S\u00e9lectionner et \u00e9valuer des ressources pour l\u2019enseignement de l\u2019histoire (S\u00e9minaire)"},"content":{"rendered":"<p><span style=\"font-family:'LucidaGrande', 'Lucida Grande', 'Lucida Sans Unicode', 'sans-serif';font-weight:bold;line-height:15pt;\">A &#8211; Intervenantes : Sophie Gloor et Zeineb Zemzemi<\/span><span style=\"font-family:'LucidaGrande', 'Lucida Grande', 'Lucida Sans Unicode', 'sans-serif';line-height:15pt;\"><\/span><\/p>\n<ol>\n<li style=\"line-height:15pt;margin-left:18pt;padding-left:18pt;text-indent:-18pt;\">\n<div class=\"paragraph Normal_1\" style=\"line-height:15pt;margin-bottom:0;margin-top:0;text-indent:-18pt;\"><span style=\"color:#000000;font-family:'TimesNewRomanPSMT', 'Times New Roman', 'serif';font-size:0;font-style:normal;font-variant:normal;font-weight:normal;letter-spacing:0;line-height:15pt;opacity:1;position:relative;text-decoration:none;text-transform:none;top:-6pt;\" class=\"Bullet\"><\/span><span style=\"width:18pt;\" class=\"Spacer\"><\/span><span style=\"font-family:'LucidaGrande', 'Lucida Grande', 'Lucida Sans Unicode', 'sans-serif';line-height:15pt;\">Th\u00e9matique du s\u00e9minaire : \u00ab S\u00e9lectionner et \u00e9valuer des ressources pour l\u2019enseignement de l\u2019histoire \u00bb<\/span><\/div>\n<\/li>\n<li style=\"line-height:15pt;margin-left:18pt;padding-left:18pt;text-indent:-18pt;\">\n<div class=\"paragraph Normal_1\" style=\"line-height:15pt;margin-bottom:0;margin-top:0;text-indent:-18pt;\"><span style=\"color:#000000;font-family:'TimesNewRomanPSMT', 'Times New Roman', 'serif';font-size:0;font-style:normal;font-variant:normal;font-weight:normal;letter-spacing:0;line-height:15pt;opacity:1;position:relative;text-decoration:none;text-transform:none;top:-6pt;\" class=\"Bullet\"><\/span><span style=\"width:18pt;\" class=\"Spacer\"><\/span><span style=\"font-family:'LucidaGrande', 'Lucida Grande', 'Lucida Sans Unicode', 'sans-serif';line-height:15pt;\">Th\u00e8mes pour lesquels sont s\u00e9lectionn\u00e9es et \u00e9valu\u00e9es les ressources : L\u2019Eglise au Moyen Age (Sophie) et La condition de la femme au 19<\/span><span style=\"font-family:'LucidaGrande', 'Lucida Grande', 'Lucida Sans Unicode', 'sans-serif';font-size:7.9pt;line-height:15pt;vertical-align:.5em;\">\u00e8me<\/span><span style=\"font-family:'LucidaGrande', 'Lucida Grande', 'Lucida Sans Unicode', 'sans-serif';line-height:15pt;\"> et au 20<\/span><span style=\"font-family:'LucidaGrande', 'Lucida Grande', 'Lucida Sans Unicode', 'sans-serif';font-size:7.9pt;line-height:15pt;vertical-align:.5em;\">\u00e8me<\/span><span style=\"font-family:'LucidaGrande', 'Lucida Grande', 'Lucida Sans Unicode', 'sans-serif';line-height:15pt;\"> si\u00e8cle (Zeineb)<\/span><\/div>\n<\/li>\n<li style=\"line-height:15pt;margin-left:18pt;padding-left:18pt;text-indent:-18pt;\">\n<div class=\"paragraph Normal_1\" style=\"line-height:15pt;margin-bottom:0;margin-top:0;text-indent:-18pt;\"><span style=\"color:#000000;font-family:'TimesNewRomanPSMT', 'Times New Roman', 'serif';font-size:0;font-style:normal;font-variant:normal;font-weight:normal;letter-spacing:0;line-height:15pt;opacity:1;position:relative;text-decoration:none;text-transform:none;top:-6pt;\" class=\"Bullet\"><\/span><span style=\"width:18pt;\" class=\"Spacer\"><\/span><span style=\"font-family:'LucidaGrande', 'Lucida Grande', 'Lucida Sans Unicode', 'sans-serif';line-height:15pt;\">Programme de l\u2019intervention :<\/span><\/div>\n<\/li>\n<\/ol>\n<div class=\"paragraph Normal_1\" style=\"line-height:15pt;font-family:'LucidaGrande', 'Lucida Grande', 'Lucida Sans Unicode', 'sans-serif';text-decoration:none;\"> <\/div>\n<div class=\"paragraph Free_Form\" style=\"line-height:11pt;margin-bottom:0;margin-left:0;margin-top:0;text-indent:0;\">\n<table cellspacing=\"0\" cellpadding=\"0\" style=\"background:transparent;border-collapse:collapse;height:561pt;width:397pt;word-wrap:break-word;\" id=\"id1\">\n<tr>\n<td style=\"background:transparent;border:1pt #000000 solid;height:29pt;vertical-align:top;width:79pt;\">\n<div>\n<div style=\"width:78.7pt;\">\n<div class=\"paragraph Normal_1\" style=\"line-height:15pt;margin-bottom:0;margin-top:0;padding-bottom:0;padding-top:0;text-align:center;font-family:'LucidaGrande-Bold', 'Lucida Grande', 'Lucida Console', 'sans-serif';font-weight:bold;\">Temps et intervenant<\/div>\n<\/div>\n<\/div>\n<\/td>\n<td style=\"background:transparent;border:1pt #000000 solid;height:29pt;vertical-align:top;width:316pt;\">\n<div>\n<div style=\"width:316.3pt;\">\n<div class=\"paragraph Normal_1\" style=\"line-height:15pt;margin-bottom:0;margin-top:0;padding-bottom:0;padding-top:0;text-align:center;font-family:'LucidaGrande-Bold', 'Lucida Grande', 'Lucida Console', 'sans-serif';font-weight:bold;\">Activit\u00e9 <\/div>\n<\/div>\n<\/div>\n<\/td>\n<\/tr>\n<tr>\n<td style=\"background:transparent;border:1pt #000000 solid;height:194pt;vertical-align:top;width:79pt;\">\n<div>\n<div style=\"width:78.7pt;\">\n<div class=\"paragraph Normal_1\" style=\"line-height:15pt;margin-bottom:0;margin-top:0;padding-bottom:0;padding-top:0;\"><span style=\"font-family:'LucidaGrande', 'Lucida Grande', 'Lucida Sans Unicode', 'sans-serif';font-weight:bold;line-height:15pt;\">10 min<\/span><span style=\"font-family:'LucidaGrande', 'Lucida Grande', 'Lucida Sans Unicode', 'sans-serif';line-height:15pt;\"> \/ Zeineb<\/span><\/div>\n<\/div>\n<\/div>\n<\/td>\n<td style=\"background:transparent;border:1pt #000000 solid;height:194pt;vertical-align:top;width:316pt;\">\n<div>\n<div style=\"width:316.3pt;\">\n<div class=\"paragraph Normal_1\" style=\"line-height:15pt;padding-top:0;font-family:'LucidaGrande', 'Lucida Grande', 'Lucida Sans Unicode', 'sans-serif';\">Exposition du cadre th\u00e9orique : <\/div>\n<div class=\"paragraph Normal_1\" style=\"line-height:15pt;font-family:'LucidaGrande', 'Lucida Grande', 'Lucida Sans Unicode', 'sans-serif';\">&#8211; D\u00e9finition du \u00ab document \u00bb ; \u00ab source \u00bb et\/ou \u00ab document \u00bb ?<\/div>\n<div class=\"paragraph Normal_1\" style=\"line-height:15pt;font-family:'LucidaGrande', 'Lucida Grande', 'Lucida Sans Unicode', 'sans-serif';\">&#8211; Place du document dans l\u2019enseignement de l\u2019histoire \u00e0 l\u2019\u00e9cole<\/div>\n<div class=\"paragraph Normal_1\" style=\"line-height:15pt;font-family:'LucidaGrande', 'Lucida Grande', 'Lucida Sans Unicode', 'sans-serif';\">&#8211; Typologie des documents<\/div>\n<div class=\"paragraph Normal_1\" style=\"line-height:15pt;font-family:'LucidaGrande', 'Lucida Grande', 'Lucida Sans Unicode', 'sans-serif';\">&#8211; R\u00f4les et usages des documents en classe<\/div>\n<div class=\"paragraph Normal_1\" style=\"line-height:15pt;font-family:'LucidaGrande', 'Lucida Grande', 'Lucida Sans Unicode', 'sans-serif';\">&#8211; Caract\u00e9ristiques des manuels scolaires d\u2019aujourd\u2019hui<\/div>\n<div class=\"paragraph Normal_1\" style=\"line-height:15pt;font-family:'LucidaGrande', 'Lucida Grande', 'Lucida Sans Unicode', 'sans-serif';\">&#8211; Crit\u00e8res caract\u00e9risant les \u00ab meilleurs documents \u00bb <\/div>\n<div class=\"paragraph Normal_1\" style=\"line-height:15pt;font-family:'LucidaGrande', 'Lucida Grande', 'Lucida Sans Unicode', 'sans-serif';\">&#8211; D\u00e9marche pour \u00e9valuer la qualit\u00e9 d\u2019un manuel d\u2019histoire<\/div>\n<div class=\"paragraph Normal_1\" style=\"line-height:15pt;padding-bottom:0;text-decoration:none;\"> <\/div>\n<\/div>\n<\/div>\n<\/td>\n<\/tr>\n<tr>\n<td style=\"background:transparent;border:1pt #000000 solid;height:74pt;vertical-align:top;width:79pt;\">\n<div>\n<div style=\"width:78.7pt;\">\n<div class=\"paragraph Normal_1\" style=\"line-height:15pt;padding-top:0;\"><span style=\"font-family:'LucidaGrande-Bold', 'Lucida Grande', 'Lucida Console', 'sans-serif';font-weight:bold;line-height:15pt;\">20 min<\/span><span style=\"font-family:'LucidaGrande', 'Lucida Grande', 'Lucida Sans Unicode', 'sans-serif';line-height:15pt;\"> : <\/span><\/div>\n<div class=\"paragraph Normal_1\" style=\"line-height:15pt;font-family:'LucidaGrande', 'Lucida Grande', 'Lucida Sans Unicode', 'sans-serif';\">10 min \/ Sophie<\/div>\n<div class=\"paragraph Normal_1\" style=\"line-height:15pt;padding-bottom:0;font-family:'LucidaGrande', 'Lucida Grande', 'Lucida Sans Unicode', 'sans-serif';\">10 min \/ Zeineb<\/div>\n<\/div>\n<\/div>\n<\/td>\n<td style=\"background:transparent;border:1pt #000000 solid;height:74pt;vertical-align:top;width:316pt;\">\n<div>\n<div style=\"width:316.3pt;\">\n<div class=\"paragraph Normal_1\" style=\"line-height:15pt;padding-top:0;font-family:'LucidaGrande', 'Lucida Grande', 'Lucida Sans Unicode', 'sans-serif';\">Pr\u00e9sentation des documents s\u00e9lectionn\u00e9s :<\/div>\n<div class=\"paragraph Normal_1\" style=\"line-height:15pt;font-family:'LucidaGrande', 'Lucida Grande', 'Lucida Sans Unicode', 'sans-serif';\">L\u2019Eglise au Moyen Age<\/div>\n<div class=\"paragraph Normal_1\" style=\"line-height:15pt;padding-bottom:0;\"><span style=\"font-family:'LucidaGrande', 'Lucida Grande', 'Lucida Sans Unicode', 'sans-serif';line-height:15pt;\">La condition de la femme au 19<\/span><span style=\"font-family:'LucidaGrande', 'Lucida Grande', 'Lucida Sans Unicode', 'sans-serif';font-size:7.9pt;line-height:15pt;vertical-align:.5em;\">\u00e8me<\/span><span style=\"font-family:'LucidaGrande', 'Lucida Grande', 'Lucida Sans Unicode', 'sans-serif';line-height:15pt;\"> et 20<\/span><span style=\"font-family:'LucidaGrande', 'Lucida Grande', 'Lucida Sans Unicode', 'sans-serif';font-size:7.9pt;line-height:15pt;vertical-align:.5em;\">\u00e8me<\/span><span style=\"font-family:'LucidaGrande', 'Lucida Grande', 'Lucida Sans Unicode', 'sans-serif';line-height:15pt;\"> si\u00e8cle<\/span><\/div>\n<\/div>\n<\/div>\n<\/td>\n<\/tr>\n<tr>\n<td style=\"background:transparent;border:1pt #000000 solid;height:194pt;vertical-align:top;width:79pt;\">\n<div>\n<div style=\"width:78.7pt;\">\n<div class=\"paragraph Normal_1\" style=\"line-height:15pt;padding-top:0;\"><span style=\"font-family:'LucidaGrande-Bold', 'Lucida Grande', 'Lucida Console', 'sans-serif';font-weight:bold;line-height:15pt;\">30 min<\/span><span style=\"font-family:'LucidaGrande', 'Lucida Grande', 'Lucida Sans Unicode', 'sans-serif';line-height:15pt;\"> :<\/span><\/div>\n<div class=\"paragraph Normal_1\" style=\"line-height:15pt;font-family:'LucidaGrande', 'Lucida Grande', 'Lucida Sans Unicode', 'sans-serif';\">20 min \/ Sophie<\/div>\n<div class=\"paragraph Normal_1\" style=\"line-height:15pt;font-family:'LucidaGrande', 'Lucida Grande', 'Lucida Sans Unicode', 'sans-serif';text-decoration:none;\"> <\/div>\n<div class=\"paragraph Normal_1\" style=\"line-height:15pt;font-family:'LucidaGrande', 'Lucida Grande', 'Lucida Sans Unicode', 'sans-serif';text-decoration:none;\"> <\/div>\n<div class=\"paragraph Normal_1\" style=\"line-height:15pt;font-family:'LucidaGrande', 'Lucida Grande', 'Lucida Sans Unicode', 'sans-serif';text-decoration:none;\"> <\/div>\n<div class=\"paragraph Normal_1\" style=\"line-height:15pt;font-family:'LucidaGrande', 'Lucida Grande', 'Lucida Sans Unicode', 'sans-serif';text-decoration:none;\"> <\/div>\n<div class=\"paragraph Normal_1\" style=\"line-height:15pt;font-family:'LucidaGrande', 'Lucida Grande', 'Lucida Sans Unicode', 'sans-serif';text-decoration:none;\"> <\/div>\n<div class=\"paragraph Normal_1\" style=\"line-height:15pt;font-family:'LucidaGrande', 'Lucida Grande', 'Lucida Sans Unicode', 'sans-serif';text-decoration:none;\"> <\/div>\n<div class=\"paragraph Normal_1\" style=\"line-height:15pt;padding-bottom:0;font-family:'LucidaGrande', 'Lucida Grande', 'Lucida Sans Unicode', 'sans-serif';\">10 min \/ Zeineb<\/div>\n<\/div>\n<\/div>\n<\/td>\n<td style=\"background:transparent;border:1pt #000000 solid;height:194pt;vertical-align:top;width:316pt;\">\n<div>\n<div style=\"width:316.3pt;\">\n<div class=\"paragraph Normal_1\" style=\"line-height:15pt;padding-top:0;font-family:'LucidaGrande', 'Lucida Grande', 'Lucida Sans Unicode', 'sans-serif';\">Mise en activit\u00e9 des participants:<\/div>\n<ol>\n<li style=\"line-height:15pt;margin-left:18pt;padding-left:18pt;text-indent:-18pt;\">\n<div class=\"paragraph Normal_1\" style=\"line-height:15pt;margin-bottom:0;margin-left:0;margin-top:0;text-align:justify;text-indent:-18pt;\"><span style=\"color:#000000;font-family:'TimesNewRomanPSMT', 'Times New Roman', 'serif';font-size:12pt;font-style:normal;font-variant:normal;font-weight:normal;letter-spacing:0;line-height:15pt;opacity:1;text-decoration:none;text-transform:none;\" class=\"Bullet\">&#8211;<\/span><span style=\"width:14pt;\" class=\"Spacer\"><\/span><span style=\"font-family:'LucidaGrande', 'Lucida Grande', 'Lucida Sans Unicode', 'sans-serif';line-height:15pt;\">passage de courts extraits du film Le nom de la rose, r\u00e9alis\u00e9 par Jean-Jacques ANNAUD, 1986, d\u2019apr\u00e8s le roman de Umberto ECO <\/span><\/div>\n<\/li>\n<li style=\"line-height:15pt;margin-left:18pt;padding-left:18pt;text-indent:-18pt;\">\n<div class=\"paragraph Normal_1\" style=\"line-height:15pt;margin-bottom:0;margin-left:0;margin-top:0;text-align:justify;text-indent:-18pt;\"><span style=\"color:#000000;font-family:'TimesNewRomanPSMT', 'Times New Roman', 'serif';font-size:12pt;font-style:normal;font-variant:normal;font-weight:normal;letter-spacing:0;line-height:15pt;opacity:1;text-decoration:none;text-transform:none;\" class=\"Bullet\">&#8211;<\/span><span style=\"width:14pt;\" class=\"Spacer\"><\/span><span style=\"font-family:'LucidaGrande', 'Lucida Grande', 'Lucida Sans Unicode', 'sans-serif';line-height:15pt;\">un questionnaire facilitant l\u2019analyse des th\u00e8mes trait\u00e9s dans le film <\/span><\/div>\n<\/li>\n<li style=\"line-height:15pt;margin-left:18pt;padding-left:18pt;text-indent:-18pt;\">\n<div class=\"paragraph Normal_1\" style=\"line-height:15pt;margin-bottom:0;margin-left:0;margin-top:0;text-align:justify;text-indent:-18pt;\"><span style=\"color:#000000;font-family:'TimesNewRomanPSMT', 'Times New Roman', 'serif';font-size:12pt;font-style:normal;font-variant:normal;font-weight:normal;letter-spacing:0;line-height:15pt;opacity:1;text-decoration:none;text-transform:none;\" class=\"Bullet\">&#8211;<\/span><span style=\"width:14pt;\" class=\"Spacer\"><\/span><span style=\"font-family:'LucidaGrande', 'Lucida Grande', 'Lucida Sans Unicode', 'sans-serif';line-height:15pt;\">propos tenus par J.-J. Annaud permettant de relever quelles sont les raisons de faire confiance ou pas \u00e0 sa repr\u00e9sentation du Moyen \u00c2ge.<\/span><\/div>\n<\/li>\n<\/ol>\n<div class=\"paragraph Normal_1\" style=\"line-height:15pt;margin-bottom:0;margin-top:0;text-align:justify;font-family:'LucidaGrande', 'Lucida Grande', 'Lucida Sans Unicode', 'sans-serif';text-decoration:none;\"> <\/div>\n<div class=\"paragraph Normal_1\" style=\"line-height:15pt;padding-bottom:0;font-family:'LucidaGrande', 'Lucida Grande', 'Lucida Sans Unicode', 'sans-serif';\">Traitement de la question des droits d\u2019auteurs : \u00e9l\u00e9ments th\u00e9oriques et questionnaire. <\/div>\n<\/div>\n<\/div>\n<\/td>\n<\/tr>\n<tr>\n<td style=\"background:transparent;border:1pt #000000 solid;height:29pt;vertical-align:top;width:79pt;\">\n<div>\n<div style=\"width:78.7pt;\">\n<div class=\"paragraph Normal_1\" style=\"line-height:15pt;margin-bottom:0;margin-top:0;padding-bottom:0;padding-top:0;\"><span style=\"font-family:'LucidaGrande', 'Lucida Grande', 'Lucida Sans Unicode', 'sans-serif';font-weight:bold;line-height:15pt;\">15 min<\/span><span style=\"font-family:'LucidaGrande', 'Lucida Grande', 'Lucida Sans Unicode', 'sans-serif';line-height:15pt;\"> \/ en commun<\/span><\/div>\n<\/div>\n<\/div>\n<\/td>\n<td style=\"background:transparent;border:1pt #000000 solid;height:29pt;vertical-align:top;width:316pt;\">\n<div>\n<div style=\"width:316.3pt;\">\n<div class=\"paragraph Normal_1\" style=\"line-height:15pt;margin-bottom:0;margin-top:0;padding-bottom:0;padding-top:0;font-family:'LucidaGrande', 'Lucida Grande', 'Lucida Sans Unicode', 'sans-serif';\">Questions des participants<\/div>\n<\/div>\n<\/div>\n<\/td>\n<\/tr>\n<tr>\n<td style=\"background:transparent;border:1pt #000000 solid;height:29pt;vertical-align:top;width:79pt;\">\n<div>\n<div style=\"width:78.7pt;\">\n<div class=\"paragraph Normal_1\" style=\"line-height:15pt;margin-bottom:0;margin-top:0;padding-bottom:0;padding-top:0;\"><span style=\"font-family:'LucidaGrande', 'Lucida Grande', 'Lucida Sans Unicode', 'sans-serif';font-weight:bold;line-height:15pt;\">15 min<\/span><span style=\"font-family:'LucidaGrande', 'Lucida Grande', 'Lucida Sans Unicode', 'sans-serif';line-height:15pt;\"> \/ Formateur <\/span><\/div>\n<\/div>\n<\/div>\n<\/td>\n<td style=\"background:transparent;border:1pt #000000 solid;height:29pt;vertical-align:top;width:316pt;\">\n<div>\n<div style=\"width:316.3pt;\">\n<div class=\"paragraph Normal_1\" style=\"line-height:15pt;margin-bottom:0;margin-top:0;padding-bottom:0;padding-top:0;font-family:'LucidaGrande', 'Lucida Grande', 'Lucida Sans Unicode', 'sans-serif';\">Synth\u00e8se<\/div>\n<\/div>\n<\/div>\n<\/td>\n<\/tr>\n<\/table>\n<p><span style=\"font-family:'LucidaGrande', 'Lucida Grande', 'Lucida Sans Unicode', 'sans-serif';line-height:12pt;\"><\/span><\/div>\n<div class=\"paragraph Normal_1\" style=\"line-height:15pt;font-family:'LucidaGrande', 'Lucida Grande', 'Lucida Sans Unicode', 'sans-serif';text-decoration:none;\"> <\/div>\n<div class=\"paragraph Normal_1\" style=\"line-height:15pt;margin-bottom:0;margin-top:0;text-align:justify;font-family:'LucidaGrande', 'Lucida Grande', 'Lucida Sans Unicode', 'sans-serif';\">Les participants recevront, \u00e0 la fin du s\u00e9minaire, une fiche comprenant les r\u00e9f\u00e9rences principales des documents s\u00e9lectionn\u00e9s relativement aux deux th\u00e9matiques en question. Pour les autres documents pr\u00e9sent\u00e9s lors de notre intervention, ils seront remis par courrier \u00e9lectronique sur demande \u00e9crite des participants \u00e0 la fin du cours. <\/div>\n<div class=\"paragraph Normal_1\" style=\"line-height:15pt;margin-bottom:0;margin-top:0;text-align:justify;font-family:'LucidaGrande', 'Lucida Grande', 'Lucida Sans Unicode', 'sans-serif';font-size:15pt;font-weight:bold;letter-spacing:-.07em;opacity:1;text-decoration:none;\"> <\/div>\n<p><\/p>\n<div class=\"paragraph Normal_1\" style=\"line-height:15pt;margin-bottom:0;margin-top:0;text-align:justify;font-family:'LucidaGrande', 'Lucida Grande', 'Lucida Sans Unicode', 'sans-serif';font-weight:bold;letter-spacing:-.07em;opacity:1;\">B &#8211; Intervenants Nicolas Chave et Gilles Dutruy<\/div>\n<div class=\"paragraph Normal_1\" style=\"line-height:19pt;margin-bottom:0;margin-top:-2pt;padding-bottom:13pt;text-align:justify;font-family:'LucidaGrande', 'Lucida Grande', 'Lucida Sans Unicode', 'sans-serif';opacity:1;\">Pr\u00e9sentation du 12.12.2006 Nicolas Chave, Gilles Dutruy<\/div>\n<div class=\"paragraph Normal_1\" style=\"line-height:19pt;margin-bottom:0;margin-top:0;padding-bottom:13pt;text-align:justify;font-family:'LucidaGrande', 'Lucida Grande', 'Lucida Sans Unicode', 'sans-serif';opacity:1;\">Th\u00e8me du s\u00e9minaire : \u00ab S\u00e9lectionner et \u00e9valuer des ressources pour l\u2019enseignement de l\u2019histoire \u00bb.<\/div>\n<div class=\"paragraph Normal_1\" style=\"line-height:19pt;margin-bottom:0;margin-top:0;padding-bottom:13pt;text-align:justify;font-family:'LucidaGrande', 'Lucida Grande', 'Lucida Sans Unicode', 'sans-serif';opacity:1;\">\u00c0 travers les th\u00e8mes de : \u00ab La Renaissance et l\u2019Humanisme \u00bb ainsi que \u00ab nationalit\u00e9 et nationalisme au 19\u00e8me si\u00e8cle \u00bb, nous pr\u00e9senterons diff\u00e9rent aspects de la recherche documentaire. Apr\u00e8s avoir bri\u00e8vement \u00e9voqu\u00e9 l\u2019histoire de l\u2019utilisation des sources, nous pr\u00e9senterons les r\u00e9sultats de nos recherches sur les deux th\u00e9matiques \u00e0 l\u2019aide de quelques documents.<\/div>\n<div class=\"paragraph Normal_1\" style=\"line-height:19pt;margin-bottom:0;margin-top:0;padding-bottom:13pt;text-align:justify;opacity:1;\">Nous mettrons ensuite \u00e0 contribution ces documents pour illustrer les diff\u00e9rents classement que l\u2019on peut adopter dans le cadre de l\u2019\u00e9laboration d\u2019une s\u00e9quence didactique.<\/div>\n<div class=\"paragraph Normal_1\" style=\"line-height:19pt;margin-bottom:0;margin-top:0;padding-bottom:13pt;text-align:justify;font-family:'LucidaGrande', 'Lucida Grande', 'Lucida Sans Unicode', 'sans-serif';opacity:1;\">Par la suite, nous verrons comment il est possible d\u2019\u00e9valuer ces documents.<\/div>\n<div class=\"paragraph Normal_1\" style=\"line-height:15pt;margin-bottom:0;margin-top:2pt;padding-bottom:0;text-align:justify;font-family:'LucidaGrande', 'Lucida Grande', 'Lucida Sans Unicode', 'sans-serif';opacity:1;\">La conclusion traitera de la question des droits d\u2019auteurs.<\/div>\n","protected":false},"excerpt":{"rendered":"<p>A &#8211; Intervenantes : Sophie Gloor et Zeineb Zemzemi Th\u00e9matique du s\u00e9minaire : \u00ab S\u00e9lectionner et \u00e9valuer des ressources pour l\u2019enseignement de l\u2019histoire \u00bb Th\u00e8mes pour lesquels sont s\u00e9lectionn\u00e9es et \u00e9valu\u00e9es les ressources : L\u2019Eglise au Moyen Age (Sophie) et La condition de la femme au 19\u00e8me et au 20\u00e8me si\u00e8cle (Zeineb) Programme de l\u2019intervention [&hellip;]<\/p>\n","protected":false},"author":1,"featured_media":14680,"comment_status":"open","ping_status":"open","sticky":false,"template":"","format":"standard","meta":{"_import_markdown_pro_load_document_selector":0,"_import_markdown_pro_submit_text_textarea":"","_genesis_hide_title":false,"_genesis_hide_breadcrumbs":false,"_genesis_hide_singular_image":false,"_genesis_hide_footer_widgets":false,"_genesis_custom_body_class":"","_genesis_custom_post_class":"","_genesis_layout":"","jetpack_post_was_ever_published":false,"_jetpack_newsletter_access":"","_jetpack_dont_email_post_to_subs":false,"_jetpack_newsletter_tier_id":0,"_jetpack_memberships_contains_paywalled_content":false,"_jetpack_memberships_contains_paid_content":false,"activitypub_content_warning":"","activitypub_content_visibility":"","activitypub_max_image_attachments":3,"activitypub_interaction_policy_quote":"anyone","activitypub_status":"","footnotes":"","jetpack_publicize_message":"","jetpack_publicize_feature_enabled":true,"jetpack_social_post_already_shared":true,"jetpack_social_options":{"image_generator_settings":{"template":"fullscreen","default_image_id":0,"font":"","enabled":false},"version":2}},"categories":[2],"tags":[],"class_list":{"0":"post-7769","1":"post","2":"type-post","3":"status-publish","4":"format-standard","5":"has-post-thumbnail","7":"category-histoire-2","8":"entry"},"jetpack_publicize_connections":[],"featured_image_src":"https:\/\/i0.wp.com\/lyonelkaufmann.ch\/Blog\/wp-content\/uploads\/2015\/03\/blogcafe1.jpg?resize=600%2C400&ssl=1","featured_image_src_square":"https:\/\/i0.wp.com\/lyonelkaufmann.ch\/Blog\/wp-content\/uploads\/2015\/03\/blogcafe1.jpg?resize=600%2C600&ssl=1","author_info":{"display_name":"Lyonel Kaufmann","author_link":"https:\/\/lyonelkaufmann.ch\/Blog\/author\/lyonelk\/"},"jetpack_featured_media_url":"https:\/\/i0.wp.com\/lyonelkaufmann.ch\/Blog\/wp-content\/uploads\/2015\/03\/blogcafe1.jpg?fit=1024%2C683&ssl=1","jetpack_sharing_enabled":true,"jetpack_shortlink":"https:\/\/wp.me\/p1qtF4-21j","jetpack-related-posts":[{"id":7781,"url":"https:\/\/lyonelkaufmann.ch\/Blog\/2007\/01\/16\/enseigner-les-questions-sensibles-du-xxe-siecle-janv-2006\/","url_meta":{"origin":7769,"position":0},"title":"Enseigner les questions sensibles du XXe si\u00e8cle (janv. 2006)","author":"Lyonel Kaufmann","date":"16 janvier 2007","format":false,"excerpt":"Contexte :Un s\u00e9minaire sur l'enseignement des \u00ab\u00a0questions sensibles\u00a0\u00bb s'est tenu \u00e0 Paris les 14 et 15 d\u00e9cembre 2005, organis\u00e9 conjointement par le Minist\u00e8re des Affaires Etrang\u00e8res et le Minist\u00e8re de l'Education Nationale. Ce s\u00e9minaire a d\u00e9limit\u00e9, pour la France, les questions \u00ab\u00a0sensibles\u00a0\u00bb aujourd'hui relativement \u00e0 l'enseignement de l'histoire: - la\u2026","rel":"","context":"Dans &quot;histoire&quot;","block_context":{"text":"histoire","link":"https:\/\/lyonelkaufmann.ch\/Blog\/category\/histoire-2\/"},"img":{"alt_text":"","src":"https:\/\/i0.wp.com\/lyonelkaufmann.ch\/Blog\/wp-content\/uploads\/2015\/03\/blogcafe1.jpg?fit=1024%2C683&ssl=1&resize=350%2C200","width":350,"height":200,"srcset":"https:\/\/i0.wp.com\/lyonelkaufmann.ch\/Blog\/wp-content\/uploads\/2015\/03\/blogcafe1.jpg?fit=1024%2C683&ssl=1&resize=350%2C200 1x, https:\/\/i0.wp.com\/lyonelkaufmann.ch\/Blog\/wp-content\/uploads\/2015\/03\/blogcafe1.jpg?fit=1024%2C683&ssl=1&resize=525%2C300 1.5x, https:\/\/i0.wp.com\/lyonelkaufmann.ch\/Blog\/wp-content\/uploads\/2015\/03\/blogcafe1.jpg?fit=1024%2C683&ssl=1&resize=700%2C400 2x"},"classes":[]},{"id":7085,"url":"https:\/\/lyonelkaufmann.ch\/Blog\/2013\/05\/23\/revue-de-presse-open-access-quelques-ressources-pour-entrer-dans-le-debat\/","url_meta":{"origin":7769,"position":1},"title":"Revue de presse : Open Access &#8211; quelques ressources pour entrer dans le d\u00e9bat","author":"Lyonel Kaufmann","date":"23 mai 2013","format":false,"excerpt":"Pour un s\u00e9minaire doctoral en histoire, il a \u00e9t\u00e9 demand\u00e9 \u00e0 F. Heimburger de r\u00e9unir quelques ressources concernant l'Open Access - pour permettre \u00e0 ceux qui ne connaissent rien au d\u00e9bat de s'initier et pour servir de point de d\u00e9part pour une discussion sur les enjeux. Plut\u00f4t que de garder\u2026","rel":"","context":"Dans &quot;histoire&quot;","block_context":{"text":"histoire","link":"https:\/\/lyonelkaufmann.ch\/Blog\/category\/histoire-2\/"},"img":{"alt_text":"","src":"https:\/\/i0.wp.com\/lyonelkaufmann.ch\/Blog\/wp-content\/uploads\/2015\/03\/blogcafe1.jpg?fit=1024%2C683&ssl=1&resize=350%2C200","width":350,"height":200,"srcset":"https:\/\/i0.wp.com\/lyonelkaufmann.ch\/Blog\/wp-content\/uploads\/2015\/03\/blogcafe1.jpg?fit=1024%2C683&ssl=1&resize=350%2C200 1x, https:\/\/i0.wp.com\/lyonelkaufmann.ch\/Blog\/wp-content\/uploads\/2015\/03\/blogcafe1.jpg?fit=1024%2C683&ssl=1&resize=525%2C300 1.5x, https:\/\/i0.wp.com\/lyonelkaufmann.ch\/Blog\/wp-content\/uploads\/2015\/03\/blogcafe1.jpg?fit=1024%2C683&ssl=1&resize=700%2C400 2x"},"classes":[]},{"id":6101,"url":"https:\/\/lyonelkaufmann.ch\/Blog\/2012\/08\/30\/humanites-digitales-organiser-sa-recherche-sur-le-web-infoclio-ch\/","url_meta":{"origin":7769,"position":2},"title":"Humanit\u00e9s digitales : Organiser sa recherche sur le web | infoclio.ch","author":"Lyonel Kaufmann","date":"30 ao\u00fbt 2012","format":false,"excerpt":"Infoclio.ch,\u00a0le portail professionnel des sciences historiques en Suisse, ouvrira \u00e0 la rentr\u00e9e universitaire un nouveau portail destin\u00e9s aux \u00e9tudiants en histoire. Cette initiative arrive \u00e0 point nommer alors que la question des \u00abHumanit\u00e9s Digitales\u00bb (\u00abDigital humanities\u00bb) se d\u00e9veloppent de mani\u00e8re r\u00e9jouissante en Suisse. On r\u00eave d'une d\u00e9clinaison pour l'enseignement obligatoire\u2026","rel":"","context":"Dans &quot;histoire&quot;","block_context":{"text":"histoire","link":"https:\/\/lyonelkaufmann.ch\/Blog\/category\/histoire-2\/"},"img":{"alt_text":"","src":"https:\/\/i0.wp.com\/lyonelkaufmann.ch\/Blog\/wp-content\/uploads\/2015\/03\/0120.jpg?fit=480%2C360&ssl=1&resize=350%2C200","width":350,"height":200},"classes":[]},{"id":7772,"url":"https:\/\/lyonelkaufmann.ch\/Blog\/2006\/12\/18\/m078-lenseignant-dhistoire-transmetteur-de-savoir-references\/","url_meta":{"origin":7769,"position":3},"title":"M078 &#8211; \u00abL\u2019enseignant d\u2019histoire transmetteur de savoir\u00bb (R\u00e9f\u00e9rences)","author":"Lyonel Kaufmann","date":"18 d\u00e9cembre 2006","format":false,"excerpt":"R\u00e9f\u00e9rences et ressources R\u00e9f\u00e9rences fournies aux \u00e9tudiantes pour r\u00e9aliser leur s\u00e9minaire. 1) Sur l'enseignement magistral : \u2022 Pr\u00e9sentation de Cours Magistraux Efficaces par Richard S. Sullivan et Noel McIntosh (http:\/\/www.reproline.jhu.edu\/french\/6read\/6training\/lecture\/Lectures\/index.htm). \u2022 Universit\u00e9 d'Ottawa - Centre de p\u00e9dagogie universitaire - Guide du professeur : - Chapitre 5 : Enseigner \u00e0 des\u2026","rel":"","context":"Dans &quot;histoire&quot;","block_context":{"text":"histoire","link":"https:\/\/lyonelkaufmann.ch\/Blog\/category\/histoire-2\/"},"img":{"alt_text":"","src":"https:\/\/i0.wp.com\/lyonelkaufmann.ch\/Blog\/wp-content\/uploads\/2015\/03\/blogcafe1.jpg?fit=1024%2C683&ssl=1&resize=350%2C200","width":350,"height":200,"srcset":"https:\/\/i0.wp.com\/lyonelkaufmann.ch\/Blog\/wp-content\/uploads\/2015\/03\/blogcafe1.jpg?fit=1024%2C683&ssl=1&resize=350%2C200 1x, https:\/\/i0.wp.com\/lyonelkaufmann.ch\/Blog\/wp-content\/uploads\/2015\/03\/blogcafe1.jpg?fit=1024%2C683&ssl=1&resize=525%2C300 1.5x, https:\/\/i0.wp.com\/lyonelkaufmann.ch\/Blog\/wp-content\/uploads\/2015\/03\/blogcafe1.jpg?fit=1024%2C683&ssl=1&resize=700%2C400 2x"},"classes":[]},{"id":5088,"url":"https:\/\/lyonelkaufmann.ch\/Blog\/2012\/02\/25\/reseaux-sociaux-veille-et-usages-pedagogiques-netpublic\/","url_meta":{"origin":7769,"position":4},"title":"R\u00e9seaux sociaux : Veille et usages p\u00e9dagogiques |\u00a0NetPublic","author":"Lyonel Kaufmann","date":"25 f\u00e9vrier 2012","format":false,"excerpt":"Via Scoop.it - M\u00e9dias sociaux et enseignement\u00c0 travers des fonctions de veille, d\u2019\u00e9change et de cr\u00e9ativit\u00e9, Xavier Galaup montre des exemples de projets participatifs et collaboratifs qui induisent et produisent un mode relationnel renouvel\u00e9 notamment avec les publics (pour les biblioth\u00e8ques) et les apprenants (pour l\u2019enseignement). La pr\u00e9sentation Veille et\u2026","rel":"","context":"Dans &quot;histoire&quot;","block_context":{"text":"histoire","link":"https:\/\/lyonelkaufmann.ch\/Blog\/category\/histoire-2\/"},"img":{"alt_text":"","src":"https:\/\/i0.wp.com\/lyonelkaufmann.ch\/Blog\/wp-content\/uploads\/2015\/03\/XT4znOPJjiEluJC1rYJhojl72eJkfbmt4t8yenImKBXEejxNn4ZJNZ2ss5Ku7Cxt.jpg?fit=500%2C298&ssl=1&resize=350%2C200","width":350,"height":200},"classes":[]},{"id":7662,"url":"https:\/\/lyonelkaufmann.ch\/Blog\/2012\/11\/11\/lavenir-des-manuels-scolaires-numeriques-looking-up-2\/","url_meta":{"origin":7769,"position":5},"title":"L&rsquo;avenir des manuels scolaires num\u00e9riques | Looking Up","author":"Lyonel Kaufmann","date":"11 novembre 2012","format":false,"excerpt":"Que devrait-\u00eatre un manuel num\u00e9rique ? Quelles en sont les les caract\u00e9ristiques utiles? Comment pouvons-nous tirer parti au mieux des capacit\u00e9s des appareils et de leur connectivit\u00e9 pour en faire une ressource plus utile? Voici quelques questions auxquelles tente de r\u00e9pondre Andrew Campbell, enseignant, sur son blog. Pour Campbell, six\u2026","rel":"","context":"Dans &quot;Blogcaf\u00e9&quot;","block_context":{"text":"Blogcaf\u00e9","link":"https:\/\/lyonelkaufmann.ch\/Blog\/category\/blogcafe-2\/"},"img":{"alt_text":"","src":"https:\/\/i0.wp.com\/lyonelkaufmann.ch\/Blog\/wp-content\/uploads\/2015\/03\/blogcafe1.jpg?fit=1024%2C683&ssl=1&resize=350%2C200","width":350,"height":200,"srcset":"https:\/\/i0.wp.com\/lyonelkaufmann.ch\/Blog\/wp-content\/uploads\/2015\/03\/blogcafe1.jpg?fit=1024%2C683&ssl=1&resize=350%2C200 1x, https:\/\/i0.wp.com\/lyonelkaufmann.ch\/Blog\/wp-content\/uploads\/2015\/03\/blogcafe1.jpg?fit=1024%2C683&ssl=1&resize=525%2C300 1.5x, https:\/\/i0.wp.com\/lyonelkaufmann.ch\/Blog\/wp-content\/uploads\/2015\/03\/blogcafe1.jpg?fit=1024%2C683&ssl=1&resize=700%2C400 2x"},"classes":[]}],"jetpack_likes_enabled":true,"_links":{"self":[{"href":"https:\/\/lyonelkaufmann.ch\/Blog\/wp-json\/wp\/v2\/posts\/7769","targetHints":{"allow":["GET"]}}],"collection":[{"href":"https:\/\/lyonelkaufmann.ch\/Blog\/wp-json\/wp\/v2\/posts"}],"about":[{"href":"https:\/\/lyonelkaufmann.ch\/Blog\/wp-json\/wp\/v2\/types\/post"}],"author":[{"embeddable":true,"href":"https:\/\/lyonelkaufmann.ch\/Blog\/wp-json\/wp\/v2\/users\/1"}],"replies":[{"embeddable":true,"href":"https:\/\/lyonelkaufmann.ch\/Blog\/wp-json\/wp\/v2\/comments?post=7769"}],"version-history":[{"count":0,"href":"https:\/\/lyonelkaufmann.ch\/Blog\/wp-json\/wp\/v2\/posts\/7769\/revisions"}],"wp:featuredmedia":[{"embeddable":true,"href":"https:\/\/lyonelkaufmann.ch\/Blog\/wp-json\/wp\/v2\/media\/14680"}],"wp:attachment":[{"href":"https:\/\/lyonelkaufmann.ch\/Blog\/wp-json\/wp\/v2\/media?parent=7769"}],"wp:term":[{"taxonomy":"category","embeddable":true,"href":"https:\/\/lyonelkaufmann.ch\/Blog\/wp-json\/wp\/v2\/categories?post=7769"},{"taxonomy":"post_tag","embeddable":true,"href":"https:\/\/lyonelkaufmann.ch\/Blog\/wp-json\/wp\/v2\/tags?post=7769"}],"curies":[{"name":"wp","href":"https:\/\/api.w.org\/{rel}","templated":true}]}}