{"id":7776,"date":"2006-12-30T02:35:15","date_gmt":"2006-12-30T01:35:15","guid":{"rendered":"http:\/\/lyonelkaufmann.ch\/histoire\/?p=258"},"modified":"2024-01-01T23:23:07","modified_gmt":"2024-01-01T22:23:07","slug":"voltaire-le-premier-blogeur","status":"publish","type":"post","link":"https:\/\/lyonelkaufmann.ch\/Blog\/2006\/12\/30\/voltaire-le-premier-blogeur\/","title":{"rendered":"Voltaire : le premier blogueur"},"content":{"rendered":"\n<p>15 284 lettres occupant treize volumes de la Pl\u00e9iade.<br>Les sujets ? un crime \u00e0 punir, un conseil \u00e0 donner, une guerre qui tue quelque part, trois bidets \u00e0 commander quand la mode les r\u00e9clame.<br>Des lettres qui circulent dans toute l&rsquo;Europe et que l&rsquo;on s&rsquo;arrachent.<\/p>\n\n\n<div class=\"wp-block-image\">\n<figure class=\"aligncenter size-full\"><a href=\"https:\/\/i0.wp.com\/lyonelkaufmann.ch\/Blog\/wp-content\/uploads\/2024\/01\/image.gif?ssl=1\"><img data-recalc-dims=\"1\" loading=\"lazy\" decoding=\"async\" width=\"280\" height=\"228\" data-attachment-id=\"24611\" data-permalink=\"https:\/\/lyonelkaufmann.ch\/Blog\/2006\/12\/30\/voltaire-le-premier-blogeur\/image-28\/\" data-orig-file=\"https:\/\/i0.wp.com\/lyonelkaufmann.ch\/Blog\/wp-content\/uploads\/2024\/01\/image.gif?fit=280%2C228&amp;ssl=1\" data-orig-size=\"280,228\" data-comments-opened=\"1\" data-image-meta=\"{&quot;aperture&quot;:&quot;0&quot;,&quot;credit&quot;:&quot;&quot;,&quot;camera&quot;:&quot;&quot;,&quot;caption&quot;:&quot;&quot;,&quot;created_timestamp&quot;:&quot;0&quot;,&quot;copyright&quot;:&quot;&quot;,&quot;focal_length&quot;:&quot;0&quot;,&quot;iso&quot;:&quot;0&quot;,&quot;shutter_speed&quot;:&quot;0&quot;,&quot;title&quot;:&quot;&quot;,&quot;orientation&quot;:&quot;0&quot;}\" data-image-title=\"image\" data-image-description=\"\" data-image-caption=\"\" data-large-file=\"https:\/\/i0.wp.com\/lyonelkaufmann.ch\/Blog\/wp-content\/uploads\/2024\/01\/image.gif?fit=280%2C228&amp;ssl=1\" src=\"https:\/\/i0.wp.com\/lyonelkaufmann.ch\/Blog\/wp-content\/uploads\/2024\/01\/image.gif?resize=280%2C228&#038;ssl=1\" alt=\"\" class=\"wp-image-24611\"\/><\/a><figcaption class=\"wp-element-caption\"><br>Voltaire, gravure de Baquoy<br>Wikipedia &#8211; Image du domaine public<\/figcaption><\/figure>\n<\/div>\n\n\n<p>Telle est la correspondance de Voltaire telle qu&rsquo;elle nous est pr\u00e9sent\u00e9e par <strong><a href=\"http:\/\/tempsreel.nouvelobs.com\/\">Le Nouvel Observateur<\/a><\/strong> dans <strong><a href=\"http:\/\/hebdo.nouvelobs.com\/p2198\/index.html\">son dernier num\u00e9ro<\/a><\/strong> (consultation r\u00e9serv\u00e9e aux abonn\u00e9s ou payante) de l&rsquo;ann\u00e9e 2006.<br>A cet aulne, Voltaire fait ainsi figure de premier blogueur avant l&rsquo;heure et Fran\u00e7ois Reynaert, dans un autre article intitul\u00e9 <em>\u00ab\u00a0Le parrain des journalistes?\u00a0\u00bb<\/em> de ce m\u00eame num\u00e9ro, ne manque pas de faire le m\u00eame rapprochement que j&rsquo;ai effectu\u00e9 \u00e0 la lecture de <em>\u00ab\u00a0Voltaire : L&#8217;emmerdeur\u00a0\u00bb<\/em>.<\/p>\n\n\n\n<blockquote class=\"wp-block-quote is-layout-flow wp-block-quote-is-layout-flow\">\n<p><em>\u00abPourquoi ne pas voir aussi quelque chose d&rsquo;\u00e9minemment moderne &#8211; on y vient- dans cette id\u00e9e que l&rsquo;on peut conna\u00eetre le monde en conversant de pair \u00e0 pair avec ses semblables? Oui, je pense aussi \u00e0 la fa\u00e7on dont internet, les blogs, les t\u00e9moignages de personne \u00e0 personne bouleversent notre soci\u00e9t\u00e9 de l&rsquo;information. Ca y est, les puristes sont au bord de l&rsquo;attaque cardiaque, j&rsquo;ai os\u00e9 comparer le prince \u00e9pistolier aux petits scribouillards du Net.\u00bb<\/em> (Fran\u00e7ois Reynaert)<\/p>\n<\/blockquote>\n\n\n\n<p>Et comparer, c&rsquo;est risquer l&rsquo;anachronisme, p\u00each\u00e9 mortel pour l&rsquo;historien, p\u00each\u00e9 v\u00e9niel pour tenter de comprendre le monde. Surtout celui dans lequel nous vivons.<\/p>\n\n\n\n<p>Les parall\u00e8les entre Voltaire et notre \u00e9poque ne s&rsquo;arr\u00eatent pas l\u00e0 en un temps o\u00f9 l&rsquo;on assiste au retour de l&rsquo;intol\u00e9rance et de l&rsquo;obscurantisme. Voltaire et les Lumi\u00e8res sont plus que jamais d&rsquo;actualit\u00e9. Le programme voltairien ? Ecraser l&rsquo;inf\u00e2me, c&rsquo;est-\u00e0-dire la b\u00eatise, l&rsquo;injustice, la superstition, le fanatisme. Moi j&rsquo;y souscris !<\/p>\n\n\n\n<p>Le programme n&rsquo;est pas toujours facile :<\/p>\n\n\n\n<blockquote class=\"wp-block-quote is-layout-flow wp-block-quote-is-layout-flow\">\n<p><em>\u00abQue r\u00e9pondre \u00e0 un homme qui vous dit qu&rsquo;il aime mieux ob\u00e9ir \u00e0 Dieu qu&rsquo;aux hommes et qui, en cons\u00e9quence, est s\u00fbr de m\u00e9riter le Ciel en vous \u00e9gorgeant? \u00bb <\/em>(Voltaire, Dictionnaire philosophique)<\/p>\n<\/blockquote>\n\n\n\n<p>Cependant : <em>\u00abLe sang innocent crie et, moi, je crie aussi; et je crierai jusqu&rsquo;\u00e0 ma mort\u00bb<\/em> (Voltaire dans l&rsquo;affaire Calas)<\/p>\n\n\n<div class=\"wp-block-image\">\n<figure class=\"aligncenter size-large\"><a href=\"https:\/\/i0.wp.com\/lyonelkaufmann.ch\/Blog\/wp-content\/uploads\/2024\/01\/image.jpeg?ssl=1\"><img data-recalc-dims=\"1\" loading=\"lazy\" decoding=\"async\" width=\"700\" height=\"562\" data-attachment-id=\"24610\" data-permalink=\"https:\/\/lyonelkaufmann.ch\/Blog\/2006\/12\/30\/voltaire-le-premier-blogeur\/image-23\/\" data-orig-file=\"https:\/\/i0.wp.com\/lyonelkaufmann.ch\/Blog\/wp-content\/uploads\/2024\/01\/image.jpeg?fit=957%2C768&amp;ssl=1\" data-orig-size=\"957,768\" data-comments-opened=\"1\" data-image-meta=\"{&quot;aperture&quot;:&quot;0&quot;,&quot;credit&quot;:&quot;&quot;,&quot;camera&quot;:&quot;&quot;,&quot;caption&quot;:&quot;&quot;,&quot;created_timestamp&quot;:&quot;0&quot;,&quot;copyright&quot;:&quot;&quot;,&quot;focal_length&quot;:&quot;0&quot;,&quot;iso&quot;:&quot;0&quot;,&quot;shutter_speed&quot;:&quot;0&quot;,&quot;title&quot;:&quot;&quot;,&quot;orientation&quot;:&quot;0&quot;}\" data-image-title=\"image\" data-image-description=\"\" data-image-caption=\"\" data-large-file=\"https:\/\/i0.wp.com\/lyonelkaufmann.ch\/Blog\/wp-content\/uploads\/2024\/01\/image.jpeg?fit=700%2C562&amp;ssl=1\" src=\"https:\/\/i0.wp.com\/lyonelkaufmann.ch\/Blog\/wp-content\/uploads\/2024\/01\/image.jpeg?resize=700%2C562&#038;ssl=1\" alt=\"\" class=\"wp-image-24610\" srcset=\"https:\/\/i0.wp.com\/lyonelkaufmann.ch\/Blog\/wp-content\/uploads\/2024\/01\/image.jpeg?resize=700%2C562&amp;ssl=1 700w, https:\/\/i0.wp.com\/lyonelkaufmann.ch\/Blog\/wp-content\/uploads\/2024\/01\/image.jpeg?resize=300%2C241&amp;ssl=1 300w, https:\/\/i0.wp.com\/lyonelkaufmann.ch\/Blog\/wp-content\/uploads\/2024\/01\/image.jpeg?resize=768%2C616&amp;ssl=1 768w, https:\/\/i0.wp.com\/lyonelkaufmann.ch\/Blog\/wp-content\/uploads\/2024\/01\/image.jpeg?w=957&amp;ssl=1 957w\" sizes=\"auto, (max-width: 700px) 100vw, 700px\" \/><\/a><figcaption class=\"wp-element-caption\"><em>La Libert\u00e9 guidant le peuple par Eug\u00e8ne Delacroix <\/em>(1830) (Mus\u00e9e du Louvre, Paris)<\/figcaption><\/figure>\n<\/div>\n\n\n<p>Il me reste \u00e0 vous adresser tous mes meilleurs voeux pour 2007. Nous en aurons bien besoin!<\/p>\n\n\n\n<p class=\"has-text-align-right\">Technorati Tags: <a href=\"http:\/\/www.technorati.com\/tag\/d\u00e9mocratie\" rel=\"tag\">d\u00e9mocratie<\/a>, <a href=\"http:\/\/www.technorati.com\/tag\/fanatisme\" rel=\"tag\">fanatisme<\/a>, <a href=\"http:\/\/www.technorati.com\/tag\/Lumi\u00e8res\" rel=\"tag\">Lumi\u00e8res<\/a>, <a href=\"http:\/\/www.technorati.com\/tag\/NouvelObservateur\" rel=\"tag\">NouvelObservateur<\/a>, <a href=\"http:\/\/www.technorati.com\/tag\/obscurantisme\" rel=\"tag\">obscurantisme<\/a>, <a href=\"http:\/\/www.technorati.com\/tag\/R\u00e9volution\" rel=\"tag\">R\u00e9volution<\/a>, <a href=\"http:\/\/www.technorati.com\/tag\/Voltaire\" rel=\"tag\">Voltaire<\/a><\/p>\n","protected":false},"excerpt":{"rendered":"<p>15 284 lettres occupant treize volumes de la Pl\u00e9iade.Les sujets ? un crime \u00e0 punir, un conseil \u00e0 donner, une guerre qui tue quelque part, trois bidets \u00e0 commander quand la mode les r\u00e9clame.Des lettres qui circulent dans toute l&rsquo;Europe et que l&rsquo;on s&rsquo;arrachent. Telle est la correspondance de Voltaire telle qu&rsquo;elle nous est pr\u00e9sent\u00e9e [&hellip;]<\/p>\n","protected":false},"author":1,"featured_media":13479,"comment_status":"open","ping_status":"open","sticky":false,"template":"","format":"standard","meta":{"_import_markdown_pro_load_document_selector":0,"_import_markdown_pro_submit_text_textarea":"","_genesis_hide_title":false,"_genesis_hide_breadcrumbs":false,"_genesis_hide_singular_image":false,"_genesis_hide_footer_widgets":false,"_genesis_custom_body_class":"","_genesis_custom_post_class":"","_genesis_layout":"","jetpack_post_was_ever_published":false,"_jetpack_newsletter_access":"","_jetpack_dont_email_post_to_subs":false,"_jetpack_newsletter_tier_id":0,"_jetpack_memberships_contains_paywalled_content":false,"_jetpack_memberships_contains_paid_content":false,"activitypub_content_warning":"","activitypub_content_visibility":"","activitypub_max_image_attachments":3,"activitypub_interaction_policy_quote":"anyone","activitypub_status":"","footnotes":"","jetpack_publicize_message":"","jetpack_publicize_feature_enabled":true,"jetpack_social_post_already_shared":true,"jetpack_social_options":{"image_generator_settings":{"template":"fullscreen","default_image_id":0,"font":"","enabled":false},"version":2}},"categories":[2],"tags":[],"class_list":{"0":"post-7776","1":"post","2":"type-post","3":"status-publish","4":"format-standard","5":"has-post-thumbnail","7":"category-histoire-2","8":"entry"},"jetpack_publicize_connections":[],"featured_image_src":"https:\/\/i0.wp.com\/lyonelkaufmann.ch\/Blog\/wp-content\/uploads\/2015\/03\/280px-Voltaire-Baquoy.gif?resize=280%2C228&ssl=1","featured_image_src_square":"https:\/\/i0.wp.com\/lyonelkaufmann.ch\/Blog\/wp-content\/uploads\/2015\/03\/280px-Voltaire-Baquoy.gif?resize=280%2C228&ssl=1","author_info":{"display_name":"Lyonel Kaufmann","author_link":"https:\/\/lyonelkaufmann.ch\/Blog\/author\/lyonelk\/"},"jetpack_featured_media_url":"https:\/\/i0.wp.com\/lyonelkaufmann.ch\/Blog\/wp-content\/uploads\/2015\/03\/280px-Voltaire-Baquoy.gif?fit=280%2C228&ssl=1","jetpack_sharing_enabled":true,"jetpack_shortlink":"https:\/\/wp.me\/p1qtF4-21q","jetpack-related-posts":[{"id":3364,"url":"https:\/\/lyonelkaufmann.ch\/Blog\/2010\/12\/22\/images-du-siecle-des-lumieres-a-la-television-bernard-papin\/","url_meta":{"origin":7776,"position":0},"title":"Images du Si\u00e8cle des Lumi\u00e8res \u00e0 la t\u00e9l\u00e9vision | Bernard Papin","author":"Lyonel Kaufmann","date":"22 d\u00e9cembre 2010","format":false,"excerpt":"Bernard Papin est Ma\u00eetre de conf\u00e9rences en sciences de l'information et de la communication, universit\u00e9 Paris Sud 11. Dans son activit\u00e9 scientifique, il s'int\u00e9resse \u00e0 la s\u00e9miologie et \u00e0 l'histoire de l'audiovisuel, plus particuli\u00e8rement \u00e0 la fiction t\u00e9l\u00e9visuelle (les genres du fictif , l'adaptation des \u0153uvres litt\u00e9raires \u00e0 la t\u00e9l\u00e9vision\u2026","rel":"","context":"Dans &quot;histoire&quot;","block_context":{"text":"histoire","link":"https:\/\/lyonelkaufmann.ch\/Blog\/category\/histoire-2\/"},"img":{"alt_text":"","src":"https:\/\/i0.wp.com\/lyonelkaufmann.ch\/histoire\/wp-content\/uploads\/2010\/12\/Papin_Bernard_ImagesLumieresTV.png?resize=350%2C200","width":350,"height":200},"classes":[]},{"id":17428,"url":"https:\/\/lyonelkaufmann.ch\/Blog\/2016\/08\/29\/lettre-ouverte-aux-jeunes-enseignants-de-la-generation-facebook-et-aux-autres\/","url_meta":{"origin":7776,"position":1},"title":"Lettre ouverte aux jeunes enseignants de la g\u00e9n\u00e9ration Facebook (et aux autres)","author":"Lyonel Kaufmann","date":"29 ao\u00fbt 2016","format":false,"excerpt":"En 2011, une enqu\u00eate IFOP montrait que 83% des 15-24 ans poss\u00e9daient un compte Facebook (contre 62% chez les 25-34 ans, 31% chez les 35-49 ans, 16% chez les 50-64 ans et 4% chez les 65 ans et plus). La \u00ab fracture num\u00e9rique \u00bb est bel et bien une fracture\u2026","rel":"","context":"Dans &quot;L'Expresso&quot;","block_context":{"text":"L'Expresso","link":"https:\/\/lyonelkaufmann.ch\/Blog\/category\/breves\/"},"img":{"alt_text":"","src":"https:\/\/i0.wp.com\/www.cafepedagogique.net\/SiteCollectionImages\/2908163.jpg?resize=350%2C200","width":350,"height":200},"classes":[]},{"id":20350,"url":"https:\/\/lyonelkaufmann.ch\/Blog\/2019\/09\/29\/quatre-tutoriels-pour-decouvrir-ipados-131\/","url_meta":{"origin":7776,"position":2},"title":"Quatre tutoriels pour d\u00e9couvrir iPadOS 13.1","author":"Lyonel Kaufmann","date":"29 septembre 2019","format":false,"excerpt":"Avec la sortie d'iPadOS 13.1 pour tous, Apple poursuit sa campagne (publicitaire) en faisant d\u00e9couvrir les nouvelles fonctionnalit\u00e9s telles que le mode sombre, les gestes au clavier, le multit\u00e2ches, l'\u00e9cran d'accueil repens\u00e9, etc. Ce sont donc **quatre nouvelles vid\u00e9os, qui ont fait leur apparition sur sa cha\u00eene.** La premi\u00e8re porte\u2026","rel":"","context":"Dans &quot;Blogcaf\u00e9&quot;","block_context":{"text":"Blogcaf\u00e9","link":"https:\/\/lyonelkaufmann.ch\/Blog\/category\/blogcafe-2\/"},"img":{"alt_text":"","src":"","width":0,"height":0},"classes":[]},{"id":5289,"url":"https:\/\/lyonelkaufmann.ch\/Blog\/2012\/04\/14\/mapping-the-republic-of-letters-la-republique-des-lettres\/","url_meta":{"origin":7776,"position":3},"title":"Mapping the Republic of Letters |\u00a0La R\u00e9publique des lettres","author":"Lyonel Kaufmann","date":"14 avril 2012","format":false,"excerpt":"Via Scoop.it - histoireLa R\u00e9publique des Lettres d\u00e9signe depuis la Renaissance un espace virtuel qui transcende les entit\u00e9s territoriales et r\u00e9unit les lettr\u00e9s europ\u00e9ens \u00e0 travers des traces \u00e9crites et des rencontres autour de valeurs communes, rendues possibles gr\u00e2ce \u00e0 une langue europ\u00e9enne commune, le latin.L\u2019universit\u00e9 de Stanford a construit\u2026","rel":"","context":"Dans &quot;histoire&quot;","block_context":{"text":"histoire","link":"https:\/\/lyonelkaufmann.ch\/Blog\/category\/histoire-2\/"},"img":{"alt_text":"","src":"https:\/\/i0.wp.com\/lyonelkaufmann.ch\/Blog\/wp-content\/uploads\/2015\/03\/y0FXpNw7rNv6KTZi3urgrjl72eJkfbmt4t8yenImKBXEejxNn4ZJNZ2ss5Ku7Cxt.jpg?fit=500%2C334&ssl=1&resize=350%2C200","width":350,"height":200},"classes":[]},{"id":6451,"url":"https:\/\/lyonelkaufmann.ch\/Blog\/2012\/07\/27\/petit-message-a-robert-plant-le-droit-dauteur-aurait-empeche-led-zeppelin-dexister-aujourdhui-pointes-de-s-i-lex-s-i-lex\/","url_meta":{"origin":7776,"position":4},"title":"Petit message \u00e0 Robert Plant : le droit d\u2019auteur aurait emp\u00each\u00e9 Led Zeppelin d\u2019exister aujourd\u2019hui ! [Pointes de S.I.Lex] | :: S.I.Lex ::","author":"Lyonel Kaufmann","date":"27 juillet 2012","format":false,"excerpt":"Dans un article paru hier dans PCInpact, on apprend qu\u2019un ensemble de\u00a0veilles gloires de la pop et du rock anglais\u00a0- Robert Plant donc, mais aussi Elton John, Roger Daltrey et Pete Townshend des Who, Roger Taylor et Brian May de Queen \u2013 se sont fendus d\u2019une lettre ouverte sur le\u2026","rel":"","context":"Dans &quot;Blogcaf\u00e9&quot;","block_context":{"text":"Blogcaf\u00e9","link":"https:\/\/lyonelkaufmann.ch\/Blog\/category\/blogcafe-2\/"},"img":{"alt_text":"","src":"https:\/\/i0.wp.com\/lyonelkaufmann.ch\/Blog\/wp-content\/uploads\/2015\/03\/blogcafe1.jpg?fit=1024%2C683&ssl=1&resize=350%2C200","width":350,"height":200,"srcset":"https:\/\/i0.wp.com\/lyonelkaufmann.ch\/Blog\/wp-content\/uploads\/2015\/03\/blogcafe1.jpg?fit=1024%2C683&ssl=1&resize=350%2C200 1x, https:\/\/i0.wp.com\/lyonelkaufmann.ch\/Blog\/wp-content\/uploads\/2015\/03\/blogcafe1.jpg?fit=1024%2C683&ssl=1&resize=525%2C300 1.5x, https:\/\/i0.wp.com\/lyonelkaufmann.ch\/Blog\/wp-content\/uploads\/2015\/03\/blogcafe1.jpg?fit=1024%2C683&ssl=1&resize=700%2C400 2x"},"classes":[]},{"id":7924,"url":"https:\/\/lyonelkaufmann.ch\/Blog\/2014\/03\/12\/compte-rendu-1914-1918-lecriture-de-la-guerre-une-affaire-politique\/","url_meta":{"origin":7776,"position":5},"title":"Compte-rendu : 1914-1918: l&rsquo;\u00e9criture de la guerre, une affaire politique","author":"Lyonel Kaufmann","date":"12 mars 2014","format":false,"excerpt":"Elle est la premi\u00e8re guerre \u00e0 avoir inspir\u00e9 autant d\u00e9crits: d'abord par les nationalistes dont les plaidoyers encouragent l'esprit belliciste, ensuite par les troupes elles-m\u00eames. Du poilu \u00e0 l'\u00e9crivain, de la correspondance au r\u00e9cit, du t\u00e9moignage au roman, la litt\u00e9rature s'est engag\u00e9e. \u00a0 \u00a0 AFP Jamais une guerre, la premi\u00e8re\u2026","rel":"","context":"Dans &quot;histoire&quot;","block_context":{"text":"histoire","link":"https:\/\/lyonelkaufmann.ch\/Blog\/category\/histoire-2\/"},"img":{"alt_text":"","src":"","width":0,"height":0},"classes":[]}],"jetpack_likes_enabled":true,"_links":{"self":[{"href":"https:\/\/lyonelkaufmann.ch\/Blog\/wp-json\/wp\/v2\/posts\/7776","targetHints":{"allow":["GET"]}}],"collection":[{"href":"https:\/\/lyonelkaufmann.ch\/Blog\/wp-json\/wp\/v2\/posts"}],"about":[{"href":"https:\/\/lyonelkaufmann.ch\/Blog\/wp-json\/wp\/v2\/types\/post"}],"author":[{"embeddable":true,"href":"https:\/\/lyonelkaufmann.ch\/Blog\/wp-json\/wp\/v2\/users\/1"}],"replies":[{"embeddable":true,"href":"https:\/\/lyonelkaufmann.ch\/Blog\/wp-json\/wp\/v2\/comments?post=7776"}],"version-history":[{"count":1,"href":"https:\/\/lyonelkaufmann.ch\/Blog\/wp-json\/wp\/v2\/posts\/7776\/revisions"}],"predecessor-version":[{"id":24612,"href":"https:\/\/lyonelkaufmann.ch\/Blog\/wp-json\/wp\/v2\/posts\/7776\/revisions\/24612"}],"wp:featuredmedia":[{"embeddable":true,"href":"https:\/\/lyonelkaufmann.ch\/Blog\/wp-json\/wp\/v2\/media\/13479"}],"wp:attachment":[{"href":"https:\/\/lyonelkaufmann.ch\/Blog\/wp-json\/wp\/v2\/media?parent=7776"}],"wp:term":[{"taxonomy":"category","embeddable":true,"href":"https:\/\/lyonelkaufmann.ch\/Blog\/wp-json\/wp\/v2\/categories?post=7776"},{"taxonomy":"post_tag","embeddable":true,"href":"https:\/\/lyonelkaufmann.ch\/Blog\/wp-json\/wp\/v2\/tags?post=7776"}],"curies":[{"name":"wp","href":"https:\/\/api.w.org\/{rel}","templated":true}]}}