{"id":7781,"date":"2007-01-16T14:00:03","date_gmt":"2007-01-16T13:00:03","guid":{"rendered":"http:\/\/lyonelkaufmann.ch\/histoire\/?p=263"},"modified":"2007-01-16T14:00:03","modified_gmt":"2007-01-16T13:00:03","slug":"enseigner-les-questions-sensibles-du-xxe-siecle-janv-2006","status":"publish","type":"post","link":"https:\/\/lyonelkaufmann.ch\/Blog\/2007\/01\/16\/enseigner-les-questions-sensibles-du-xxe-siecle-janv-2006\/","title":{"rendered":"Enseigner les questions sensibles du XXe si\u00e8cle (janv. 2006)"},"content":{"rendered":"<div align=\"justify\"><b>Contexte :<\/b><br \/>Un s\u00e9minaire sur l&rsquo;enseignement des \u00ab&nbsp;questions sensibles&nbsp;\u00bb s&rsquo;est tenu \u00e0 Paris les 14 et 15 d\u00e9cembre 2005, organis\u00e9 conjointement par le Minist\u00e8re des Affaires Etrang\u00e8res et le Minist\u00e8re de l&rsquo;Education Nationale. Ce s\u00e9minaire<strong> <\/strong>a d\u00e9limit\u00e9, pour la France, les questions \u00ab&nbsp;sensibles&nbsp;\u00bb aujourd&rsquo;hui relativement \u00e0 l&rsquo;enseignement de l&rsquo;histoire:<strong> <\/strong><br \/><strong>&#8211; la Shoah, <\/strong><br \/><strong>&#8211; la colonisation (et la d\u00e9colonisation)<\/strong><br \/><strong>&#8211; la traite et l&rsquo;esclavage.<\/strong><\/p>\n<p>Le but assign\u00e9 \u00e0 ce s\u00e9minaire \u00e9tait une approche concr\u00e8te des questions sensibles&nbsp;: il s&rsquo;agissait de r\u00e9fl\u00e9chir \u00e0 l&rsquo;enseignement, et particuli\u00e8rement \u00e0 la mise en \u0153uvre p\u00e9dagogique des questions sensibles. <br \/> L&rsquo;objectif du s\u00e9minaire est, d&rsquo;une part, dedresser un \u00e9tat des lieux de cette \u00ab&nbsp;sensibilit\u00e9&nbsp;\u00bb au niveau national et europ\u00e9en avec l&rsquo;appui de l&rsquo;enqu\u00eate men\u00e9e par l&rsquo;A.P.H.G.&nbsp;; d&rsquo;autre part, il faut aborder et confronter de fa\u00e7on concr\u00e8te les pratiques des enseignants sur ces \u00ab&nbsp;questions&nbsp;\u00bb. Ce qui a \u00e9t\u00e9 r\u00e9sum\u00e9 par M. Wirth en cette triple question&nbsp;: <span class=\"Style2\">\u00ab&nbsp;comment dire, comment faire, quelles pratiques&nbsp;\u00bb&nbsp;?<\/span><br \/><span class=\"Style2\"><\/span><br \/><span class=\"Style2\"><b>Ressources \u00e0 explorer :<\/b><\/span><br \/><span class=\"Style2\">&#8211; Educsol : Actes du s\u00e9minaire national : <a href=\"http:\/\/eduscol.education.fr\/D0217\/questions_sensibles_actes.htm\">\u00ab\u00a0Quelles pratiques pour enseigner des questions sensibles dans une soci\u00e9t\u00e9 en \u00e9volution?<\/a><\/span><br \/><span class=\"Style2\">&#8211; Acad\u00e9mie de Toulouse &#8211; <a href=\"http:\/\/pedagogie.ac-toulouse.fr\/histgeo\/citoyen\/05-06\/quesensib\/sensible.html\">Enseigner les questions sensibles<\/a>, ainsi que <\/span><a href=\"http:\/\/pedagogie.ac-toulouse.fr\/histgeo\/ressources\/premnouv\/prem-04\/genocid\/genocid2.htm\">Enseigner Auschwitz et les g\u00e9nocides<br \/>\n      du XX\u00e8me si\u00e8cle<\/a>&nbsp; <span class=\"Style2\"><\/span><br \/><span class=\"Style2\">&#8211; <\/span>Le BEFFROI, <a href=\"http:\/\/www4.ac-lille.fr\/%7Eheg\/article.php?id_article=183\">\u00ab&nbsp;Enseigner les questions sensibles dans une soci\u00e9t\u00e9 en \u00e9volution&nbsp;\u00bb<\/a><br \/>&#8211; <a href=\"http:\/\/ecehg.inrp.fr\/ECEHG\/enseigner-les-sujets-controverses\">Enjeux contemporains de l&rsquo;enseignement en histoire-g\u00e9ographie<\/a> (INRP)<\/p>\n<p>&#8211; Par rapport \u00e0 la Suisse et 39-45, il est possible de consulter le site <a href=\"http:\/\/www.droitshumains.org\">droitshumains.org<\/a>:&nbsp; <a href=\"http:\/\/www.droitshumains.org\/Racisme\/2e_guerre\/index.htm\">La Suisse, le national-socialisme et la Seconde Guerre mondiale<\/a>.<\/p>\n<p><b>T\u00e2ches :<\/b><br \/>&#8211; Explorer les ressources pr\u00e9sent\u00e9es ici de telle sorte de pouvoir r\u00e9pondre \u00e0 la question : <\/p>\n<ul>\n<li>quelles sont les \u00e9l\u00e9ments qui rendent l&rsquo;\u00e9tude d&rsquo;un sujet sensible ?<\/li>\n<li>quelle attitude dois-je adopter comme enseignant-e dans leur traitement en classse, comment proc\u00e9der?<\/li>\n<li>parmi les sujets pr\u00e9sent\u00e9s et en rapport avec la situation de l&rsquo;enseignement de l&rsquo;histoire en France, lesquels sont \u00e9galement des sujets d&rsquo;enseignement sensibles dans une classe de Suisse romande?<\/li>\n<li>quels seraient d&rsquo;autres sujets propres \u00e0 l&rsquo;enseignement de l&rsquo;histoire en Suisse romande (canton de Vaud) et \u00e0 un contexte local qui entreraient dans la d\u00e9finition de \u00ab\u00a0questions sensible\u00a0\u00bb?<\/li>\n<\/ul>\n<p>&#8211; R\u00e9pondre \u00e0 ces questions au moyen d&rsquo;un commentaire associ\u00e9 \u00e0 ce billet.<\/p><\/div>\n","protected":false},"excerpt":{"rendered":"<p>Contexte :Un s\u00e9minaire sur l&rsquo;enseignement des \u00ab&nbsp;questions sensibles&nbsp;\u00bb s&rsquo;est tenu \u00e0 Paris les 14 et 15 d\u00e9cembre 2005, organis\u00e9 conjointement par le Minist\u00e8re des Affaires Etrang\u00e8res et le Minist\u00e8re de l&rsquo;Education Nationale. Ce s\u00e9minaire a d\u00e9limit\u00e9, pour la France, les questions \u00ab&nbsp;sensibles&nbsp;\u00bb aujourd&rsquo;hui relativement \u00e0 l&rsquo;enseignement de l&rsquo;histoire: &#8211; la Shoah, &#8211; la colonisation (et [&hellip;]<\/p>\n","protected":false},"author":1,"featured_media":14680,"comment_status":"open","ping_status":"open","sticky":false,"template":"","format":"standard","meta":{"_import_markdown_pro_load_document_selector":0,"_import_markdown_pro_submit_text_textarea":"","_genesis_hide_title":false,"_genesis_hide_breadcrumbs":false,"_genesis_hide_singular_image":false,"_genesis_hide_footer_widgets":false,"_genesis_custom_body_class":"","_genesis_custom_post_class":"","_genesis_layout":"","jetpack_post_was_ever_published":false,"_jetpack_newsletter_access":"","_jetpack_dont_email_post_to_subs":false,"_jetpack_newsletter_tier_id":0,"_jetpack_memberships_contains_paywalled_content":false,"_jetpack_memberships_contains_paid_content":false,"activitypub_content_warning":"","activitypub_content_visibility":"","activitypub_max_image_attachments":3,"activitypub_interaction_policy_quote":"anyone","activitypub_status":"","footnotes":"","jetpack_publicize_message":"","jetpack_publicize_feature_enabled":true,"jetpack_social_post_already_shared":true,"jetpack_social_options":{"image_generator_settings":{"template":"fullscreen","default_image_id":0,"font":"","enabled":false},"version":2}},"categories":[2],"tags":[],"class_list":{"0":"post-7781","1":"post","2":"type-post","3":"status-publish","4":"format-standard","5":"has-post-thumbnail","7":"category-histoire-2","8":"entry"},"jetpack_publicize_connections":[],"featured_image_src":"https:\/\/i0.wp.com\/lyonelkaufmann.ch\/Blog\/wp-content\/uploads\/2015\/03\/blogcafe1.jpg?resize=600%2C400&ssl=1","featured_image_src_square":"https:\/\/i0.wp.com\/lyonelkaufmann.ch\/Blog\/wp-content\/uploads\/2015\/03\/blogcafe1.jpg?resize=600%2C600&ssl=1","author_info":{"display_name":"Lyonel Kaufmann","author_link":"https:\/\/lyonelkaufmann.ch\/Blog\/author\/lyonelk\/"},"jetpack_featured_media_url":"https:\/\/i0.wp.com\/lyonelkaufmann.ch\/Blog\/wp-content\/uploads\/2015\/03\/blogcafe1.jpg?fit=1024%2C683&ssl=1","jetpack_sharing_enabled":true,"jetpack_shortlink":"https:\/\/wp.me\/p1qtF4-21v","jetpack-related-posts":[{"id":7702,"url":"https:\/\/lyonelkaufmann.ch\/Blog\/2006\/05\/02\/m157-travailler-lactualite-avec-les-eleves\/","url_meta":{"origin":7781,"position":0},"title":"Travailler l&rsquo;actualit\u00e9 avec les \u00e9l\u00e8ves","author":"Lyonel Kaufmann","date":"2 mai 2006","format":false,"excerpt":"Choisir une de ces entr\u00e9es et r\u00e9pondre aux questions au travers des commentaires ouverts de ce billet. 1) Enseigner les questions sensibles Voir le billet \"Enseigner les questions sensibles du XXe si\u00e8cle\" Il s'agit d'exemples relatifs \u00e0 l'enseignement en France. Quelles sont les questions sensibles en rapport avec l'enseignement de\u2026","rel":"","context":"Dans &quot;histoire&quot;","block_context":{"text":"histoire","link":"https:\/\/lyonelkaufmann.ch\/Blog\/category\/histoire-2\/"},"img":{"alt_text":"","src":"https:\/\/i0.wp.com\/lyonelkaufmann.ch\/Blog\/wp-content\/uploads\/2015\/03\/blogcafe1.jpg?fit=1024%2C683&ssl=1&resize=350%2C200","width":350,"height":200,"srcset":"https:\/\/i0.wp.com\/lyonelkaufmann.ch\/Blog\/wp-content\/uploads\/2015\/03\/blogcafe1.jpg?fit=1024%2C683&ssl=1&resize=350%2C200 1x, https:\/\/i0.wp.com\/lyonelkaufmann.ch\/Blog\/wp-content\/uploads\/2015\/03\/blogcafe1.jpg?fit=1024%2C683&ssl=1&resize=525%2C300 1.5x, https:\/\/i0.wp.com\/lyonelkaufmann.ch\/Blog\/wp-content\/uploads\/2015\/03\/blogcafe1.jpg?fit=1024%2C683&ssl=1&resize=700%2C400 2x"},"classes":[]},{"id":7769,"url":"https:\/\/lyonelkaufmann.ch\/Blog\/2006\/12\/11\/selectionner-et-evaluer-des-ressources-pour-lenseignement-de-lhistoire\/","url_meta":{"origin":7781,"position":1},"title":"M078 &#8211; S\u00e9lectionner et \u00e9valuer des ressources pour l\u2019enseignement de l\u2019histoire (S\u00e9minaire)","author":"Lyonel Kaufmann","date":"11 d\u00e9cembre 2006","format":false,"excerpt":"A - Intervenantes : Sophie Gloor et Zeineb Zemzemi Th\u00e9matique du s\u00e9minaire : \u00ab S\u00e9lectionner et \u00e9valuer des ressources pour l\u2019enseignement de l\u2019histoire \u00bb Th\u00e8mes pour lesquels sont s\u00e9lectionn\u00e9es et \u00e9valu\u00e9es les ressources : L\u2019Eglise au Moyen Age (Sophie) et La condition de la femme au 19\u00e8me et au 20\u00e8me\u2026","rel":"","context":"Dans &quot;histoire&quot;","block_context":{"text":"histoire","link":"https:\/\/lyonelkaufmann.ch\/Blog\/category\/histoire-2\/"},"img":{"alt_text":"","src":"https:\/\/i0.wp.com\/lyonelkaufmann.ch\/Blog\/wp-content\/uploads\/2015\/03\/blogcafe1.jpg?fit=1024%2C683&ssl=1&resize=350%2C200","width":350,"height":200,"srcset":"https:\/\/i0.wp.com\/lyonelkaufmann.ch\/Blog\/wp-content\/uploads\/2015\/03\/blogcafe1.jpg?fit=1024%2C683&ssl=1&resize=350%2C200 1x, https:\/\/i0.wp.com\/lyonelkaufmann.ch\/Blog\/wp-content\/uploads\/2015\/03\/blogcafe1.jpg?fit=1024%2C683&ssl=1&resize=525%2C300 1.5x, https:\/\/i0.wp.com\/lyonelkaufmann.ch\/Blog\/wp-content\/uploads\/2015\/03\/blogcafe1.jpg?fit=1024%2C683&ssl=1&resize=700%2C400 2x"},"classes":[]},{"id":4792,"url":"https:\/\/lyonelkaufmann.ch\/Blog\/2012\/01\/02\/lhistoire-par-le-bas-contre-le-recit-national-dune-configuration-des-annees-68-et-de-sa-deliaison-aggiornamento-hist-geo\/","url_meta":{"origin":7781,"position":2},"title":"L\u2019histoire par le bas contre le r\u00e9cit national ? d\u2019une configuration des ann\u00e9es 68 et de sa d\u00e9liaison | aggiornamento hist-geo","author":"Lyonel Kaufmann","date":"2 janvier 2012","format":false,"excerpt":"Cet article pose les termes du d\u00e9bat sur l'enseignement de l'histoire en France sous l'\u00e9clairage des d\u00e9bats post-1968 et ceux issus de la fameuse pol\u00e9mique initi\u00e9e par Alain Decaux dans le Figaro :\u00a0Fran\u00e7ais, on n\u2019apprend plus l\u2019histoire \u00e0 vos enfants\u00a0! D'un c\u00f4t\u00e9, de 1984 \u00e0 1992, la parution \u00e9chelonn\u00e9e des\u2026","rel":"","context":"Dans &quot;histoire&quot;","block_context":{"text":"histoire","link":"https:\/\/lyonelkaufmann.ch\/Blog\/category\/histoire-2\/"},"img":{"alt_text":"","src":"https:\/\/i0.wp.com\/lyonelkaufmann.ch\/Blog\/wp-content\/uploads\/2015\/03\/blogcafe1.jpg?fit=1024%2C683&ssl=1&resize=350%2C200","width":350,"height":200,"srcset":"https:\/\/i0.wp.com\/lyonelkaufmann.ch\/Blog\/wp-content\/uploads\/2015\/03\/blogcafe1.jpg?fit=1024%2C683&ssl=1&resize=350%2C200 1x, https:\/\/i0.wp.com\/lyonelkaufmann.ch\/Blog\/wp-content\/uploads\/2015\/03\/blogcafe1.jpg?fit=1024%2C683&ssl=1&resize=525%2C300 1.5x, https:\/\/i0.wp.com\/lyonelkaufmann.ch\/Blog\/wp-content\/uploads\/2015\/03\/blogcafe1.jpg?fit=1024%2C683&ssl=1&resize=700%2C400 2x"},"classes":[]},{"id":6497,"url":"https:\/\/lyonelkaufmann.ch\/Blog\/2012\/11\/29\/table-ronde-le-numerique-de-nouvelles-facons-decrire-lhistoire\/","url_meta":{"origin":7781,"position":3},"title":"Table ronde \u201cLe num\u00e9rique : de nouvelles fa\u00e7ons d\u2019\u00e9crire l\u2019histoire?\u201d","author":"Lyonel Kaufmann","date":"29 novembre 2012","format":false,"excerpt":"L\u2019Assembl\u00e9e g\u00e9n\u00e9rale de l\u2019Association fran\u00e7aise d\u2019histoire \u00e9conomique aura lieu le mercredi 12 d\u00e9cembre dans l\u2019apr\u00e8s-midi. Dans ce cadre-l\u00e0, elle organise une table ronde intitul\u00e9e \u201cLe num\u00e9rique : de nouvelles fa\u00e7ons d\u2019\u00e9crire l\u2019histoire?\u201d Cette table ronde, organis\u00e9e par Fr\u00e9d\u00e9ric Clavert (Centre virtuel de la connaissance sur l\u2019Europe, Luxembourg) et Claire Lemercier\u2026","rel":"","context":"Dans &quot;histoire&quot;","block_context":{"text":"histoire","link":"https:\/\/lyonelkaufmann.ch\/Blog\/category\/histoire-2\/"},"img":{"alt_text":"","src":"https:\/\/i0.wp.com\/lyonelkaufmann.ch\/Blog\/wp-content\/uploads\/2015\/03\/blogcafe1.jpg?fit=1024%2C683&ssl=1&resize=350%2C200","width":350,"height":200,"srcset":"https:\/\/i0.wp.com\/lyonelkaufmann.ch\/Blog\/wp-content\/uploads\/2015\/03\/blogcafe1.jpg?fit=1024%2C683&ssl=1&resize=350%2C200 1x, https:\/\/i0.wp.com\/lyonelkaufmann.ch\/Blog\/wp-content\/uploads\/2015\/03\/blogcafe1.jpg?fit=1024%2C683&ssl=1&resize=525%2C300 1.5x, https:\/\/i0.wp.com\/lyonelkaufmann.ch\/Blog\/wp-content\/uploads\/2015\/03\/blogcafe1.jpg?fit=1024%2C683&ssl=1&resize=700%2C400 2x"},"classes":[]},{"id":6174,"url":"https:\/\/lyonelkaufmann.ch\/Blog\/2012\/09\/26\/la-revolution-francaise-un-evenement-de-la-raison-sensible-1787-1799-revolution-francaise\/","url_meta":{"origin":7781,"position":4},"title":"La R\u00e9volution fran\u00e7aise : un \u00e9v\u00e9nement de la raison sensible (1787-1799)","author":"Lyonel Kaufmann","date":"26 septembre 2012","format":false,"excerpt":"Extrait de l'Avant-propos de l'ouvrage de Sophie Wahnich (2012). La R\u00e9volution fran\u00e7aise. Un \u00e9v\u00e9nement de la raison sensible, 1787-1799. Paris : Hachette Sup\u00e9rieur. \u00abL\u2019histoire de la R\u00e9volution fran\u00e7aise depuis le bicentenaire semblait vou\u00e9e \u00e0 la comm\u00e9moration et \u00e0 son calendrier. La revisiter permettait de se rem\u00e9morer origines, fondements, et errements\u2026","rel":"","context":"Dans &quot;histoire&quot;","block_context":{"text":"histoire","link":"https:\/\/lyonelkaufmann.ch\/Blog\/category\/histoire-2\/"},"img":{"alt_text":"","src":"https:\/\/i0.wp.com\/lyonelkaufmann.ch\/histoire\/wp-content\/uploads\/2012\/09\/hachette_wahnich.png?resize=350%2C200","width":350,"height":200},"classes":[]},{"id":12503,"url":"https:\/\/lyonelkaufmann.ch\/Blog\/2006\/05\/05\/journee-de-la-memoire-de-la-traite-negriere-de-lesclavage-et-de-leurs-abolitions-2\/","url_meta":{"origin":7781,"position":5},"title":"Journ\u00e9e de la m\u00e9moire de la traite n\u00e9gri\u00e8re, de l\u2019esclavage et de leurs abolitions (10 mai)","author":"Lyonel Kaufmann","date":"5 mai 2006","format":false,"excerpt":"Le 10 mai est d\u00e9sormais en France la Journ\u00e9es de la m\u00e9moire de la traite\u00a0 n\u00e9gri\u00e8re , de l'esclavage et de leurs abolitions. D\u00e8s lors, du mat\u00e9riel et de la documentation sur ces sujets est mis \u00e0 disposition des enseignants. Bon \u00e0 savoir ! Voici une synth\u00e8se de ressources en\u2026","rel":"","context":"Dans &quot;histoire&quot;","block_context":{"text":"histoire","link":"https:\/\/lyonelkaufmann.ch\/Blog\/category\/histoire-2\/"},"img":{"alt_text":"","src":"https:\/\/i0.wp.com\/lyonelkaufmann.ch\/Blog\/wp-content\/uploads\/2015\/03\/blogcafe1.jpg?fit=1024%2C683&ssl=1&resize=350%2C200","width":350,"height":200,"srcset":"https:\/\/i0.wp.com\/lyonelkaufmann.ch\/Blog\/wp-content\/uploads\/2015\/03\/blogcafe1.jpg?fit=1024%2C683&ssl=1&resize=350%2C200 1x, https:\/\/i0.wp.com\/lyonelkaufmann.ch\/Blog\/wp-content\/uploads\/2015\/03\/blogcafe1.jpg?fit=1024%2C683&ssl=1&resize=525%2C300 1.5x, https:\/\/i0.wp.com\/lyonelkaufmann.ch\/Blog\/wp-content\/uploads\/2015\/03\/blogcafe1.jpg?fit=1024%2C683&ssl=1&resize=700%2C400 2x"},"classes":[]}],"jetpack_likes_enabled":true,"_links":{"self":[{"href":"https:\/\/lyonelkaufmann.ch\/Blog\/wp-json\/wp\/v2\/posts\/7781","targetHints":{"allow":["GET"]}}],"collection":[{"href":"https:\/\/lyonelkaufmann.ch\/Blog\/wp-json\/wp\/v2\/posts"}],"about":[{"href":"https:\/\/lyonelkaufmann.ch\/Blog\/wp-json\/wp\/v2\/types\/post"}],"author":[{"embeddable":true,"href":"https:\/\/lyonelkaufmann.ch\/Blog\/wp-json\/wp\/v2\/users\/1"}],"replies":[{"embeddable":true,"href":"https:\/\/lyonelkaufmann.ch\/Blog\/wp-json\/wp\/v2\/comments?post=7781"}],"version-history":[{"count":0,"href":"https:\/\/lyonelkaufmann.ch\/Blog\/wp-json\/wp\/v2\/posts\/7781\/revisions"}],"wp:featuredmedia":[{"embeddable":true,"href":"https:\/\/lyonelkaufmann.ch\/Blog\/wp-json\/wp\/v2\/media\/14680"}],"wp:attachment":[{"href":"https:\/\/lyonelkaufmann.ch\/Blog\/wp-json\/wp\/v2\/media?parent=7781"}],"wp:term":[{"taxonomy":"category","embeddable":true,"href":"https:\/\/lyonelkaufmann.ch\/Blog\/wp-json\/wp\/v2\/categories?post=7781"},{"taxonomy":"post_tag","embeddable":true,"href":"https:\/\/lyonelkaufmann.ch\/Blog\/wp-json\/wp\/v2\/tags?post=7781"}],"curies":[{"name":"wp","href":"https:\/\/api.w.org\/{rel}","templated":true}]}}