{"id":7788,"date":"2007-02-08T02:23:00","date_gmt":"2007-02-08T00:23:00","guid":{"rendered":"http:\/\/lyonelkaufmann.ch\/histoire\/2007\/02\/08\/publications-recentes\/"},"modified":"2007-02-08T02:23:00","modified_gmt":"2007-02-08T00:23:00","slug":"publications-recentes","status":"publish","type":"post","link":"https:\/\/lyonelkaufmann.ch\/Blog\/2007\/02\/08\/publications-recentes\/","title":{"rendered":"Publications r\u00e9centes"},"content":{"rendered":"<div style=\"text-align:center;\">\n<div style=\"text-align:left;\">\n<h4><b><i>Dieu versus Darwin : les cr\u00e9ationnistes vont-ils triompher de la science ?<\/i> de Jacques Arnould, Albin Michel, 318 pages<\/b><\/h4>\n<\/div>\n<p><img data-recalc-dims=\"1\" loading=\"lazy\" decoding=\"async\" src=\"https:\/\/i0.wp.com\/medias.lemonde.fr\/mmpub\/edt\/ill\/2007\/01\/08\/v_6_ill_852853_dieuversusdarwin_.jpg?resize=178%2C228\" alt=\"&quot;Dieu versus Darwin. Les cr\u00e9ationnistes vont-ils triompher de la science ?&quot;, de Jacques Arnould. Albin Michel, 318 pages, 20\u20ac. | DR.\" title=\"&quot;Dieu versus Darwin. Les cr\u00e9ationnistes vont-ils triompher de la science ?&quot;, de Jacques Arnould. Albin Michel, 318 pages, 20\u20ac. | DR.\" border=\"0\" height=\"228\" width=\"178\" \/>                            <\/div>\n<div style=\"font-style:italic;\" align=\"right\"><\/div>\n<p><span style=\"font-style:italic;\"><\/span>A lire devant les d\u00e9lires cr\u00e9ationnistes (qui n&rsquo;ont rien \u00e0 voir avec la foi).<\/p>\n<div style=\"text-align:justify;\">A lire par tout enseignant-e de CYP2 ou de CYT en histoire ou en science. Un jour o\u00f9 l&rsquo;autre vous pourriez avoir affaire \u00e0 des parents qui vous demandent d&rsquo;enseigner le cr\u00e9ationnisme (th\u00e9orie l<i>&lsquo;\u00a0\u00bbIntelligent Design\u00a0\u00bb<\/i> traduit en fran\u00e7ais par dessein intelligent) autant que la th\u00e9orie de l&rsquo;\u00e9volution.<br \/>A lire aussi parce que Jacques Arnould est tout \u00e0 la fois dominicain, th\u00e9ologien et historien des sciences.<\/div>\n<p><\/p>\n<h4><b>\u00c0 FEU ET \u00c0 SANG. De la guerre civile europ\u00e9enne (1914-1945) <\/b>d&rsquo;Enzo Traverso, Stock, \u00ab\u00a0Un ordre d&rsquo;id\u00e9es\u00a0\u00bb, 370 p.<\/h4>\n<p>Extrait du compte-rendu fait par <span style=\"font-style:italic;\">Le Monde des Livres<\/span>.<br \/>Relecture d&rsquo;une \u00e9poque qui plongea l&rsquo;Europe dans le chaos, <i>A Feu et \u00e0 sang<\/i> fait partie de ces livres sur le XX<sup>e<\/sup> si\u00e8cle dont on devrait encore d\u00e9battre dans les ann\u00e9es \u00e0 venir, \u00e0 l&rsquo;instar du <i>Pass\u00e9 d&rsquo;une illusion<\/i>,<i> <\/i>de Fran\u00e7ois Furet (1995), ou de <i>L&rsquo;Age des extr\u00eames<\/i>, d&rsquo;Eric Hobsbawm (1999).<\/p>\n<p style=\"text-align:justify;\">Enzo Traverso, n\u00e9  en Italie en 1957, entend montrer que, derri\u00e8re l&rsquo;imaginaire de  l&rsquo;horreur aujourd&rsquo;hui associ\u00e9 au si\u00e8cle \u00e9coul\u00e9 &#8211; des tranch\u00e9es \u00e0  Auschwitz -, se dissimule un univers fait d&rsquo;exp\u00e9riences sociales, de  visions du monde, d&rsquo;id\u00e9es, de combats et d&rsquo;\u00e9motions &#8211; ainsi du  sentiment d&rsquo;apocalypse qui s&#8217;empare de la culture europ\u00e9enne apr\u00e8s  1918. Le livre explore donc cet univers \u00e0 travers le concept de \u00ab\u00a0guerre  civile\u00a0\u00bb, ici employ\u00e9 pour rendre compte des d\u00e9chirures engendr\u00e9es, \u00e0  l&rsquo;\u00e9chelle du continent, par un enchev\u00eatrement in\u00e9dit de r\u00e9volutions, de  contre-r\u00e9volutions et de g\u00e9nocides. Pour l&rsquo;auteur, on ne comprend  pr\u00e9cis\u00e9ment rien \u00e0 la<i> \u00ab\u00a0brutalisation\u00a0\u00bb<\/i> des soci\u00e9t\u00e9s europ\u00e9ennes de l&rsquo;entre-deux-guerres, abstraction faite de cette <i>\u00ab\u00a0symbiose entre culture, politique et violence\u00a0\u00bb<\/i>  qui en fa\u00e7onne en profondeur les mentalit\u00e9s ; rien non plus \u00e0 projeter  les cat\u00e9gories de notre d\u00e9mocratie lib\u00e9rale sur un si\u00e8cle qui aura  produit Ernst J\u00fcnger et Antonio Gramsci, Carl Schmitt et L\u00e9on Trostki.<\/p>\n<p style=\"text-align:justify;\"><\/p>\n<p style=\"text-align:justify;\">Par ailleurs, l&rsquo;auteur en vient \u00e0 r\u00e9cuser une autre lecture a posteriori qui tend \u00e0 faire de l&rsquo;antifascisme un <i>\u00ab\u00a0mythe\u00a0\u00bb<\/i>.  A lire Fran\u00e7ois Furet ou Annie Kriegel, l&rsquo;antifascisme des ann\u00e9es 1920  et 1930 se r\u00e9duirait ainsi \u00e0 une pure entreprise de propagande visant \u00e0  \u00e9largir l&rsquo;influence du r\u00e9gime sovi\u00e9tique et \u00e0 cacher sa nature  totalitaire. Si ce tableau contient une part de v\u00e9rit\u00e9, il n&rsquo;en reste  pas moins simpliste. D&rsquo;abord parce que, <i>\u00ab\u00a0en se d\u00e9barrassant de  l&rsquo;antifascisme, on risque d&rsquo;effacer le seul visage d\u00e9cent que l&rsquo;Italie  a su donner d&rsquo;elle-m\u00eame de 1922 \u00e0 1945, l&rsquo;Allemagne de 1933 \u00e0 1945, la  France de 1940 \u00e0 1944\u00a0\u00bb<\/i>. Par les temps qui courent, il n&rsquo;est pas  superflu de le rappeler. <\/p>\n<p><\/p>\n<p style=\"text-align:justify;\"><\/p>\n<p><h4><b><i>Fondation<\/i> et <i>Fondation foudroy\u00e9e <\/i>d&rsquo;Isaac Asimov. Traduction collective. Deno\u00ebl \u00ab\u00a0Lunes d&rsquo;encre\u00a0\u00bb, 2 tomes, 960 p. et 1084 p., 29 \u20ac chacun.<\/b><\/h4>\n<\/p>\n<p><b><i>Vers fondation <\/i>Traduction collective. Omnibus, 896 p., 21 \u20ac.<\/b><\/p>\n<p><\/p>\n<p style=\"text-align:center;\"><b><img data-recalc-dims=\"1\" decoding=\"async\" alt=\"\" src=\"https:\/\/i0.wp.com\/medias.lemonde.fr\/mmpub\/edt\/ill\/2007\/01\/18\/v_6_ill_857087_9782258073302.jpg\" align=\"bottom\" border=\"0\" hspace=\"0\" vspace=\"0\" \/><br \/><\/b><\/p>\n<p style=\"text-align:justify;\"><\/p>\n<p style=\"text-align:justify;\">Les livres d&rsquo;anticipation d&rsquo;Isaac Asimov ont bien plus berc\u00e9 mon adolescence que la saga des <span style=\"font-style:italic;\">Star Wars<\/span> (Guerre des \u00e9toiles) de Georges Lucas ou du <span style=\"font-style:italic;\">Seigneur des Anneaux <\/span>de Tolkien.<\/p>\n<p style=\"text-align:justify;\">En m\u00eame temps, la s\u00e9rie des Fondations est une magnifique Histoire du Futur, un monumental roman historique, qui commence dans un avenir tr\u00e8s lointain. <\/p>\n<p style=\"text-align:justify;\">Isaac Asimov invente d&rsquo;ailleurs un int\u00e9ressant concept, celui de a psychohistoire, qui  pr\u00e9tend s&rsquo;appuyer sur l&rsquo;\u00e9tude du pass\u00e9 pour pr\u00e9dire math\u00e9matiquement le  sort de l&rsquo;Univers \u00e0 partir de la loi des grands nombres. Son personnage Hari Seldon, scientifique et p\u00e8re de cette discipline, fait ses calculs et arrive \u00e0 la conclusion que l&rsquo;Empire se meurt, et il n&rsquo;est plus possible d&rsquo;enrayer  sa chute. S&rsquo;\u00e9croulant sous son propre poids, il va immanquablement  sombrer, ouvrant \u00e0 l&rsquo;humanit\u00e9 trente mille ans de t\u00e9n\u00e8bres avant  l&rsquo;av\u00e8nement d&rsquo;un nouvel empire. Il fait alors \u00e9tablir aux  confins de la galaxie une colonie de scientifiques, la Fondation,  appel\u00e9e \u00e0 devenir le ferment de la renaissance. Au m\u00eame moment, il  fonde une deuxi\u00e8me Fondation, qui doit veiller, dans le plus grand  secret, \u00e0 l&rsquo;ex\u00e9cution du Plan.<\/p>\n<p style=\"text-align:justify;\">Le cours de l&rsquo;histoire semble  irr\u00e9versible et le Plan infaillible&#8230; Jusqu&rsquo;\u00e0 l&rsquo;irruption du Mulet,  aberration g\u00e9n\u00e9tique aux pouvoirs terrifiants, dont Seldon lui-m\u00eame ne  pouvait pr\u00e9voir l&rsquo;av\u00e8nement. Un homme seul peut-il changer le cours de  l&rsquo;histoire ? M\u00eame mari\u00e9e aux math\u00e9matiques, l&rsquo;histoire du futur n&rsquo;est  pas une science exacte&#8230;<\/p>\n<p style=\"text-align:justify;\">D\u00e9lices :&nbsp; le cycle  est travers\u00e9 d&rsquo;analogies et de r\u00e9jouissants clins d&rsquo;oeil historiques :  ainsi, l&rsquo;ultime sursaut de l&rsquo;Empire est le fait d&rsquo;un g\u00e9n\u00e9ral surnomm\u00e9 <i>\u00ab\u00a0le dernier des Imp\u00e9riaux\u00a0\u00bb<\/i>  qui finit \u00e9limin\u00e9 par un empereur m\u00e9fiant, lointain \u00e9cho \u00e0 Aetius, le  Dernier des Romains, vainqueur d&rsquo;Attila, qui mourut assassin\u00e9 sur ordre  de Valentinien III, jaloux de son prestige. Plus loin, la description  d&rsquo;une Trantor retourn\u00e9e \u00e0 l&rsquo;\u00e2ge agraire, o\u00f9 des moutons paissent  paisiblement au pied des ruines, rappelle furieusement les descriptions  romantiques de la Rome du haut Moyen Age.<\/p>\n<p style=\"text-align:justify;\"><\/p>\n<div style=\"text-align:justify;\">Pour r\u00e9diger cette saga, Asimov a transpos\u00e9 dans un futur lointain la Chute de l&rsquo;Empire romain. Et le bougre conna\u00eet ses classiques : il r\u00e9v\u00e8re H\u00e9rodote et, surtout, a d\u00e9vor\u00e9 plusieurs  fois <i>Histoire de la d\u00e9cadence et de la chute de l&rsquo;Empire romain<\/i>,  l&rsquo;oeuvre fondatrice d&rsquo;Edouard Gibbon, \u00e0 qui il multipliera les  emprunts.<br \/>Les \u00e9ditions Deno\u00ebl ont l&rsquo;heureuse id\u00e9e de republier cette saga en deux volumes.&nbsp; A lire autant pour se remettre des AD d&rsquo;histoire que pour \u00eatre transport\u00e9 dans une histoire m\u00e9langeant futur et pass\u00e9 !<\/div>\n<p> Technorati Tags &nbsp; &nbsp; <br \/><a href=\"http:\/\/technorati.com\/tag\/Darwin\" rel=\"tag\">Darwin<\/a>,<a href=\"http:\/\/technorati.com\/tag\/Creationnisme\" rel=\"tag\">Creationnisme<\/a>, <a href=\"http:\/\/technorati.com\/tag\/IntelligentDesign\" rel=\"tag\">IntelligentDesign<\/a>, <a href=\"http:\/\/technorati.com\/tag\/DesseinIntelligent\" rel=\"tag\">DesseinIntelligent<\/a>, <a href=\"http:\/\/technorati.com\/tag\/Brutalisation\" rel=\"tag\">Brutalisation<\/a>, <a href=\"http:\/\/technorati.com\/tag\/EnzoTraverso\" rel=\"tag\">EnzoTraverso<\/a>, <a href=\"http:\/\/technorati.com\/tag\/antifascisme\" rel=\"tag\">antifascisme<\/a>, <a href=\"http:\/\/technorati.com\/tag\/1914-1989\" rel=\"tag\">1914-1989<\/a>, <a href=\"http:\/\/technorati.com\/tag\/IsaacAsimov\n\" rel=\"ta\">IsaacAsimov<\/a>, <a href=\"http:\/\/technorati.com\/tag\/Fondation\" rel=\"tag\">Fondation<\/a>, <a href=\"http:\/\/technorati.com\/tag\/anticipation\" rel=\"tag\">anticipation<\/a>, <a href=\"http:\/\/technorati.com\/tag\/brutalisation\" rel=\"tag\">brutalisation<\/a><\/p>\n","protected":false},"excerpt":{"rendered":"<p>Dieu versus Darwin : les cr\u00e9ationnistes vont-ils triompher de la science ? de Jacques Arnould, Albin Michel, 318 pages A lire devant les d\u00e9lires cr\u00e9ationnistes (qui n&rsquo;ont rien \u00e0 voir avec la foi). A lire par tout enseignant-e de CYP2 ou de CYT en histoire ou en science. Un jour o\u00f9 l&rsquo;autre vous pourriez avoir [&hellip;]<\/p>\n","protected":false},"author":1,"featured_media":13523,"comment_status":"open","ping_status":"open","sticky":false,"template":"","format":"standard","meta":{"_import_markdown_pro_load_document_selector":0,"_import_markdown_pro_submit_text_textarea":"","_genesis_hide_title":false,"_genesis_hide_breadcrumbs":false,"_genesis_hide_singular_image":false,"_genesis_hide_footer_widgets":false,"_genesis_custom_body_class":"","_genesis_custom_post_class":"","_genesis_layout":"","jetpack_post_was_ever_published":false,"_jetpack_newsletter_access":"","_jetpack_dont_email_post_to_subs":false,"_jetpack_newsletter_tier_id":0,"_jetpack_memberships_contains_paywalled_content":false,"_jetpack_memberships_contains_paid_content":false,"activitypub_content_warning":"","activitypub_content_visibility":"","activitypub_max_image_attachments":3,"activitypub_interaction_policy_quote":"anyone","activitypub_status":"","footnotes":"","jetpack_publicize_message":"","jetpack_publicize_feature_enabled":true,"jetpack_social_post_already_shared":true,"jetpack_social_options":{"image_generator_settings":{"template":"fullscreen","default_image_id":0,"font":"","enabled":false},"version":2}},"categories":[2],"tags":[],"class_list":{"0":"post-7788","1":"post","2":"type-post","3":"status-publish","4":"format-standard","5":"has-post-thumbnail","7":"category-histoire-2","8":"entry"},"jetpack_publicize_connections":[],"featured_image_src":"https:\/\/i0.wp.com\/lyonelkaufmann.ch\/Blog\/wp-content\/uploads\/2015\/03\/v_6_ill_852853_dieuversusdarwin_1.jpg?resize=178%2C228&ssl=1","featured_image_src_square":"https:\/\/i0.wp.com\/lyonelkaufmann.ch\/Blog\/wp-content\/uploads\/2015\/03\/v_6_ill_852853_dieuversusdarwin_1.jpg?resize=178%2C228&ssl=1","author_info":{"display_name":"Lyonel Kaufmann","author_link":"https:\/\/lyonelkaufmann.ch\/Blog\/author\/lyonelk\/"},"jetpack_featured_media_url":"https:\/\/i0.wp.com\/lyonelkaufmann.ch\/Blog\/wp-content\/uploads\/2015\/03\/v_6_ill_852853_dieuversusdarwin_1.jpg?fit=178%2C228&ssl=1","jetpack_sharing_enabled":true,"jetpack_shortlink":"https:\/\/wp.me\/p1qtF4-21C","jetpack-related-posts":[{"id":463,"url":"https:\/\/lyonelkaufmann.ch\/Blog\/2007\/02\/02\/darwincafa\/","url_meta":{"origin":7788,"position":0},"title":"DarwinCaf\u00e9","author":"Lyonel Kaufmann","date":"2 f\u00e9vrier 2007","format":false,"excerpt":"Dieu versus Darwin : les cr\u00e9ationnistes vont-ils triompher de la science ? de Jacques Arnould, Albin Michel, 318 pages A lire devant les d\u00e9lires cr\u00e9ationnistes (qui n'ont rien \u00e0 voir avec la foi). A lire aussi parce que Jacques Arnould est tout \u00e0 la fois dominicain, th\u00e9ologien et historien des\u2026","rel":"","context":"Dans &quot;Blogcaf\u00e9&quot;","block_context":{"text":"Blogcaf\u00e9","link":"https:\/\/lyonelkaufmann.ch\/Blog\/category\/blogcafe-2\/"},"img":{"alt_text":"","src":"https:\/\/i0.wp.com\/medias.lemonde.fr\/mmpub\/edt\/ill\/2007\/01\/08\/v_6_ill_852853_dieuversusdarwin_.jpg?resize=350%2C200","width":350,"height":200},"classes":[]},{"id":6836,"url":"https:\/\/lyonelkaufmann.ch\/Blog\/2013\/03\/07\/enseigner-une-histoire-orientee-le-devoir\/","url_meta":{"origin":7788,"position":1},"title":"Enseigner une histoire \u00aborient\u00e9e\u00bb? | Le Devoir","author":"Lyonel Kaufmann","date":"7 mars 2013","format":false,"excerpt":"L'enseignement de l'histoire reste une question sociale vive au Qu\u00e9bec. La guerre id\u00e9ologique autour de la cr\u00e9ation d\u2019un comit\u00e9 minist\u00e9riel pour revoir les programmes d\u2019histoire au secondaire s\u2019envenime. Plusieurs enseignants, historiens et autres sp\u00e9cialistes de la mati\u00e8re jugent \u00ab dangereuse \u00bb la complicit\u00e9 entre le Parti qu\u00e9b\u00e9cois et la Coalition\u2026","rel":"","context":"Dans &quot;histoire&quot;","block_context":{"text":"histoire","link":"https:\/\/lyonelkaufmann.ch\/Blog\/category\/histoire-2\/"},"img":{"alt_text":"","src":"https:\/\/i0.wp.com\/lyonelkaufmann.ch\/Blog\/wp-content\/uploads\/2015\/03\/blogcafe1.jpg?fit=1024%2C683&ssl=1&resize=350%2C200","width":350,"height":200,"srcset":"https:\/\/i0.wp.com\/lyonelkaufmann.ch\/Blog\/wp-content\/uploads\/2015\/03\/blogcafe1.jpg?fit=1024%2C683&ssl=1&resize=350%2C200 1x, https:\/\/i0.wp.com\/lyonelkaufmann.ch\/Blog\/wp-content\/uploads\/2015\/03\/blogcafe1.jpg?fit=1024%2C683&ssl=1&resize=525%2C300 1.5x, https:\/\/i0.wp.com\/lyonelkaufmann.ch\/Blog\/wp-content\/uploads\/2015\/03\/blogcafe1.jpg?fit=1024%2C683&ssl=1&resize=700%2C400 2x"},"classes":[]},{"id":18295,"url":"https:\/\/lyonelkaufmann.ch\/Blog\/2017\/07\/21\/robinet-a-tous-les-etages\/","url_meta":{"origin":7788,"position":2},"title":"Robinet \u00e0 tous les \u00e9tages","author":"Lyonel Kaufmann","date":"21 juillet 2017","format":false,"excerpt":"Comment les habitants de Paris, New York et Londres ont-ils peu \u00e0 peu eu acc\u00e8s \u00e0 l'eau courante ? Si les compagnies priv\u00e9es se partagent le march\u00e9 de l'eau aux XVIIe et XVIIIe si\u00e8cles, les m\u00e9tropoles prennent peu \u00e0 peu conscience de la n\u00e9cessit\u00e9 d'un r\u00e9seau public. Compte-rendu de\u00a0Christophe Defeuilley,\u2026","rel":"","context":"Dans &quot;histoire&quot;","block_context":{"text":"histoire","link":"https:\/\/lyonelkaufmann.ch\/Blog\/category\/histoire-2\/"},"img":{"alt_text":"","src":"https:\/\/i0.wp.com\/lyonelkaufmann.ch\/Blog\/wp-content\/uploads\/2017\/07\/arton3807-763db.jpg?resize=350%2C200&ssl=1","width":350,"height":200},"classes":[]},{"id":8498,"url":"https:\/\/lyonelkaufmann.ch\/Blog\/2014\/11\/05\/regards-dun-historien-sur-les-sciences-humaines-numeriques\/","url_meta":{"origin":7788,"position":3},"title":"Regards d\u2019un historien sur les sciences humaines num\u00e9riques","author":"Lyonel Kaufmann","date":"5 novembre 2014","format":false,"excerpt":"En f\u00e9vrier dernier, l\u2019expression digital humanities atteignait la cote de 100\u00a0% sur Google Trends. Pour certains enthousiastes, ces sciences humaines num\u00e9riques repr\u00e9senteraient l\u2019avenir, voire une planche de salut pour les programmes en lettres, sciences humaines et sciences sociales, qui souffrent d\u2019une remise en question de leur valeur \u00e9manant de la\u2026","rel":"","context":"Dans &quot;histoire&quot;","block_context":{"text":"histoire","link":"https:\/\/lyonelkaufmann.ch\/Blog\/category\/histoire-2\/"},"img":{"alt_text":"","src":"","width":0,"height":0},"classes":[]},{"id":6825,"url":"https:\/\/lyonelkaufmann.ch\/Blog\/2013\/02\/22\/enseigner-la-litteratie-historique\/","url_meta":{"origin":7788,"position":4},"title":"Enseigner la litt\u00e9ratie historique ?","author":"Lyonel Kaufmann","date":"22 f\u00e9vrier 2013","format":false,"excerpt":"St\u00e9phane L\u00e9vesque s'interroge et nous interroge concernant l'imp\u00e9ratif pour les \u00e9l\u00e8ves de savoir lire et comprendre l'information transmise par les m\u00e9dias sociaux sous forme de contenus num\u00e9riques textuelles et multim\u00e9dias. On peut associer ce travail \u00e0 d'autres \u00e9l\u00e9ments de l'histoire et de son enseignement \u00e0 l'\u00e8re digitale. Commun\u00e9ment appel\u00e9e \u00ablitt\u00e9racie\u00bb,\u2026","rel":"","context":"Dans &quot;histoire&quot;","block_context":{"text":"histoire","link":"https:\/\/lyonelkaufmann.ch\/Blog\/category\/histoire-2\/"},"img":{"alt_text":"","src":"https:\/\/i0.wp.com\/lyonelkaufmann.ch\/Blog\/wp-content\/uploads\/2015\/03\/blogcafe1.jpg?fit=1024%2C683&ssl=1&resize=350%2C200","width":350,"height":200,"srcset":"https:\/\/i0.wp.com\/lyonelkaufmann.ch\/Blog\/wp-content\/uploads\/2015\/03\/blogcafe1.jpg?fit=1024%2C683&ssl=1&resize=350%2C200 1x, https:\/\/i0.wp.com\/lyonelkaufmann.ch\/Blog\/wp-content\/uploads\/2015\/03\/blogcafe1.jpg?fit=1024%2C683&ssl=1&resize=525%2C300 1.5x, https:\/\/i0.wp.com\/lyonelkaufmann.ch\/Blog\/wp-content\/uploads\/2015\/03\/blogcafe1.jpg?fit=1024%2C683&ssl=1&resize=700%2C400 2x"},"classes":[]},{"id":7875,"url":"https:\/\/lyonelkaufmann.ch\/Blog\/2012\/02\/23\/la-creation-de-letat-grec-au-xixe-siecle-la-vie-des-idees\/","url_meta":{"origin":7788,"position":5},"title":"La cr\u00e9ation de l\u2019\u00c9tat grec au XIXe si\u00e8cle | La Vie des id\u00e9es","author":"Lyonel Kaufmann","date":"23 f\u00e9vrier 2012","format":false,"excerpt":"La crise de l\u2019\u00c9tat grec (I).Entretien avec Anastassios Anastassiadis (premi\u00e8re partie) Via Scoop.it - histoire La crise grecque est d\u2019abord celle de l\u2019\u00c9tat grec et de sa l\u00e9gitimit\u00e9. Il faut remonter au XIXe si\u00e8cle pour comprendre la d\u00e9fiance des populations vis-\u00e0-vis de la bureaucratie et le r\u00f4le des puissances internationales\u2026","rel":"","context":"Dans &quot;histoire&quot;","block_context":{"text":"histoire","link":"https:\/\/lyonelkaufmann.ch\/Blog\/category\/histoire-2\/"},"img":{"alt_text":"","src":"http:\/\/img.scoop.it\/-KMZC_PGoUdkoMcYGRxM8Tl72eJkfbmt4t8yenImKBXEejxNn4ZJNZ2ss5Ku7Cxt","width":350,"height":200},"classes":[]}],"jetpack_likes_enabled":true,"_links":{"self":[{"href":"https:\/\/lyonelkaufmann.ch\/Blog\/wp-json\/wp\/v2\/posts\/7788","targetHints":{"allow":["GET"]}}],"collection":[{"href":"https:\/\/lyonelkaufmann.ch\/Blog\/wp-json\/wp\/v2\/posts"}],"about":[{"href":"https:\/\/lyonelkaufmann.ch\/Blog\/wp-json\/wp\/v2\/types\/post"}],"author":[{"embeddable":true,"href":"https:\/\/lyonelkaufmann.ch\/Blog\/wp-json\/wp\/v2\/users\/1"}],"replies":[{"embeddable":true,"href":"https:\/\/lyonelkaufmann.ch\/Blog\/wp-json\/wp\/v2\/comments?post=7788"}],"version-history":[{"count":0,"href":"https:\/\/lyonelkaufmann.ch\/Blog\/wp-json\/wp\/v2\/posts\/7788\/revisions"}],"wp:featuredmedia":[{"embeddable":true,"href":"https:\/\/lyonelkaufmann.ch\/Blog\/wp-json\/wp\/v2\/media\/13523"}],"wp:attachment":[{"href":"https:\/\/lyonelkaufmann.ch\/Blog\/wp-json\/wp\/v2\/media?parent=7788"}],"wp:term":[{"taxonomy":"category","embeddable":true,"href":"https:\/\/lyonelkaufmann.ch\/Blog\/wp-json\/wp\/v2\/categories?post=7788"},{"taxonomy":"post_tag","embeddable":true,"href":"https:\/\/lyonelkaufmann.ch\/Blog\/wp-json\/wp\/v2\/tags?post=7788"}],"curies":[{"name":"wp","href":"https:\/\/api.w.org\/{rel}","templated":true}]}}