{"id":7803,"date":"2007-04-14T19:42:49","date_gmt":"2007-04-14T18:42:49","guid":{"rendered":"http:\/\/lyonelkaufmann.ch\/histoire\/2007\/04\/14\/rene-remond-entre-tradition-memoire-et-histoire-1918-2007\/"},"modified":"2007-04-14T19:42:49","modified_gmt":"2007-04-14T18:42:49","slug":"rene-remond-entre-tradition-memoire-et-histoire-1918-2007","status":"publish","type":"post","link":"https:\/\/lyonelkaufmann.ch\/Blog\/2007\/04\/14\/rene-remond-entre-tradition-memoire-et-histoire-1918-2007\/","title":{"rendered":"Ren\u00e9 R\u00e9mond, entre tradition, m\u00e9moire et histoire (1918-2007)"},"content":{"rendered":"<div align=\"center\"><img data-recalc-dims=\"1\" decoding=\"async\" src=\"https:\/\/i0.wp.com\/www.pelerin.info\/mm\/illustrations\/Multimedia\/Pelerin\/2004\/actualite\/remond.jpg\" alt=\"Ren\u00e9 R\u00e9mond\" \/><\/div>\n<div align=\"justify\">L&rsquo;historien et acad\u00e9micien Ren\u00e9 R\u00e9mond est mort dans la nuit de vendredi \u00e0 samedi. Comme le dit Hugo Billard sur son blog, \u00e7a fait un peu beaucoup apr\u00e8s les d\u00e9c\u00e8s ces derniers mois de Pierre Vidal-Naquet, Jacques Ozouf Jean-Pierre Vernant et Lucie Aubrac. La communaut\u00e9 des historiens engag\u00e9s et des t\u00e9moins de l\u2019\u00e9poque contemporaine vient de prendre un nouveau coup.<br \/>\nConcernant le parcours de cet historien connu pour son travail sur les droites en France et plus largement pour son travail dans le domaine de l&rsquo;histoire politique, Hugo Billard avec son <em>Jardin des retours <\/em>a tr\u00e8s largement et suffisamment bien fait le travail pour que je vous y renvoie directement : <a href=\"http:\/\/lewebpedagogique.com\/histoire\/rene-remond-entre-tradition-memoire-et-histoire\/\">Ren\u00e9 R\u00e9mond, entre tradition, m\u00e9moire et histoire<\/a>. Merci \u00e0 Hugo Billard. <\/div>\n","protected":false},"excerpt":{"rendered":"<p>L&rsquo;historien et acad\u00e9micien Ren\u00e9 R\u00e9mond est mort dans la nuit de vendredi \u00e0 samedi. Comme le dit Hugo Billard sur son blog, \u00e7a fait un peu beaucoup apr\u00e8s les d\u00e9c\u00e8s ces derniers mois de Pierre Vidal-Naquet, Jacques Ozouf Jean-Pierre Vernant et Lucie Aubrac. La communaut\u00e9 des historiens engag\u00e9s et des t\u00e9moins de l\u2019\u00e9poque contemporaine vient [&hellip;]<\/p>\n","protected":false},"author":1,"featured_media":8382,"comment_status":"open","ping_status":"open","sticky":false,"template":"","format":"standard","meta":{"_import_markdown_pro_load_document_selector":0,"_import_markdown_pro_submit_text_textarea":"","_genesis_hide_title":false,"_genesis_hide_breadcrumbs":false,"_genesis_hide_singular_image":false,"_genesis_hide_footer_widgets":false,"_genesis_custom_body_class":"","_genesis_custom_post_class":"","_genesis_layout":"","jetpack_post_was_ever_published":false,"_jetpack_newsletter_access":"","_jetpack_dont_email_post_to_subs":false,"_jetpack_newsletter_tier_id":0,"_jetpack_memberships_contains_paywalled_content":false,"_jetpack_memberships_contains_paid_content":false,"activitypub_content_warning":"","activitypub_content_visibility":"","activitypub_max_image_attachments":3,"activitypub_interaction_policy_quote":"anyone","activitypub_status":"","footnotes":"","jetpack_publicize_message":"","jetpack_publicize_feature_enabled":true,"jetpack_social_post_already_shared":true,"jetpack_social_options":{"image_generator_settings":{"template":"fullscreen","default_image_id":0,"font":"","enabled":false},"version":2}},"categories":[2],"tags":[],"class_list":{"0":"post-7803","1":"post","2":"type-post","3":"status-publish","4":"format-standard","5":"has-post-thumbnail","7":"category-histoire-2","8":"entry"},"jetpack_publicize_connections":[],"featured_image_src":null,"featured_image_src_square":null,"author_info":{"display_name":"Lyonel Kaufmann","author_link":"https:\/\/lyonelkaufmann.ch\/Blog\/author\/lyonelk\/"},"jetpack_featured_media_url":"","jetpack_sharing_enabled":true,"jetpack_shortlink":"https:\/\/wp.me\/p1qtF4-21R","jetpack-related-posts":[{"id":6960,"url":"https:\/\/lyonelkaufmann.ch\/Blog\/2013\/04\/13\/enjeux-dune-ecriture-historienne-du-devoir-de-memoire-1-par-sebastien-ledoux\/","url_meta":{"origin":7803,"position":0},"title":"Enjeux d\u2019une \u00e9criture historienne du devoir de m\u00e9moire (1) par S\u00e9bastien Ledoux.","author":"Lyonel Kaufmann","date":"13 avril 2013","format":false,"excerpt":"S\u00e9bastien Ledoux termine actuellement une th\u00e8se sur \u00ab L\u2019histoire du \u201cdevoir de m\u00e9moire\u02ee\u02ee \u00bb \u00e0 Paris 1 (Centre d\u2019histoire sociale du XXe si\u00e8cle). Il a d\u00e9j\u00e0 publi\u00e9 Le \u00ab devoir de m\u00e9moire \u00bb \u00e0 l\u2019\u00e9cole. Essai d\u2019\u00e9criture d\u2019un nouveau roman national, Sarrebruck, \u00c9tudes universitaires europ\u00e9ennes, 2011, et de nombreux articles\u2026","rel":"","context":"Dans &quot;histoire&quot;","block_context":{"text":"histoire","link":"https:\/\/lyonelkaufmann.ch\/Blog\/category\/histoire-2\/"},"img":{"alt_text":"","src":"https:\/\/i0.wp.com\/lyonelkaufmann.ch\/Blog\/wp-content\/uploads\/2015\/03\/blogcafe1.jpg?fit=1024%2C683&ssl=1&resize=350%2C200","width":350,"height":200,"srcset":"https:\/\/i0.wp.com\/lyonelkaufmann.ch\/Blog\/wp-content\/uploads\/2015\/03\/blogcafe1.jpg?fit=1024%2C683&ssl=1&resize=350%2C200 1x, https:\/\/i0.wp.com\/lyonelkaufmann.ch\/Blog\/wp-content\/uploads\/2015\/03\/blogcafe1.jpg?fit=1024%2C683&ssl=1&resize=525%2C300 1.5x, https:\/\/i0.wp.com\/lyonelkaufmann.ch\/Blog\/wp-content\/uploads\/2015\/03\/blogcafe1.jpg?fit=1024%2C683&ssl=1&resize=700%2C400 2x"},"classes":[]},{"id":3095,"url":"https:\/\/lyonelkaufmann.ch\/Blog\/2010\/08\/08\/koblet-le-james-dean-suisse-deux-ou-trois-choses-vues-de-paris\/","url_meta":{"origin":7803,"position":1},"title":"Koblet, le James Dean suisse | Deux ou trois choses vues de Paris","author":"Lyonel Kaufmann","date":"8 ao\u00fbt 2010","format":false,"excerpt":"La projection sur la Piazza Grande de Locarno du film de Daniel von Aarburg \u00abHugo Koblet, p\u00e9daleur de charme\u00bb donne l'occasion \u00e0 Andr\u00e9 Crettenand de r\u00e9pondre \u00e0 question : Qu'est-ce qu'un h\u00e9ros suisse? Dans ce cadre-l\u00e0, Hugo Koblet d\u00e9teint par rapport aux\u00a0h\u00e9ros magnifi\u00e9s au 19e si\u00e8cle pour, selon la jolie\u2026","rel":"","context":"Dans &quot;histoire&quot;","block_context":{"text":"histoire","link":"https:\/\/lyonelkaufmann.ch\/Blog\/category\/histoire-2\/"},"img":{"alt_text":"","src":"https:\/\/i0.wp.com\/lyonelkaufmann.ch\/Blog\/wp-content\/uploads\/2015\/03\/087.jpg?fit=480%2C360&ssl=1&resize=350%2C200","width":350,"height":200},"classes":[]},{"id":7253,"url":"https:\/\/lyonelkaufmann.ch\/Blog\/2013\/08\/04\/revue-de-presse-le-reveil-de-la-querelle-des-historiens-une-polemique-memorielle-a-lechelle-nationale-et-europeenne-histoire-memoire-et-societe\/","url_meta":{"origin":7803,"position":2},"title":"Revue de presse : Le r\u00e9veil de la querelle des historiens : une pol\u00e9mique m\u00e9morielle \u00e0 l&rsquo;\u00e9chelle nationale et europ\u00e9enne &#8211; Histoire, M\u00e9moire et Soci\u00e9t\u00e9","author":"Lyonel Kaufmann","date":"4 ao\u00fbt 2013","format":false,"excerpt":"C'est l'un des d\u00e9bats historiographiques les plus passionnants de la seconde moiti\u00e9 du XX\u00e8me si\u00e8cle. Il consiste \u00e0 s'interroger sur la possibilit\u00e9 et la l\u00e9gitimit\u00e9 d'une comparaison entre le nazisme et le communisme. Tr\u00e8s bonne synth\u00e8se de Mickael Bertrand.Le r\u00e9veil de la querelle des historiens : une pol\u00e9mique m\u00e9morielle \u00e0\u2026","rel":"","context":"Dans &quot;histoire&quot;","block_context":{"text":"histoire","link":"https:\/\/lyonelkaufmann.ch\/Blog\/category\/histoire-2\/"},"img":{"alt_text":"","src":"https:\/\/i0.wp.com\/lyonelkaufmann.ch\/Blog\/wp-content\/uploads\/2015\/03\/blogcafe1.jpg?fit=1024%2C683&ssl=1&resize=350%2C200","width":350,"height":200,"srcset":"https:\/\/i0.wp.com\/lyonelkaufmann.ch\/Blog\/wp-content\/uploads\/2015\/03\/blogcafe1.jpg?fit=1024%2C683&ssl=1&resize=350%2C200 1x, https:\/\/i0.wp.com\/lyonelkaufmann.ch\/Blog\/wp-content\/uploads\/2015\/03\/blogcafe1.jpg?fit=1024%2C683&ssl=1&resize=525%2C300 1.5x, https:\/\/i0.wp.com\/lyonelkaufmann.ch\/Blog\/wp-content\/uploads\/2015\/03\/blogcafe1.jpg?fit=1024%2C683&ssl=1&resize=700%2C400 2x"},"classes":[]},{"id":2879,"url":"https:\/\/lyonelkaufmann.ch\/Blog\/2010\/06\/19\/lhistorien-le-film-et-lanachronique-pierre-sorlin-cinemadoc\/","url_meta":{"origin":7803,"position":3},"title":"L\u2019historien, le film et l\u2019anachronique \u2013 Pierre Sorlin | Cin\u00e9madoc","author":"Lyonel Kaufmann","date":"19 juin 2010","format":false,"excerpt":"\"Nous arrivons ainsi \u00e0 une premi\u00e8re proposition : le film historique serait, davantage que beaucoup d\u2019autres, un film situ\u00e9, \u00e9troitement d\u00e9pendant d\u2019un contexte en dehors duquel il n\u2019aurait pas de sens. Il serait, d\u2019autre part, sous un v\u00eatement d\u2019emprunt, consacr\u00e9 d\u2019abord et avant tout aux questions contemporaines ; par une\u2026","rel":"","context":"Dans &quot;histoire&quot;","block_context":{"text":"histoire","link":"https:\/\/lyonelkaufmann.ch\/Blog\/category\/histoire-2\/"},"img":{"alt_text":"","src":"https:\/\/i0.wp.com\/lyonelkaufmann.ch\/Blog\/wp-content\/uploads\/2015\/03\/blogcafe1.jpg?fit=1024%2C683&ssl=1&resize=350%2C200","width":350,"height":200,"srcset":"https:\/\/i0.wp.com\/lyonelkaufmann.ch\/Blog\/wp-content\/uploads\/2015\/03\/blogcafe1.jpg?fit=1024%2C683&ssl=1&resize=350%2C200 1x, https:\/\/i0.wp.com\/lyonelkaufmann.ch\/Blog\/wp-content\/uploads\/2015\/03\/blogcafe1.jpg?fit=1024%2C683&ssl=1&resize=525%2C300 1.5x, https:\/\/i0.wp.com\/lyonelkaufmann.ch\/Blog\/wp-content\/uploads\/2015\/03\/blogcafe1.jpg?fit=1024%2C683&ssl=1&resize=700%2C400 2x"},"classes":[]},{"id":4355,"url":"https:\/\/lyonelkaufmann.ch\/Blog\/2011\/02\/15\/lexperience-de-lhistoire-de-koselleck-en-poche-le-blog-de-lhistoire\/","url_meta":{"origin":7803,"position":4},"title":"L\u2019exp\u00e9rience de l\u2019histoire de Koselleck en poche | Le blog de l&rsquo;histoire","author":"Lyonel Kaufmann","date":"15 f\u00e9vrier 2011","format":"aside","excerpt":"Pr\u00e9sentation de l\u2019\u00e9diteur : Comment le travail de l\u2019historien s\u2019inscrit-il dans son \u00e9poque ? Quelle incidence a la posture d\u2019observation sur l\u2019analyse produite ? Comment mesurer, dans l\u2019entreprise d\u2019explication historique, la part des concepts et de leur pouvoir structurant ?En r\u00e9ponse \u00e0 ces questions, Reinhardt Koselleck propose ici un parcours\u2026","rel":"","context":"Dans &quot;histoire&quot;","block_context":{"text":"histoire","link":"https:\/\/lyonelkaufmann.ch\/Blog\/category\/histoire-2\/"},"img":{"alt_text":"","src":"https:\/\/i0.wp.com\/blog.passion-histoire.net\/wp-content\/uploads\/2011\/02\/9782757821732FS-181x300.gif?resize=350%2C200","width":350,"height":200},"classes":[]},{"id":3857,"url":"https:\/\/lyonelkaufmann.ch\/Blog\/2011\/08\/02\/histoire-anthropologie-et-ethnohistoire-devenir-historien-ne\/","url_meta":{"origin":7803,"position":5},"title":"Compte-rendu &#8211; Nathan Wachtel : La vision des vaincus","author":"Lyonel Kaufmann","date":"2 ao\u00fbt 2011","format":false,"excerpt":"Compte-rendu par Clara Chevalier dans Devenir historien- ne de Nathan Wachtel,\u00a0La vision des vaincus. Les Indiens du P\u00e9rou devant la Conqu\u00eate espagnole, 1530-1570, Paris, Gallimard, coll. \u00ab\u00a0Folio Histoire\u00a0\u00bb, 1992 (1e \u00e9d. coll. \u00ab\u00a0Biblioth\u00e8que des Histoires\u00a0\u00bb, 1971), 395 p. Pour rappel, cet ouvrage se propose d\u2019envisager la conqu\u00eate espagnole de l\u2019Am\u00e9rique\u2026","rel":"","context":"Dans &quot;histoire&quot;","block_context":{"text":"histoire","link":"https:\/\/lyonelkaufmann.ch\/Blog\/category\/histoire-2\/"},"img":{"alt_text":"","src":"https:\/\/i0.wp.com\/lyonelkaufmann.ch\/histoire\/wp-content\/uploads\/2011\/08\/VisionVaincusPoche.jpg?resize=350%2C200","width":350,"height":200},"classes":[]}],"jetpack_likes_enabled":true,"_links":{"self":[{"href":"https:\/\/lyonelkaufmann.ch\/Blog\/wp-json\/wp\/v2\/posts\/7803","targetHints":{"allow":["GET"]}}],"collection":[{"href":"https:\/\/lyonelkaufmann.ch\/Blog\/wp-json\/wp\/v2\/posts"}],"about":[{"href":"https:\/\/lyonelkaufmann.ch\/Blog\/wp-json\/wp\/v2\/types\/post"}],"author":[{"embeddable":true,"href":"https:\/\/lyonelkaufmann.ch\/Blog\/wp-json\/wp\/v2\/users\/1"}],"replies":[{"embeddable":true,"href":"https:\/\/lyonelkaufmann.ch\/Blog\/wp-json\/wp\/v2\/comments?post=7803"}],"version-history":[{"count":0,"href":"https:\/\/lyonelkaufmann.ch\/Blog\/wp-json\/wp\/v2\/posts\/7803\/revisions"}],"wp:featuredmedia":[{"embeddable":true,"href":"https:\/\/lyonelkaufmann.ch\/Blog\/wp-json\/"}],"wp:attachment":[{"href":"https:\/\/lyonelkaufmann.ch\/Blog\/wp-json\/wp\/v2\/media?parent=7803"}],"wp:term":[{"taxonomy":"category","embeddable":true,"href":"https:\/\/lyonelkaufmann.ch\/Blog\/wp-json\/wp\/v2\/categories?post=7803"},{"taxonomy":"post_tag","embeddable":true,"href":"https:\/\/lyonelkaufmann.ch\/Blog\/wp-json\/wp\/v2\/tags?post=7803"}],"curies":[{"name":"wp","href":"https:\/\/api.w.org\/{rel}","templated":true}]}}