{"id":7805,"date":"2007-04-18T15:14:12","date_gmt":"2007-04-18T14:14:12","guid":{"rendered":"http:\/\/lyonelkaufmann.ch\/histoire\/2007\/04\/18\/differend-autour-du-souvenir-des-victimes-du-camp-dauschwitz-eurotopics\/"},"modified":"2007-04-18T15:14:12","modified_gmt":"2007-04-18T14:14:12","slug":"differend-autour-du-souvenir-des-victimes-du-camp-dauschwitz-eurotopics","status":"publish","type":"post","link":"https:\/\/lyonelkaufmann.ch\/Blog\/2007\/04\/18\/differend-autour-du-souvenir-des-victimes-du-camp-dauschwitz-eurotopics\/","title":{"rendered":"Diff\u00e9rend autour du souvenir des victimes du camp d&rsquo;Auschwitz (Euro|topics)"},"content":{"rendered":"<div align=\"justify\">Le journal hongrois N\u00e9pszabads\u00e1g nous apprend que le mus\u00e9e d&rsquo;Auschwitz a repouss\u00e9 l&rsquo;ouverture d&rsquo;une exposition consacr\u00e9e au r\u00f4le de l&rsquo;Arm\u00e9e rouge dans la lib\u00e9ration de ce camp de la mort.<br \/>\nLe motif de cette d\u00e9cision?  un diff\u00e9rend autour de la nationalit\u00e9 des victimes. Beaucoup \u00e9taient issues des territoires annex\u00e9s par l&rsquo;URSS dans le cadre du pacte Molotov-Ribbentrop de 1939. Il fixait le partage de l&rsquo;Europe centrale et du Nord entre l&rsquo;Allemagne nazie et l&rsquo;URSS.<br \/>\nL&rsquo;auteur de l&rsquo;article, Endre Acz\u00e9l, trouve le d\u00e9bat sur la nationalit\u00e9 des victimes indigne:<\/p>\n<blockquote><p><i> \u00ab\u00a0Les conservateurs polonais du mus\u00e9e trouvent inacceptable que l&rsquo;exposition qualifie les Juifs polonais ou lituaniens de citoyens sovi\u00e9tiques. Plusieurs millions de Juifs sont effectivement devenus citoyens de l&rsquo;URSS pendant la nuit, qu&rsquo;ils l&rsquo;aient voulu ou non. Les Polonais per\u00e7oivent le terme &lsquo;citoyen sovi\u00e9tique&rsquo; comme une l\u00e9gitimation suppl\u00e9mentaire du partage de leur pays. Toutefois, il est ind\u00e9cent de se quereller au sujet de la nationalit\u00e9 des victimes. Elles n&rsquo;ont pas \u00e9t\u00e9 d\u00e9port\u00e9es \u00e0 Auschwitz du fait de leur nationalit\u00e9, mais de leurs origines.\u00a0\u00bb<\/i><\/p><\/blockquote>\n<p><strong>\u00bb Source :<\/strong><br \/>\n&#8211; Pour la traduction : <a href=\"http:\/\/www.eurotopics.net\/fr\/presseschau\/archiv\/article\/ARTICLE16257\">Euro|topics<\/a><br \/>\n&#8211; Pour l&rsquo;article int\u00e9gral en hongrois <a href=\"http:\/\/www.nol.hu\/cikk\/443207\/\">N\u00e9pszabads\u00e1g<\/a> (journal hongrois)<\/div>\n","protected":false},"excerpt":{"rendered":"<p>Le journal hongrois N\u00e9pszabads\u00e1g nous apprend que le mus\u00e9e d&rsquo;Auschwitz a repouss\u00e9 l&rsquo;ouverture d&rsquo;une exposition consacr\u00e9e au r\u00f4le de l&rsquo;Arm\u00e9e rouge dans la lib\u00e9ration de ce camp de la mort. Le motif de cette d\u00e9cision? un diff\u00e9rend autour de la nationalit\u00e9 des victimes. Beaucoup \u00e9taient issues des territoires annex\u00e9s par l&rsquo;URSS dans le cadre du [&hellip;]<\/p>\n","protected":false},"author":1,"featured_media":14680,"comment_status":"open","ping_status":"open","sticky":false,"template":"","format":"standard","meta":{"_import_markdown_pro_load_document_selector":0,"_import_markdown_pro_submit_text_textarea":"","_genesis_hide_title":false,"_genesis_hide_breadcrumbs":false,"_genesis_hide_singular_image":false,"_genesis_hide_footer_widgets":false,"_genesis_custom_body_class":"","_genesis_custom_post_class":"","_genesis_layout":"","jetpack_post_was_ever_published":false,"_jetpack_newsletter_access":"","_jetpack_dont_email_post_to_subs":false,"_jetpack_newsletter_tier_id":0,"_jetpack_memberships_contains_paywalled_content":false,"_jetpack_memberships_contains_paid_content":false,"activitypub_content_warning":"","activitypub_content_visibility":"","activitypub_max_image_attachments":3,"activitypub_interaction_policy_quote":"anyone","activitypub_status":"","footnotes":"","jetpack_publicize_message":"","jetpack_publicize_feature_enabled":true,"jetpack_social_post_already_shared":true,"jetpack_social_options":{"image_generator_settings":{"template":"fullscreen","default_image_id":0,"font":"","enabled":false},"version":2}},"categories":[2],"tags":[],"class_list":{"0":"post-7805","1":"post","2":"type-post","3":"status-publish","4":"format-standard","5":"has-post-thumbnail","7":"category-histoire-2","8":"entry"},"jetpack_publicize_connections":[],"featured_image_src":"https:\/\/i0.wp.com\/lyonelkaufmann.ch\/Blog\/wp-content\/uploads\/2015\/03\/blogcafe1.jpg?resize=600%2C400&ssl=1","featured_image_src_square":"https:\/\/i0.wp.com\/lyonelkaufmann.ch\/Blog\/wp-content\/uploads\/2015\/03\/blogcafe1.jpg?resize=600%2C600&ssl=1","author_info":{"display_name":"Lyonel Kaufmann","author_link":"https:\/\/lyonelkaufmann.ch\/Blog\/author\/lyonelk\/"},"jetpack_featured_media_url":"https:\/\/i0.wp.com\/lyonelkaufmann.ch\/Blog\/wp-content\/uploads\/2015\/03\/blogcafe1.jpg?fit=1024%2C683&ssl=1","jetpack_sharing_enabled":true,"jetpack_shortlink":"https:\/\/wp.me\/p1qtF4-21T","jetpack-related-posts":[{"id":15209,"url":"https:\/\/lyonelkaufmann.ch\/Blog\/2015\/09\/29\/comptes-rendus-filmer-la-guerre-1944-1946-les-sovietiques-face-a-la-shoah\/","url_meta":{"origin":7805,"position":0},"title":"Comptes-rendus : \u00ab Filmer la guerre (1944-1946). Les Sovi\u00e9tiques face \u00e0 la Shoah \u00bb","author":"Lyonel Kaufmann","date":"29 septembre 2015","format":false,"excerpt":"L\u2019exposition et son catalogue ouvrent des perspectives passionnantes sur la construction d\u2019une m\u00e9moire sovi\u00e9tique isol\u00e9e des repr\u00e9sentations occidentales. Rendue plus complexe encore par les d\u00e9placements de fronti\u00e8res d\u2019apr\u00e8s-guerre brouillant la notion de juifs \u00ab\u00a0sovi\u00e9tiques\u00a0\u00bb, \u00ab\u00a0hongrois\u00a0\u00bb ou \u00ab\u00a0polonais\u00a0\u00bb, puis par la Guerre froide, elle \u00e9volue vers une reconnaissance ambigu\u00eb de la\u2026","rel":"","context":"Dans &quot;histoire&quot;","block_context":{"text":"histoire","link":"https:\/\/lyonelkaufmann.ch\/Blog\/category\/histoire-2\/"},"img":{"alt_text":"","src":"https:\/\/i0.wp.com\/lyonelkaufmann.ch\/Blog\/wp-content\/uploads\/2015\/09\/iu.jpeg?fit=797%2C543&ssl=1&resize=350%2C200","width":350,"height":200,"srcset":"https:\/\/i0.wp.com\/lyonelkaufmann.ch\/Blog\/wp-content\/uploads\/2015\/09\/iu.jpeg?fit=797%2C543&ssl=1&resize=350%2C200 1x, https:\/\/i0.wp.com\/lyonelkaufmann.ch\/Blog\/wp-content\/uploads\/2015\/09\/iu.jpeg?fit=797%2C543&ssl=1&resize=525%2C300 1.5x, https:\/\/i0.wp.com\/lyonelkaufmann.ch\/Blog\/wp-content\/uploads\/2015\/09\/iu.jpeg?fit=797%2C543&ssl=1&resize=700%2C400 2x"},"classes":[]},{"id":5573,"url":"https:\/\/lyonelkaufmann.ch\/Blog\/2012\/06\/26\/nous-nirons-pas-voir-auschwitz-une-bd-sur-les-memoires-de-la-2nde-gm\/","url_meta":{"origin":7805,"position":1},"title":"Nous n&rsquo;irons pas voir Auschwitz, une BD sur les m\u00e9moires de la 2nde GM","author":"Lyonel Kaufmann","date":"26 juin 2012","format":false,"excerpt":"See on Scoop.it - histoire Cette BD interroge tant la m\u00e9moire des Polonais que celle Fran\u00e7ais, des Juifs et des non-Juifs, des m\u00e9moires crois\u00e9es de la Pologne et de la France d'hier \u00e0 aujourd'hui. J\u00e9r\u00e9mie Dres est un jeune dessinateur fran\u00e7ais, n\u00e9 en 1982 dont les grands-parents sont juifs polonais.\u2026","rel":"","context":"Dans &quot;histoire&quot;","block_context":{"text":"histoire","link":"https:\/\/lyonelkaufmann.ch\/Blog\/category\/histoire-2\/"},"img":{"alt_text":"","src":"https:\/\/i0.wp.com\/lyonelkaufmann.ch\/Blog\/wp-content\/uploads\/2015\/03\/XSHZ71v3LPoMfM6cbjQlPzl72eJkfbmt4t8yenImKBXEejxNn4ZJNZ2ss5Ku7Cxt.jpg?fit=389%2C550&ssl=1&resize=350%2C200","width":350,"height":200},"classes":[]},{"id":8884,"url":"https:\/\/lyonelkaufmann.ch\/Blog\/2015\/02\/18\/revue-de-presse-auschwitz-aggiormento\/","url_meta":{"origin":7805,"position":2},"title":"Revue de Presse : Auschwitz | Aggiormento","author":"Lyonel Kaufmann","date":"18 f\u00e9vrier 2015","format":false,"excerpt":"Tal Bruttmann, Auschwitz, Paris, La D\u00e9couverte, Rep\u00e8res, 2015, 128 p., 10\u20ac. A partir de l\u2019ouvrage de Tal Bruttmann, Samuel Kuhn pr\u00e9sente la particularit\u00e9 des t\u00e9moignages des survivants de l\u2019univers concentrationnaire qui ne peuvent dire l\u2019indicible qu\u2019indirectement, soit le massacre de 6 millions de Juifs, majoritairement mort \u00e0 leur arriv\u00e9e et\u2026","rel":"","context":"Dans &quot;histoire&quot;","block_context":{"text":"histoire","link":"https:\/\/lyonelkaufmann.ch\/Blog\/category\/histoire-2\/"},"img":{"alt_text":"images","src":"https:\/\/i0.wp.com\/f.hypotheses.org\/wp-content\/blogs.dir\/357\/files\/2015\/02\/images.jpg?resize=350%2C200","width":350,"height":200},"classes":[]},{"id":7956,"url":"https:\/\/lyonelkaufmann.ch\/Blog\/2014\/04\/09\/revue-de-presse-le-temoignage-exceptionnel-du-seul-deporte-volontaire-a-auschwitz-liberation\/","url_meta":{"origin":7805,"position":3},"title":"Revue de Presse : Le t\u00e9moignage exceptionnel du seul d\u00e9port\u00e9 volontaire \u00e0 Auschwitz | Lib\u00e9ration","author":"Lyonel Kaufmann","date":"9 avril 2014","format":false,"excerpt":"Witold Pilecki t\u00e9moigne \u00e0 Varsovie le 3 mars 1948 (Photo PAP. AFP) Varsovie. 19 septembre 1940. Un officier de r\u00e9serve polonais, Witold Pilecki, se fait volontairement rafler par les Allemands et interner \u00e0 Auschwitz pour y tisser un r\u00e9seau de r\u00e9sistance: \u00abLe Rapport Pilecki\u00bb, \u00e0 para\u00eetre en avril, livre le\u2026","rel":"","context":"Dans &quot;histoire&quot;","block_context":{"text":"histoire","link":"https:\/\/lyonelkaufmann.ch\/Blog\/category\/histoire-2\/"},"img":{"alt_text":"","src":"https:\/\/i0.wp.com\/lyonelkaufmann.ch\/Blog\/wp-content\/uploads\/2015\/03\/1gdDQis.jpg?fit=768%2C494&ssl=1&resize=350%2C200","width":350,"height":200,"srcset":"https:\/\/i0.wp.com\/lyonelkaufmann.ch\/Blog\/wp-content\/uploads\/2015\/03\/1gdDQis.jpg?fit=768%2C494&ssl=1&resize=350%2C200 1x, https:\/\/i0.wp.com\/lyonelkaufmann.ch\/Blog\/wp-content\/uploads\/2015\/03\/1gdDQis.jpg?fit=768%2C494&ssl=1&resize=525%2C300 1.5x, https:\/\/i0.wp.com\/lyonelkaufmann.ch\/Blog\/wp-content\/uploads\/2015\/03\/1gdDQis.jpg?fit=768%2C494&ssl=1&resize=700%2C400 2x"},"classes":[]},{"id":4937,"url":"https:\/\/lyonelkaufmann.ch\/Blog\/2012\/01\/24\/e-dossier-la-suisse-les-refugies-et-la-shoah-dodis-ch\/","url_meta":{"origin":7805,"position":4},"title":"e-Dossier: La Suisse, les r\u00e9fugi\u00e9s et la Shoah | dodis.ch","author":"Lyonel Kaufmann","date":"24 janvier 2012","format":false,"excerpt":"Les Documents diplomatiques suisses (dodis.ch) publient un dossier d'archives qui fera date relativement \u00e0 l'histoire de la Suisse\u00a0durant la Deuxi\u00e8me Guerre mondiale En effet, ce dossier retraee les relations internationales de la Suisse entre 1933 et 1945. Pour les auteurs, le dossier doit permettre notamment de trouver des \u00e9l\u00e9ments de\u2026","rel":"","context":"Dans &quot;histoire&quot;","block_context":{"text":"histoire","link":"https:\/\/lyonelkaufmann.ch\/Blog\/category\/histoire-2\/"},"img":{"alt_text":"","src":"https:\/\/i0.wp.com\/lyonelkaufmann.ch\/Blog\/wp-content\/uploads\/2015\/03\/blogcafe1.jpg?fit=1024%2C683&ssl=1&resize=350%2C200","width":350,"height":200,"srcset":"https:\/\/i0.wp.com\/lyonelkaufmann.ch\/Blog\/wp-content\/uploads\/2015\/03\/blogcafe1.jpg?fit=1024%2C683&ssl=1&resize=350%2C200 1x, https:\/\/i0.wp.com\/lyonelkaufmann.ch\/Blog\/wp-content\/uploads\/2015\/03\/blogcafe1.jpg?fit=1024%2C683&ssl=1&resize=525%2C300 1.5x, https:\/\/i0.wp.com\/lyonelkaufmann.ch\/Blog\/wp-content\/uploads\/2015\/03\/blogcafe1.jpg?fit=1024%2C683&ssl=1&resize=700%2C400 2x"},"classes":[]},{"id":2988,"url":"https:\/\/lyonelkaufmann.ch\/Blog\/2010\/07\/23\/nuit-et-brouillard-jean-ferrat\/","url_meta":{"origin":7805,"position":5},"title":"Nuit et Brouillard &#8211; Jean Ferrat","author":"Lyonel Kaufmann","date":"23 juillet 2010","format":false,"excerpt":"En 1963, Jean Ferrat compose cette chanson en m\u00e9moire des victimes des camps de concentration. Son p\u00e8re, immigr\u00e9 juif de Russie est mort \u00e0 Auschwitz.\u00a0La chanson fut \u00ab\u00a0d\u00e9conseill\u00e9e\u00a0\u00bb par le directeur de l'ORTF, mais passa un dimanche \u00e0 midi sur la premi\u00e8re cha\u00eene, dans l'\u00e9mission Discorama de Denise Glaser. Cette\u2026","rel":"","context":"Dans &quot;histoire&quot;","block_context":{"text":"histoire","link":"https:\/\/lyonelkaufmann.ch\/Blog\/category\/histoire-2\/"},"img":{"alt_text":"","src":"https:\/\/i0.wp.com\/img.youtube.com\/vi\/U6a1kjhcDkY\/0.jpg?resize=350%2C200","width":350,"height":200},"classes":[]}],"jetpack_likes_enabled":true,"_links":{"self":[{"href":"https:\/\/lyonelkaufmann.ch\/Blog\/wp-json\/wp\/v2\/posts\/7805","targetHints":{"allow":["GET"]}}],"collection":[{"href":"https:\/\/lyonelkaufmann.ch\/Blog\/wp-json\/wp\/v2\/posts"}],"about":[{"href":"https:\/\/lyonelkaufmann.ch\/Blog\/wp-json\/wp\/v2\/types\/post"}],"author":[{"embeddable":true,"href":"https:\/\/lyonelkaufmann.ch\/Blog\/wp-json\/wp\/v2\/users\/1"}],"replies":[{"embeddable":true,"href":"https:\/\/lyonelkaufmann.ch\/Blog\/wp-json\/wp\/v2\/comments?post=7805"}],"version-history":[{"count":0,"href":"https:\/\/lyonelkaufmann.ch\/Blog\/wp-json\/wp\/v2\/posts\/7805\/revisions"}],"wp:featuredmedia":[{"embeddable":true,"href":"https:\/\/lyonelkaufmann.ch\/Blog\/wp-json\/wp\/v2\/media\/14680"}],"wp:attachment":[{"href":"https:\/\/lyonelkaufmann.ch\/Blog\/wp-json\/wp\/v2\/media?parent=7805"}],"wp:term":[{"taxonomy":"category","embeddable":true,"href":"https:\/\/lyonelkaufmann.ch\/Blog\/wp-json\/wp\/v2\/categories?post=7805"},{"taxonomy":"post_tag","embeddable":true,"href":"https:\/\/lyonelkaufmann.ch\/Blog\/wp-json\/wp\/v2\/tags?post=7805"}],"curies":[{"name":"wp","href":"https:\/\/api.w.org\/{rel}","templated":true}]}}