{"id":7806,"date":"2007-04-25T09:09:36","date_gmt":"2007-04-25T08:09:36","guid":{"rendered":"http:\/\/lyonelkaufmann.ch\/histoire\/2007\/04\/25\/grandola-ville-brune-revolution-des-oeillets-25041974\/"},"modified":"2026-03-22T20:22:49","modified_gmt":"2026-03-22T19:22:49","slug":"grandola-ville-brune-revolution-des-oeillets-25041974","status":"publish","type":"post","link":"https:\/\/lyonelkaufmann.ch\/Blog\/2007\/04\/25\/grandola-ville-brune-revolution-des-oeillets-25041974\/","title":{"rendered":"Gr\u00e2ndola, ville brune (R\u00e9volution des oeillets 25.04.1974)"},"content":{"rendered":"\n<p>Le 25 avril 1974 avait lieu au Portugal <a href=\"http:\/\/fr.wikipedia.org\/wiki\/R%C3%A9volution_des_%C5%93illets\">la R\u00e9volution des Oeillets<\/a>. Pour une fois, une arm\u00e9e mettait bas une dictature et instaurait la d\u00e9mocratie.<br>Le signal de d\u00e9part de cette r\u00e9volution est donn\u00e9 le 25 avril 1974 \u00e0 0h25. A cette heure-l\u00e0, la radio nationale diffuse Gr\u00e2ndola, vila morena (<em>Gr\u00e2ndola, ville brune<\/em>), une chanson r\u00e9volutionnaire de Zeca Afonso \u00e9voquant la libert\u00e9, la d\u00e9mocratie et le respect. Un myst\u00e9rieux Mouvement des forces arm\u00e9es (MFA), men\u00e9 par Otelo Saraiva de Carvalho, passe alors \u00e0 l&rsquo;action et s&#8217;empare des points strat\u00e9giques du pouvoir dans le pays. Seize heures plus tard, le r\u00e9gime dictatorial s&rsquo;effondre.<\/p>\n\n\n\n<p>La chanson:<\/p>\n\n\n\n<figure class=\"wp-block-embed is-type-video is-provider-youtube wp-block-embed-youtube wp-embed-aspect-4-3 wp-has-aspect-ratio\"><div class=\"wp-block-embed__wrapper\">\n<span class=\"embed-youtube\" style=\"text-align:center; display: block;\"><iframe loading=\"lazy\" class=\"youtube-player\" width=\"640\" height=\"360\" src=\"https:\/\/www.youtube.com\/embed\/ci76cKwFLDs?version=3&#038;rel=1&#038;showsearch=0&#038;showinfo=1&#038;iv_load_policy=1&#038;fs=1&#038;hl=fr-FR&#038;autohide=2&#038;wmode=transparent\" allowfullscreen=\"true\" style=\"border:0;\" sandbox=\"allow-scripts allow-same-origin allow-popups allow-presentation allow-popups-to-escape-sandbox\"><\/iframe><\/span>\n<\/div><\/figure>\n\n\n\n<p>Son texte:<\/p>\n\n\n\n<p class=\"has-text-align-center\">GRANDO LA ville brune<br>Terre de la fraternit\u00e9<br>Le peuple est celui qui commande le plus<br>A l&rsquo;int\u00e9rieur de toi ville<br>A l&rsquo;int\u00e9rieur de toi ville<br>Le peuple est celui qui commande le plus<br>Terre de la fraternit\u00e9<br>GRANDOLA ville brune<br>Dans chaque coin un ami<br>Dans chaque visage un ami aussi<br>GRANDOLA ville brune<br>Terre de la fraternit\u00e9<br>Terre de la fraternit\u00e9<br>GRANDOLA ville brune<br>Dans chaque visage un ami aussi<br>Le peuple est celui qui commande le plus<br>A l&rsquo;ombre d&rsquo;un ch\u00eane<br>Dont je ne savais pas l&rsquo;\u00e2ge<br>Je t&rsquo;ai jur\u00e9 comme compagne<br>GRANDOLA \u00e0 ta volont\u00e9<br>GRANDOLA \u00e0 ta volont\u00e9<br>Je t&rsquo;ai jur\u00e9 comme compagne<br>A l&rsquo;ombre d&rsquo;un ch\u00eane<br>Dont je ne savais pas l&rsquo;\u00e2ge.<\/p>\n","protected":false},"excerpt":{"rendered":"<p>Le 25 avril 1974 avait lieu au Portugal la R\u00e9volution des Oeillets. Pour une fois, une arm\u00e9e mettait bas une dictature et instaurait la d\u00e9mocratie.Le signal de d\u00e9part de cette r\u00e9volution est donn\u00e9 le 25 avril 1974 \u00e0 0h25. A cette heure-l\u00e0, la radio nationale diffuse Gr\u00e2ndola, vila morena (Gr\u00e2ndola, ville brune), une chanson r\u00e9volutionnaire [&hellip;]<\/p>\n","protected":false},"author":1,"featured_media":28178,"comment_status":"open","ping_status":"open","sticky":false,"template":"","format":"standard","meta":{"_import_markdown_pro_load_document_selector":0,"_import_markdown_pro_submit_text_textarea":"","_genesis_hide_title":false,"_genesis_hide_breadcrumbs":false,"_genesis_hide_singular_image":false,"_genesis_hide_footer_widgets":false,"_genesis_custom_body_class":"","_genesis_custom_post_class":"","_genesis_layout":"","jetpack_post_was_ever_published":false,"_jetpack_newsletter_access":"","_jetpack_dont_email_post_to_subs":false,"_jetpack_newsletter_tier_id":0,"_jetpack_memberships_contains_paywalled_content":false,"_jetpack_memberships_contains_paid_content":false,"activitypub_content_warning":"","activitypub_content_visibility":"local","activitypub_max_image_attachments":3,"activitypub_interaction_policy_quote":"anyone","activitypub_status":"","footnotes":"","jetpack_publicize_message":"","jetpack_publicize_feature_enabled":true,"jetpack_social_post_already_shared":true,"jetpack_social_options":{"image_generator_settings":{"template":"fullscreen","default_image_id":0,"font":"","enabled":false},"version":2}},"categories":[2],"tags":[],"class_list":{"0":"post-7806","1":"post","2":"type-post","3":"status-publish","4":"format-standard","5":"has-post-thumbnail","7":"category-histoire-2","8":"entry"},"jetpack_publicize_connections":[],"featured_image_src":"https:\/\/i0.wp.com\/lyonelkaufmann.ch\/Blog\/wp-content\/uploads\/2007\/04\/maxresdefault.jpg?resize=600%2C400&ssl=1","featured_image_src_square":"https:\/\/i0.wp.com\/lyonelkaufmann.ch\/Blog\/wp-content\/uploads\/2007\/04\/maxresdefault.jpg?resize=600%2C600&ssl=1","author_info":{"display_name":"Lyonel Kaufmann","author_link":"https:\/\/lyonelkaufmann.ch\/Blog\/author\/lyonelk\/"},"jetpack_featured_media_url":"https:\/\/i0.wp.com\/lyonelkaufmann.ch\/Blog\/wp-content\/uploads\/2007\/04\/maxresdefault.jpg?fit=1280%2C720&ssl=1","jetpack_sharing_enabled":true,"jetpack_shortlink":"https:\/\/wp.me\/p1qtF4-21U","jetpack-related-posts":[{"id":6964,"url":"https:\/\/lyonelkaufmann.ch\/Blog\/2013\/04\/16\/la-revolution-francaise-en-chansons-revolution-francaise\/","url_meta":{"origin":7806,"position":0},"title":"La R\u00e9volution fran\u00e7aise en chansons | R\u00e9volution Fran\u00e7aise","author":"Lyonel Kaufmann","date":"16 avril 2013","format":false,"excerpt":"Le site R\u00e9volution fran\u00e7aise.net\u00a0a s\u00e9lectionn\u00e9 quelques exemples de chansons r\u00e9volutionnaire en ligne sur YouTube. Les chansons ont jou\u00e9 un r\u00f4le important dans la circulation des id\u00e9es et des st\u00e9r\u00e9otypes politiques pendant la R\u00e9volution fran\u00e7aise. Certaines de ces chansons sont elles-m\u00eames des \"\u00e9v\u00e9nements\" r\u00e9volutionnaires\u00a0: La \"Marseillaise\" bien s\u00fbr, mais aussi le\u2026","rel":"","context":"Dans &quot;histoire&quot;","block_context":{"text":"histoire","link":"https:\/\/lyonelkaufmann.ch\/Blog\/category\/histoire-2\/"},"img":{"alt_text":"","src":"https:\/\/i0.wp.com\/lyonelkaufmann.ch\/Blog\/wp-content\/uploads\/2015\/03\/blogcafe1.jpg?fit=1024%2C683&ssl=1&resize=350%2C200","width":350,"height":200,"srcset":"https:\/\/i0.wp.com\/lyonelkaufmann.ch\/Blog\/wp-content\/uploads\/2015\/03\/blogcafe1.jpg?fit=1024%2C683&ssl=1&resize=350%2C200 1x, https:\/\/i0.wp.com\/lyonelkaufmann.ch\/Blog\/wp-content\/uploads\/2015\/03\/blogcafe1.jpg?fit=1024%2C683&ssl=1&resize=525%2C300 1.5x, https:\/\/i0.wp.com\/lyonelkaufmann.ch\/Blog\/wp-content\/uploads\/2015\/03\/blogcafe1.jpg?fit=1024%2C683&ssl=1&resize=700%2C400 2x"},"classes":[]},{"id":4452,"url":"https:\/\/lyonelkaufmann.ch\/Blog\/2011\/02\/27\/une-revolution-tunisienne-lumieres-du-siecle\/","url_meta":{"origin":7806,"position":1},"title":"Une r\u00e9volution tunisienne | Lumi\u00e8res du Si\u00e8cle","author":"Lyonel Kaufmann","date":"27 f\u00e9vrier 2011","format":false,"excerpt":"Cette r\u00e9volution est tunisienne et non un avatar de la R\u00e9volution fran\u00e7aise. Le contexte est tr\u00e8s diff\u00e9rent: la mondialisation, le r\u00f4le de l\u2019arm\u00e9e, des femmes, des classes moyennes, les logiques postcoloniales et l\u2019ombre de l\u2019islamisme font de la R\u00e9volution tunisienne un \u00e9v\u00e8nement sans pareil, m\u00eame s\u2019il pr\u00e9sente certains m\u00e9canismes communs\u2026","rel":"","context":"Dans &quot;histoire&quot;","block_context":{"text":"histoire","link":"https:\/\/lyonelkaufmann.ch\/Blog\/category\/histoire-2\/"},"img":{"alt_text":"","src":"https:\/\/i0.wp.com\/lyonelkaufmann.ch\/Blog\/wp-content\/uploads\/2015\/03\/blogcafe1.jpg?fit=1024%2C683&ssl=1&resize=350%2C200","width":350,"height":200,"srcset":"https:\/\/i0.wp.com\/lyonelkaufmann.ch\/Blog\/wp-content\/uploads\/2015\/03\/blogcafe1.jpg?fit=1024%2C683&ssl=1&resize=350%2C200 1x, https:\/\/i0.wp.com\/lyonelkaufmann.ch\/Blog\/wp-content\/uploads\/2015\/03\/blogcafe1.jpg?fit=1024%2C683&ssl=1&resize=525%2C300 1.5x, https:\/\/i0.wp.com\/lyonelkaufmann.ch\/Blog\/wp-content\/uploads\/2015\/03\/blogcafe1.jpg?fit=1024%2C683&ssl=1&resize=700%2C400 2x"},"classes":[]},{"id":8583,"url":"https:\/\/lyonelkaufmann.ch\/Blog\/2014\/11\/30\/orlando-figes-2007-la-revolution-russe-1891-1924-la-tragedie-dun-peuple\/","url_meta":{"origin":7806,"position":2},"title":"Orlando Figes (2007). La R\u00e9volution russe. 1891-1924 : la trag\u00e9die d\u2019un peuple","author":"Lyonel Kaufmann","date":"30 novembre 2014","format":false,"excerpt":"Orlando Figes (2007).\u00a0La R\u00e9volution russe. 1891-1924 : la trag\u00e9die d\u2019un peuple.\u00a0Paris : Deno\u00ebl, 1107 pages. Pr\u00e9face de Marc Ferro.\u00a0ISBN\u00a0: 978-2-207-25839-2 Finalement, j\u2019ai men\u00e9 au bout la lecture (de longue haleine) de cet ouvrage de plus de 1000 pages paru en fran\u00e7ais en 2007, plus de 10 ans apr\u00e8s sa publication\u2026","rel":"","context":"Dans &quot;histoire&quot;","block_context":{"text":"histoire","link":"https:\/\/lyonelkaufmann.ch\/Blog\/category\/histoire-2\/"},"img":{"alt_text":"","src":"https:\/\/i0.wp.com\/lyonelkaufmann.ch\/Blog\/wp-content\/uploads\/2015\/02\/figes.gif?fit=296%2C475&ssl=1&resize=350%2C200","width":350,"height":200},"classes":[]},{"id":4444,"url":"https:\/\/lyonelkaufmann.ch\/Blog\/2011\/03\/10\/femmes-et-revolutions-owni-digital-journalism\/","url_meta":{"origin":7806,"position":3},"title":"Femmes et R\u00e9volutions | OWNI, Digital Journalism","author":"Lyonel Kaufmann","date":"10 mars 2011","format":false,"excerpt":"Certaines formes de mobilisation f\u00e9minine du \u201cprintemps arabe\u201d semblent r\u00e9v\u00e9ler des invariants intemporels. Comme les Fran\u00e7aises des journ\u00e9es d\u2019Octobre 1789, une partie des femmes du Maghreb se sont mobilis\u00e9es contre le prix du pain. Comme les patriotes am\u00e9ricaines qui rejoignaient les campements de l\u2019arm\u00e9e r\u00e9volutionnaire pendant la Guerre d\u2019Ind\u00e9pendance entre\u2026","rel":"","context":"Dans &quot;histoire&quot;","block_context":{"text":"histoire","link":"https:\/\/lyonelkaufmann.ch\/Blog\/category\/histoire-2\/"},"img":{"alt_text":"","src":"https:\/\/i0.wp.com\/lyonelkaufmann.ch\/Blog\/wp-content\/uploads\/2015\/03\/5410330220_e12e6e794a_b-e1297895592626.jpg?fit=640%2C426&ssl=1&resize=350%2C200","width":350,"height":200,"srcset":"https:\/\/i0.wp.com\/lyonelkaufmann.ch\/Blog\/wp-content\/uploads\/2015\/03\/5410330220_e12e6e794a_b-e1297895592626.jpg?fit=640%2C426&ssl=1&resize=350%2C200 1x, https:\/\/i0.wp.com\/lyonelkaufmann.ch\/Blog\/wp-content\/uploads\/2015\/03\/5410330220_e12e6e794a_b-e1297895592626.jpg?fit=640%2C426&ssl=1&resize=525%2C300 1.5x"},"classes":[]},{"id":12699,"url":"https:\/\/lyonelkaufmann.ch\/Blog\/2011\/03\/10\/femmes-et-revolutions-owni-digital-journalism-2\/","url_meta":{"origin":7806,"position":4},"title":"Femmes et R\u00e9volutions | OWNI, Digital Journalism","author":"Lyonel Kaufmann","date":"10 mars 2011","format":"aside","excerpt":"Certaines formes de mobilisation f\u00e9minine du \u201cprintemps arabe\u201d semblent r\u00e9v\u00e9ler des invariants intemporels. Comme les Fran\u00e7aises des journ\u00e9es d\u2019Octobre 1789, une partie des femmes du Maghreb se sont mobilis\u00e9es contre le prix du pain. Comme les patriotes am\u00e9ricaines qui rejoignaient les campements de l\u2019arm\u00e9e r\u00e9volutionnaire pendant la Guerre d\u2019Ind\u00e9pendance entre\u2026","rel":"","context":"Dans &quot;L'Expresso&quot;","block_context":{"text":"L'Expresso","link":"https:\/\/lyonelkaufmann.ch\/Blog\/category\/breves\/"},"img":{"alt_text":"","src":"https:\/\/i0.wp.com\/lyonelkaufmann.ch\/Blog\/wp-content\/uploads\/2015\/03\/5410330220_e12e6e794a_b-e12978955926261.jpg?fit=640%2C426&ssl=1&resize=350%2C200","width":350,"height":200,"srcset":"https:\/\/i0.wp.com\/lyonelkaufmann.ch\/Blog\/wp-content\/uploads\/2015\/03\/5410330220_e12e6e794a_b-e12978955926261.jpg?fit=640%2C426&ssl=1&resize=350%2C200 1x, https:\/\/i0.wp.com\/lyonelkaufmann.ch\/Blog\/wp-content\/uploads\/2015\/03\/5410330220_e12e6e794a_b-e12978955926261.jpg?fit=640%2C426&ssl=1&resize=525%2C300 1.5x"},"classes":[]},{"id":969,"url":"https:\/\/lyonelkaufmann.ch\/Blog\/2008\/04\/14\/lk-blogue-fait-sa-revolution\/","url_meta":{"origin":7806,"position":5},"title":"LK blogue\u2026 fait sa Revolution*","author":"Lyonel Kaufmann","date":"14 avril 2008","format":"aside","excerpt":"Brian Gardner est un \u00e9diteur de th\u00e8me pour WordPress particuli\u00e8rement brillant. Il est un des initiateurs de la \u00abmode\u00bb des th\u00e8mes dits magazines* et premiums (des th\u00e8mes de qualit\u00e9 et payants). A la fin de l'ann\u00e9e 2007, il a lanc\u00e9 sa gamme de th\u00e8me premiums intitul\u00e9 \u00abRevolution\u00bb. J'ai vite \u00e9t\u00e9\u2026","rel":"","context":"Dans &quot;TubesCaf\u00e9&quot;","block_context":{"text":"TubesCaf\u00e9","link":"https:\/\/lyonelkaufmann.ch\/Blog\/category\/tubescafe\/"},"img":{"alt_text":"","src":"https:\/\/i0.wp.com\/lyonelkaufmann.ch\/Blog\/wp-content\/uploads\/2015\/03\/037.jpg?fit=480%2C360&ssl=1&resize=350%2C200","width":350,"height":200},"classes":[]}],"jetpack_likes_enabled":true,"_links":{"self":[{"href":"https:\/\/lyonelkaufmann.ch\/Blog\/wp-json\/wp\/v2\/posts\/7806","targetHints":{"allow":["GET"]}}],"collection":[{"href":"https:\/\/lyonelkaufmann.ch\/Blog\/wp-json\/wp\/v2\/posts"}],"about":[{"href":"https:\/\/lyonelkaufmann.ch\/Blog\/wp-json\/wp\/v2\/types\/post"}],"author":[{"embeddable":true,"href":"https:\/\/lyonelkaufmann.ch\/Blog\/wp-json\/wp\/v2\/users\/1"}],"replies":[{"embeddable":true,"href":"https:\/\/lyonelkaufmann.ch\/Blog\/wp-json\/wp\/v2\/comments?post=7806"}],"version-history":[{"count":1,"href":"https:\/\/lyonelkaufmann.ch\/Blog\/wp-json\/wp\/v2\/posts\/7806\/revisions"}],"predecessor-version":[{"id":28179,"href":"https:\/\/lyonelkaufmann.ch\/Blog\/wp-json\/wp\/v2\/posts\/7806\/revisions\/28179"}],"wp:featuredmedia":[{"embeddable":true,"href":"https:\/\/lyonelkaufmann.ch\/Blog\/wp-json\/wp\/v2\/media\/28178"}],"wp:attachment":[{"href":"https:\/\/lyonelkaufmann.ch\/Blog\/wp-json\/wp\/v2\/media?parent=7806"}],"wp:term":[{"taxonomy":"category","embeddable":true,"href":"https:\/\/lyonelkaufmann.ch\/Blog\/wp-json\/wp\/v2\/categories?post=7806"},{"taxonomy":"post_tag","embeddable":true,"href":"https:\/\/lyonelkaufmann.ch\/Blog\/wp-json\/wp\/v2\/tags?post=7806"}],"curies":[{"name":"wp","href":"https:\/\/api.w.org\/{rel}","templated":true}]}}