{"id":7819,"date":"2007-06-13T12:16:28","date_gmt":"2007-06-13T10:16:28","guid":{"rendered":"http:\/\/lyonelkaufmann.ch\/histoire\/2007\/06\/13\/la-revolution-vaudoise-revue-et-corrigee-2\/"},"modified":"2007-06-13T12:16:28","modified_gmt":"2007-06-13T10:16:28","slug":"la-revolution-vaudoise-revue-et-corrigee-2","status":"publish","type":"post","link":"https:\/\/lyonelkaufmann.ch\/Blog\/2007\/06\/13\/la-revolution-vaudoise-revue-et-corrigee-2\/","title":{"rendered":"La R\u00e9volution vaudoise revue et corrig\u00e9e"},"content":{"rendered":"<div align=\"center\"><img data-recalc-dims=\"1\" decoding=\"async\" src=\"https:\/\/i0.wp.com\/lyonelkaufmann.ch\/histoire\/wp-content\/uploads\/2007\/06\/image_2.jpg\" alt=\"\" \/><br \/>\nImage de couverture de l&rsquo;ouvrage : Montage \u00e0 partir d\u2019imageries r\u00e9volutionnaires:<br \/>\nEau-forte, de B.-A. Dunker (1746-1807), et sceau de l\u2019Assembl\u00e9e provisoire de 1798.<\/div>\n<\/p>\n<div align=\"justify\">Envahi ou lib\u00e9r\u00e9, par les Fran\u00e7ais en 1798, le Pays de Vaud devint le canton du L\u00e9man de la R\u00e9publique helv\u00e9tique. Apr\u00e8s l\u2019Acte de m\u00e9diation (1803), il devint un canton suisse \u00e0 part enti\u00e8re.<br \/>\nPour l&rsquo;histoire officielle et l&rsquo;imagerie scolaire, l\u2019ordre politique induit par la R\u00e9volution vaudoise fut instaur\u00e9 sans les ruptures spectaculaires et violentes de la fran\u00e7aise qui l\u2019inspira.<br \/>\nDeux \u00e9tudiants en lettres de l\u2019UNIL, Rapha\u00ebl Rosa et Matthias Bolens, viennent de publier en un volume leurs travaux respectifs sur les artisans principaux de ce nouveau syst\u00e8me r\u00e9publicain.<br \/>\nDans <i>Les repr\u00e9sentations identitaires vaudoises sous l\u2019Helv\u00e9tique<\/i>, Matthias Bolens centre son travail sur la refonte de l&rsquo;identit\u00e9 vaudoise par l&rsquo;\u00e9lite bourgeoise. Soucieux de temp\u00e9rer la d\u00e9mocratie, ils d\u00e9veloppent des mythes identitaires (les Alpes, Tell, Davel, etc.) afin d\u2019ins\u00e9rer leur R\u00e9volution <i>\u00abdans le cours normal de l\u2019histoire et du progr\u00e8s\u00bb<\/i>. L&rsquo;imagerie et les chants r\u00e9volutionnaires sont \u00e9galement adapt\u00e9s tels la Carmagnole, la Marseillaise. Tout ceci fonde un patriotisme cantonal.<br \/>\nPour sa part, l&rsquo;\u00e9tude de Rapha\u00ebl Rosa (<i>Populace ou peuple souverain?<\/i>) met en \u00e9vidence la mani\u00e8re dont l&rsquo;oligarchie bernoise est remplac\u00e9e par une \u00e9lite locale de notables qui occupaient d\u00e9j\u00e0 des fonction sous l&rsquo;\u00e9gide bernoise et qui ne souhaitaient nullement une remise en cause de l&rsquo;orde social existant. En effet, s\u2019ils ont oeuvr\u00e9 \u00e0 l\u2019abolition des droits f\u00e9odaux, ils \u00e9taient, dit Rapha\u00ebl Rosa, <i>\u00abissus de la bourgeoise urbaine, de l\u2019artisanat et du n\u00e9goce\u00bb<\/i>, mais leur id\u00e9al d\u2019\u00e9galit\u00e9 et de libert\u00e9 ne les poussa pas, par exemple \u00e0 redistribuer les richesses notamment, comme ce fut le cas outre-Jura, d\u00e8s ao\u00fbt 1792.<br \/>\nEt leur t\u00e2che en fut facilit\u00e9e, car les moins nantis des Vaudois ne criaient pas famine.<\/p>\n<p>Rapha\u00ebl Rosa (<i>Populace ou peuple souverain?<\/i>) et Matthias Bolens (<i>Les repr\u00e9sentations identitaires vaudoises sous l\u2019Helv\u00e9tique<\/i>). Biblioth\u00e8que historique vaudoise, 2007, 320 p.<\/div>\n","protected":false},"excerpt":{"rendered":"<p>Image de couverture de l&rsquo;ouvrage : Montage \u00e0 partir d\u2019imageries r\u00e9volutionnaires: Eau-forte, de B.-A. Dunker (1746-1807), et sceau de l\u2019Assembl\u00e9e provisoire de 1798. Envahi ou lib\u00e9r\u00e9, par les Fran\u00e7ais en 1798, le Pays de Vaud devint le canton du L\u00e9man de la R\u00e9publique helv\u00e9tique. Apr\u00e8s l\u2019Acte de m\u00e9diation (1803), il devint un canton suisse \u00e0 [&hellip;]<\/p>\n","protected":false},"author":1,"featured_media":8381,"comment_status":"open","ping_status":"open","sticky":false,"template":"","format":"standard","meta":{"_import_markdown_pro_load_document_selector":0,"_import_markdown_pro_submit_text_textarea":"","_genesis_hide_title":false,"_genesis_hide_breadcrumbs":false,"_genesis_hide_singular_image":false,"_genesis_hide_footer_widgets":false,"_genesis_custom_body_class":"","_genesis_custom_post_class":"","_genesis_layout":"","jetpack_post_was_ever_published":false,"_jetpack_newsletter_access":"","_jetpack_dont_email_post_to_subs":false,"_jetpack_newsletter_tier_id":0,"_jetpack_memberships_contains_paywalled_content":false,"_jetpack_memberships_contains_paid_content":false,"activitypub_content_warning":"","activitypub_content_visibility":"","activitypub_max_image_attachments":3,"activitypub_interaction_policy_quote":"anyone","activitypub_status":"","footnotes":"","jetpack_publicize_message":"","jetpack_publicize_feature_enabled":true,"jetpack_social_post_already_shared":true,"jetpack_social_options":{"image_generator_settings":{"template":"fullscreen","default_image_id":0,"font":"","enabled":false},"version":2}},"categories":[2],"tags":[],"class_list":{"0":"post-7819","1":"post","2":"type-post","3":"status-publish","4":"format-standard","5":"has-post-thumbnail","7":"category-histoire-2","8":"entry"},"jetpack_publicize_connections":[],"featured_image_src":null,"featured_image_src_square":null,"author_info":{"display_name":"Lyonel Kaufmann","author_link":"https:\/\/lyonelkaufmann.ch\/Blog\/author\/lyonelk\/"},"jetpack_featured_media_url":"","jetpack_sharing_enabled":true,"jetpack_shortlink":"https:\/\/wp.me\/p1qtF4-227","jetpack-related-posts":[{"id":17951,"url":"https:\/\/lyonelkaufmann.ch\/Blog\/2017\/01\/15\/14-janvier-le-triomphe-des-militant-e-s-socialistes-vaudois\/","url_meta":{"origin":7819,"position":0},"title":"14 janvier &#8211; Le triomphe des militant-e-s socialistes vaudois","author":"Lyonel Kaufmann","date":"15 janvier 2017","format":false,"excerpt":"Quel beau samedi apr\u00e8s-midi \u00e0 Clarens ! Cesla Amarelle a \u00e9t\u00e9 d\u00e9sign\u00e9e au premier tour et \u00e0 58% des voix par les d\u00e9l\u00e9gu\u00e9s du Congr\u00e8s du Parti socialiste vaudois. Je n'avais jamais assist\u00e9 \u00e0 un Congr\u00e8s d'une telle ampleur sur sol vaudois avec ses presque 500 d\u00e9l\u00e9gu\u00e9s et \u00e0 une\u2026","rel":"","context":"Dans &quot;Diary&quot;","block_context":{"text":"Diary","link":"https:\/\/lyonelkaufmann.ch\/Blog\/category\/diary\/"},"img":{"alt_text":"","src":"https:\/\/i0.wp.com\/lyonelkaufmann.ch\/Blog\/wp-content\/uploads\/2017\/01\/Image-15.01.17-09-03.jpeg?fit=1152%2C768&ssl=1&resize=350%2C200","width":350,"height":200,"srcset":"https:\/\/i0.wp.com\/lyonelkaufmann.ch\/Blog\/wp-content\/uploads\/2017\/01\/Image-15.01.17-09-03.jpeg?fit=1152%2C768&ssl=1&resize=350%2C200 1x, https:\/\/i0.wp.com\/lyonelkaufmann.ch\/Blog\/wp-content\/uploads\/2017\/01\/Image-15.01.17-09-03.jpeg?fit=1152%2C768&ssl=1&resize=525%2C300 1.5x, https:\/\/i0.wp.com\/lyonelkaufmann.ch\/Blog\/wp-content\/uploads\/2017\/01\/Image-15.01.17-09-03.jpeg?fit=1152%2C768&ssl=1&resize=700%2C400 2x, https:\/\/i0.wp.com\/lyonelkaufmann.ch\/Blog\/wp-content\/uploads\/2017\/01\/Image-15.01.17-09-03.jpeg?fit=1152%2C768&ssl=1&resize=1050%2C600 3x"},"classes":[]},{"id":3403,"url":"https:\/\/lyonelkaufmann.ch\/Blog\/2011\/01\/13\/quelle-place-la-rome-antique-doit-elle-avoir-a-lecole-vaudoise\/","url_meta":{"origin":7819,"position":1},"title":"Quelle place la Rome antique doit-elle avoir \u00e0 l\u2019\u00e9cole (vaudoise) ?","author":"Lyonel Kaufmann","date":"13 janvier 2011","format":false,"excerpt":"Juste avant les f\u00eates de fin d\u2019ann\u00e9e, j\u2019ai re\u00e7u par mail la question d\u2019un enseignant concernant la place de l\u2019enseignement de Rome dans l\u2019enseignement vaudois. Ceci au m\u00eame moment o\u00f9 en France une pol\u00e9mique a \u00e9t\u00e9 lanc\u00e9e par la revue Historia sur la disparition de l\u2019enseignement de l\u2019Egypte antique pour\u2026","rel":"","context":"Dans &quot;histoire&quot;","block_context":{"text":"histoire","link":"https:\/\/lyonelkaufmann.ch\/Blog\/category\/histoire-2\/"},"img":{"alt_text":"","src":"https:\/\/i0.wp.com\/lyonelkaufmann.ch\/Blog\/wp-content\/uploads\/2015\/03\/blogcafe1.jpg?fit=1024%2C683&ssl=1&resize=350%2C200","width":350,"height":200,"srcset":"https:\/\/i0.wp.com\/lyonelkaufmann.ch\/Blog\/wp-content\/uploads\/2015\/03\/blogcafe1.jpg?fit=1024%2C683&ssl=1&resize=350%2C200 1x, https:\/\/i0.wp.com\/lyonelkaufmann.ch\/Blog\/wp-content\/uploads\/2015\/03\/blogcafe1.jpg?fit=1024%2C683&ssl=1&resize=525%2C300 1.5x, https:\/\/i0.wp.com\/lyonelkaufmann.ch\/Blog\/wp-content\/uploads\/2015\/03\/blogcafe1.jpg?fit=1024%2C683&ssl=1&resize=700%2C400 2x"},"classes":[]},{"id":18520,"url":"https:\/\/lyonelkaufmann.ch\/Blog\/2017\/09\/22\/la-riviera-vaudoise-et-le-lavaux-depuis-caux\/","url_meta":{"origin":7819,"position":2},"title":"La Riviera vaudoise et le Lavaux depuis Caux","author":"Lyonel Kaufmann","date":"22 septembre 2017","format":false,"excerpt":"Petit moment magique ce dernier mercredi midi depuis Caux et la terrasse du restaurant Le Coucou.","rel":"","context":"Dans &quot;Photo du jour&quot;","block_context":{"text":"Photo du jour","link":"https:\/\/lyonelkaufmann.ch\/Blog\/category\/photo-du-jour\/"},"img":{"alt_text":"","src":"https:\/\/i0.wp.com\/lyonelkaufmann.ch\/Blog\/wp-content\/uploads\/2017\/09\/Caux-Riviera-vaudoise-Lavaux.jpeg?fit=1200%2C798&ssl=1&resize=350%2C200","width":350,"height":200,"srcset":"https:\/\/i0.wp.com\/lyonelkaufmann.ch\/Blog\/wp-content\/uploads\/2017\/09\/Caux-Riviera-vaudoise-Lavaux.jpeg?fit=1200%2C798&ssl=1&resize=350%2C200 1x, https:\/\/i0.wp.com\/lyonelkaufmann.ch\/Blog\/wp-content\/uploads\/2017\/09\/Caux-Riviera-vaudoise-Lavaux.jpeg?fit=1200%2C798&ssl=1&resize=525%2C300 1.5x, https:\/\/i0.wp.com\/lyonelkaufmann.ch\/Blog\/wp-content\/uploads\/2017\/09\/Caux-Riviera-vaudoise-Lavaux.jpeg?fit=1200%2C798&ssl=1&resize=700%2C400 2x, https:\/\/i0.wp.com\/lyonelkaufmann.ch\/Blog\/wp-content\/uploads\/2017\/09\/Caux-Riviera-vaudoise-Lavaux.jpeg?fit=1200%2C798&ssl=1&resize=1050%2C600 3x"},"classes":[]},{"id":7891,"url":"https:\/\/lyonelkaufmann.ch\/Blog\/2013\/12\/24\/le-role-du-manuel-dans-la-lecon-dhistoire-a-lecole-primaire-1870-1969\/","url_meta":{"origin":7819,"position":3},"title":"Le r\u00f4le du manuel dans la le\u00e7on d\u2019histoire \u00e0 l\u2019\u00e9cole primaire (1870-1969)","author":"Lyonel Kaufmann","date":"24 d\u00e9cembre 2013","format":false,"excerpt":"Le r\u00f4le du manuel dans la le\u00e7on d\u2019histoire \u00e0 l\u2019\u00e9cole primaire (1870-1969) De 1870 \u00e0 1970, un mod\u00e8le de le\u00e7on d\u2019histoire s\u2019impose \u00e0 l\u2019\u00e9cole primaire. Prenant appui sur le r\u00e9cit du ma\u00eetre, \u00e0 finalit\u00e9 civique et morale, le mod\u00e8le de le\u00e7on d\u2019histoire mis au point \u00e0 partir des ann\u00e9es 1880\u2026","rel":"","context":"Dans &quot;histoire&quot;","block_context":{"text":"histoire","link":"https:\/\/lyonelkaufmann.ch\/Blog\/category\/histoire-2\/"},"img":{"alt_text":"","src":"https:\/\/i0.wp.com\/lyonelkaufmann.ch\/Blog\/wp-content\/uploads\/2015\/03\/blogcafe1.jpg?fit=1024%2C683&ssl=1&resize=350%2C200","width":350,"height":200,"srcset":"https:\/\/i0.wp.com\/lyonelkaufmann.ch\/Blog\/wp-content\/uploads\/2015\/03\/blogcafe1.jpg?fit=1024%2C683&ssl=1&resize=350%2C200 1x, https:\/\/i0.wp.com\/lyonelkaufmann.ch\/Blog\/wp-content\/uploads\/2015\/03\/blogcafe1.jpg?fit=1024%2C683&ssl=1&resize=525%2C300 1.5x, https:\/\/i0.wp.com\/lyonelkaufmann.ch\/Blog\/wp-content\/uploads\/2015\/03\/blogcafe1.jpg?fit=1024%2C683&ssl=1&resize=700%2C400 2x"},"classes":[]},{"id":17071,"url":"https:\/\/lyonelkaufmann.ch\/Blog\/2016\/07\/20\/mardi-19-juillet-en-bord-de-mer-roadtrip-irlande-2016\/","url_meta":{"origin":7819,"position":4},"title":"Mardi 19 juillet : En bord de mer #Roadtrip #Irlande 2016","author":"Lyonel Kaufmann","date":"20 juillet 2016","format":false,"excerpt":"Apr\u00e8s un d\u00e9jeuner irlandais aussi copieux qu'un d\u00e9jeuner norv\u00e9gien, nous reprenons l'ancienne route c\u00f4ti\u00e8re reliant Dublin \u00e0 Wexford. Cette route a le charme d\u00e9suet des vacances du temps jadis. En m\u00eame temps, il fait beau et nous fl\u00e2nons. A Brittas Bay, il nous para\u00eet opportun d'aller \u00e0 la rencontre de\u2026","rel":"","context":"Dans &quot;Diary&quot;","block_context":{"text":"Diary","link":"https:\/\/lyonelkaufmann.ch\/Blog\/category\/diary\/"},"img":{"alt_text":"","src":"https:\/\/i0.wp.com\/lyonelkaufmann.ch\/Blog\/wp-content\/uploads\/2016\/07\/image-61.jpeg?fit=1200%2C797&ssl=1&resize=350%2C200","width":350,"height":200,"srcset":"https:\/\/i0.wp.com\/lyonelkaufmann.ch\/Blog\/wp-content\/uploads\/2016\/07\/image-61.jpeg?fit=1200%2C797&ssl=1&resize=350%2C200 1x, https:\/\/i0.wp.com\/lyonelkaufmann.ch\/Blog\/wp-content\/uploads\/2016\/07\/image-61.jpeg?fit=1200%2C797&ssl=1&resize=525%2C300 1.5x, https:\/\/i0.wp.com\/lyonelkaufmann.ch\/Blog\/wp-content\/uploads\/2016\/07\/image-61.jpeg?fit=1200%2C797&ssl=1&resize=700%2C400 2x, https:\/\/i0.wp.com\/lyonelkaufmann.ch\/Blog\/wp-content\/uploads\/2016\/07\/image-61.jpeg?fit=1200%2C797&ssl=1&resize=1050%2C600 3x"},"classes":[]},{"id":19144,"url":"https:\/\/lyonelkaufmann.ch\/Blog\/2018\/04\/05\/suisse-revolutionnaire-chateau-fraubrunnen-1798\/","url_meta":{"origin":7819,"position":5},"title":"#suisse #r\u00e9volutionnaire #chateau #fraubrunnen #1798","author":"Lyonel Kaufmann","date":"5 avril 2018","format":false,"excerpt":"from Instagram: https:\/\/ift.tt\/2q8LPfX","rel":"","context":"Dans &quot;Blogcaf\u00e9&quot;","block_context":{"text":"Blogcaf\u00e9","link":"https:\/\/lyonelkaufmann.ch\/Blog\/category\/blogcafe-2\/"},"img":{"alt_text":"","src":"","width":0,"height":0},"classes":[]}],"jetpack_likes_enabled":true,"_links":{"self":[{"href":"https:\/\/lyonelkaufmann.ch\/Blog\/wp-json\/wp\/v2\/posts\/7819","targetHints":{"allow":["GET"]}}],"collection":[{"href":"https:\/\/lyonelkaufmann.ch\/Blog\/wp-json\/wp\/v2\/posts"}],"about":[{"href":"https:\/\/lyonelkaufmann.ch\/Blog\/wp-json\/wp\/v2\/types\/post"}],"author":[{"embeddable":true,"href":"https:\/\/lyonelkaufmann.ch\/Blog\/wp-json\/wp\/v2\/users\/1"}],"replies":[{"embeddable":true,"href":"https:\/\/lyonelkaufmann.ch\/Blog\/wp-json\/wp\/v2\/comments?post=7819"}],"version-history":[{"count":0,"href":"https:\/\/lyonelkaufmann.ch\/Blog\/wp-json\/wp\/v2\/posts\/7819\/revisions"}],"wp:featuredmedia":[{"embeddable":true,"href":"https:\/\/lyonelkaufmann.ch\/Blog\/wp-json\/"}],"wp:attachment":[{"href":"https:\/\/lyonelkaufmann.ch\/Blog\/wp-json\/wp\/v2\/media?parent=7819"}],"wp:term":[{"taxonomy":"category","embeddable":true,"href":"https:\/\/lyonelkaufmann.ch\/Blog\/wp-json\/wp\/v2\/categories?post=7819"},{"taxonomy":"post_tag","embeddable":true,"href":"https:\/\/lyonelkaufmann.ch\/Blog\/wp-json\/wp\/v2\/tags?post=7819"}],"curies":[{"name":"wp","href":"https:\/\/api.w.org\/{rel}","templated":true}]}}