{"id":7829,"date":"2007-08-02T07:34:30","date_gmt":"2007-08-02T06:34:30","guid":{"rendered":"http:\/\/lyonelkaufmann.ch\/histoire\/2007\/08\/02\/nabusons-pas-du-mot-croisade-jean-flori\/"},"modified":"2007-08-02T07:34:30","modified_gmt":"2007-08-02T06:34:30","slug":"nabusons-pas-du-mot-croisade-jean-flori","status":"publish","type":"post","link":"https:\/\/lyonelkaufmann.ch\/Blog\/2007\/08\/02\/nabusons-pas-du-mot-croisade-jean-flori\/","title":{"rendered":"N&rsquo;abusons pas du mot croisade ! (Jean Flori)"},"content":{"rendered":"<div align=\"justify\">Jean Flori, historien m&eacute;di&eacute;viste, a &eacute;t&eacute; interrog&eacute; par le journal<i> Le Monde<\/i> relativement au ph&eacute;nom&egrave;ne des Croisades.<br \/>\nExtrait choisi:<\/p>\n<blockquote>\n<div align=\"justify\"><i>N&rsquo;abusons pas du mot croisade ! Il faut le r&eacute;server au ph&eacute;nom&egrave;ne historique pr&eacute;cis qui a eu lieu dans un cadre g&eacute;opolitique et religieux bien caract&eacute;ris&eacute; : une guerre consid&eacute;r&eacute;e comme sainte, men&eacute;e par la chr&eacute;tient&eacute; latine pour la d&eacute;livrance des Lieux saints &agrave; J&eacute;rusalem. La confiscation du terme &agrave; des fins id&eacute;ologiques, politiques ou militaires est dangereuse, car elle suscite des amalgames dans des m&eacute;moires collectives d&rsquo;une tr&egrave;s grande susceptibilit&eacute;.<\/i><\/div>\n<\/blockquote>\n<p>Pour lire l&rsquo;article entier : <a href=\"http:\/\/www.lemonde.fr\/web\/article\/0,1-0,36-940685,0.html\">N&rsquo;abusons pas du mot Croisade<\/a> (01.08.2007)<\/p>\n<p>\n<!-- Technorati Tags Start -->Technorati Tags: <a href=\"http:\/\/technorati.com\/tag\/Croisades\" rel=\"tag\">Croisades<\/a><!-- Technorati Tags End --><\/p>\n<\/div>\n","protected":false},"excerpt":{"rendered":"<p>Jean Flori, historien m&eacute;di&eacute;viste, a &eacute;t&eacute; interrog&eacute; par le journal Le Monde relativement au ph&eacute;nom&egrave;ne des Croisades. Extrait choisi: N&rsquo;abusons pas du mot croisade ! Il faut le r&eacute;server au ph&eacute;nom&egrave;ne historique pr&eacute;cis qui a eu lieu dans un cadre g&eacute;opolitique et religieux bien caract&eacute;ris&eacute; : une guerre consid&eacute;r&eacute;e comme sainte, men&eacute;e par la chr&eacute;tient&eacute; [&hellip;]<\/p>\n","protected":false},"author":1,"featured_media":14680,"comment_status":"open","ping_status":"open","sticky":false,"template":"","format":"standard","meta":{"_import_markdown_pro_load_document_selector":0,"_import_markdown_pro_submit_text_textarea":"","_genesis_hide_title":false,"_genesis_hide_breadcrumbs":false,"_genesis_hide_singular_image":false,"_genesis_hide_footer_widgets":false,"_genesis_custom_body_class":"","_genesis_custom_post_class":"","_genesis_layout":"","jetpack_post_was_ever_published":false,"_jetpack_newsletter_access":"","_jetpack_dont_email_post_to_subs":false,"_jetpack_newsletter_tier_id":0,"_jetpack_memberships_contains_paywalled_content":false,"_jetpack_memberships_contains_paid_content":false,"activitypub_content_warning":"","activitypub_content_visibility":"","activitypub_max_image_attachments":3,"activitypub_interaction_policy_quote":"anyone","activitypub_status":"","footnotes":"","jetpack_publicize_message":"","jetpack_publicize_feature_enabled":true,"jetpack_social_post_already_shared":true,"jetpack_social_options":{"image_generator_settings":{"template":"fullscreen","default_image_id":0,"font":"","enabled":false},"version":2}},"categories":[2],"tags":[],"class_list":{"0":"post-7829","1":"post","2":"type-post","3":"status-publish","4":"format-standard","5":"has-post-thumbnail","7":"category-histoire-2","8":"entry"},"jetpack_publicize_connections":[],"featured_image_src":"https:\/\/i0.wp.com\/lyonelkaufmann.ch\/Blog\/wp-content\/uploads\/2015\/03\/blogcafe1.jpg?resize=600%2C400&ssl=1","featured_image_src_square":"https:\/\/i0.wp.com\/lyonelkaufmann.ch\/Blog\/wp-content\/uploads\/2015\/03\/blogcafe1.jpg?resize=600%2C600&ssl=1","author_info":{"display_name":"Lyonel Kaufmann","author_link":"https:\/\/lyonelkaufmann.ch\/Blog\/author\/lyonelk\/"},"jetpack_featured_media_url":"https:\/\/i0.wp.com\/lyonelkaufmann.ch\/Blog\/wp-content\/uploads\/2015\/03\/blogcafe1.jpg?fit=1024%2C683&ssl=1","jetpack_sharing_enabled":true,"jetpack_shortlink":"https:\/\/wp.me\/p1qtF4-22h","jetpack-related-posts":[{"id":19052,"url":"https:\/\/lyonelkaufmann.ch\/Blog\/2018\/03\/25\/nota-bene-le-youtubeur-qui-raconte-lhistoire-grace-a-la-pop-culture\/","url_meta":{"origin":7829,"position":0},"title":"\u201cNota Bene\u201d, le Youtubeur qui raconte l&rsquo;histoire gr\u00e2ce \u00e0 la pop culture","author":"Lyonel Kaufmann","date":"25 mars 2018","format":false,"excerpt":"Les croisades, la R\u00e9volution fran\u00e7aise ou l\u2019Egypte antique dans Assassin\u2019s Creed , les deux guerres mondiales dans Battlefield ou Call Of Duty , ou les jeux de gestion type Age of Empire ou Civilization qui ont pour but de faire \u00e9voluer un peuple sur plusieurs p\u00e9riodes historiques : si elle\u2026","rel":"","context":"Dans &quot;Blogcaf\u00e9&quot;","block_context":{"text":"Blogcaf\u00e9","link":"https:\/\/lyonelkaufmann.ch\/Blog\/category\/blogcafe-2\/"},"img":{"alt_text":"","src":"https:\/\/i0.wp.com\/lyonelkaufmann.ch\/Blog\/wp-content\/uploads\/2018\/03\/705F3974-9412-4737-B037-0E1BA809555C.jpeg?fit=1200%2C600&ssl=1&resize=350%2C200","width":350,"height":200,"srcset":"https:\/\/i0.wp.com\/lyonelkaufmann.ch\/Blog\/wp-content\/uploads\/2018\/03\/705F3974-9412-4737-B037-0E1BA809555C.jpeg?fit=1200%2C600&ssl=1&resize=350%2C200 1x, https:\/\/i0.wp.com\/lyonelkaufmann.ch\/Blog\/wp-content\/uploads\/2018\/03\/705F3974-9412-4737-B037-0E1BA809555C.jpeg?fit=1200%2C600&ssl=1&resize=525%2C300 1.5x, https:\/\/i0.wp.com\/lyonelkaufmann.ch\/Blog\/wp-content\/uploads\/2018\/03\/705F3974-9412-4737-B037-0E1BA809555C.jpeg?fit=1200%2C600&ssl=1&resize=700%2C400 2x, https:\/\/i0.wp.com\/lyonelkaufmann.ch\/Blog\/wp-content\/uploads\/2018\/03\/705F3974-9412-4737-B037-0E1BA809555C.jpeg?fit=1200%2C600&ssl=1&resize=1050%2C600 3x"},"classes":[]},{"id":20536,"url":"https:\/\/lyonelkaufmann.ch\/Blog\/2019\/12\/03\/on-ne-sauvera-pas-le-web-en-dinant-avec-ses-assassins\/","url_meta":{"origin":7829,"position":1},"title":"On ne sauvera pas le Web en\u00a0d\u00eenant avec ses assassins","author":"Lyonel Kaufmann","date":"3 d\u00e9cembre 2019","format":false,"excerpt":"Tribune. La derni\u00e8re croisade de Tim Berners-Lee pour sauver le Web laisse un go\u00fbt amer.Celui qui fut le premier \u00e0 d\u00e9noncer clairement l'emprise et la menace de ceux qu'il appelait \u00ables Jardins ferm\u00e9s\u00bb entend aujourd'hui leur proposer un \u00abcontrat\u00bb. Contrat qui r\u00e9unirait aussi gouvernements et citoyens. Contrat suffisamment vague pour\u2026","rel":"","context":"Dans &quot;Blogcaf\u00e9&quot;","block_context":{"text":"Blogcaf\u00e9","link":"https:\/\/lyonelkaufmann.ch\/Blog\/category\/blogcafe-2\/"},"img":{"alt_text":"","src":"https:\/\/i0.wp.com\/lyonelkaufmann.ch\/Blog\/wp-content\/uploads\/2019\/12\/DraggedImage.png?fit=510%2C340&ssl=1&resize=350%2C200","width":350,"height":200},"classes":[]},{"id":1684,"url":"https:\/\/lyonelkaufmann.ch\/Blog\/2009\/12\/13\/lhistoire-telle-quon-lenseigne-merite-t-elle-detre-sauvee-rue89\/","url_meta":{"origin":7829,"position":2},"title":"L&rsquo;histoire telle qu&rsquo;on l&rsquo;enseigne m\u00e9rite-t-elle d&rsquo;\u00eatre \u00absauv\u00e9e\u00bb ? |\u00a0Rue89","author":"Lyonel Kaufmann","date":"13 d\u00e9cembre 2009","format":false,"excerpt":"Lorsque Pierre Milza d\u00e9nonce \u00ab\u00a0une r\u00e9gression formidable qui pourrait concourir \u00e0 une amn\u00e9sie g\u00e9n\u00e9rale\u00a0\u00bb, il escamote le fait -d\u00e9faut regrettable mais assez courant dans la corporation des historiens- que l'histoire scolaire, lorsqu'elle faisait silence sur la colonisation ou la collaboration, sur les croisades ou sur tout autre th\u00e8me qui mettait\u2026","rel":"","context":"Dans &quot;histoire&quot;","block_context":{"text":"histoire","link":"https:\/\/lyonelkaufmann.ch\/Blog\/category\/histoire-2\/"},"img":{"alt_text":"","src":"https:\/\/i0.wp.com\/lyonelkaufmann.ch\/Blog\/wp-content\/uploads\/2015\/03\/blogcafe1.jpg?fit=1024%2C683&ssl=1&resize=350%2C200","width":350,"height":200,"srcset":"https:\/\/i0.wp.com\/lyonelkaufmann.ch\/Blog\/wp-content\/uploads\/2015\/03\/blogcafe1.jpg?fit=1024%2C683&ssl=1&resize=350%2C200 1x, https:\/\/i0.wp.com\/lyonelkaufmann.ch\/Blog\/wp-content\/uploads\/2015\/03\/blogcafe1.jpg?fit=1024%2C683&ssl=1&resize=525%2C300 1.5x, https:\/\/i0.wp.com\/lyonelkaufmann.ch\/Blog\/wp-content\/uploads\/2015\/03\/blogcafe1.jpg?fit=1024%2C683&ssl=1&resize=700%2C400 2x"},"classes":[]},{"id":7843,"url":"https:\/\/lyonelkaufmann.ch\/Blog\/2007\/09\/14\/lespace-pdagogique-du-crid-14-18\/","url_meta":{"origin":7829,"position":3},"title":"L&rsquo;espace p\u00e9dagogique du CRID (14-18)","author":"Lyonel Kaufmann","date":"14 septembre 2007","format":false,"excerpt":"Le CRID 14-18 (Collectif de Recherche International et de D\u00e9bat sur la Guerre de 1914-1918) est un collectif d\u2019historiens et d\u2019enseignants, n\u00e9 en \u00abr\u00e9action\u00bb aux historiens r\u00e9unis sous l\u2019Historial de la Grande Guerre. Ce qui les oppose? Leur interpr\u00e9tation de la culture de guerre et de la brutalisation des soci\u00e9t\u00e9s\u2026","rel":"","context":"Dans &quot;histoire&quot;","block_context":{"text":"histoire","link":"https:\/\/lyonelkaufmann.ch\/Blog\/category\/histoire-2\/"},"img":{"alt_text":"","src":"https:\/\/i0.wp.com\/lyonelkaufmann.ch\/Blog\/wp-content\/uploads\/2015\/03\/blogcafe1.jpg?fit=1024%2C683&ssl=1&resize=350%2C200","width":350,"height":200,"srcset":"https:\/\/i0.wp.com\/lyonelkaufmann.ch\/Blog\/wp-content\/uploads\/2015\/03\/blogcafe1.jpg?fit=1024%2C683&ssl=1&resize=350%2C200 1x, https:\/\/i0.wp.com\/lyonelkaufmann.ch\/Blog\/wp-content\/uploads\/2015\/03\/blogcafe1.jpg?fit=1024%2C683&ssl=1&resize=525%2C300 1.5x, https:\/\/i0.wp.com\/lyonelkaufmann.ch\/Blog\/wp-content\/uploads\/2015\/03\/blogcafe1.jpg?fit=1024%2C683&ssl=1&resize=700%2C400 2x"},"classes":[]},{"id":10044,"url":"https:\/\/lyonelkaufmann.ch\/Blog\/2013\/07\/17\/lac-saint-jean-quebec-2013\/","url_meta":{"origin":7829,"position":4},"title":"Lac Saint-Jean | Qu\u00e9bec 2013","author":"Lyonel Kaufmann","date":"17 juillet 2013","format":"gallery","excerpt":"Il n'\u00e9tait pas dans notre id\u00e9e de venir au Qu\u00e9bec dans l'optique d'un voyage baln\u00e9aire. Pourtant, en fonction des temp\u00e9rature estivales et des douces plages de sable fin du Lac Saint-Jean, nous avons pu profiter \u00e0 la Pointe-Taillon d'un moment de plage et de baignade apr\u00e8s une heure de kayak.\u2026","rel":"","context":"Dans &quot;Roadbook&quot;","block_context":{"text":"Roadbook","link":"https:\/\/lyonelkaufmann.ch\/Blog\/category\/roadbook\/"},"img":{"alt_text":"","src":"https:\/\/i0.wp.com\/lyonelkaufmann.ch\/Blog\/wp-content\/uploads\/2015\/03\/20130717-092615.jpg?fit=801%2C451&ssl=1&resize=350%2C200","width":350,"height":200,"srcset":"https:\/\/i0.wp.com\/lyonelkaufmann.ch\/Blog\/wp-content\/uploads\/2015\/03\/20130717-092615.jpg?fit=801%2C451&ssl=1&resize=350%2C200 1x, https:\/\/i0.wp.com\/lyonelkaufmann.ch\/Blog\/wp-content\/uploads\/2015\/03\/20130717-092615.jpg?fit=801%2C451&ssl=1&resize=525%2C300 1.5x, https:\/\/i0.wp.com\/lyonelkaufmann.ch\/Blog\/wp-content\/uploads\/2015\/03\/20130717-092615.jpg?fit=801%2C451&ssl=1&resize=700%2C400 2x"},"classes":[]},{"id":20337,"url":"https:\/\/lyonelkaufmann.ch\/Blog\/2019\/09\/28\/education-nationale-quand-le-travail-pousse-au-suicide-france-culture\/","url_meta":{"origin":7829,"position":5},"title":"Education nationale : quand le travail pousse au suicide | France Culture","author":"Lyonel Kaufmann","date":"28 septembre 2019","format":false,"excerpt":"\u00c0 58 ans, la directrice de l\u2019\u00e9cole maternelle M\u00e9hul, \u00e0 Pantin (Seine-Saint-Denis), a mis fin \u00e0 ses jours lundi 23 septembre. Son corps a \u00e9t\u00e9 retrouv\u00e9 avant l\u2019arriv\u00e9e des enfants, dans la grande nef de cette \u00e9cole. Avant sa mort, Christine Renon avait envoy\u00e9 \u00e0 son inspecteur d\u2019acad\u00e9mie et \u00e0\u2026","rel":"","context":"Dans &quot;Blogcaf\u00e9&quot;","block_context":{"text":"Blogcaf\u00e9","link":"https:\/\/lyonelkaufmann.ch\/Blog\/category\/blogcafe-2\/"},"img":{"alt_text":"","src":"","width":0,"height":0},"classes":[]}],"jetpack_likes_enabled":true,"_links":{"self":[{"href":"https:\/\/lyonelkaufmann.ch\/Blog\/wp-json\/wp\/v2\/posts\/7829","targetHints":{"allow":["GET"]}}],"collection":[{"href":"https:\/\/lyonelkaufmann.ch\/Blog\/wp-json\/wp\/v2\/posts"}],"about":[{"href":"https:\/\/lyonelkaufmann.ch\/Blog\/wp-json\/wp\/v2\/types\/post"}],"author":[{"embeddable":true,"href":"https:\/\/lyonelkaufmann.ch\/Blog\/wp-json\/wp\/v2\/users\/1"}],"replies":[{"embeddable":true,"href":"https:\/\/lyonelkaufmann.ch\/Blog\/wp-json\/wp\/v2\/comments?post=7829"}],"version-history":[{"count":0,"href":"https:\/\/lyonelkaufmann.ch\/Blog\/wp-json\/wp\/v2\/posts\/7829\/revisions"}],"wp:featuredmedia":[{"embeddable":true,"href":"https:\/\/lyonelkaufmann.ch\/Blog\/wp-json\/wp\/v2\/media\/14680"}],"wp:attachment":[{"href":"https:\/\/lyonelkaufmann.ch\/Blog\/wp-json\/wp\/v2\/media?parent=7829"}],"wp:term":[{"taxonomy":"category","embeddable":true,"href":"https:\/\/lyonelkaufmann.ch\/Blog\/wp-json\/wp\/v2\/categories?post=7829"},{"taxonomy":"post_tag","embeddable":true,"href":"https:\/\/lyonelkaufmann.ch\/Blog\/wp-json\/wp\/v2\/tags?post=7829"}],"curies":[{"name":"wp","href":"https:\/\/api.w.org\/{rel}","templated":true}]}}