{"id":7834,"date":"2007-08-20T01:48:49","date_gmt":"2007-08-19T23:48:49","guid":{"rendered":"http:\/\/lyonelkaufmann.ch\/histoire\/2007\/08\/20\/et-si-la-rentre-nous-passions-un-enseignement-de-lhistoire-20\/"},"modified":"2007-08-20T01:48:49","modified_gmt":"2007-08-19T23:48:49","slug":"et-si-la-rentre-nous-passions-un-enseignement-de-lhistoire-20","status":"publish","type":"post","link":"https:\/\/lyonelkaufmann.ch\/Blog\/2007\/08\/20\/et-si-la-rentre-nous-passions-un-enseignement-de-lhistoire-20\/","title":{"rendered":"Et si, \u00e0 la rentr\u00e9e, nous passions \u00e0 un enseignement de l&rsquo;Histoire 2.0 ?"},"content":{"rendered":"<div align=\"center\">\n  <a href=\"http:\/\/s3.amazonaws.com\/slideshare\/ssplayer.swf?id=64868&#038;doc=diaporama-classe4292\">http:\/\/s3.amazonaws.com\/slideshare\/ssplayer.swf?id=64868&#038;doc=diaporama-classe4292<\/a><br \/>\n  R\u00e9alisation d&rsquo;\u00e9tudiantes pour le cours <i><a href=\"http:\/\/lyonelkaufmann.ch\/ReformerEcole\/\">\u00ab\u00a0R\u00e9former l&rsquo;\u00e9cole : une mission impossible?\u00a0\u00bb<\/a><\/i>. Vous trouverez d&rsquo;autres exemples sur le blog.\n<\/div>\n<p><\/p>\n<div align=\"justify\">\n  Jusqu&rsquo;\u00e0 quel point les enseignant-e-s d&rsquo;histoire seront-ils pr\u00eat-e-s \u00e0 int\u00e9grer dans leur enseignement les potentialit\u00e9s du fameux Web 2.0 ? Pr\u00e9alablement encore faut-il s&rsquo;entendre sur ce que cela signifie un enseignement d&rsquo;Histoire bas\u00e9 sur les principes du Web 2.0 et donc s&rsquo;attarder un instant sur la d\u00e9finition de ce fameux Web 2.0. En me basant sur la lecture de sa d\u00e9finition dans <a href=\"http:\/\/fr.wikipedia.org\/wiki\/Web_2.0\">Wikipedia<\/a>, je mettrais pour ma part les mots-cl\u00e9s suivants en avant : mise en commun d&rsquo;informations, architecture de participation, syndication du contenu, \u00e9tiquetage\/folksonomie que les principes de base suivants synth\u00e9tisent:<\/p>\n<blockquote>\n<ul class=\"noindent\">\n<li>le site ne doit pas \u00eatre un jardin secret, c&rsquo;est-\u00e0-dire qu&rsquo;il doit \u00eatre ais\u00e9 de faire rentrer ou sortir des informations du syst\u00e8me ;<\/li>\n<li>l&rsquo;utilisateur doit rester propri\u00e9taire de ses propres donn\u00e9es ;<\/li>\n<li>le site doit \u00eatre enti\u00e8rement utilisable \u00e0 travers un navigateur standard ;<\/li>\n<li>le site doit pr\u00e9senter des aspects de r\u00e9seaux sociaux.<\/li>\n<\/ul>\n<\/blockquote>\n<div align=\"justify\">\n    Tr\u00e8s clairement, cela signifie un changement de paradigme puisque la construction du savoir, au travers d&rsquo;une mise en r\u00e9seau et d&rsquo;un dialogue notamment avec des pairs, car c&rsquo;est l&rsquo;\u00e9l\u00e8ve qui produit du contenu, ici \u00e0 nature historique. Actuellement, les outils ne manquent pas qui permettent relativement facilement de produire et de mettre en ligne de tels contenus.\n  <\/div>\n<div align=\"center\">\n    <a href=\"http:\/\/s3.amazonaws.com\/slideshare\/ssplayer.swf?id=37589&#038;doc=the-25-basic-styles-of-blogging-and-when-to-use-each-one-14243\">http:\/\/s3.amazonaws.com\/slideshare\/ssplayer.swf?id=37589&#038;doc=the-25-basic-styles-of-blogging-and-when-to-use-each-one-14243<\/a><br \/>\n    The 25 Basic Styles of Blogging &#8230; And When To Use Each One\n  <\/div>\n<div align=\"justify\">\n    Un des premiers \u00e9l\u00e9ments qui vous vient peut-\u00eatre \u00e0 l&rsquo;esprit, c&rsquo;est \u00e9videmment les blogs. Nous avons d\u00e9j\u00e0 eu l&rsquo;occasion de pr\u00e9senter <a href=\"http:\/\/lyonelkaufmann.ch\/histoire\/medias-technologies\/weblogs\/\">quelques potentialit\u00e9s de ceux-ci<\/a>. Nous les avons m\u00eame <a href=\"http:\/\/lyonelkaufmann.ch\/histoire\/2007\/05\/30\/reformer-lecole-une-mission-impossible-le-blog\/\">utilis\u00e9s en formation<\/a> avec des \u00e9tudiants (le blog <a href=\"http:\/\/lyonelkaufmann.ch\/ReformerEcole\/\"><i>R\u00e9former l&rsquo;\u00e9cole : une mission impossible?<\/i><\/a>). A l&rsquo;approche de cette rentr\u00e9e, Fran\u00e7ois Guit\u00e9 (<a href=\"http:\/\/www.opossum.ca\/guitef\/archives\/003771.html\"><i>Pourquoi devrions-nous laisser les \u00e9l\u00e8ves bloguer?<\/i><\/a>) et Mario Asselin (<a href=\"http:\/\/carnets.opossum.ca\/mario\/archives\/2007\/08\/les_enfants_ont.html\"><i>Les enfants ont moins besoin de quelqu&rsquo;un qui regarde&#8230;<\/i><\/a>) stimulent notre r\u00e9flexion \u00e0 ce propos. Apr\u00e8s, je peux aussi ajouter un outil comme le <a href=\"http:\/\/lyonelkaufmann.ch\/histoire\/medias-technologies\/wiki\/\">wiki<\/a>, m\u00eame si les exemples manquent relativement \u00e0 leur utilisation en histoire. Plus basique, je suis en mesure de demander \u00e0 chaque \u00e9l\u00e8ve de r\u00e9aliser <a href=\"http:\/\/del.icio.us\/histoirehep\">un carnets de sites<\/a> avec une br\u00e8ve \u00e9valuation et de mettre l&rsquo;ensemble d&rsquo;une classe ou de plusieurs classes en r\u00e9seau. Mais, \u00e0 l&rsquo;aube de cette rentr\u00e9e, je suis particuli\u00e8rement stup\u00e9fait par la simplicit\u00e9 de publication, sous forme \u00e9lectronique, offerte par un certain nombre de sites relativement \u00e0 la vid\u00e9o ou au support de publications style \u00ab\u00a0PowerPoint\u00a0\u00bb (slideshow).<\/p><\/div>\n<div align=\"center\">\n    <a href=\"http:\/\/www.teachertube.com\/flvplayer.swf\">http:\/\/www.teachertube.com\/flvplayer.swf<\/a><\/p>\n<p>    R\u00e9alisation par des \u00e9l\u00e8ves de 5e, de la <i>All Saints CE Primary School<\/i>, de London. R\u00e9alis\u00e9 avec iMovie pour partager l&rsquo;histoire anglaise avec leur correspondants en Gr\u00e8ce.<\/p><\/div>\n<div align=\"center\">\n    <a href=\"http:\/\/www.teachertube.com\/flvplayer.swf\">http:\/\/www.teachertube.com\/flvplayer.swf<\/a><br \/>\n    Vid\u00e9o r\u00e9alis\u00e9e par des \u00e9l\u00e8ves pour \u00ab\u00a0The Black History Month\u00a0\u00bb. Dans les crit\u00e8res de r\u00e9alisation, il s&rsquo;agissait notamment pour les \u00e9l\u00e8ves d&rsquo;interviewer des t\u00e9moins ou un expert de l&rsquo;histoire des Noirs, de rechercher des images libres de droits.<\/p><\/div>\n<div align=\"justify\">\n    Actuellement, les mat\u00e9riaux \u00e0 disposition en ligne sont m\u00eame suffisamment abondant pour r\u00e9aliser des documents multim\u00e9dias en s&rsquo;appuyant uniquement sur des ressources d\u00e9j\u00e0 disponibles sur l&rsquo;Internet. Les \u00e9l\u00e8ves se chargeant des transitions et des l\u00e9gendes, voire du fond sonore, accompagnant les documents ainsi r\u00e9cup\u00e9r\u00e9s.<\/p><\/div>\n<div align=\"center\">\n    <a href=\"http:\/\/www.teachertube.com\/flvplayer.swf\">http:\/\/www.teachertube.com\/flvplayer.swf<\/a><br \/>\n    Ici un exemple, certainement r\u00e9alis\u00e9 par un enseignant, bas\u00e9 sur du mat\u00e9riel r\u00e9cup\u00e9r\u00e9, l\u00e9gend\u00e9 et accompagn\u00e9 d&rsquo;un fond sonore. Publication sur <a href=\"http:\/\/www.teachertube.com\">teachertube<\/a> (malheureusement satur\u00e9 de publicit\u00e9).<\/p><\/div>\n<div align=\"justify\">\n    Dernier outil trouv\u00e9 ces derniers temps sur la toile, <a href=\"http:\/\/animoto.com\/\">Animoto<\/a> vous permet de r\u00e9aliser des clips de 30 secondes pour 15 photos au maximum. Il vous suffit de prendre des photos num\u00e9riques et de les envoyer \u00e0 Animoto (ou de passer via Flickr ou Picasa ou un autre), puis de les reclasser et enfin de choisir une musique d&rsquo;accompagnement. Animoto se charge ensuite du reste. Voici un exemple de produit fini:\n  <\/div>\n<div align=\"center\">\n    <a href=\"http:\/\/widgets.clearspring.com\/o\/46928cc51133af17\/46c8d7545ab30d3a\/46928cc51133af17\/b1d5671a\/autostart\/false\/file\/5a7e703c1444bc0a693c4c1b7718c255\">http:\/\/widgets.clearspring.com\/o\/46928cc51133af17\/46c8d7545ab30d3a\/46928cc51133af17\/b1d5671a\/autostart\/false\/file\/5a7e703c1444bc0a693c4c1b7718c255<\/a><\/p><\/div>\n<div align=\"justify\">\n    Moins que jamais l&rsquo;utilisation des m\u00e9dias et technologies en classe se heurte \u00e0 des difficult\u00e9s techniques probl\u00e9matiques ou insurmontables. Plus que jamais la balle est entre les mains des enseignant-e-s.\n  <\/div>\n<p>:\u00a0\u00bb(Pour ceux qui penseraient que je ne suis qu&rsquo;un ayatollah technophile, je les engage \u00e0 lire <a href=\"http:\/\/lyonelkaufmann.ch\/histoire\/medias-technologies\/reflexions-sur-lutilisation-de-linformatique-dans-le-cours-dhistoire\/\">cet article<\/a>.)\u00a0\u00bb:\n<\/div>\n","protected":false},"excerpt":{"rendered":"<p>http:\/\/s3.amazonaws.com\/slideshare\/ssplayer.swf?id=64868&#038;doc=diaporama-classe4292 R\u00e9alisation d&rsquo;\u00e9tudiantes pour le cours \u00ab\u00a0R\u00e9former l&rsquo;\u00e9cole : une mission impossible?\u00a0\u00bb. Vous trouverez d&rsquo;autres exemples sur le blog. Jusqu&rsquo;\u00e0 quel point les enseignant-e-s d&rsquo;histoire seront-ils pr\u00eat-e-s \u00e0 int\u00e9grer dans leur enseignement les potentialit\u00e9s du fameux Web 2.0 ? Pr\u00e9alablement encore faut-il s&rsquo;entendre sur ce que cela signifie un enseignement d&rsquo;Histoire bas\u00e9 sur les principes [&hellip;]<\/p>\n","protected":false},"author":1,"featured_media":14680,"comment_status":"open","ping_status":"open","sticky":false,"template":"","format":"standard","meta":{"_import_markdown_pro_load_document_selector":0,"_import_markdown_pro_submit_text_textarea":"","_genesis_hide_title":false,"_genesis_hide_breadcrumbs":false,"_genesis_hide_singular_image":false,"_genesis_hide_footer_widgets":false,"_genesis_custom_body_class":"","_genesis_custom_post_class":"","_genesis_layout":"","jetpack_post_was_ever_published":false,"_jetpack_newsletter_access":"","_jetpack_dont_email_post_to_subs":false,"_jetpack_newsletter_tier_id":0,"_jetpack_memberships_contains_paywalled_content":false,"_jetpack_memberships_contains_paid_content":false,"activitypub_content_warning":"","activitypub_content_visibility":"","activitypub_max_image_attachments":3,"activitypub_interaction_policy_quote":"anyone","activitypub_status":"","footnotes":"","jetpack_publicize_message":"","jetpack_publicize_feature_enabled":true,"jetpack_social_post_already_shared":true,"jetpack_social_options":{"image_generator_settings":{"template":"fullscreen","default_image_id":0,"font":"","enabled":false},"version":2}},"categories":[2],"tags":[],"class_list":{"0":"post-7834","1":"post","2":"type-post","3":"status-publish","4":"format-standard","5":"has-post-thumbnail","7":"category-histoire-2","8":"entry"},"jetpack_publicize_connections":[],"featured_image_src":"https:\/\/i0.wp.com\/lyonelkaufmann.ch\/Blog\/wp-content\/uploads\/2015\/03\/blogcafe1.jpg?resize=600%2C400&ssl=1","featured_image_src_square":"https:\/\/i0.wp.com\/lyonelkaufmann.ch\/Blog\/wp-content\/uploads\/2015\/03\/blogcafe1.jpg?resize=600%2C600&ssl=1","author_info":{"display_name":"Lyonel Kaufmann","author_link":"https:\/\/lyonelkaufmann.ch\/Blog\/author\/lyonelk\/"},"jetpack_featured_media_url":"https:\/\/i0.wp.com\/lyonelkaufmann.ch\/Blog\/wp-content\/uploads\/2015\/03\/blogcafe1.jpg?fit=1024%2C683&ssl=1","jetpack_sharing_enabled":true,"jetpack_shortlink":"https:\/\/wp.me\/p1qtF4-22m","jetpack-related-posts":[{"id":3179,"url":"https:\/\/lyonelkaufmann.ch\/Blog\/2010\/05\/05\/les-enseignants-et-le-web-2-0-pour-travailler-ensemble-thot-cursus\/","url_meta":{"origin":7834,"position":0},"title":"Les enseignants et le Web 2.0 : pour travailler ensemble | Thot Cursus","author":"Lyonel Kaufmann","date":"5 mai 2010","format":"aside","excerpt":"Caroline Jouneau-Sion est enseignante d'histoire-g\u00e9ographie dans un coll\u00e8ge du nord de la France. Elle r\u00e9pond ici \u00e0 la question d'un \u00e9ventuel effet g\u00e9n\u00e9rationnel parmi les enseignants: \u00abNon, pas du tout. Beaucoup de jeunes enseignants sont oppos\u00e9s \u00e0 l'usage de l'ordinateur en classe, qu'ils consid\u00e8rent comme un \u00e9l\u00e9ment perturbateur, qui va\u2026","rel":"","context":"Dans &quot;Blogcaf\u00e9&quot;","block_context":{"text":"Blogcaf\u00e9","link":"https:\/\/lyonelkaufmann.ch\/Blog\/category\/blogcafe-2\/"},"img":{"alt_text":"","src":"https:\/\/i0.wp.com\/lyonelkaufmann.ch\/Blog\/wp-content\/uploads\/2015\/03\/blogcafe1.jpg?fit=1024%2C683&ssl=1&resize=350%2C200","width":350,"height":200,"srcset":"https:\/\/i0.wp.com\/lyonelkaufmann.ch\/Blog\/wp-content\/uploads\/2015\/03\/blogcafe1.jpg?fit=1024%2C683&ssl=1&resize=350%2C200 1x, https:\/\/i0.wp.com\/lyonelkaufmann.ch\/Blog\/wp-content\/uploads\/2015\/03\/blogcafe1.jpg?fit=1024%2C683&ssl=1&resize=525%2C300 1.5x, https:\/\/i0.wp.com\/lyonelkaufmann.ch\/Blog\/wp-content\/uploads\/2015\/03\/blogcafe1.jpg?fit=1024%2C683&ssl=1&resize=700%2C400 2x"},"classes":[]},{"id":4946,"url":"https:\/\/lyonelkaufmann.ch\/Blog\/2012\/01\/25\/revue-de-presse-des-outils-devaluation-adaptes-au-web-2-0-rire\/","url_meta":{"origin":7834,"position":1},"title":"Revue de presse : Des outils d\u2019\u00e9valuation adapt\u00e9s au Web 2.0 | RIRE","author":"Lyonel Kaufmann","date":"25 janvier 2012","format":false,"excerpt":"Comment \u00e9valuer les productions invitant les \u00e9tudiants \u00e0 explorer, par exemple, le blogue ? Michelle Desch\u00eanes, enseignante au Coll\u00e8ge O\u2019Sullivan de Qu\u00e9bec, s\u2019est pench\u00e9e sur la question. Ses recherches l\u2019ont men\u00e9e \u00e0 la publication d\u2019un rapport intitul\u00e9 \u00c9valuation de productions issues de l\u2019int\u00e9gration p\u00e9dagogique d\u2019outils du web social. Plusieurs grilles\u2026","rel":"","context":"Dans &quot;histoire&quot;","block_context":{"text":"histoire","link":"https:\/\/lyonelkaufmann.ch\/Blog\/category\/histoire-2\/"},"img":{"alt_text":"","src":"https:\/\/i0.wp.com\/lyonelkaufmann.ch\/Blog\/wp-content\/uploads\/2015\/03\/blogcafe1.jpg?fit=1024%2C683&ssl=1&resize=350%2C200","width":350,"height":200,"srcset":"https:\/\/i0.wp.com\/lyonelkaufmann.ch\/Blog\/wp-content\/uploads\/2015\/03\/blogcafe1.jpg?fit=1024%2C683&ssl=1&resize=350%2C200 1x, https:\/\/i0.wp.com\/lyonelkaufmann.ch\/Blog\/wp-content\/uploads\/2015\/03\/blogcafe1.jpg?fit=1024%2C683&ssl=1&resize=525%2C300 1.5x, https:\/\/i0.wp.com\/lyonelkaufmann.ch\/Blog\/wp-content\/uploads\/2015\/03\/blogcafe1.jpg?fit=1024%2C683&ssl=1&resize=700%2C400 2x"},"classes":[]},{"id":5415,"url":"https:\/\/lyonelkaufmann.ch\/Blog\/2012\/01\/25\/revue-de-presse-des-outils-devaluation-adaptes-au-web-2-0-rire-2\/","url_meta":{"origin":7834,"position":2},"title":"Revue de presse : Des outils d\u2019\u00e9valuation adapt\u00e9s au Web 2.0 | RIRE","author":"Lyonel Kaufmann","date":"25 janvier 2012","format":false,"excerpt":"Comment \u00e9valuer les productions invitant les \u00e9tudiants \u00e0 explorer, par exemple, le blogue ? Michelle Desch\u00eanes, enseignante au Coll\u00e8ge O\u2019Sullivan de Qu\u00e9bec, s\u2019est pench\u00e9e sur la question. Ses recherches l\u2019ont men\u00e9e \u00e0 la publication d\u2019un rapport intitul\u00e9 \u00c9valuation de productions issues de l\u2019int\u00e9gration p\u00e9dagogique d\u2019outils du web social. Plusieurs grilles\u2026","rel":"","context":"Dans &quot;L'Expresso&quot;","block_context":{"text":"L'Expresso","link":"https:\/\/lyonelkaufmann.ch\/Blog\/category\/breves\/"},"img":{"alt_text":"","src":"https:\/\/i0.wp.com\/lyonelkaufmann.ch\/Blog\/wp-content\/uploads\/2015\/03\/blogcafe1.jpg?fit=1024%2C683&ssl=1&resize=350%2C200","width":350,"height":200,"srcset":"https:\/\/i0.wp.com\/lyonelkaufmann.ch\/Blog\/wp-content\/uploads\/2015\/03\/blogcafe1.jpg?fit=1024%2C683&ssl=1&resize=350%2C200 1x, https:\/\/i0.wp.com\/lyonelkaufmann.ch\/Blog\/wp-content\/uploads\/2015\/03\/blogcafe1.jpg?fit=1024%2C683&ssl=1&resize=525%2C300 1.5x, https:\/\/i0.wp.com\/lyonelkaufmann.ch\/Blog\/wp-content\/uploads\/2015\/03\/blogcafe1.jpg?fit=1024%2C683&ssl=1&resize=700%2C400 2x"},"classes":[]},{"id":3139,"url":"https:\/\/lyonelkaufmann.ch\/Blog\/2010\/08\/26\/en-ludovia-pascal-et-virginie-portrait-minute\/","url_meta":{"origin":7834,"position":3},"title":"En Ludovia : Pascal et Virginie (portrait minute)","author":"Lyonel Kaufmann","date":"26 ao\u00fbt 2010","format":false,"excerpt":"Ludovia est aussi le lieu des rencontres et \u00e9changes informels et l'occasion pour moi de r\u00e9aliser un portrait minute de Pascal et Virginie. Pascal et Virginie sont des formateurs tice. Ils interviennent \u00e0 l'\u00e9cole primaire dans le cadre du projet num\u00e9rique destin\u00e9 aux \u00e9coles rurales. Ils y accompagnent les enseignants\u2026","rel":"","context":"Dans &quot;histoire&quot;","block_context":{"text":"histoire","link":"https:\/\/lyonelkaufmann.ch\/Blog\/category\/histoire-2\/"},"img":{"alt_text":"","src":"https:\/\/i0.wp.com\/lyonelkaufmann.ch\/Blog\/wp-content\/uploads\/2015\/03\/blogcafe1.jpg?fit=1024%2C683&ssl=1&resize=350%2C200","width":350,"height":200,"srcset":"https:\/\/i0.wp.com\/lyonelkaufmann.ch\/Blog\/wp-content\/uploads\/2015\/03\/blogcafe1.jpg?fit=1024%2C683&ssl=1&resize=350%2C200 1x, https:\/\/i0.wp.com\/lyonelkaufmann.ch\/Blog\/wp-content\/uploads\/2015\/03\/blogcafe1.jpg?fit=1024%2C683&ssl=1&resize=525%2C300 1.5x, https:\/\/i0.wp.com\/lyonelkaufmann.ch\/Blog\/wp-content\/uploads\/2015\/03\/blogcafe1.jpg?fit=1024%2C683&ssl=1&resize=700%2C400 2x"},"classes":[]},{"id":12513,"url":"https:\/\/lyonelkaufmann.ch\/Blog\/2006\/05\/23\/du-web-20-entre-autres-choses\/","url_meta":{"origin":7834,"position":4},"title":"Du Web 2.0 entre autres choses","author":"Lyonel Kaufmann","date":"23 mai 2006","format":false,"excerpt":"Web 2.0 et Mac\u2026 C\u00e9dric Bonvin me demandait hier en commentaire \u00e0 mon pr\u00e9c\u00e9dent billet, ce qu'\u00e9tait le web 2.0. Ca tombe bien, le site de MacPlus vient de publier un billet autour du Web 2.0 et du Mac. Sans surprise, il est intitul\u00e9 \"Web 2.0 et Mac\". Les possesseurs\u2026","rel":"","context":"Dans &quot;Blogcaf\u00e9&quot;","block_context":{"text":"Blogcaf\u00e9","link":"https:\/\/lyonelkaufmann.ch\/Blog\/category\/blogcafe-2\/"},"img":{"alt_text":"","src":"https:\/\/i0.wp.com\/lyonelkaufmann.ch\/Blog\/wp-content\/uploads\/2015\/03\/blogcafe1.jpg?fit=1024%2C683&ssl=1&resize=350%2C200","width":350,"height":200,"srcset":"https:\/\/i0.wp.com\/lyonelkaufmann.ch\/Blog\/wp-content\/uploads\/2015\/03\/blogcafe1.jpg?fit=1024%2C683&ssl=1&resize=350%2C200 1x, https:\/\/i0.wp.com\/lyonelkaufmann.ch\/Blog\/wp-content\/uploads\/2015\/03\/blogcafe1.jpg?fit=1024%2C683&ssl=1&resize=525%2C300 1.5x, https:\/\/i0.wp.com\/lyonelkaufmann.ch\/Blog\/wp-content\/uploads\/2015\/03\/blogcafe1.jpg?fit=1024%2C683&ssl=1&resize=700%2C400 2x"},"classes":[]},{"id":3429,"url":"https:\/\/lyonelkaufmann.ch\/Blog\/2011\/01\/15\/quand-les-nouvelles-technologies-sinvitent-dans-lenseignement-rezonance\/","url_meta":{"origin":7834,"position":5},"title":"Quand les nouvelles technologies s\u2019invitent dans l\u2019enseignement (R\u00e9zonance)","author":"Lyonel Kaufmann","date":"15 janvier 2011","format":false,"excerpt":"D\u00e9but d\u00e9cembre, j'intervenais dans une session du First organis\u00e9e par R\u00e9zonance et consacr\u00e9e aux \u00abM\u00e9dias sociaux : comment les adopter et les faire adopter?\u00bb. Mon intervention \u00e9tait centr\u00e9e sur les technologies dans l'enseignement au travers de mon utilisation du blog \u00e0 titre personnel et avec\/par mes \u00e9tudiant-e-s. D\u00e9sormais vous pouvez\u2026","rel":"","context":"Dans &quot;histoire&quot;","block_context":{"text":"histoire","link":"https:\/\/lyonelkaufmann.ch\/Blog\/category\/histoire-2\/"},"img":{"alt_text":"","src":"https:\/\/i0.wp.com\/lyonelkaufmann.ch\/Blog\/wp-content\/uploads\/2015\/03\/118410159_640.jpg?fit=640%2C360&ssl=1&resize=350%2C200","width":350,"height":200,"srcset":"https:\/\/i0.wp.com\/lyonelkaufmann.ch\/Blog\/wp-content\/uploads\/2015\/03\/118410159_640.jpg?fit=640%2C360&ssl=1&resize=350%2C200 1x, https:\/\/i0.wp.com\/lyonelkaufmann.ch\/Blog\/wp-content\/uploads\/2015\/03\/118410159_640.jpg?fit=640%2C360&ssl=1&resize=525%2C300 1.5x"},"classes":[]}],"jetpack_likes_enabled":true,"_links":{"self":[{"href":"https:\/\/lyonelkaufmann.ch\/Blog\/wp-json\/wp\/v2\/posts\/7834","targetHints":{"allow":["GET"]}}],"collection":[{"href":"https:\/\/lyonelkaufmann.ch\/Blog\/wp-json\/wp\/v2\/posts"}],"about":[{"href":"https:\/\/lyonelkaufmann.ch\/Blog\/wp-json\/wp\/v2\/types\/post"}],"author":[{"embeddable":true,"href":"https:\/\/lyonelkaufmann.ch\/Blog\/wp-json\/wp\/v2\/users\/1"}],"replies":[{"embeddable":true,"href":"https:\/\/lyonelkaufmann.ch\/Blog\/wp-json\/wp\/v2\/comments?post=7834"}],"version-history":[{"count":0,"href":"https:\/\/lyonelkaufmann.ch\/Blog\/wp-json\/wp\/v2\/posts\/7834\/revisions"}],"wp:featuredmedia":[{"embeddable":true,"href":"https:\/\/lyonelkaufmann.ch\/Blog\/wp-json\/wp\/v2\/media\/14680"}],"wp:attachment":[{"href":"https:\/\/lyonelkaufmann.ch\/Blog\/wp-json\/wp\/v2\/media?parent=7834"}],"wp:term":[{"taxonomy":"category","embeddable":true,"href":"https:\/\/lyonelkaufmann.ch\/Blog\/wp-json\/wp\/v2\/categories?post=7834"},{"taxonomy":"post_tag","embeddable":true,"href":"https:\/\/lyonelkaufmann.ch\/Blog\/wp-json\/wp\/v2\/tags?post=7834"}],"curies":[{"name":"wp","href":"https:\/\/api.w.org\/{rel}","templated":true}]}}