{"id":7842,"date":"2007-09-08T08:55:32","date_gmt":"2007-09-08T07:55:32","guid":{"rendered":"http:\/\/lyonelkaufmann.ch\/histoire\/2007\/09\/08\/l%e2%80%99instruction-civique-divise-l%e2%80%99espagne-liberation\/"},"modified":"2007-09-08T08:55:32","modified_gmt":"2007-09-08T07:55:32","slug":"linstruction-civique-divise-lespagne-liberation","status":"publish","type":"post","link":"https:\/\/lyonelkaufmann.ch\/Blog\/2007\/09\/08\/linstruction-civique-divise-lespagne-liberation\/","title":{"rendered":"L\u2019instruction civique divise l\u2019Espagne (Lib\u00e9ration)"},"content":{"rendered":"<p>\u00ab<em>Attaque contre la morale chr\u00e9tienne\u00bb,<\/em> <em>\u00abendoctrinement la\u00efc\u00bb,<\/em> <em>\u00abcat\u00e9chisme socialiste\u00bb. <\/em>En pleine rentr\u00e9e des classes, un d\u00e9luge de critiques acerbes, issues des milieux les plus conservateurs, s\u2019abat sur une mati\u00e8re qui fait son apparition dans les \u00e9coles espagnoles. Introduite par le gouvernement socialiste de Jos\u00e9 Luis Zapatero, l\u2019 <em>Education para la ciudadania <\/em>(l\u2019\u00e9ducation pour la citoyennet\u00e9) \u00e9quivaut \u00e0 un cours d\u2019instruction civique comme ceux existant dans de nombreux pays europ\u00e9ens, dont la France.<\/p>\n<p><a href=\"http:\/\/www.liberation.fr\/actualite\/monde\/277038.FR.php\" target=\"_blank\">http:\/\/www.liberation.fr\/actualite\/monde\/277038.FR.php<\/a> <span style=\"color:#000000;\"><\/span><\/p>\n<p>Related Tags:<\/p>\n","protected":false},"excerpt":{"rendered":"<p>\u00abAttaque contre la morale chr\u00e9tienne\u00bb, \u00abendoctrinement la\u00efc\u00bb, \u00abcat\u00e9chisme socialiste\u00bb. En pleine rentr\u00e9e des classes, un d\u00e9luge de critiques acerbes, issues des milieux les plus conservateurs, s\u2019abat sur une mati\u00e8re qui fait son apparition dans les \u00e9coles espagnoles. Introduite par le gouvernement socialiste de Jos\u00e9 Luis Zapatero, l\u2019 Education para la ciudadania (l\u2019\u00e9ducation pour la citoyennet\u00e9) [&hellip;]<\/p>\n","protected":false},"author":1,"featured_media":14680,"comment_status":"open","ping_status":"open","sticky":false,"template":"","format":"standard","meta":{"_import_markdown_pro_load_document_selector":0,"_import_markdown_pro_submit_text_textarea":"","_genesis_hide_title":false,"_genesis_hide_breadcrumbs":false,"_genesis_hide_singular_image":false,"_genesis_hide_footer_widgets":false,"_genesis_custom_body_class":"","_genesis_custom_post_class":"","_genesis_layout":"","jetpack_post_was_ever_published":false,"_jetpack_newsletter_access":"","_jetpack_dont_email_post_to_subs":false,"_jetpack_newsletter_tier_id":0,"_jetpack_memberships_contains_paywalled_content":false,"_jetpack_memberships_contains_paid_content":false,"activitypub_content_warning":"","activitypub_content_visibility":"","activitypub_max_image_attachments":3,"activitypub_interaction_policy_quote":"anyone","activitypub_status":"","footnotes":"","jetpack_publicize_message":"","jetpack_publicize_feature_enabled":true,"jetpack_social_post_already_shared":true,"jetpack_social_options":{"image_generator_settings":{"template":"fullscreen","default_image_id":0,"font":"","enabled":false},"version":2}},"categories":[2],"tags":[],"class_list":{"0":"post-7842","1":"post","2":"type-post","3":"status-publish","4":"format-standard","5":"has-post-thumbnail","7":"category-histoire-2","8":"entry"},"jetpack_publicize_connections":[],"featured_image_src":"https:\/\/i0.wp.com\/lyonelkaufmann.ch\/Blog\/wp-content\/uploads\/2015\/03\/blogcafe1.jpg?resize=600%2C400&ssl=1","featured_image_src_square":"https:\/\/i0.wp.com\/lyonelkaufmann.ch\/Blog\/wp-content\/uploads\/2015\/03\/blogcafe1.jpg?resize=600%2C600&ssl=1","author_info":{"display_name":"Lyonel Kaufmann","author_link":"https:\/\/lyonelkaufmann.ch\/Blog\/author\/lyonelk\/"},"jetpack_featured_media_url":"https:\/\/i0.wp.com\/lyonelkaufmann.ch\/Blog\/wp-content\/uploads\/2015\/03\/blogcafe1.jpg?fit=1024%2C683&ssl=1","jetpack_sharing_enabled":true,"jetpack_shortlink":"https:\/\/wp.me\/p1qtF4-22u","jetpack-related-posts":[{"id":3188,"url":"https:\/\/lyonelkaufmann.ch\/Blog\/2010\/04\/25\/la-bande-dessinee-auschwitz-histoire-geographie-education-civique-au-college-anne-frank-de-sauze-vaussais\/","url_meta":{"origin":7842,"position":0},"title":"La bande-dessin\u00e9e Auschwitz |\u00a0Histoire, g\u00e9ographie, \u00e9ducation civique au coll\u00e8ge Anne Frank de Sauz\u00e9-Vaussais","author":"Lyonel Kaufmann","date":"25 avril 2010","format":"aside","excerpt":"Cette bande-dessin\u00e9e raconte la vie des d\u00e9port\u00e9s dans le camp d\u2019extermination pendant la 2\u00e8me guerre mondiale (39-45). La bande-dessin\u00e9e s\u2019appelle Auschwitz, elle a \u00e9t\u00e9 \u00e9crite et dessin\u00e9e par Pascal Croci. Il est fran\u00e7ais et est n\u00e9 en 1961. Le livre est sorti en mars 2005. La BD fait 84 pages\u2026","rel":"","context":"Dans &quot;Blogcaf\u00e9&quot;","block_context":{"text":"Blogcaf\u00e9","link":"https:\/\/lyonelkaufmann.ch\/Blog\/category\/blogcafe-2\/"},"img":{"alt_text":"","src":"https:\/\/i0.wp.com\/lyonelkaufmann.ch\/Blog\/wp-content\/uploads\/2015\/03\/blogcafe1.jpg?fit=1024%2C683&ssl=1&resize=350%2C200","width":350,"height":200,"srcset":"https:\/\/i0.wp.com\/lyonelkaufmann.ch\/Blog\/wp-content\/uploads\/2015\/03\/blogcafe1.jpg?fit=1024%2C683&ssl=1&resize=350%2C200 1x, https:\/\/i0.wp.com\/lyonelkaufmann.ch\/Blog\/wp-content\/uploads\/2015\/03\/blogcafe1.jpg?fit=1024%2C683&ssl=1&resize=525%2C300 1.5x, https:\/\/i0.wp.com\/lyonelkaufmann.ch\/Blog\/wp-content\/uploads\/2015\/03\/blogcafe1.jpg?fit=1024%2C683&ssl=1&resize=700%2C400 2x"},"classes":[]},{"id":7891,"url":"https:\/\/lyonelkaufmann.ch\/Blog\/2013\/12\/24\/le-role-du-manuel-dans-la-lecon-dhistoire-a-lecole-primaire-1870-1969\/","url_meta":{"origin":7842,"position":1},"title":"Le r\u00f4le du manuel dans la le\u00e7on d\u2019histoire \u00e0 l\u2019\u00e9cole primaire (1870-1969)","author":"Lyonel Kaufmann","date":"24 d\u00e9cembre 2013","format":false,"excerpt":"Le r\u00f4le du manuel dans la le\u00e7on d\u2019histoire \u00e0 l\u2019\u00e9cole primaire (1870-1969) De 1870 \u00e0 1970, un mod\u00e8le de le\u00e7on d\u2019histoire s\u2019impose \u00e0 l\u2019\u00e9cole primaire. Prenant appui sur le r\u00e9cit du ma\u00eetre, \u00e0 finalit\u00e9 civique et morale, le mod\u00e8le de le\u00e7on d\u2019histoire mis au point \u00e0 partir des ann\u00e9es 1880\u2026","rel":"","context":"Dans &quot;histoire&quot;","block_context":{"text":"histoire","link":"https:\/\/lyonelkaufmann.ch\/Blog\/category\/histoire-2\/"},"img":{"alt_text":"","src":"https:\/\/i0.wp.com\/lyonelkaufmann.ch\/Blog\/wp-content\/uploads\/2015\/03\/blogcafe1.jpg?fit=1024%2C683&ssl=1&resize=350%2C200","width":350,"height":200,"srcset":"https:\/\/i0.wp.com\/lyonelkaufmann.ch\/Blog\/wp-content\/uploads\/2015\/03\/blogcafe1.jpg?fit=1024%2C683&ssl=1&resize=350%2C200 1x, https:\/\/i0.wp.com\/lyonelkaufmann.ch\/Blog\/wp-content\/uploads\/2015\/03\/blogcafe1.jpg?fit=1024%2C683&ssl=1&resize=525%2C300 1.5x, https:\/\/i0.wp.com\/lyonelkaufmann.ch\/Blog\/wp-content\/uploads\/2015\/03\/blogcafe1.jpg?fit=1024%2C683&ssl=1&resize=700%2C400 2x"},"classes":[]},{"id":1240,"url":"https:\/\/lyonelkaufmann.ch\/Blog\/2009\/03\/24\/microhistoire-de-la-semaine-twitter-6\/","url_meta":{"origin":7842,"position":2},"title":"MicroHistoire de la Semaine (Twitter)","author":"Lyonel Kaufmann","date":"24 mars 2009","format":false,"excerpt":"Allez un peu d'humour pour commencer ma journ\u00e9e sur twitter. YouTube - Re : BlackBerry Bullet Shows Apple Who's Boss! http:\/\/ow.ly\/114g # Sam Le Tam Tam \u00bb Blog Archive \u00bb Les CFF sur Twitter http:\/\/ow.ly\/11wY # RT @NMNH Can you tell the difference between human and animal bones? http:\/\/ow.ly\/11zo #\u2026","rel":"","context":"Dans &quot;histoire&quot;","block_context":{"text":"histoire","link":"https:\/\/lyonelkaufmann.ch\/Blog\/category\/histoire-2\/"},"img":{"alt_text":"","src":"https:\/\/i0.wp.com\/lyonelkaufmann.ch\/Blog\/wp-content\/uploads\/2015\/03\/blogcafe1.jpg?fit=1024%2C683&ssl=1&resize=350%2C200","width":350,"height":200,"srcset":"https:\/\/i0.wp.com\/lyonelkaufmann.ch\/Blog\/wp-content\/uploads\/2015\/03\/blogcafe1.jpg?fit=1024%2C683&ssl=1&resize=350%2C200 1x, https:\/\/i0.wp.com\/lyonelkaufmann.ch\/Blog\/wp-content\/uploads\/2015\/03\/blogcafe1.jpg?fit=1024%2C683&ssl=1&resize=525%2C300 1.5x, https:\/\/i0.wp.com\/lyonelkaufmann.ch\/Blog\/wp-content\/uploads\/2015\/03\/blogcafe1.jpg?fit=1024%2C683&ssl=1&resize=700%2C400 2x"},"classes":[]},{"id":5846,"url":"https:\/\/lyonelkaufmann.ch\/Blog\/2012\/08\/05\/revue-de-presse-connaissances-ou-competences-que-transmettre-sciences-humaines\/","url_meta":{"origin":7842,"position":3},"title":"Revue de presse : Connaissances ou comp\u00e9tences, que transmettre ? | Sciences humaines","author":"Lyonel Kaufmann","date":"5 ao\u00fbt 2012","format":false,"excerpt":"La question de la transmission scolaire a toujours fait d\u00e9bat. Le vieil affrontement entre tenants de l\u2019instruction et ceux de l\u2019\u00e9ducation resurgit aujourd\u2019hui, \u00e0 travers de virulentes critiques de la notion de comp\u00e9tences. Le point sur cette question et son d\u00e9bat.Connaissances ou comp\u00e9tences, que transmettre ? | Sciences humaines","rel":"","context":"Dans &quot;histoire&quot;","block_context":{"text":"histoire","link":"https:\/\/lyonelkaufmann.ch\/Blog\/category\/histoire-2\/"},"img":{"alt_text":"","src":"https:\/\/i0.wp.com\/lyonelkaufmann.ch\/Blog\/wp-content\/uploads\/2015\/03\/blogcafe1.jpg?fit=1024%2C683&ssl=1&resize=350%2C200","width":350,"height":200,"srcset":"https:\/\/i0.wp.com\/lyonelkaufmann.ch\/Blog\/wp-content\/uploads\/2015\/03\/blogcafe1.jpg?fit=1024%2C683&ssl=1&resize=350%2C200 1x, https:\/\/i0.wp.com\/lyonelkaufmann.ch\/Blog\/wp-content\/uploads\/2015\/03\/blogcafe1.jpg?fit=1024%2C683&ssl=1&resize=525%2C300 1.5x, https:\/\/i0.wp.com\/lyonelkaufmann.ch\/Blog\/wp-content\/uploads\/2015\/03\/blogcafe1.jpg?fit=1024%2C683&ssl=1&resize=700%2C400 2x"},"classes":[]},{"id":5177,"url":"https:\/\/lyonelkaufmann.ch\/Blog\/2012\/03\/12\/la-pedagogie-inversee-infobourg-com\/","url_meta":{"origin":7842,"position":4},"title":"La p\u00e9dagogie invers\u00e9e | Infobourg.com","author":"Lyonel Kaufmann","date":"12 mars 2012","format":"link","excerpt":"La\u00a0ZoneTIC\u00a0du C\u00e9gep L\u00e9vis-Lauzon d\u00e9crit la \u00ab\u00a0p\u00e9dagogie invers\u00e9e\u00a0\u00bb (ou classe renvers\u00e9e,\u00a0flipteaching,\u00a0reverse\u00a0instruction) comme ceci\u00a0: une strat\u00e9gie d\u2019enseignement o\u00f9 la partie magistrale du cours est donn\u00e9e \u00e0 faire en devoir \u00e0 la maison, alors que les traditionnels devoirs (travaux, probl\u00e8mes et autres activit\u00e9s) sont r\u00e9alis\u00e9s en classe. Quel est l\u2019int\u00e9r\u00eat? Lorsque les \u00e9l\u00e8ves\u2026","rel":"","context":"Dans &quot;histoire&quot;","block_context":{"text":"histoire","link":"https:\/\/lyonelkaufmann.ch\/Blog\/category\/histoire-2\/"},"img":{"alt_text":"","src":"https:\/\/i0.wp.com\/lyonelkaufmann.ch\/Blog\/wp-content\/uploads\/2015\/03\/blogcafe1.jpg?fit=1024%2C683&ssl=1&resize=350%2C200","width":350,"height":200,"srcset":"https:\/\/i0.wp.com\/lyonelkaufmann.ch\/Blog\/wp-content\/uploads\/2015\/03\/blogcafe1.jpg?fit=1024%2C683&ssl=1&resize=350%2C200 1x, https:\/\/i0.wp.com\/lyonelkaufmann.ch\/Blog\/wp-content\/uploads\/2015\/03\/blogcafe1.jpg?fit=1024%2C683&ssl=1&resize=525%2C300 1.5x, https:\/\/i0.wp.com\/lyonelkaufmann.ch\/Blog\/wp-content\/uploads\/2015\/03\/blogcafe1.jpg?fit=1024%2C683&ssl=1&resize=700%2C400 2x"},"classes":[]},{"id":338,"url":"https:\/\/lyonelkaufmann.ch\/Blog\/2008\/08\/17\/cartes-heuristiques-et-histoire\/","url_meta":{"origin":7842,"position":5},"title":"Cartes heuristiques et histoire (Histoire de bloguer)","author":"Lyonel Kaufmann","date":"17 ao\u00fbt 2008","format":false,"excerpt":"Histoire de bloguer est un blog consacr\u00e9 \u00e0 l'utilisation de cartes heuristiques (ou cartes mentales) dans l'enseignement de l'histoire, la g\u00e9ographie et de l'\u00e9ducation civique. Juste avant la rentr\u00e9e, il fait le bilan de leur utilisation en classe et via son blog. C'est une excellente introduction aux utilisations possibles des\u2026","rel":"","context":"Dans &quot;histoire&quot;","block_context":{"text":"histoire","link":"https:\/\/lyonelkaufmann.ch\/Blog\/category\/histoire-2\/"},"img":{"alt_text":"","src":"https:\/\/i0.wp.com\/lyonelkaufmann.ch\/Blog\/wp-content\/uploads\/2015\/03\/rome.jpg?fit=450%2C270&ssl=1&resize=350%2C200","width":350,"height":200},"classes":[]}],"jetpack_likes_enabled":true,"_links":{"self":[{"href":"https:\/\/lyonelkaufmann.ch\/Blog\/wp-json\/wp\/v2\/posts\/7842","targetHints":{"allow":["GET"]}}],"collection":[{"href":"https:\/\/lyonelkaufmann.ch\/Blog\/wp-json\/wp\/v2\/posts"}],"about":[{"href":"https:\/\/lyonelkaufmann.ch\/Blog\/wp-json\/wp\/v2\/types\/post"}],"author":[{"embeddable":true,"href":"https:\/\/lyonelkaufmann.ch\/Blog\/wp-json\/wp\/v2\/users\/1"}],"replies":[{"embeddable":true,"href":"https:\/\/lyonelkaufmann.ch\/Blog\/wp-json\/wp\/v2\/comments?post=7842"}],"version-history":[{"count":0,"href":"https:\/\/lyonelkaufmann.ch\/Blog\/wp-json\/wp\/v2\/posts\/7842\/revisions"}],"wp:featuredmedia":[{"embeddable":true,"href":"https:\/\/lyonelkaufmann.ch\/Blog\/wp-json\/wp\/v2\/media\/14680"}],"wp:attachment":[{"href":"https:\/\/lyonelkaufmann.ch\/Blog\/wp-json\/wp\/v2\/media?parent=7842"}],"wp:term":[{"taxonomy":"category","embeddable":true,"href":"https:\/\/lyonelkaufmann.ch\/Blog\/wp-json\/wp\/v2\/categories?post=7842"},{"taxonomy":"post_tag","embeddable":true,"href":"https:\/\/lyonelkaufmann.ch\/Blog\/wp-json\/wp\/v2\/tags?post=7842"}],"curies":[{"name":"wp","href":"https:\/\/api.w.org\/{rel}","templated":true}]}}