{"id":7843,"date":"2007-09-14T19:15:47","date_gmt":"2007-09-14T18:15:47","guid":{"rendered":"http:\/\/lyonelkaufmann.ch\/histoire\/2007\/09\/14\/lespace-pdagogique-du-crid-14-18\/"},"modified":"2007-09-14T19:15:47","modified_gmt":"2007-09-14T18:15:47","slug":"lespace-pdagogique-du-crid-14-18","status":"publish","type":"post","link":"https:\/\/lyonelkaufmann.ch\/Blog\/2007\/09\/14\/lespace-pdagogique-du-crid-14-18\/","title":{"rendered":"L&rsquo;espace p\u00e9dagogique du CRID (14-18)"},"content":{"rendered":"<p style=\"text-align:justify;\">Le <a href=\"http:\/\/www.crid1418.org\/\" target=\"_blank\">CRID 14-18<\/a> (Collectif de Recherche International et de D&eacute;bat sur la Guerre de 1914-1918) est un collectif d&rsquo;historiens et d&rsquo;enseignants, n&eacute; en <i>&laquo;r&eacute;action&raquo;<\/i> aux historiens r&eacute;unis sous l&rsquo;<a href=\"http:\/\/www.historial.org\/fr\/home_b.htm\" target=\"_blank\">Historial de la Grande Guerre<\/a>. Ce qui les oppose? Leur interpr&eacute;tation de la culture de guerre et de la brutalisation des soci&eacute;t&eacute;s europ&eacute;ennes du d&eacute;but du XXe si&egrave;cle. Alors que pour l&rsquo;Historial de P&eacute;ronne, les poilus auraient &eacute;t&eacute; consentants, car ils auraient baign&eacute; dans une <i>&laquo;culture de guerre&raquo;<\/i> (messianisme patriotique, haine de l&rsquo;ennemi, esprit de croisade ), les membres du CRID pr&eacute;f&egrave;rent mettre l&rsquo;accent sur les exp&eacute;riences concr&egrave;tes qui expliqueraient la <i>&laquo;t&eacute;nacit&eacute;&raquo;<\/i> des combattants et des strat&eacute;gies multiples de leur part (voir une synth&egrave;se des positions sous <a href=\"http:\/\/lyonelkaufmann.ch\/histoire\/historiographie_sujets\/index.html\" target=\"_blank\">M078 &#8211; Transposition didactique en histoire. Support de cours :: historiographie<\/a> et le compte-rendu sur la <i>Premi&egrave;re guerre mondiale<\/i>).<\/p>\n<p style=\"text-align:justify;\">La cohabitation entre historiens et enseignants est f&eacute;conde puisque le CRID 14-18 propose un dossier p&eacute;dagogique fort remarquable dans sa conception et son articulation.<\/p>\n<p style=\"text-align:justify;\">En effet, ce dossier est subdivis&eacute; en trois parties :<\/p>\n<p style=\"text-align:justify;\">&mdash; Avec <i>&laquo;Enseigner la Grande Guerre : d&eacute;bats et probl&egrave;mes&raquo;<\/i>, cette partie propose un &eacute;tat des lieux historiographiques tant universitaires que scolaire. On y trouve notamment un &eacute;tat des lieux de la Grande Guerre dans les manuels scolaires ainsi qu&rsquo;un  <a href=\"http:\/\/www.crid1418.org\/espace_scientifique\/textes\/conceptsgg_01.htm\" target=\"_blank\">R&eacute;pertoire critique des concepts<\/a> en lien les questions de la <i>&laquo;culture de guerre&raquo;<\/i> et de la <i>&laquo;brutalisation&raquo;<\/i>.<\/p>\n<p style=\"text-align:justify;\">&mdash; La deuxi&egrave;me partie propose un certain nombre de s&eacute;quences d&rsquo;enseignement, cours, exercices et &eacute;valuations CRID 14-18.<\/p>\n<p style=\"text-align:justify;\">&mdash; Pour sa part, la troisi&egrave;me partie renvoie &agrave; des documents p&eacute;dagogiques.<\/p>\n<p style=\"text-align:justify;\">Des r&eacute;f&eacute;rences compl&eacute;mentaires sont enfin propos&eacute;es pour ceux qui d&eacute;sirent aller plus loin (bibliographies, filmographie).<\/p>\n<p style=\"text-align:justify;\">Chacun-e peut aussi prolonger le dossier et la discussion au travers du <a href=\"http:\/\/www.crid1418.org\/forum\/index.php\" target=\"_blank\">forum du site<\/a>.<\/p>\n<p style=\"text-align:justify;\">Cette initiative est &agrave; saluer et illustre une transposition didactique r&eacute;ussie d&rsquo;un sujet d&rsquo;histoire scolaire ainsi que la force du travail en &eacute;quipe.<\/p>\n<p style=\"text-align:justify;\">\n<p style=\"text-align:justify;\">La page : <a href=\"http:\/\/www.crid1418.org\/espace_pedagogique\/accueil_pedago.html\" target=\"_blank\">http:\/\/www.crid1418.org\/espace_pedagogique\/accueil_pedago.html <\/a><\/p>\n","protected":false},"excerpt":{"rendered":"<p>Le CRID 14-18 (Collectif de Recherche International et de D&eacute;bat sur la Guerre de 1914-1918) est un collectif d&rsquo;historiens et d&rsquo;enseignants, n&eacute; en &laquo;r&eacute;action&raquo; aux historiens r&eacute;unis sous l&rsquo;Historial de la Grande Guerre. Ce qui les oppose? Leur interpr&eacute;tation de la culture de guerre et de la brutalisation des soci&eacute;t&eacute;s europ&eacute;ennes du d&eacute;but du XXe [&hellip;]<\/p>\n","protected":false},"author":1,"featured_media":14680,"comment_status":"open","ping_status":"open","sticky":false,"template":"","format":"standard","meta":{"_import_markdown_pro_load_document_selector":0,"_import_markdown_pro_submit_text_textarea":"","_genesis_hide_title":false,"_genesis_hide_breadcrumbs":false,"_genesis_hide_singular_image":false,"_genesis_hide_footer_widgets":false,"_genesis_custom_body_class":"","_genesis_custom_post_class":"","_genesis_layout":"","jetpack_post_was_ever_published":false,"_jetpack_newsletter_access":"","_jetpack_dont_email_post_to_subs":false,"_jetpack_newsletter_tier_id":0,"_jetpack_memberships_contains_paywalled_content":false,"_jetpack_memberships_contains_paid_content":false,"activitypub_content_warning":"","activitypub_content_visibility":"","activitypub_max_image_attachments":3,"activitypub_interaction_policy_quote":"anyone","activitypub_status":"","footnotes":"","jetpack_publicize_message":"","jetpack_publicize_feature_enabled":true,"jetpack_social_post_already_shared":true,"jetpack_social_options":{"image_generator_settings":{"template":"fullscreen","default_image_id":0,"font":"","enabled":false},"version":2}},"categories":[2],"tags":[],"class_list":{"0":"post-7843","1":"post","2":"type-post","3":"status-publish","4":"format-standard","5":"has-post-thumbnail","7":"category-histoire-2","8":"entry"},"jetpack_publicize_connections":[],"featured_image_src":"https:\/\/i0.wp.com\/lyonelkaufmann.ch\/Blog\/wp-content\/uploads\/2015\/03\/blogcafe1.jpg?resize=600%2C400&ssl=1","featured_image_src_square":"https:\/\/i0.wp.com\/lyonelkaufmann.ch\/Blog\/wp-content\/uploads\/2015\/03\/blogcafe1.jpg?resize=600%2C600&ssl=1","author_info":{"display_name":"Lyonel Kaufmann","author_link":"https:\/\/lyonelkaufmann.ch\/Blog\/author\/lyonelk\/"},"jetpack_featured_media_url":"https:\/\/i0.wp.com\/lyonelkaufmann.ch\/Blog\/wp-content\/uploads\/2015\/03\/blogcafe1.jpg?fit=1024%2C683&ssl=1","jetpack_sharing_enabled":true,"jetpack_shortlink":"https:\/\/wp.me\/p1qtF4-22v","jetpack-related-posts":[{"id":8041,"url":"https:\/\/lyonelkaufmann.ch\/Blog\/2014\/06\/11\/revue-de-presse-14-18-intellectuels-et-troupiers\/","url_meta":{"origin":7843,"position":0},"title":"Revue de Presse : 14-18 : intellectuels et troupiers","author":"Lyonel Kaufmann","date":"11 juin 2014","format":false,"excerpt":"R\u00e9sum\u00e9 du compte-rendu (\u00e0 lire !) : \u00abL\u2019id\u00e9e d\u2019une union construite dans les tranch\u00e9es, dans le partage d\u2019une souffrance commune, a \u00e9t\u00e9 diffus\u00e9e dans l\u2019entre-deux-guerres, rappelle Nicolas Mariot, historien au CNRS. Selon lui, ce mythe est l\u2019effet d\u2019un double \u00e9cran : la nostalgie, fond\u00e9e sur l\u2019impossibilit\u00e9, pour les anciens combattants,\u2026","rel":"","context":"Dans &quot;histoire&quot;","block_context":{"text":"histoire","link":"https:\/\/lyonelkaufmann.ch\/Blog\/category\/histoire-2\/"},"img":{"alt_text":"","src":"https:\/\/i0.wp.com\/www.laviedesidees.fr\/local\/cache-vignettes\/L308xH484\/arton2696-4489c.jpg?resize=350%2C200","width":350,"height":200},"classes":[]},{"id":511,"url":"https:\/\/lyonelkaufmann.ch\/Blog\/2008\/11\/17\/14-18-le-bruit-et-la-fureur-le-retour-du-bourrage-de-crane\/","url_meta":{"origin":7843,"position":1},"title":"\u00ab14-18, le bruit et la fureur\u00bb ou le retour en 2008 du bourrage de cr\u00e2ne","author":"Lyonel Kaufmann","date":"17 novembre 2008","format":false,"excerpt":"Lors de la sortie du livre de Prost & Winter [Prost A. et Winter J. (2004). Penser la Grande Guerre. Un essai d\u2019historiographie. Paris: Points Histoire, 340p], les historiens de l'\u00e9cole du consentement (Historial de P\u00e9ronne) se plaignaient de l'attitude du public \u00e0 leur \u00e9gard et de la production cin\u00e9matographique\u2026","rel":"","context":"Dans &quot;histoire&quot;","block_context":{"text":"histoire","link":"https:\/\/lyonelkaufmann.ch\/Blog\/category\/histoire-2\/"},"img":{"alt_text":"","src":"https:\/\/i0.wp.com\/lyonelkaufmann.ch\/Blog\/wp-content\/uploads\/2015\/03\/046.jpg?fit=480%2C360&ssl=1&resize=350%2C200","width":350,"height":200},"classes":[]},{"id":300,"url":"https:\/\/lyonelkaufmann.ch\/Blog\/2008\/03\/13\/decede-lazare-ponticelli-fait-basuler-la-grande-guerre-dans-lhi\/","url_meta":{"origin":7843,"position":2},"title":"D\u00e9c\u00e9d\u00e9, Lazare Ponticelli fait basuler la Grande Guerre dans l&rsquo;Histoire","author":"Lyonel Kaufmann","date":"13 mars 2008","format":false,"excerpt":"Depuis le 24 janvier 2008, Lazare Ponticelli \u00e9tait le dernier poilu survivant de la Premi\u00e8re Guerre mondiale. En effet, Louis de Cazenave, ancien combattant de la guerre 1914-1918, venait de d\u00e9c\u00e9der \u00e0 l'\u00e2ge de 110 ans. Un peu moins de 2 mois plus tard, Lazare Ponticelli rejoignait \u00e0 110 ans\u2026","rel":"","context":"Dans &quot;histoire&quot;","block_context":{"text":"histoire","link":"https:\/\/lyonelkaufmann.ch\/Blog\/category\/histoire-2\/"},"img":{"alt_text":"","src":"","width":0,"height":0},"classes":[]},{"id":7890,"url":"https:\/\/lyonelkaufmann.ch\/Blog\/2013\/12\/22\/14-18-en-bande-dessinee-selection-de-ressources\/","url_meta":{"origin":7843,"position":3},"title":"14-18 en Bande dessin\u00e9e : s\u00e9lection de ressources","author":"Lyonel Kaufmann","date":"22 d\u00e9cembre 2013","format":false,"excerpt":"Voici une s\u00e9lection de r\u00e9f\u00e9rences en rapport avec la Premi\u00e8re Guerre mondiale au travers de la Bande Dessinn\u00e9e. http:\/\/www.youtube.com\/watch?v=wRVPL6O1sug La bande annonce de la bande dessin\u00e9e \"Putain de Guerre \" de Tardi en deux volumes sur la premi\u00e8re guerre mondiale. la premi\u00e8re guerre mondiale dans la bande dessin\u00e9e - Le\u2026","rel":"","context":"Dans &quot;histoire&quot;","block_context":{"text":"histoire","link":"https:\/\/lyonelkaufmann.ch\/Blog\/category\/histoire-2\/"},"img":{"alt_text":"","src":"https:\/\/i0.wp.com\/lyonelkaufmann.ch\/Blog\/wp-content\/uploads\/2015\/03\/0130.jpg?fit=480%2C360&ssl=1&resize=350%2C200","width":350,"height":200},"classes":[]},{"id":7883,"url":"https:\/\/lyonelkaufmann.ch\/Blog\/2013\/12\/06\/pourquoi-appelle-t-on-la-premiere-guerre-mondiale-la-grande-guerre-14-18-chroniques-du-centenaire\/","url_meta":{"origin":7843,"position":4},"title":"Pourquoi appelle-t-on la premi\u00e8re guerre mondiale la \u00ab\u00a0Grande Guerre\u00a0\u00bb ? | 14-18 : Chroniques du Centenaire","author":"Lyonel Kaufmann","date":"6 d\u00e9cembre 2013","format":false,"excerpt":"Toutes les nations bellig\u00e9rantes ont employ\u00e9 cette expression. Une question se pose pourtant : quand et dans quel pays l'expression \u00ab Grande Guerre \u00bb est-elle apparue pour la premi\u00e8re fois ? L'historien Nicolas Offenstadt, sp\u00e9cialiste de la premi\u00e8re guerre mondiale, r\u00e9pond : \u00ab A ma connaissance, on manque d'une \u00e9tude\u2026","rel":"","context":"Dans &quot;histoire&quot;","block_context":{"text":"histoire","link":"https:\/\/lyonelkaufmann.ch\/Blog\/category\/histoire-2\/"},"img":{"alt_text":"","src":"https:\/\/i0.wp.com\/lyonelkaufmann.ch\/Blog\/wp-content\/uploads\/2015\/03\/blogcafe1.jpg?fit=1024%2C683&ssl=1&resize=350%2C200","width":350,"height":200,"srcset":"https:\/\/i0.wp.com\/lyonelkaufmann.ch\/Blog\/wp-content\/uploads\/2015\/03\/blogcafe1.jpg?fit=1024%2C683&ssl=1&resize=350%2C200 1x, https:\/\/i0.wp.com\/lyonelkaufmann.ch\/Blog\/wp-content\/uploads\/2015\/03\/blogcafe1.jpg?fit=1024%2C683&ssl=1&resize=525%2C300 1.5x, https:\/\/i0.wp.com\/lyonelkaufmann.ch\/Blog\/wp-content\/uploads\/2015\/03\/blogcafe1.jpg?fit=1024%2C683&ssl=1&resize=700%2C400 2x"},"classes":[]},{"id":8540,"url":"https:\/\/lyonelkaufmann.ch\/Blog\/2014\/11\/11\/14-18-revue-de-presse-du-11-novembre\/","url_meta":{"origin":7843,"position":5},"title":"14-18 : revue de presse du 11 novembre","author":"Lyonel Kaufmann","date":"11 novembre 2014","format":false,"excerpt":"Les comm\u00e9morations de 14-18 battent leur plein plus particuli\u00e8rement en ce 11 novembre. Revue de presse subjective d\u2019articles actuels ou de 2014 sur le conflit. Documentaire. En m\u00e9moire de ces \u00abPoilus d\u2019ailleurs\u00bb | Mediapart\u00a0 Ils venaient de tous les coins du monde, enr\u00f4l\u00e9s de gr\u00e9 ou de force pour se\u2026","rel":"","context":"Dans &quot;histoire&quot;","block_context":{"text":"histoire","link":"https:\/\/lyonelkaufmann.ch\/Blog\/category\/histoire-2\/"},"img":{"alt_text":"","src":"https:\/\/i0.wp.com\/lyonelkaufmann.ch\/Blog\/wp-content\/uploads\/2015\/03\/1415738078_thumb.jpeg.jpg?fit=720%2C405&ssl=1&resize=350%2C200","width":350,"height":200,"srcset":"https:\/\/i0.wp.com\/lyonelkaufmann.ch\/Blog\/wp-content\/uploads\/2015\/03\/1415738078_thumb.jpeg.jpg?fit=720%2C405&ssl=1&resize=350%2C200 1x, https:\/\/i0.wp.com\/lyonelkaufmann.ch\/Blog\/wp-content\/uploads\/2015\/03\/1415738078_thumb.jpeg.jpg?fit=720%2C405&ssl=1&resize=525%2C300 1.5x, https:\/\/i0.wp.com\/lyonelkaufmann.ch\/Blog\/wp-content\/uploads\/2015\/03\/1415738078_thumb.jpeg.jpg?fit=720%2C405&ssl=1&resize=700%2C400 2x"},"classes":[]}],"jetpack_likes_enabled":true,"_links":{"self":[{"href":"https:\/\/lyonelkaufmann.ch\/Blog\/wp-json\/wp\/v2\/posts\/7843","targetHints":{"allow":["GET"]}}],"collection":[{"href":"https:\/\/lyonelkaufmann.ch\/Blog\/wp-json\/wp\/v2\/posts"}],"about":[{"href":"https:\/\/lyonelkaufmann.ch\/Blog\/wp-json\/wp\/v2\/types\/post"}],"author":[{"embeddable":true,"href":"https:\/\/lyonelkaufmann.ch\/Blog\/wp-json\/wp\/v2\/users\/1"}],"replies":[{"embeddable":true,"href":"https:\/\/lyonelkaufmann.ch\/Blog\/wp-json\/wp\/v2\/comments?post=7843"}],"version-history":[{"count":0,"href":"https:\/\/lyonelkaufmann.ch\/Blog\/wp-json\/wp\/v2\/posts\/7843\/revisions"}],"wp:featuredmedia":[{"embeddable":true,"href":"https:\/\/lyonelkaufmann.ch\/Blog\/wp-json\/wp\/v2\/media\/14680"}],"wp:attachment":[{"href":"https:\/\/lyonelkaufmann.ch\/Blog\/wp-json\/wp\/v2\/media?parent=7843"}],"wp:term":[{"taxonomy":"category","embeddable":true,"href":"https:\/\/lyonelkaufmann.ch\/Blog\/wp-json\/wp\/v2\/categories?post=7843"},{"taxonomy":"post_tag","embeddable":true,"href":"https:\/\/lyonelkaufmann.ch\/Blog\/wp-json\/wp\/v2\/tags?post=7843"}],"curies":[{"name":"wp","href":"https:\/\/api.w.org\/{rel}","templated":true}]}}