{"id":7844,"date":"2007-09-17T22:27:27","date_gmt":"2007-09-17T21:27:27","guid":{"rendered":"http:\/\/lyonelkaufmann.ch\/histoire\/2007\/09\/17\/jacques-martin-1933-2007-parabole-des-annes-giscard\/"},"modified":"2007-09-17T22:27:27","modified_gmt":"2007-09-17T21:27:27","slug":"jacques-martin-1933-2007-parabole-des-annes-giscard","status":"publish","type":"post","link":"https:\/\/lyonelkaufmann.ch\/Blog\/2007\/09\/17\/jacques-martin-1933-2007-parabole-des-annes-giscard\/","title":{"rendered":"Jacques Martin (1933-2007), parabole des ann\u00e9es Giscard"},"content":{"rendered":"<p><\/p>\n<div align=\"center\"><img data-recalc-dims=\"1\" decoding=\"async\" src=\"https:\/\/i0.wp.com\/www.liberation.fr\/culture\/_files\/file_278415_84290.jpg\" \/><br \/>Jacques Martin au Th&eacute;&acirc;tre de l&rsquo;Empire, le 21 d&eacute;cembre 1998 (AFP)<\/p>\n<\/div>\n<p style=\"text-align:justify;\">Dans le d&eacute;dale des hommages fun\u00e9raires consacr&eacute;s \u00e0 Jacques Martin, je ne pensais gu&egrave;re y trouver mon compte au-del&agrave; d&rsquo;une certains nostalgie relativement &agrave; la TV de mon d&eacute;but d&rsquo;adolescence. Jusqu&rsquo;&agrave; la lecture du journal <a href=\"http:\/\/www.24heures.ch\/\">&laquo;24Heures&raquo;<\/a> de ce samedi:<\/p>\n<blockquote>\n<p style=\"text-align:justify;\"><i>1975, en plein r&egrave;gne giscardien, Jacques Martin d&eacute;boule sur les &eacute;crans aux c&ocirc;t&eacute;s d&rsquo;une joyeuse bande de farfelus. Leurs noms: St&eacute;phane Collaro, Piem, Pierre Desproges ou encore Daniel Pr&eacute;vost. Leur hymne: La p&ecirc;che aux moules, une scie in&eacute;narrable trouss&eacute;e par l&rsquo;animateur lui-m&ecirc;me.<br \/>&#8232;<\/i>&laquo;C&rsquo;est le journal le plus amusant de France, mais je d&eacute;conseille &agrave; mes ministres d&rsquo;y participer&raquo;<i>, commente alors Giscard. Chaque dimanche, apr&egrave;s la messe, la France se plie en deux. [&#8230;]<br \/>&#8232;L&rsquo;esprit satirique de cette parodie de journal t&eacute;l&eacute;vis&eacute; n&rsquo;est cependant pas du go&ucirc;t de tout le monde. En 1976, la fine &eacute;quipe s&rsquo;exile sur Antenne 2 (aujourd&rsquo;hui France 2) pour y observer l&rsquo;actualit&eacute; par le petit bout de La lorgnette. Le bail durera vingt ans. Le temps pour Jacques Martin de squatter la quasi-totalit&eacute; des programmes dominicaux.<br \/>&#8232;D&eacute;sormais moins soucieux de faire rire aux d&eacute;pens de ses contemporains, l&rsquo;animateur &laquo;le plus populaire de France&raquo; d&eacute;cide de se consacrer &agrave; un public plus familial. <\/i><\/p>\n<\/blockquote>\n<p style=\"text-align:justify;\">Ainsi fait, cet article permet de replacer le parcours t&eacute;l&eacute;visuel de l&rsquo;animateur dans la perspective plus large de la pr&eacute;sidence de Val&eacute;ry Giscard d&rsquo;Estaing. En effet, l&rsquo;aventure de cet animateur n&rsquo;aurait pas &eacute;t&eacute; possible dans la t&eacute;l&eacute; quasi-stalinienne des ann&eacute;es de Gaulle, puis Pompidou, crisp&eacute;e par le choc de l&rsquo;ann&eacute;e 1968 et engonc&eacute;e dans son formol.<\/p>\n<p style=\"text-align:justify;\">Cette trajectoire t&eacute;l&eacute;visuelle nous offre une parabole du septennat giscardien. Petit retour en arri&egrave;re.<\/p>\n<div align=\"center\"><img data-recalc-dims=\"1\" decoding=\"async\" src=\"https:\/\/i0.wp.com\/www.lepolitique.com\/actu\/affiches\/histoire\/giscard.jpg\" \/><\/p>\n<\/div>\n<p style=\"text-align:justify;\">Avec sa candidature, Giscard d&rsquo;Estaing se positionne comme le candidat du renouveau, jeune, dynamique, d&eacute;sireux de r&eacute;former la France en profondeur. Une fois &eacute;lu, il se propose de tourner la page du gaullisme pour engager la France dans le moule lib&eacute;ral. Seulement voil&agrave;, cette nouvelle soci&eacute;t&eacute; giscardienne se prend rapidement les pieds dans le tapis de la crise du syst&egrave;me fordiste, acc&eacute;l&eacute;r&eacute;e par la crise p&eacute;troli&egrave;re de 1973. Et, apr&egrave;s deux ans d&rsquo;une volont&eacute; de modernisation de la soci&eacute;t&eacute; (abaissement de la majorit&eacute; &agrave; l&rsquo;&acirc;ge de 18 ans, loi sur l&rsquo;interruption volontaire de grossesse, divorce par consentement mutuel, cr&eacute;ation d&rsquo;un secr&eacute;tariat d&rsquo;&Eacute;tat &agrave; la condition f&eacute;minine), la deuxi&egrave;me partie du septennat giscardien change drastiquement de cap pour privil&eacute;gier une logique gestionnaire et conservatrice sur fond de la mont&eacute;e d&rsquo;un ch&ocirc;mage de masse.<\/p>\n<div align=\"center\"><img data-recalc-dims=\"1\" decoding=\"async\" src=\"https:\/\/i0.wp.com\/www.lmlr.fr\/images\/Le_Petit_Rapporteur.jpg\" \/><br \/>Jaquette du DVD de la Paramount &#8211; Le Petit Rapporteur (2006)<\/p>\n<\/div>\n<p style=\"text-align:justify;\">Le ton d&eacute;capant du <i>Petit rapporteur<\/i> transpose donc sur le petit &eacute;cran cet &eacute;lan modernisateur. Les chroniques villageoises de Pierre Bonte remplacent la m&egrave;re Denis, sans moderniser autrement que par leur ton le monde rural fran&ccedil;ais. Ces chroniques illustrent ainsi l&rsquo;ambigu&iuml;t&eacute; de cet &eacute;lan modernisateur tant t&eacute;l&eacute;visuel que politique du septennat.<\/p>\n<div align=\"center\"><img data-recalc-dims=\"1\" decoding=\"async\" src=\"https:\/\/i0.wp.com\/www.kitof.net\/images\/jacquesmartin.jpg\" \/><br \/>Source : inconnue (image reprise de http:\/\/www.kitof.net\/images\/jacquesmartin.jpg)<\/p>\n<\/div>\n<p style=\"text-align:justify;\">Et deux apr&egrave;s d&eacute;j&agrave; comme le pr&eacute;sident, l&rsquo;animateur Jacques Martin se voit contraint d&rsquo;effectuer progressivement un virage sur l&rsquo;aile. D&rsquo;abord en quittant la premi&egrave;re cha&icirc;ne pour atterrir sur Antenne 2, puis en &eacute;dulcorant de plus en plus ses &eacute;missions. Jacques Martin ne retrouvera son ton caustique qu&rsquo;&agrave; la fin des ann&eacute;es 1990, juste avant son &eacute;viction du petit &eacute;cran &agrave; la suite de son accident c&eacute;r&eacute;bral.<\/p>\n<div align=\"center\"><img data-recalc-dims=\"1\" decoding=\"async\" src=\"https:\/\/i0.wp.com\/societe.photos.fluctuat.net\/images\/dossiers\/s\/o\/societe\/Photos-officielles-les-presidents-de-la-republique\/IM-3405-Photo-officielle-du-President-Giscard-D-Estaing.jpg\" \/><br \/>Portrait officiel du pr&eacute;sident Val&eacute;ry Giscard d&rsquo;Estaing<\/div>\n<p style=\"text-align:justify;\">\n<p style=\"text-align:justify;\">Pour Val&eacute;ry Giscard d&rsquo;Estaing, les choses n&rsquo;iront pas aussi bien que pour Jacques Martin et les ennuis ne cessent de s&rsquo;accumuler &agrave; partir de 1978. Ainsi, lors des &eacute;lections l&eacute;gislatives de 1978, la droite l&#8217;emporte mais le RPR de Jacques Chirac remporte 154 si&egrave;ges tandis que son parti, l&rsquo;UDF, seulement 124. Jacques Chirac affiche son hostilit&eacute; envers l&rsquo;UDF qui est pour lui &laquo;le parti de l&rsquo;&eacute;tranger&raquo;, car trop tourn&eacute; vers l&rsquo;Europe et non vers la Nation. Puis la crise en France est de plus en plus grave. Peu &agrave; peu, la personnalit&eacute; m&ecirc;me de Giscard est contest&eacute;e : ses repas avec le Fran&ccedil;ais moyen finissent par agacer ou susciter des moqueries. Enfin c&rsquo;est le scandale des diamants de Bokassa qui pr&eacute;cipitera sa d&eacute;ch&eacute;ance. <\/p>\n<p style=\"text-align:justify;\">A lire:<\/p>\n<p style=\"text-align:justify;\">S. Berstein et JF Sirinelli (sous la direction de) (2007). <i>Les ann&eacute;es Giscard. Les r&eacute;formes de soci&eacute;t&eacute; (1974-1981)<\/i>&#160;; Paris: Armand Colin. Voir le <a href=\"http:\/\/www.clionautes.org\/spip.php?article1423\" target=\"_blank\">compte-rendu<\/a> des Clionautes.<\/p>\n<p style=\"text-align:justify;\">R. Boyer, J.P. Durand (1993). <i>L&rsquo;Apr&egrave;s fordisme<\/i>. Paris: Editions Syros. Nlle &eacute;dition 1998.<\/p>\n<p style=\"text-align:justify;\">Multitudes : <a href=\"http:\/\/multitudes.samizdat.net\/article1616.html\" target=\"_blank\">La crise du rapport salarial fordiste&#160;: une interpr&eacute;tation<\/a> <\/p>\n","protected":false},"excerpt":{"rendered":"<p>Jacques Martin au Th&eacute;&acirc;tre de l&rsquo;Empire, le 21 d&eacute;cembre 1998 (AFP) Dans le d&eacute;dale des hommages fun\u00e9raires consacr&eacute;s \u00e0 Jacques Martin, je ne pensais gu&egrave;re y trouver mon compte au-del&agrave; d&rsquo;une certains nostalgie relativement &agrave; la TV de mon d&eacute;but d&rsquo;adolescence. Jusqu&rsquo;&agrave; la lecture du journal &laquo;24Heures&raquo; de ce samedi: 1975, en plein r&egrave;gne giscardien, [&hellip;]<\/p>\n","protected":false},"author":1,"featured_media":5728,"comment_status":"open","ping_status":"open","sticky":false,"template":"","format":"standard","meta":{"_import_markdown_pro_load_document_selector":0,"_import_markdown_pro_submit_text_textarea":"","_genesis_hide_title":false,"_genesis_hide_breadcrumbs":false,"_genesis_hide_singular_image":false,"_genesis_hide_footer_widgets":false,"_genesis_custom_body_class":"","_genesis_custom_post_class":"","_genesis_layout":"","jetpack_post_was_ever_published":false,"_jetpack_newsletter_access":"","_jetpack_dont_email_post_to_subs":false,"_jetpack_newsletter_tier_id":0,"_jetpack_memberships_contains_paywalled_content":false,"_jetpack_memberships_contains_paid_content":false,"activitypub_content_warning":"","activitypub_content_visibility":"","activitypub_max_image_attachments":3,"activitypub_interaction_policy_quote":"anyone","activitypub_status":"","footnotes":"","jetpack_publicize_message":"","jetpack_publicize_feature_enabled":true,"jetpack_social_post_already_shared":true,"jetpack_social_options":{"image_generator_settings":{"template":"fullscreen","default_image_id":0,"font":"","enabled":false},"version":2}},"categories":[2],"tags":[],"class_list":{"0":"post-7844","1":"post","2":"type-post","3":"status-publish","4":"format-standard","5":"has-post-thumbnail","7":"category-histoire-2","8":"entry"},"jetpack_publicize_connections":[],"featured_image_src":null,"featured_image_src_square":null,"author_info":{"display_name":"Lyonel Kaufmann","author_link":"https:\/\/lyonelkaufmann.ch\/Blog\/author\/lyonelk\/"},"jetpack_featured_media_url":"","jetpack_sharing_enabled":true,"jetpack_shortlink":"https:\/\/wp.me\/p1qtF4-22w","jetpack-related-posts":[{"id":7848,"url":"https:\/\/lyonelkaufmann.ch\/Blog\/2007\/09\/24\/aprs-alix-voil-hotep-et-legypte-antique\/","url_meta":{"origin":7844,"position":0},"title":"Apr\u00e8s Alix, voil\u00e0 Hotep et l&rsquo;Egypte antique","author":"Lyonel Kaufmann","date":"24 septembre 2007","format":false,"excerpt":"Le Matin Online > L'h\u00e9ritier d'Alix lance sa propre s\u00e9rie historique - Loisirs > Culture (dimanche 22 septembre 2007) Apr\u00e8s dix-huit ans de travail aupr\u00e8s de son \u00abma\u00eetre\u00bb Jacques Martin, l'auteur d'origine suisse Rafael Morales lance \u00abHotep\u00bb, sa propre s\u00e9rie dont l'histoire se situe dans l'Egypte antique. Le premier volume,\u2026","rel":"","context":"Dans &quot;histoire&quot;","block_context":{"text":"histoire","link":"https:\/\/lyonelkaufmann.ch\/Blog\/category\/histoire-2\/"},"img":{"alt_text":"","src":"","width":0,"height":0},"classes":[]},{"id":4050,"url":"https:\/\/lyonelkaufmann.ch\/Blog\/2011\/09\/04\/pourquoi-ne-peut-on-pas-voir-le-discours-de-martin-luther-king-i-have-a-dream-sur-youtube\/","url_meta":{"origin":7844,"position":1},"title":"Pourquoi ne peut-on pas voir le discours de Martin Luther King &lsquo;I have a Dream&rsquo; sur Youtube?","author":"Lyonel Kaufmann","date":"4 septembre 2011","format":false,"excerpt":"Surprise, le fameux discours du pasteur Martin Luther King ne tombera pas dans le domaine public avant 2038\u2026 Express.be nous en explique les raisons. \u00abOn pourrait s\u2019attendre \u00e0 ce qu\u2019un discours historique tombe automatiquement dans le domaine public et devienne disponible \u00e0 la consultation gratuite sur Youtube. Mais ce n\u2019est\u2026","rel":"","context":"Dans &quot;histoire&quot;","block_context":{"text":"histoire","link":"https:\/\/lyonelkaufmann.ch\/Blog\/category\/histoire-2\/"},"img":{"alt_text":"20060829115601 Martin Luther King March on Washington","src":"https:\/\/i0.wp.com\/lyonelkaufmann.ch\/histoire\/wp-content\/uploads\/2011\/09\/20060829115601Martin_Luther_King_-_March_on_Washington1.jpg?resize=350%2C200","width":350,"height":200},"classes":[]},{"id":12786,"url":"https:\/\/lyonelkaufmann.ch\/Blog\/2012\/11\/13\/vevey-saint-martin\/","url_meta":{"origin":7844,"position":2},"title":"Vevey Saint-Martin","author":"Lyonel Kaufmann","date":"13 novembre 2012","format":"image","excerpt":"Vevey Jour de la Foire Saint-Martin sur les Quais.","rel":"","context":"Dans &quot;L'Expresso&quot;","block_context":{"text":"L'Expresso","link":"https:\/\/lyonelkaufmann.ch\/Blog\/category\/breves\/"},"img":{"alt_text":"","src":"https:\/\/i0.wp.com\/lyonelkaufmann.ch\/Blog\/wp-content\/uploads\/2015\/03\/20121113-084318.jpg?fit=486%2C650&ssl=1&resize=350%2C200","width":350,"height":200},"classes":[]},{"id":16881,"url":"https:\/\/lyonelkaufmann.ch\/Blog\/2016\/07\/08\/vendredi-8-juillet-photo-du-jour-roadtrip-norvege-2016\/","url_meta":{"origin":7844,"position":3},"title":"Vendredi 8 juillet : Photo du jour #Roadtrip #Norv\u00e8ge 2016","author":"Lyonel Kaufmann","date":"8 juillet 2016","format":false,"excerpt":"Quelques heures avant la rencontre avec les Indon\u00e9siens, j'ai r\u00e9alis\u00e9 la photo suivante avec Martin et sa fille au sommet de la route des Trolls. C'\u00e9tait sur l'une des passerelles pr\u00e9vue pour prendre les photos. En apercevant Martin et sa fille dans cette posture, je n'ai pas pu m'emp\u00eacher de\u2026","rel":"","context":"Dans &quot;Diary&quot;","block_context":{"text":"Diary","link":"https:\/\/lyonelkaufmann.ch\/Blog\/category\/diary\/"},"img":{"alt_text":"","src":"https:\/\/i0.wp.com\/lyonelkaufmann.ch\/Blog\/wp-content\/uploads\/2016\/07\/imgp0880-1.jpg?fit=801%2C1200&ssl=1&resize=350%2C200","width":350,"height":200,"srcset":"https:\/\/i0.wp.com\/lyonelkaufmann.ch\/Blog\/wp-content\/uploads\/2016\/07\/imgp0880-1.jpg?fit=801%2C1200&ssl=1&resize=350%2C200 1x, https:\/\/i0.wp.com\/lyonelkaufmann.ch\/Blog\/wp-content\/uploads\/2016\/07\/imgp0880-1.jpg?fit=801%2C1200&ssl=1&resize=525%2C300 1.5x, https:\/\/i0.wp.com\/lyonelkaufmann.ch\/Blog\/wp-content\/uploads\/2016\/07\/imgp0880-1.jpg?fit=801%2C1200&ssl=1&resize=700%2C400 2x"},"classes":[]},{"id":6847,"url":"https:\/\/lyonelkaufmann.ch\/Blog\/2013\/03\/15\/analyse-de-reseau%e2%8e%9ccartographier-lactivite-de-la-societe-des-nations-martin-grandjean\/","url_meta":{"origin":7844,"position":4},"title":"Analyse de r\u00e9seau\u239cCartographier l&rsquo;activit\u00e9 de la Soci\u00e9t\u00e9 des Nations | Martin Grandjean","author":"Lyonel Kaufmann","date":"15 mars 2013","format":false,"excerpt":"Comprendre le fonctionnement d\u2019une institution internationale, c\u2019est aussi comprendre les r\u00e9seaux de personnes qu\u2019elle structure et dans lesquels elle s\u2019inscrit. Les tr\u00e8s riches archives de la Soci\u00e9t\u00e9 des Nations SDN, conserv\u00e9es au Palais des Nations \u00e0 Gen\u00e8ve qui abrite d\u00e9sormais l\u2019ONU, qui a succ\u00e9d\u00e9 \u00e0 la SDN apr\u00e8s la Seconde\u2026","rel":"","context":"Dans &quot;histoire&quot;","block_context":{"text":"histoire","link":"https:\/\/lyonelkaufmann.ch\/Blog\/category\/histoire-2\/"},"img":{"alt_text":"","src":"https:\/\/i0.wp.com\/lyonelkaufmann.ch\/Blog\/wp-content\/uploads\/2015\/03\/AnalyseReseauSDN.png?fit=793%2C528&ssl=1&resize=350%2C200","width":350,"height":200,"srcset":"https:\/\/i0.wp.com\/lyonelkaufmann.ch\/Blog\/wp-content\/uploads\/2015\/03\/AnalyseReseauSDN.png?fit=793%2C528&ssl=1&resize=350%2C200 1x, https:\/\/i0.wp.com\/lyonelkaufmann.ch\/Blog\/wp-content\/uploads\/2015\/03\/AnalyseReseauSDN.png?fit=793%2C528&ssl=1&resize=525%2C300 1.5x, https:\/\/i0.wp.com\/lyonelkaufmann.ch\/Blog\/wp-content\/uploads\/2015\/03\/AnalyseReseauSDN.png?fit=793%2C528&ssl=1&resize=700%2C400 2x"},"classes":[]},{"id":3599,"url":"https:\/\/lyonelkaufmann.ch\/Blog\/2011\/03\/03\/la-bande-dessinee-historique-universite-de-pau\/","url_meta":{"origin":7844,"position":5},"title":"La bande dessin\u00e9e historique | Universit\u00e9 de Pau","author":"Lyonel Kaufmann","date":"3 mars 2011","format":false,"excerpt":"L'Universit\u00e9 de Pau organise en novembre prochain son Premier colloque international sur la Bande dessin\u00e9e historique (23-25 novembre 2011). L'appel \u00e0 contribution est ouvert jusqu'au 30 avril 2011. Cette premi\u00e8re \u00e9dition est centr\u00e9e sur la bande dessin\u00e9e et l'Antiquit\u00e9. La pr\u00e9sentation du colloque et de la th\u00e9matique En janvier 2010\u2026","rel":"","context":"Dans &quot;histoire&quot;","block_context":{"text":"histoire","link":"https:\/\/lyonelkaufmann.ch\/Blog\/category\/histoire-2\/"},"img":{"alt_text":"","src":"https:\/\/i0.wp.com\/lyonelkaufmann.ch\/histoire\/wp-content\/uploads\/2011\/03\/101713_Alix_intrepide_Casterman_reed_Lombard.jpg?resize=350%2C200","width":350,"height":200},"classes":[]}],"jetpack_likes_enabled":true,"_links":{"self":[{"href":"https:\/\/lyonelkaufmann.ch\/Blog\/wp-json\/wp\/v2\/posts\/7844","targetHints":{"allow":["GET"]}}],"collection":[{"href":"https:\/\/lyonelkaufmann.ch\/Blog\/wp-json\/wp\/v2\/posts"}],"about":[{"href":"https:\/\/lyonelkaufmann.ch\/Blog\/wp-json\/wp\/v2\/types\/post"}],"author":[{"embeddable":true,"href":"https:\/\/lyonelkaufmann.ch\/Blog\/wp-json\/wp\/v2\/users\/1"}],"replies":[{"embeddable":true,"href":"https:\/\/lyonelkaufmann.ch\/Blog\/wp-json\/wp\/v2\/comments?post=7844"}],"version-history":[{"count":0,"href":"https:\/\/lyonelkaufmann.ch\/Blog\/wp-json\/wp\/v2\/posts\/7844\/revisions"}],"wp:featuredmedia":[{"embeddable":true,"href":"https:\/\/lyonelkaufmann.ch\/Blog\/wp-json\/"}],"wp:attachment":[{"href":"https:\/\/lyonelkaufmann.ch\/Blog\/wp-json\/wp\/v2\/media?parent=7844"}],"wp:term":[{"taxonomy":"category","embeddable":true,"href":"https:\/\/lyonelkaufmann.ch\/Blog\/wp-json\/wp\/v2\/categories?post=7844"},{"taxonomy":"post_tag","embeddable":true,"href":"https:\/\/lyonelkaufmann.ch\/Blog\/wp-json\/wp\/v2\/tags?post=7844"}],"curies":[{"name":"wp","href":"https:\/\/api.w.org\/{rel}","templated":true}]}}