{"id":7845,"date":"2007-09-21T00:28:24","date_gmt":"2007-09-20T23:28:24","guid":{"rendered":"http:\/\/lyonelkaufmann.ch\/histoire\/2007\/09\/21\/thse-du-hobbit-comme-un-nouvel-hominid-corrobore-par-une-tude\/"},"modified":"2007-09-21T00:28:24","modified_gmt":"2007-09-20T23:28:24","slug":"thse-du-hobbit-comme-un-nouvel-hominid-corrobore-par-une-tude","status":"publish","type":"post","link":"https:\/\/lyonelkaufmann.ch\/Blog\/2007\/09\/21\/thse-du-hobbit-comme-un-nouvel-hominid-corrobore-par-une-tude\/","title":{"rendered":"Th\u00e8se du \u00ab\u00a0hobbit\u00a0\u00bb comme un nouvel hominid\u00e9 corrobor\u00e9e par une \u00e9tude"},"content":{"rendered":"<div align=\"justify\">L&rsquo;analyse de trois os d&rsquo;un poignet corrobore la th&egrave;se controvers&eacute;e selon laquelle le \u00ab\u00a0hobbit\u00a0\u00bb, humano&iuml;de de petite taille dont des ossements ont &eacute;t&eacute; d&eacute;couverts en 2003 en Indon&eacute;sie, est bien une nouvelle esp&egrave;ce d&rsquo;hominid&eacute;. C&rsquo;est ce qu&rsquo;indique une &eacute;tude publi&eacute;e jeudi.<br \/>\nLes d&eacute;tracteurs de cette conclusion, font valoir que les os fossilis&eacute;s du \u00ab\u00a0hobbit\u00a0\u00bb d&eacute;couvert sur l&rsquo;&icirc;le indon&eacute;sienne de Flor&egrave;s, sont ceux d&rsquo;un anc&ecirc;tre de l&rsquo;homme victime de malformations.<br \/>\nMais cette derni&egrave;re d&eacute;couverte apr&egrave;s d&rsquo;autres analyses, notamment des empreintes de l&rsquo;int&eacute;rieur du cr&acirc;ne du \u00ab\u00a0hobbit\u00a0\u00bb, baptis&eacute; \u00ab\u00a0Homo floresiensis\u00a0\u00bb, fournit un nouvel &eacute;l&eacute;ment en faveur de la th&egrave;se d&rsquo;une esp&egrave;ce d&rsquo;hominid&eacute; diff&eacute;rente ayant v&eacute;cu durant la m&ecirc;me p&eacute;riode que les premiers humains.<br \/>\nLes fossiles datent dans les deux cas du Pl&eacute;istoc&egrave;ne sup&eacute;rieur (- 120&rsquo;000 &agrave; &#8211; 10&rsquo;000 ans environ), rappellent les auteurs de l&rsquo;&eacute;tude publi&eacute;e dans la revue am&eacute;ricaine Science.<\/p>\n<p><b>Source :<\/b> SDA-ATS News Service<\/div>\n","protected":false},"excerpt":{"rendered":"<p>L&rsquo;analyse de trois os d&rsquo;un poignet corrobore la th&egrave;se controvers&eacute;e selon laquelle le \u00ab\u00a0hobbit\u00a0\u00bb, humano&iuml;de de petite taille dont des ossements ont &eacute;t&eacute; d&eacute;couverts en 2003 en Indon&eacute;sie, est bien une nouvelle esp&egrave;ce d&rsquo;hominid&eacute;. C&rsquo;est ce qu&rsquo;indique une &eacute;tude publi&eacute;e jeudi. Les d&eacute;tracteurs de cette conclusion, font valoir que les os fossilis&eacute;s du \u00ab\u00a0hobbit\u00a0\u00bb d&eacute;couvert [&hellip;]<\/p>\n","protected":false},"author":1,"featured_media":14680,"comment_status":"open","ping_status":"open","sticky":false,"template":"","format":"standard","meta":{"_import_markdown_pro_load_document_selector":0,"_import_markdown_pro_submit_text_textarea":"","_genesis_hide_title":false,"_genesis_hide_breadcrumbs":false,"_genesis_hide_singular_image":false,"_genesis_hide_footer_widgets":false,"_genesis_custom_body_class":"","_genesis_custom_post_class":"","_genesis_layout":"","jetpack_post_was_ever_published":false,"_jetpack_newsletter_access":"","_jetpack_dont_email_post_to_subs":false,"_jetpack_newsletter_tier_id":0,"_jetpack_memberships_contains_paywalled_content":false,"_jetpack_memberships_contains_paid_content":false,"activitypub_content_warning":"","activitypub_content_visibility":"","activitypub_max_image_attachments":3,"activitypub_interaction_policy_quote":"anyone","activitypub_status":"","footnotes":"","jetpack_publicize_message":"","jetpack_publicize_feature_enabled":true,"jetpack_social_post_already_shared":true,"jetpack_social_options":{"image_generator_settings":{"template":"fullscreen","default_image_id":0,"font":"","enabled":false},"version":2}},"categories":[2],"tags":[],"class_list":{"0":"post-7845","1":"post","2":"type-post","3":"status-publish","4":"format-standard","5":"has-post-thumbnail","7":"category-histoire-2","8":"entry"},"jetpack_publicize_connections":[],"featured_image_src":"https:\/\/i0.wp.com\/lyonelkaufmann.ch\/Blog\/wp-content\/uploads\/2015\/03\/blogcafe1.jpg?resize=600%2C400&ssl=1","featured_image_src_square":"https:\/\/i0.wp.com\/lyonelkaufmann.ch\/Blog\/wp-content\/uploads\/2015\/03\/blogcafe1.jpg?resize=600%2C600&ssl=1","author_info":{"display_name":"Lyonel Kaufmann","author_link":"https:\/\/lyonelkaufmann.ch\/Blog\/author\/lyonelk\/"},"jetpack_featured_media_url":"https:\/\/i0.wp.com\/lyonelkaufmann.ch\/Blog\/wp-content\/uploads\/2015\/03\/blogcafe1.jpg?fit=1024%2C683&ssl=1","jetpack_sharing_enabled":true,"jetpack_shortlink":"https:\/\/wp.me\/p1qtF4-22x","jetpack-related-posts":[{"id":12471,"url":"https:\/\/lyonelkaufmann.ch\/Blog\/2006\/03\/10\/liberation-laonastes-aenigmamus-lecureuil-prehistorique\/","url_meta":{"origin":7845,"position":0},"title":"Lib\u00e9ration :\u00a0Laonastes aenigmamus, l\u2019\u00e9cureuil pr\u00e9historique","author":"Lyonel Kaufmann","date":"10 mars 2006","format":false,"excerpt":"Alors que la neige se remet \u00e0 tomber sur La Tour-de-Peilz, la nouvelle suivante de Lib\u00e9ration \u00e9gaye aussi mon apr\u00e8s-midi : Lib\u00e9ration : Laonastes aenigmamus, l'\u00e9cureuil pr\u00e9historique: Laonastes aenigmamus, l'\u00e9cureuil pr\u00e9historique D\u00e9couvert lors de fouilles arch\u00e9ologiques au Laos, le rongeur est le descendant d'une esp\u00e8ce disparue il y a onze\u2026","rel":"","context":"Dans &quot;Blogcaf\u00e9&quot;","block_context":{"text":"Blogcaf\u00e9","link":"https:\/\/lyonelkaufmann.ch\/Blog\/category\/blogcafe-2\/"},"img":{"alt_text":"","src":"https:\/\/i0.wp.com\/lyonelkaufmann.ch\/Blog\/wp-content\/uploads\/2015\/03\/blogcafe1.jpg?fit=1024%2C683&ssl=1&resize=350%2C200","width":350,"height":200,"srcset":"https:\/\/i0.wp.com\/lyonelkaufmann.ch\/Blog\/wp-content\/uploads\/2015\/03\/blogcafe1.jpg?fit=1024%2C683&ssl=1&resize=350%2C200 1x, https:\/\/i0.wp.com\/lyonelkaufmann.ch\/Blog\/wp-content\/uploads\/2015\/03\/blogcafe1.jpg?fit=1024%2C683&ssl=1&resize=525%2C300 1.5x, https:\/\/i0.wp.com\/lyonelkaufmann.ch\/Blog\/wp-content\/uploads\/2015\/03\/blogcafe1.jpg?fit=1024%2C683&ssl=1&resize=700%2C400 2x"},"classes":[]},{"id":8655,"url":"https:\/\/lyonelkaufmann.ch\/Blog\/2015\/01\/17\/la-decouverte-de-cet-outil-prehistorique-remet-en-cause-levolution-humaine\/","url_meta":{"origin":7845,"position":1},"title":"La d\u00e9couverte de cet outil pr\u00e9historique remet en cause l&rsquo;\u00e9volution humaine","author":"Lyonel Kaufmann","date":"17 janvier 2015","format":false,"excerpt":"Des chercheurs de l'Universit\u00e9 de Montr\u00e9al ont d\u00e9couvert en juin 2014, un outil en os taill\u00e9 par l'homme, sur le site arch\u00e9ologique de la grotte du Bison, en Bourgogne, rapportait ce vendredi\u00a0Radio Canada. Il daterait de l'\u00e9poque n\u00e9andertalienne, soit il y a plus de 55.000 ans. Ses fonctions \u00e9taient multiples\u2026","rel":"","context":"Dans &quot;histoire&quot;","block_context":{"text":"histoire","link":"https:\/\/lyonelkaufmann.ch\/Blog\/category\/histoire-2\/"},"img":{"alt_text":"","src":"https:\/\/i0.wp.com\/lyonelkaufmann.ch\/Blog\/wp-content\/uploads\/2015\/02\/o-outils-en-os-570.jpg?fit=570%2C523&ssl=1&resize=350%2C200","width":350,"height":200,"srcset":"https:\/\/i0.wp.com\/lyonelkaufmann.ch\/Blog\/wp-content\/uploads\/2015\/02\/o-outils-en-os-570.jpg?fit=570%2C523&ssl=1&resize=350%2C200 1x, https:\/\/i0.wp.com\/lyonelkaufmann.ch\/Blog\/wp-content\/uploads\/2015\/02\/o-outils-en-os-570.jpg?fit=570%2C523&ssl=1&resize=525%2C300 1.5x"},"classes":[]},{"id":5739,"url":"https:\/\/lyonelkaufmann.ch\/Blog\/2012\/04\/05\/decouverte-dun-tyrannosaure-a-plumes-passeur-de-sciences\/","url_meta":{"origin":7845,"position":2},"title":"D\u00e9couverte d\u2019un tyrannosaure\u2026 \u00e0 plumes | Passeur de sciences","author":"Lyonel Kaufmann","date":"5 avril 2012","format":false,"excerpt":"La nouvelle n'est pas tomb\u00e9e un 1er avril et c'est heureux : personne ou presque n'y aurait cru. Une \u00e9quipe sino-canadienne a publi\u00e9, ce mercredi 4 avril dans Nature, une \u00e9tude annon\u00e7ant la d\u00e9couverte, dans la province chinoise du Liaoning, d'une esp\u00e8ce de dinosaure pour le moins surprenante : un\u2026","rel":"","context":"Dans &quot;Blogcaf\u00e9&quot;","block_context":{"text":"Blogcaf\u00e9","link":"https:\/\/lyonelkaufmann.ch\/Blog\/category\/blogcafe-2\/"},"img":{"alt_text":"","src":"https:\/\/i0.wp.com\/lyonelkaufmann.ch\/Blog\/wp-content\/uploads\/2015\/03\/Tyrannosaure1-1024x553.jpg?fit=1024%2C553&ssl=1&resize=350%2C200","width":350,"height":200,"srcset":"https:\/\/i0.wp.com\/lyonelkaufmann.ch\/Blog\/wp-content\/uploads\/2015\/03\/Tyrannosaure1-1024x553.jpg?fit=1024%2C553&ssl=1&resize=350%2C200 1x, https:\/\/i0.wp.com\/lyonelkaufmann.ch\/Blog\/wp-content\/uploads\/2015\/03\/Tyrannosaure1-1024x553.jpg?fit=1024%2C553&ssl=1&resize=525%2C300 1.5x, https:\/\/i0.wp.com\/lyonelkaufmann.ch\/Blog\/wp-content\/uploads\/2015\/03\/Tyrannosaure1-1024x553.jpg?fit=1024%2C553&ssl=1&resize=700%2C400 2x"},"classes":[]},{"id":2809,"url":"https:\/\/lyonelkaufmann.ch\/Blog\/2010\/05\/10\/madame-sapiens-a-fait-crac-crac-avec-monsieur-neandertal\/","url_meta":{"origin":7845,"position":3},"title":"Madame Sapiens a fait crac-crac avec monsieur N\u00e9andertal","author":"Lyonel Kaufmann","date":"10 mai 2010","format":false,"excerpt":"Traiter certains individus d'homme de N\u00e9andertal n'est peut-\u00eatre pas qu'une injure, mais un fait d\u00e9sormais \u00e9tabli gr\u00e2ce aux travaux sur l'ADN d'une \u00e9quipe internationale de chercheurs, dirig\u00e9e par Svante P\u00e4\u00e4bo, un biologiste su\u00e9dois. Eloign\u00e9e de la version romanesque, pourtant appuy\u00e9e par des conseillers scientifiques, de la s\u00e9rie l'Odyss\u00e9e de l'Esp\u00e8ce\u2026","rel":"","context":"Dans &quot;histoire&quot;","block_context":{"text":"histoire","link":"https:\/\/lyonelkaufmann.ch\/Blog\/category\/histoire-2\/"},"img":{"alt_text":"Os de neandertaliens","src":"http:\/\/sciences.blogs.liberation.fr\/.a\/6a00e5500b4a648833013480848e03970c-300wi","width":350,"height":200},"classes":[]},{"id":8089,"url":"https:\/\/lyonelkaufmann.ch\/Blog\/2014\/07\/06\/neandertal-il-nest-pas-lhomme-que-vous-croyez-mediapart\/","url_meta":{"origin":7845,"position":4},"title":"N\u00e9andertal: il n&rsquo;est pas l&rsquo;homme que vous croyez | Mediapart","author":"Lyonel Kaufmann","date":"6 juillet 2014","format":false,"excerpt":"Il y a 430 000 ans, un groupe d\u2019humains primitifs a v\u00e9cu au nord de l\u2019Espagne, dans la sierra de Atapuerca, une formation de roches calcaires et argileuses, creus\u00e9e de galeries et de grottes souterraines. Vingt-huit individus ont \u00e9t\u00e9 ensevelis dans une cavit\u00e9 au fond d\u2019un puits de 14 m\u00e8tres\u2026","rel":"","context":"Dans &quot;histoire&quot;","block_context":{"text":"histoire","link":"https:\/\/lyonelkaufmann.ch\/Blog\/category\/histoire-2\/"},"img":{"alt_text":"","src":"https:\/\/i0.wp.com\/lyonelkaufmann.ch\/Blog\/wp-content\/uploads\/2015\/02\/wpid-pitofbones3-jpg-2014-07-6-15-56.png?fit=620%2C413&ssl=1&resize=350%2C200","width":350,"height":200,"srcset":"https:\/\/i0.wp.com\/lyonelkaufmann.ch\/Blog\/wp-content\/uploads\/2015\/02\/wpid-pitofbones3-jpg-2014-07-6-15-56.png?fit=620%2C413&ssl=1&resize=350%2C200 1x, https:\/\/i0.wp.com\/lyonelkaufmann.ch\/Blog\/wp-content\/uploads\/2015\/02\/wpid-pitofbones3-jpg-2014-07-6-15-56.png?fit=620%2C413&ssl=1&resize=525%2C300 1.5x"},"classes":[]},{"id":6497,"url":"https:\/\/lyonelkaufmann.ch\/Blog\/2012\/11\/29\/table-ronde-le-numerique-de-nouvelles-facons-decrire-lhistoire\/","url_meta":{"origin":7845,"position":5},"title":"Table ronde \u201cLe num\u00e9rique : de nouvelles fa\u00e7ons d\u2019\u00e9crire l\u2019histoire?\u201d","author":"Lyonel Kaufmann","date":"29 novembre 2012","format":false,"excerpt":"L\u2019Assembl\u00e9e g\u00e9n\u00e9rale de l\u2019Association fran\u00e7aise d\u2019histoire \u00e9conomique aura lieu le mercredi 12 d\u00e9cembre dans l\u2019apr\u00e8s-midi. Dans ce cadre-l\u00e0, elle organise une table ronde intitul\u00e9e \u201cLe num\u00e9rique : de nouvelles fa\u00e7ons d\u2019\u00e9crire l\u2019histoire?\u201d Cette table ronde, organis\u00e9e par Fr\u00e9d\u00e9ric Clavert (Centre virtuel de la connaissance sur l\u2019Europe, Luxembourg) et Claire Lemercier\u2026","rel":"","context":"Dans &quot;histoire&quot;","block_context":{"text":"histoire","link":"https:\/\/lyonelkaufmann.ch\/Blog\/category\/histoire-2\/"},"img":{"alt_text":"","src":"https:\/\/i0.wp.com\/lyonelkaufmann.ch\/Blog\/wp-content\/uploads\/2015\/03\/blogcafe1.jpg?fit=1024%2C683&ssl=1&resize=350%2C200","width":350,"height":200,"srcset":"https:\/\/i0.wp.com\/lyonelkaufmann.ch\/Blog\/wp-content\/uploads\/2015\/03\/blogcafe1.jpg?fit=1024%2C683&ssl=1&resize=350%2C200 1x, https:\/\/i0.wp.com\/lyonelkaufmann.ch\/Blog\/wp-content\/uploads\/2015\/03\/blogcafe1.jpg?fit=1024%2C683&ssl=1&resize=525%2C300 1.5x, https:\/\/i0.wp.com\/lyonelkaufmann.ch\/Blog\/wp-content\/uploads\/2015\/03\/blogcafe1.jpg?fit=1024%2C683&ssl=1&resize=700%2C400 2x"},"classes":[]}],"jetpack_likes_enabled":true,"_links":{"self":[{"href":"https:\/\/lyonelkaufmann.ch\/Blog\/wp-json\/wp\/v2\/posts\/7845","targetHints":{"allow":["GET"]}}],"collection":[{"href":"https:\/\/lyonelkaufmann.ch\/Blog\/wp-json\/wp\/v2\/posts"}],"about":[{"href":"https:\/\/lyonelkaufmann.ch\/Blog\/wp-json\/wp\/v2\/types\/post"}],"author":[{"embeddable":true,"href":"https:\/\/lyonelkaufmann.ch\/Blog\/wp-json\/wp\/v2\/users\/1"}],"replies":[{"embeddable":true,"href":"https:\/\/lyonelkaufmann.ch\/Blog\/wp-json\/wp\/v2\/comments?post=7845"}],"version-history":[{"count":0,"href":"https:\/\/lyonelkaufmann.ch\/Blog\/wp-json\/wp\/v2\/posts\/7845\/revisions"}],"wp:featuredmedia":[{"embeddable":true,"href":"https:\/\/lyonelkaufmann.ch\/Blog\/wp-json\/wp\/v2\/media\/14680"}],"wp:attachment":[{"href":"https:\/\/lyonelkaufmann.ch\/Blog\/wp-json\/wp\/v2\/media?parent=7845"}],"wp:term":[{"taxonomy":"category","embeddable":true,"href":"https:\/\/lyonelkaufmann.ch\/Blog\/wp-json\/wp\/v2\/categories?post=7845"},{"taxonomy":"post_tag","embeddable":true,"href":"https:\/\/lyonelkaufmann.ch\/Blog\/wp-json\/wp\/v2\/tags?post=7845"}],"curies":[{"name":"wp","href":"https:\/\/api.w.org\/{rel}","templated":true}]}}