{"id":7847,"date":"2007-09-21T10:01:43","date_gmt":"2007-09-21T09:01:43","guid":{"rendered":"http:\/\/lyonelkaufmann.ch\/histoire\/2007\/09\/21\/staline-rhabilit-dans-les-manuels-scolaires-24heures-21092007\/"},"modified":"2007-09-21T10:01:43","modified_gmt":"2007-09-21T09:01:43","slug":"staline-rhabilit-dans-les-manuels-scolaires-24heures-21092007","status":"publish","type":"post","link":"https:\/\/lyonelkaufmann.ch\/Blog\/2007\/09\/21\/staline-rhabilit-dans-les-manuels-scolaires-24heures-21092007\/","title":{"rendered":"Staline r\u00e9habilit\u00e9 dans les manuels scolaires  (24Heures &#8211; 21.09.2007)"},"content":{"rendered":"<div align=\"justify\">Dans <i>L&rsquo;Histoire de la Russie<\/i> revisit&eacute;e par Poutine, le <i>&laquo;petit p&egrave;re des peuples&raquo; <\/i>est un h&eacute;ros.<br \/>\nVladimir Poutine avait r&eacute;clam&eacute; au d&eacute;but de l&rsquo;&eacute;t&eacute; des manuels d&rsquo;histoire plus patriotiques. Sa volont&eacute; a &eacute;t&eacute; accomplie. L&rsquo;Acad&eacute;mie des sciences a donn&eacute; son feu vert mercredi &agrave; un nouveau manuel scolaire intitul&eacute; <i>L&rsquo;Histoire de la Russie de 1945 &agrave; 2006<\/i>, pr&eacute;sentant Staline comme <i>&laquo;l&rsquo;un des plus grands leaders de l&rsquo;&eacute;poque sovi&eacute;tique &raquo;<\/i>, dont les purges de 1937 &eacute;taient un <i>&laquo;mal n&eacute;cessaire&raquo;<\/i> pour contribuer &agrave; la grandeur du pays. Le manuel, destin&eacute; au secondaire, doit servir de base pour l&rsquo;&eacute;tude de l&rsquo;histoire d&egrave;s la rentr&eacute;e prochaine.<br \/>\nPar ailleurs, dans cette nouvelle mouture, les ann&eacute;es Eltsine sont d&eacute;peintes sous un jour plus sombre et Vladimir Poutine est le sujet principal d&rsquo;un chapitre consacr&eacute; &agrave; la d&eacute;mocratie russe.<br \/>\nCette relecture de l&rsquo;Histoire, r&eacute;miniscence des vieilles pratiques sovi&eacute;tiques, a &eacute;t&eacute; r&eacute;alis&eacute;e en partie par des analystes proches du Kremlin.<\/p>\n<p>Extraits d&rsquo;un article publi&eacute; par Ad&egrave;le Smith (Moscou) dans le journal <a href=\"http:\/\/www.24heures.ch\">24Heures<\/a> du vendredi 21 septembre 2007.<\/div>\n","protected":false},"excerpt":{"rendered":"<p>Dans L&rsquo;Histoire de la Russie revisit&eacute;e par Poutine, le &laquo;petit p&egrave;re des peuples&raquo; est un h&eacute;ros. Vladimir Poutine avait r&eacute;clam&eacute; au d&eacute;but de l&rsquo;&eacute;t&eacute; des manuels d&rsquo;histoire plus patriotiques. Sa volont&eacute; a &eacute;t&eacute; accomplie. L&rsquo;Acad&eacute;mie des sciences a donn&eacute; son feu vert mercredi &agrave; un nouveau manuel scolaire intitul&eacute; L&rsquo;Histoire de la Russie de 1945 [&hellip;]<\/p>\n","protected":false},"author":1,"featured_media":14680,"comment_status":"open","ping_status":"open","sticky":false,"template":"","format":"standard","meta":{"_import_markdown_pro_load_document_selector":0,"_import_markdown_pro_submit_text_textarea":"","_genesis_hide_title":false,"_genesis_hide_breadcrumbs":false,"_genesis_hide_singular_image":false,"_genesis_hide_footer_widgets":false,"_genesis_custom_body_class":"","_genesis_custom_post_class":"","_genesis_layout":"","jetpack_post_was_ever_published":false,"_jetpack_newsletter_access":"","_jetpack_dont_email_post_to_subs":false,"_jetpack_newsletter_tier_id":0,"_jetpack_memberships_contains_paywalled_content":false,"_jetpack_memberships_contains_paid_content":false,"activitypub_content_warning":"","activitypub_content_visibility":"","activitypub_max_image_attachments":3,"activitypub_interaction_policy_quote":"anyone","activitypub_status":"","footnotes":"","jetpack_publicize_message":"","jetpack_publicize_feature_enabled":true,"jetpack_social_post_already_shared":true,"jetpack_social_options":{"image_generator_settings":{"template":"fullscreen","default_image_id":0,"font":"","enabled":false},"version":2}},"categories":[2],"tags":[],"class_list":{"0":"post-7847","1":"post","2":"type-post","3":"status-publish","4":"format-standard","5":"has-post-thumbnail","7":"category-histoire-2","8":"entry"},"jetpack_publicize_connections":[],"featured_image_src":"https:\/\/i0.wp.com\/lyonelkaufmann.ch\/Blog\/wp-content\/uploads\/2015\/03\/blogcafe1.jpg?resize=600%2C400&ssl=1","featured_image_src_square":"https:\/\/i0.wp.com\/lyonelkaufmann.ch\/Blog\/wp-content\/uploads\/2015\/03\/blogcafe1.jpg?resize=600%2C600&ssl=1","author_info":{"display_name":"Lyonel Kaufmann","author_link":"https:\/\/lyonelkaufmann.ch\/Blog\/author\/lyonelk\/"},"jetpack_featured_media_url":"https:\/\/i0.wp.com\/lyonelkaufmann.ch\/Blog\/wp-content\/uploads\/2015\/03\/blogcafe1.jpg?fit=1024%2C683&ssl=1","jetpack_sharing_enabled":true,"jetpack_shortlink":"https:\/\/wp.me\/p1qtF4-22z","jetpack-related-posts":[{"id":1411,"url":"https:\/\/lyonelkaufmann.ch\/Blog\/2009\/07\/05\/quel-manuel-vs-faut-il-un-manuel-dhistoire\/","url_meta":{"origin":7847,"position":0},"title":"Quel manuel vs faut-il un manuel d&rsquo;histoire?","author":"Lyonel Kaufmann","date":"5 juillet 2009","format":false,"excerpt":"En France, l'arriv\u00e9e d'un nouveau programme d'histoire ou de toute autre mati\u00e8re donne lieu \u00e0 l'ouverture de la chasse. Chaque \u00e9diteur scolaire relifte plus ou moins profond\u00e9ment sa ou ses collections de manuels et les enseignants se les voient ensuite propos\u00e9s. L'arriv\u00e9e donc des nouveaux programmes de 6e ne d\u00e9roge\u2026","rel":"","context":"Dans &quot;histoire&quot;","block_context":{"text":"histoire","link":"https:\/\/lyonelkaufmann.ch\/Blog\/category\/histoire-2\/"},"img":{"alt_text":"","src":"https:\/\/i0.wp.com\/lyonelkaufmann.ch\/Blog\/wp-content\/uploads\/2015\/03\/blogcafe1.jpg?fit=1024%2C683&ssl=1&resize=350%2C200","width":350,"height":200,"srcset":"https:\/\/i0.wp.com\/lyonelkaufmann.ch\/Blog\/wp-content\/uploads\/2015\/03\/blogcafe1.jpg?fit=1024%2C683&ssl=1&resize=350%2C200 1x, https:\/\/i0.wp.com\/lyonelkaufmann.ch\/Blog\/wp-content\/uploads\/2015\/03\/blogcafe1.jpg?fit=1024%2C683&ssl=1&resize=525%2C300 1.5x, https:\/\/i0.wp.com\/lyonelkaufmann.ch\/Blog\/wp-content\/uploads\/2015\/03\/blogcafe1.jpg?fit=1024%2C683&ssl=1&resize=700%2C400 2x"},"classes":[]},{"id":5271,"url":"https:\/\/lyonelkaufmann.ch\/Blog\/2012\/04\/11\/revue-de-presse-lincidence-dapple-sur-les-manuels-scolaires-numeriques-actualitte\/","url_meta":{"origin":7847,"position":1},"title":"Revue de presse : L&rsquo;incidence d&rsquo;Apple sur les manuels scolaires num\u00e9riques | ActuaLitt\u00e9","author":"Lyonel Kaufmann","date":"11 avril 2012","format":false,"excerpt":"Le lancement cette ann\u00e9e de l'iPad 3, et quelques semaines plus t\u00f4t, de la version 2 de l'application iBooks a marqu\u00e9 la volont\u00e9 d'Apple de prendre part \u00e0 l'environnement scolaire. WorldWideLearn, une soci\u00e9t\u00e9 sp\u00e9cialis\u00e9e dans les nouvelles technologies de l'\u00e9ducation, vient de proposer un aper\u00e7u infographique de ce qu'Apple a\u2026","rel":"","context":"Dans &quot;histoire&quot;","block_context":{"text":"histoire","link":"https:\/\/lyonelkaufmann.ch\/Blog\/category\/histoire-2\/"},"img":{"alt_text":"","src":"https:\/\/i0.wp.com\/lyonelkaufmann.ch\/Blog\/wp-content\/uploads\/2015\/03\/blogcafe1.jpg?fit=1024%2C683&ssl=1&resize=350%2C200","width":350,"height":200,"srcset":"https:\/\/i0.wp.com\/lyonelkaufmann.ch\/Blog\/wp-content\/uploads\/2015\/03\/blogcafe1.jpg?fit=1024%2C683&ssl=1&resize=350%2C200 1x, https:\/\/i0.wp.com\/lyonelkaufmann.ch\/Blog\/wp-content\/uploads\/2015\/03\/blogcafe1.jpg?fit=1024%2C683&ssl=1&resize=525%2C300 1.5x, https:\/\/i0.wp.com\/lyonelkaufmann.ch\/Blog\/wp-content\/uploads\/2015\/03\/blogcafe1.jpg?fit=1024%2C683&ssl=1&resize=700%2C400 2x"},"classes":[]},{"id":1595,"url":"https:\/\/lyonelkaufmann.ch\/Blog\/2009\/10\/04\/laffaire-farewell-les-rapports-est-ouest-des-annees-1980\/","url_meta":{"origin":7847,"position":2},"title":"L&rsquo;Affaire Farewell : les rapports Est-Ouest des ann\u00e9es 1980","author":"Lyonel Kaufmann","date":"4 octobre 2009","format":false,"excerpt":"Ce dernier vendredi, j'ai pass\u00e9 une agr\u00e9able soir\u00e9e au cin\u00e9ma \u00e0 la projection de L'Affaire Farewell de Christian Carion. La bande-annonce: Ainsi donc, apr\u00e8s son film Joyeux N\u00f6el inscrit dans la Premi\u00e8re Guerre Mondiale, Christian Carion nous offre un nouveau film de fiction-historique. Comme dans Joyeux No\u00ebl, il prend quelques\u2026","rel":"","context":"Dans &quot;histoire&quot;","block_context":{"text":"histoire","link":"https:\/\/lyonelkaufmann.ch\/Blog\/category\/histoire-2\/"},"img":{"alt_text":"","src":"https:\/\/i0.wp.com\/lyonelkaufmann.ch\/Blog\/wp-content\/uploads\/2015\/03\/064.jpg?fit=480%2C360&ssl=1&resize=350%2C200","width":350,"height":200},"classes":[]},{"id":3308,"url":"https:\/\/lyonelkaufmann.ch\/Blog\/2010\/06\/04\/lemanuelnumerique-fr-kno-le-manuel-scolaire-tactile-et-portable\/","url_meta":{"origin":7847,"position":3},"title":"Kno : le manuel scolaire tactile et portable","author":"Lyonel Kaufmann","date":"4 juin 2010","format":"aside","excerpt":"Kakai est une start-up californienne qui tente de r\u00e9volutionner le num\u00e9rique scolaire avec sa nouvelle tablette tactile \u00e0 deux \u00e9crans et fonctionnant sous OS Linux. L\u2019id\u00e9e est de remplacer l\u2019ensemble des manuels scolaires qu\u2019un \u00e9l\u00e8ve doit transporter chaque jour pour aller \u00e0 l\u2019\u00e9cole, par une seule et unique tablette lui\u2026","rel":"","context":"Dans &quot;Blogcaf\u00e9&quot;","block_context":{"text":"Blogcaf\u00e9","link":"https:\/\/lyonelkaufmann.ch\/Blog\/category\/blogcafe-2\/"},"img":{"alt_text":"","src":"https:\/\/i0.wp.com\/lyonelkaufmann.ch\/Blog\/wp-content\/uploads\/2015\/03\/68218791_640.jpg?fit=640%2C357&ssl=1&resize=350%2C200","width":350,"height":200,"srcset":"https:\/\/i0.wp.com\/lyonelkaufmann.ch\/Blog\/wp-content\/uploads\/2015\/03\/68218791_640.jpg?fit=640%2C357&ssl=1&resize=350%2C200 1x, https:\/\/i0.wp.com\/lyonelkaufmann.ch\/Blog\/wp-content\/uploads\/2015\/03\/68218791_640.jpg?fit=640%2C357&ssl=1&resize=525%2C300 1.5x"},"classes":[]},{"id":5047,"url":"https:\/\/lyonelkaufmann.ch\/Blog\/2012\/02\/16\/revue-de-presse-des-manuels-scolaires-numeriques-a-lecole-oui-mais-comment-pedagotic\/","url_meta":{"origin":7847,"position":4},"title":"Revue de presse : Des manuels scolaires num\u00e9riques \u00e0 l&rsquo;\u00e9cole&#8230; Oui, mais comment? &#8211; P\u00e9dagoTIC","author":"Lyonel Kaufmann","date":"16 f\u00e9vrier 2012","format":false,"excerpt":"\u00c7a fait plusieurs fois que des gens autour de P. Giroux parlent (ou \u00e9crivent) qu'il faut des iPad pour profiter\/cr\u00e9er\/utiliser\/introduire des manuels scolaires num\u00e9riques \u00e0 l'\u00e9cole! Pour lui, on fait donc un lien entre deux choses en supposant ou laissant entendre que l'un permettra ou est n\u00e9cessaire \u00e0 l'autre. Or,\u2026","rel":"","context":"Dans &quot;histoire&quot;","block_context":{"text":"histoire","link":"https:\/\/lyonelkaufmann.ch\/Blog\/category\/histoire-2\/"},"img":{"alt_text":"","src":"https:\/\/i0.wp.com\/lyonelkaufmann.ch\/Blog\/wp-content\/uploads\/2015\/03\/blogcafe1.jpg?fit=1024%2C683&ssl=1&resize=350%2C200","width":350,"height":200,"srcset":"https:\/\/i0.wp.com\/lyonelkaufmann.ch\/Blog\/wp-content\/uploads\/2015\/03\/blogcafe1.jpg?fit=1024%2C683&ssl=1&resize=350%2C200 1x, https:\/\/i0.wp.com\/lyonelkaufmann.ch\/Blog\/wp-content\/uploads\/2015\/03\/blogcafe1.jpg?fit=1024%2C683&ssl=1&resize=525%2C300 1.5x, https:\/\/i0.wp.com\/lyonelkaufmann.ch\/Blog\/wp-content\/uploads\/2015\/03\/blogcafe1.jpg?fit=1024%2C683&ssl=1&resize=700%2C400 2x"},"classes":[]},{"id":341,"url":"https:\/\/lyonelkaufmann.ch\/Blog\/2008\/08\/24\/kindle-est-il-lavenir-des-manuels-scolaires\/","url_meta":{"origin":7847,"position":5},"title":"Kindle est-il l&rsquo;avenir des manuels scolaires?","author":"Lyonel Kaufmann","date":"24 ao\u00fbt 2008","format":false,"excerpt":"Amazon r\u00e9inventera-t-il les manuels scolaires avec son mod\u00e8le Kindle con\u00e7u pour les coll\u00e8ge et les universit\u00e9s am\u00e9ricaines? Ce week-end Amazon a confirm\u00e9 les rumeurs qui \u00e9voquait la sortie d'un nouveau mod\u00e8le Kindle \u00e0 destination des coll\u00e8ges et universit\u00e9 am\u00e9ricaines. Ce march\u00e9 de manuels est estim\u00e9 \u00e0 5,5 milliards de $\u2026","rel":"","context":"Dans &quot;histoire&quot;","block_context":{"text":"histoire","link":"https:\/\/lyonelkaufmann.ch\/Blog\/category\/histoire-2\/"},"img":{"alt_text":"kindle-pile.png","src":"https:\/\/i0.wp.com\/lyonelkaufmann.ch\/histoire\/wp-content\/uploads\/2008\/08\/kindle-pile.png?resize=350%2C200","width":350,"height":200},"classes":[]}],"jetpack_likes_enabled":true,"_links":{"self":[{"href":"https:\/\/lyonelkaufmann.ch\/Blog\/wp-json\/wp\/v2\/posts\/7847","targetHints":{"allow":["GET"]}}],"collection":[{"href":"https:\/\/lyonelkaufmann.ch\/Blog\/wp-json\/wp\/v2\/posts"}],"about":[{"href":"https:\/\/lyonelkaufmann.ch\/Blog\/wp-json\/wp\/v2\/types\/post"}],"author":[{"embeddable":true,"href":"https:\/\/lyonelkaufmann.ch\/Blog\/wp-json\/wp\/v2\/users\/1"}],"replies":[{"embeddable":true,"href":"https:\/\/lyonelkaufmann.ch\/Blog\/wp-json\/wp\/v2\/comments?post=7847"}],"version-history":[{"count":0,"href":"https:\/\/lyonelkaufmann.ch\/Blog\/wp-json\/wp\/v2\/posts\/7847\/revisions"}],"wp:featuredmedia":[{"embeddable":true,"href":"https:\/\/lyonelkaufmann.ch\/Blog\/wp-json\/wp\/v2\/media\/14680"}],"wp:attachment":[{"href":"https:\/\/lyonelkaufmann.ch\/Blog\/wp-json\/wp\/v2\/media?parent=7847"}],"wp:term":[{"taxonomy":"category","embeddable":true,"href":"https:\/\/lyonelkaufmann.ch\/Blog\/wp-json\/wp\/v2\/categories?post=7847"},{"taxonomy":"post_tag","embeddable":true,"href":"https:\/\/lyonelkaufmann.ch\/Blog\/wp-json\/wp\/v2\/tags?post=7847"}],"curies":[{"name":"wp","href":"https:\/\/api.w.org\/{rel}","templated":true}]}}