{"id":7848,"date":"2007-09-24T07:01:21","date_gmt":"2007-09-24T06:01:21","guid":{"rendered":"http:\/\/lyonelkaufmann.ch\/histoire\/2007\/09\/24\/aprs-alix-voil-hotep-et-legypte-antique\/"},"modified":"2007-09-24T07:01:21","modified_gmt":"2007-09-24T06:01:21","slug":"aprs-alix-voil-hotep-et-legypte-antique","status":"publish","type":"post","link":"https:\/\/lyonelkaufmann.ch\/Blog\/2007\/09\/24\/aprs-alix-voil-hotep-et-legypte-antique\/","title":{"rendered":"Apr\u00e8s Alix, voil\u00e0 Hotep et l&rsquo;Egypte antique"},"content":{"rendered":"<p><a href=\"http:\/\/www.lematin.ch\/pages\/home\/loisirs\/culture\/loisirs_culture__2?contenu=301879\">Le Matin Online &gt; L&rsquo;h&eacute;ritier d&rsquo;Alix lance sa propre s&eacute;rie historique  &#8211; Loisirs &gt; Culture<\/a> (dimanche 22 septembre 2007)<\/p>\n<p>Apr&egrave;s dix-huit ans de travail aupr&egrave;s de son <i>&laquo;ma&icirc;tre&raquo;<\/i> Jacques Martin, l&rsquo;auteur d&rsquo;origine suisse Rafael Morales lance &laquo;Hotep&raquo;, sa propre s&eacute;rie dont l&rsquo;histoire se situe dans l&rsquo;Egypte antique. Le premier volume, <i>&laquo;Le scribe de Karnak&raquo;<\/i>, est cette semaine. Le Journal <i>Le Matin Dimanche<\/i> a rencontr&eacute; l&rsquo;auteur qui pr&eacute;cise les intentions de son sujet :<\/p>\n<blockquote><p><i>&laquo;Je savais que je voulais traiter de l&rsquo;Egypte<\/i>, explique Rafael Morales. <i>Je suis passionn&eacute; par le sujet depuis toujours. J&rsquo;ai essay&eacute; de trouver une p&eacute;riode vierge, originale.&raquo;<\/i> <b>&laquo;Hotep&raquo;<\/b>, qui m&ecirc;le fiction et cadre historique, se situe donc en 278 avant J&eacute;sus Christ, <i>&laquo;rencontre entre l&rsquo;Egypte mill&eacute;naire et l&rsquo;hell&eacute;nisme conqu&eacute;rant&raquo;<\/i>. L&rsquo;ouvrage se veut accessible &agrave; tous, et pas seulement aux connaisseurs de l&rsquo;histoire &eacute;gyptienne: <i>&laquo;Il y a certains termes sp&eacute;cialis&eacute;s expliqu&eacute;s par des notes. Mais l&rsquo;histoire aurait pu se d&eacute;rouler ailleurs&#8230; Ce n&rsquo;est surtout pas une BD didactique!&raquo;<\/i><\/p>\n<p>Le h&eacute;ros, Hotep, a une famille, des amis, et se retrouve confront&eacute; aux bouleversements de l&rsquo;&eacute;poque, au choc des cultures, &agrave; la corruption, etc. Morales s&rsquo;imagine son personnage central <i>&laquo;&eacute;voluer, vieillir au fil des albums&raquo;<\/i>.<\/p><\/blockquote>\n<p><img data-recalc-dims=\"1\" decoding=\"async\" src=\"https:\/\/i0.wp.com\/www.glenatbd.com\/images\/02cata\/02couv\/9782723458818-G.jpg\" \/><br \/>\nRafael Morales dispose d&rsquo;un blog sur lequel il raconte son quotidien pendant la cr&eacute;ation d&rsquo;&laquo;Hotep&raquo;: <a href=\"http:\/\/rafaelmorales.canalblog.com\/\">http:\/\/rafaelmorales.canalblog.com\/<\/a>. Vous pourrez y lire notamment <a href=\"http:\/\/rafaelmorales.canalblog.com\/archives\/2007\/08\/10\/5858258.html\">un interview comparable &agrave; celui accord&eacute; au Matin Dimanche<\/a>, en plus d&eacute;velopp&eacute;, r&eacute;alis&eacute; par son &eacute;diteur Gl&eacute;nat.<\/p>\n<p><i>&laquo;Hotep. Tome I, Le scribe de Karnak&raquo;<\/i>, par Rafael Morales, Gl&eacute;nat, en vente d&egrave;s le 26 septembre.<\/p>\n<p><b>La couverture illustre d&#8217;embl&eacute;e la filiation de l&rsquo;auteur avec Jacques Martin et Alix. Presque trop ?<\/b><\/p>\n","protected":false},"excerpt":{"rendered":"<p>Le Matin Online &gt; L&rsquo;h&eacute;ritier d&rsquo;Alix lance sa propre s&eacute;rie historique &#8211; Loisirs &gt; Culture (dimanche 22 septembre 2007) Apr&egrave;s dix-huit ans de travail aupr&egrave;s de son &laquo;ma&icirc;tre&raquo; Jacques Martin, l&rsquo;auteur d&rsquo;origine suisse Rafael Morales lance &laquo;Hotep&raquo;, sa propre s&eacute;rie dont l&rsquo;histoire se situe dans l&rsquo;Egypte antique. Le premier volume, &laquo;Le scribe de Karnak&raquo;, est [&hellip;]<\/p>\n","protected":false},"author":1,"featured_media":8379,"comment_status":"open","ping_status":"open","sticky":false,"template":"","format":"standard","meta":{"_import_markdown_pro_load_document_selector":0,"_import_markdown_pro_submit_text_textarea":"","_genesis_hide_title":false,"_genesis_hide_breadcrumbs":false,"_genesis_hide_singular_image":false,"_genesis_hide_footer_widgets":false,"_genesis_custom_body_class":"","_genesis_custom_post_class":"","_genesis_layout":"","jetpack_post_was_ever_published":false,"_jetpack_newsletter_access":"","_jetpack_dont_email_post_to_subs":false,"_jetpack_newsletter_tier_id":0,"_jetpack_memberships_contains_paywalled_content":false,"_jetpack_memberships_contains_paid_content":false,"activitypub_content_warning":"","activitypub_content_visibility":"","activitypub_max_image_attachments":3,"activitypub_interaction_policy_quote":"anyone","activitypub_status":"","footnotes":"","jetpack_publicize_message":"","jetpack_publicize_feature_enabled":true,"jetpack_social_post_already_shared":true,"jetpack_social_options":{"image_generator_settings":{"template":"fullscreen","default_image_id":0,"font":"","enabled":false},"version":2}},"categories":[2],"tags":[],"class_list":{"0":"post-7848","1":"post","2":"type-post","3":"status-publish","4":"format-standard","5":"has-post-thumbnail","7":"category-histoire-2","8":"entry"},"jetpack_publicize_connections":[],"featured_image_src":null,"featured_image_src_square":null,"author_info":{"display_name":"Lyonel Kaufmann","author_link":"https:\/\/lyonelkaufmann.ch\/Blog\/author\/lyonelk\/"},"jetpack_featured_media_url":"","jetpack_sharing_enabled":true,"jetpack_shortlink":"https:\/\/wp.me\/p1qtF4-22A","jetpack-related-posts":[{"id":4343,"url":"https:\/\/lyonelkaufmann.ch\/Blog\/2011\/11\/23\/revue-de-presse-22-novembre-2011\/","url_meta":{"origin":7848,"position":0},"title":"Revue de presse : la BD historique (22 novembre 2011)","author":"Lyonel Kaufmann","date":"23 novembre 2011","format":false,"excerpt":"Du 23 au 26 novembre 2011, \u00a0l'Universit\u00e9 de Pau et des Pays de l\u2019Adour (UPPA) accueil un colloque international consacr\u00e9 \u00e0 la Bande Dessin\u00e9e historique. Ce colloque est organis\u00e9 par le Centre de Recherches Po\u00e9tiques et Histoire litt\u00e9raire (CRPHL) et \u00a0a pour but de mieux (faire) comprendre les sp\u00e9cificit\u00e9s de\u2026","rel":"","context":"Dans &quot;histoire&quot;","block_context":{"text":"histoire","link":"https:\/\/lyonelkaufmann.ch\/Blog\/category\/histoire-2\/"},"img":{"alt_text":"","src":"https:\/\/i0.wp.com\/lyonelkaufmann.ch\/Blog\/wp-content\/uploads\/2015\/03\/blogcafe1.jpg?fit=1024%2C683&ssl=1&resize=350%2C200","width":350,"height":200,"srcset":"https:\/\/i0.wp.com\/lyonelkaufmann.ch\/Blog\/wp-content\/uploads\/2015\/03\/blogcafe1.jpg?fit=1024%2C683&ssl=1&resize=350%2C200 1x, https:\/\/i0.wp.com\/lyonelkaufmann.ch\/Blog\/wp-content\/uploads\/2015\/03\/blogcafe1.jpg?fit=1024%2C683&ssl=1&resize=525%2C300 1.5x, https:\/\/i0.wp.com\/lyonelkaufmann.ch\/Blog\/wp-content\/uploads\/2015\/03\/blogcafe1.jpg?fit=1024%2C683&ssl=1&resize=700%2C400 2x"},"classes":[]},{"id":3403,"url":"https:\/\/lyonelkaufmann.ch\/Blog\/2011\/01\/13\/quelle-place-la-rome-antique-doit-elle-avoir-a-lecole-vaudoise\/","url_meta":{"origin":7848,"position":1},"title":"Quelle place la Rome antique doit-elle avoir \u00e0 l\u2019\u00e9cole (vaudoise) ?","author":"Lyonel Kaufmann","date":"13 janvier 2011","format":false,"excerpt":"Juste avant les f\u00eates de fin d\u2019ann\u00e9e, j\u2019ai re\u00e7u par mail la question d\u2019un enseignant concernant la place de l\u2019enseignement de Rome dans l\u2019enseignement vaudois. Ceci au m\u00eame moment o\u00f9 en France une pol\u00e9mique a \u00e9t\u00e9 lanc\u00e9e par la revue Historia sur la disparition de l\u2019enseignement de l\u2019Egypte antique pour\u2026","rel":"","context":"Dans &quot;histoire&quot;","block_context":{"text":"histoire","link":"https:\/\/lyonelkaufmann.ch\/Blog\/category\/histoire-2\/"},"img":{"alt_text":"","src":"https:\/\/i0.wp.com\/lyonelkaufmann.ch\/Blog\/wp-content\/uploads\/2015\/03\/blogcafe1.jpg?fit=1024%2C683&ssl=1&resize=350%2C200","width":350,"height":200,"srcset":"https:\/\/i0.wp.com\/lyonelkaufmann.ch\/Blog\/wp-content\/uploads\/2015\/03\/blogcafe1.jpg?fit=1024%2C683&ssl=1&resize=350%2C200 1x, https:\/\/i0.wp.com\/lyonelkaufmann.ch\/Blog\/wp-content\/uploads\/2015\/03\/blogcafe1.jpg?fit=1024%2C683&ssl=1&resize=525%2C300 1.5x, https:\/\/i0.wp.com\/lyonelkaufmann.ch\/Blog\/wp-content\/uploads\/2015\/03\/blogcafe1.jpg?fit=1024%2C683&ssl=1&resize=700%2C400 2x"},"classes":[]},{"id":3599,"url":"https:\/\/lyonelkaufmann.ch\/Blog\/2011\/03\/03\/la-bande-dessinee-historique-universite-de-pau\/","url_meta":{"origin":7848,"position":2},"title":"La bande dessin\u00e9e historique | Universit\u00e9 de Pau","author":"Lyonel Kaufmann","date":"3 mars 2011","format":false,"excerpt":"L'Universit\u00e9 de Pau organise en novembre prochain son Premier colloque international sur la Bande dessin\u00e9e historique (23-25 novembre 2011). L'appel \u00e0 contribution est ouvert jusqu'au 30 avril 2011. Cette premi\u00e8re \u00e9dition est centr\u00e9e sur la bande dessin\u00e9e et l'Antiquit\u00e9. La pr\u00e9sentation du colloque et de la th\u00e9matique En janvier 2010\u2026","rel":"","context":"Dans &quot;histoire&quot;","block_context":{"text":"histoire","link":"https:\/\/lyonelkaufmann.ch\/Blog\/category\/histoire-2\/"},"img":{"alt_text":"","src":"https:\/\/i0.wp.com\/lyonelkaufmann.ch\/histoire\/wp-content\/uploads\/2011\/03\/101713_Alix_intrepide_Casterman_reed_Lombard.jpg?resize=350%2C200","width":350,"height":200},"classes":[]},{"id":19052,"url":"https:\/\/lyonelkaufmann.ch\/Blog\/2018\/03\/25\/nota-bene-le-youtubeur-qui-raconte-lhistoire-grace-a-la-pop-culture\/","url_meta":{"origin":7848,"position":3},"title":"\u201cNota Bene\u201d, le Youtubeur qui raconte l&rsquo;histoire gr\u00e2ce \u00e0 la pop culture","author":"Lyonel Kaufmann","date":"25 mars 2018","format":false,"excerpt":"Les croisades, la R\u00e9volution fran\u00e7aise ou l\u2019Egypte antique dans Assassin\u2019s Creed , les deux guerres mondiales dans Battlefield ou Call Of Duty , ou les jeux de gestion type Age of Empire ou Civilization qui ont pour but de faire \u00e9voluer un peuple sur plusieurs p\u00e9riodes historiques : si elle\u2026","rel":"","context":"Dans &quot;Blogcaf\u00e9&quot;","block_context":{"text":"Blogcaf\u00e9","link":"https:\/\/lyonelkaufmann.ch\/Blog\/category\/blogcafe-2\/"},"img":{"alt_text":"","src":"https:\/\/i0.wp.com\/lyonelkaufmann.ch\/Blog\/wp-content\/uploads\/2018\/03\/705F3974-9412-4737-B037-0E1BA809555C.jpeg?fit=1200%2C600&ssl=1&resize=350%2C200","width":350,"height":200,"srcset":"https:\/\/i0.wp.com\/lyonelkaufmann.ch\/Blog\/wp-content\/uploads\/2018\/03\/705F3974-9412-4737-B037-0E1BA809555C.jpeg?fit=1200%2C600&ssl=1&resize=350%2C200 1x, https:\/\/i0.wp.com\/lyonelkaufmann.ch\/Blog\/wp-content\/uploads\/2018\/03\/705F3974-9412-4737-B037-0E1BA809555C.jpeg?fit=1200%2C600&ssl=1&resize=525%2C300 1.5x, https:\/\/i0.wp.com\/lyonelkaufmann.ch\/Blog\/wp-content\/uploads\/2018\/03\/705F3974-9412-4737-B037-0E1BA809555C.jpeg?fit=1200%2C600&ssl=1&resize=700%2C400 2x, https:\/\/i0.wp.com\/lyonelkaufmann.ch\/Blog\/wp-content\/uploads\/2018\/03\/705F3974-9412-4737-B037-0E1BA809555C.jpeg?fit=1200%2C600&ssl=1&resize=1050%2C600 3x"},"classes":[]},{"id":21284,"url":"https:\/\/lyonelkaufmann.ch\/Blog\/2020\/03\/01\/travelogues-hotel-shepheard-le-caire-1906\/","url_meta":{"origin":7848,"position":4},"title":"Travelogues : H\u00f4tel Shepheard, Le Caire, 1906","author":"Lyonel Kaufmann","date":"1 mars 2020","format":false,"excerpt":"\u00ab\u00a0Ne pas conna\u00eetre la terrasse du Shepheard est un crime de l\u00e8se-soci\u00e9t\u00e9. Le voyageur qui n\u2019a pas foul\u00e9 le pav\u00e9 carrel\u00e9 de cette terrasse vaut \u00e0 peine mieux qu\u2019un casanier. Et la femme du monde qui n\u2019a pas sirot\u00e9 un th\u00e9 aux tables de cette terrasse ne peut voir approcher\u2026","rel":"","context":"Dans &quot;Blogcaf\u00e9&quot;","block_context":{"text":"Blogcaf\u00e9","link":"https:\/\/lyonelkaufmann.ch\/Blog\/category\/blogcafe-2\/"},"img":{"alt_text":"","src":"https:\/\/i0.wp.com\/lyonelkaufmann.ch\/Blog\/wp-content\/uploads\/2020\/03\/scanner-1-mars-2020-a%CC%80-11.20.jpg?fit=851%2C1200&ssl=1&resize=350%2C200","width":350,"height":200,"srcset":"https:\/\/i0.wp.com\/lyonelkaufmann.ch\/Blog\/wp-content\/uploads\/2020\/03\/scanner-1-mars-2020-a%CC%80-11.20.jpg?fit=851%2C1200&ssl=1&resize=350%2C200 1x, https:\/\/i0.wp.com\/lyonelkaufmann.ch\/Blog\/wp-content\/uploads\/2020\/03\/scanner-1-mars-2020-a%CC%80-11.20.jpg?fit=851%2C1200&ssl=1&resize=525%2C300 1.5x, https:\/\/i0.wp.com\/lyonelkaufmann.ch\/Blog\/wp-content\/uploads\/2020\/03\/scanner-1-mars-2020-a%CC%80-11.20.jpg?fit=851%2C1200&ssl=1&resize=700%2C400 2x"},"classes":[]},{"id":7743,"url":"https:\/\/lyonelkaufmann.ch\/Blog\/2006\/10\/10\/kaamelott-m6-et-la-legende-arthurienne\/","url_meta":{"origin":7848,"position":5},"title":"Kaamelott (M6) et la l\u00e9gende arthurienne","author":"Lyonel Kaufmann","date":"10 octobre 2006","format":false,"excerpt":"La s\u00e9rie Kaamelott sur M6 rencontre un succ\u00e8s indiscutable. Ainsi, depuis septembre 2004, cette s\u00e9rie r\u00e9unit devant le petit \u00e9cran une moyenne de 4 millions de t\u00e9lespectateurs. Une grande partie de nos enfants et de nos \u00e9l\u00e8ves entrent par le biais de cette s\u00e9rie au contact de cette histoire. Pour\u2026","rel":"","context":"Dans &quot;histoire&quot;","block_context":{"text":"histoire","link":"https:\/\/lyonelkaufmann.ch\/Blog\/category\/histoire-2\/"},"img":{"alt_text":"","src":"https:\/\/i0.wp.com\/lyonelkaufmann.ch\/Blog\/wp-content\/uploads\/2015\/03\/04.jpg?fit=450%2C360&ssl=1&resize=350%2C200","width":350,"height":200},"classes":[]}],"jetpack_likes_enabled":true,"_links":{"self":[{"href":"https:\/\/lyonelkaufmann.ch\/Blog\/wp-json\/wp\/v2\/posts\/7848","targetHints":{"allow":["GET"]}}],"collection":[{"href":"https:\/\/lyonelkaufmann.ch\/Blog\/wp-json\/wp\/v2\/posts"}],"about":[{"href":"https:\/\/lyonelkaufmann.ch\/Blog\/wp-json\/wp\/v2\/types\/post"}],"author":[{"embeddable":true,"href":"https:\/\/lyonelkaufmann.ch\/Blog\/wp-json\/wp\/v2\/users\/1"}],"replies":[{"embeddable":true,"href":"https:\/\/lyonelkaufmann.ch\/Blog\/wp-json\/wp\/v2\/comments?post=7848"}],"version-history":[{"count":0,"href":"https:\/\/lyonelkaufmann.ch\/Blog\/wp-json\/wp\/v2\/posts\/7848\/revisions"}],"wp:featuredmedia":[{"embeddable":true,"href":"https:\/\/lyonelkaufmann.ch\/Blog\/wp-json\/"}],"wp:attachment":[{"href":"https:\/\/lyonelkaufmann.ch\/Blog\/wp-json\/wp\/v2\/media?parent=7848"}],"wp:term":[{"taxonomy":"category","embeddable":true,"href":"https:\/\/lyonelkaufmann.ch\/Blog\/wp-json\/wp\/v2\/categories?post=7848"},{"taxonomy":"post_tag","embeddable":true,"href":"https:\/\/lyonelkaufmann.ch\/Blog\/wp-json\/wp\/v2\/tags?post=7848"}],"curies":[{"name":"wp","href":"https:\/\/api.w.org\/{rel}","templated":true}]}}