{"id":7851,"date":"2007-09-25T15:00:00","date_gmt":"2007-09-25T14:00:00","guid":{"rendered":"http:\/\/lyonelkaufmann.ch\/histoire\/2007\/09\/25\/un-astrolabe-pour-lhmisphre-sud-culturemath\/"},"modified":"2007-09-25T15:00:00","modified_gmt":"2007-09-25T14:00:00","slug":"un-astrolabe-pour-lhmisphre-sud-culturemath","status":"publish","type":"post","link":"https:\/\/lyonelkaufmann.ch\/Blog\/2007\/09\/25\/un-astrolabe-pour-lhmisphre-sud-culturemath\/","title":{"rendered":"Un astrolabe pour l&rsquo;h\u00e9misph\u00e8re sud (CultureMath)"},"content":{"rendered":"<div align=\"center\"><img data-recalc-dims=\"1\" loading=\"lazy\" decoding=\"async\" src=\"https:\/\/i0.wp.com\/lyonelkaufmann.ch\/histoire\/wp-content\/uploads\/2007\/09\/image008.jpg?resize=300%2C247\" alt=\"image008.jpg\" border=\"0\" width=\"300\" height=\"247\" \/><br \/><i>L&rsquo;astrolabe r&eacute;alis&eacute; pour 21 degr&eacute;s de latitude sud.<\/i> (<b>Source :<\/b> CultureMath)<\/div>\n<p><\/p>\n<p style=\"text-align:justify;\">En d&eacute;couvrant le site CultureMath, via son dossier sur la G&eacute;om&eacute;trie de la Gr&egrave;ce antique (voir <a href=\"http:\/\/lyonelkaufmann.ch\/histoire\/2007\/09\/24\/la-gomtrie-de-la-grce-antique-culturemath\/\">notre billet d&rsquo;hier<\/a>), je suis &eacute;galement &laquo;tomb&eacute;&raquo; sur la fort int&eacute;ressante d&eacute;p&ecirc;che suivante :<\/p>\n<blockquote>\n<p style=\"text-align:justify;\"><strong>\u00ab\u00a0Un astrolabe pour l&rsquo;h&eacute;misph&egrave;re sud\u00a0\u00bb<\/strong> est une animation propos&eacute;e par l&rsquo;IREM de la R&eacute;union pour la f&ecirc;te de la science. Un groupe de professeurs du lyc&eacute;e &Eacute;douard-Branly de Cr&eacute;teil, dont le noyau est compos&eacute; de <strong>G&eacute;rard Delaforge<\/strong> (productique), <strong>Thierry Boucher<\/strong> (physique), <strong>Philippe Dutarte<\/strong> (math&eacute;matiques), ont r&eacute;alis&eacute; un astrolabe pour l&rsquo;h&eacute;misph&egrave;re sud &agrave; la demande de <strong>Dominique Tourn&egrave;s<\/strong>, professeur &agrave; l&rsquo;IUFM de la R&eacute;union, sp&eacute;cialement pour la f&ecirc;te de la science 2007. Celle-ci aura lieu du 12 au 18 novembre &agrave; la R&eacute;union, soit un mois plus tard qu&rsquo;en m&eacute;tropole: le temps pour les visiteurs du nord de traverser l&rsquo;oc&eacute;an en bateau en se guidant avec l&rsquo;astrolabe. L&rsquo;op&eacute;ration est fianc&eacute;e par l&rsquo;<span style=\"text-decoration:underline;\"><a href=\"http:\/\/www.reunion.iufm.fr\/recherche\/IREM\/INDEX.htm\" target=\"_blank\">IREM de la R&eacute;union<\/a><\/span> et <span style=\"text-decoration:underline;\"><a href=\"http:\/\/www.sciences-reunion.net\/\" target=\"_blank\">Sciences R&eacute;union<\/a><\/span>.<\/p>\n<p style=\"text-align:justify;\"><strong>Philippe Dutarte<\/strong> pr&eacute;sente cette animation en exclusivit&eacute; pour Culture<em>MATH<\/em>: <span style=\"text-decoration:underline;\"><a href=\"http:\/\/www.dma.ens.fr\/culturemath\/materiaux\/astrolabe\/astrolabe-sud.htm\" target=\"_blank\">c&rsquo;est ici<\/a><\/span>.<\/p>\n<p style=\"text-align:justify;\">Pour en savoir plus sur l&rsquo;astrolabe, voir <em><a href=\"http:\/\/www.dma.ens.fr\/culturemath\/actu\/livres.htm#dutarte2\" target=\"_blank\">Les instruments de l&rsquo;astronomie ancienne, de l&rsquo;antiquit&eacute; &agrave; la Renaissance<\/a><\/em> de <strong>Philippe Dutarte<\/strong>.<\/p>\n<\/blockquote>\n","protected":false},"excerpt":{"rendered":"<p>L&rsquo;astrolabe r&eacute;alis&eacute; pour 21 degr&eacute;s de latitude sud. (Source : CultureMath) En d&eacute;couvrant le site CultureMath, via son dossier sur la G&eacute;om&eacute;trie de la Gr&egrave;ce antique (voir notre billet d&rsquo;hier), je suis &eacute;galement &laquo;tomb&eacute;&raquo; sur la fort int&eacute;ressante d&eacute;p&ecirc;che suivante : \u00ab\u00a0Un astrolabe pour l&rsquo;h&eacute;misph&egrave;re sud\u00a0\u00bb est une animation propos&eacute;e par l&rsquo;IREM de la R&eacute;union [&hellip;]<\/p>\n","protected":false},"author":1,"featured_media":8377,"comment_status":"open","ping_status":"open","sticky":false,"template":"","format":"standard","meta":{"_import_markdown_pro_load_document_selector":0,"_import_markdown_pro_submit_text_textarea":"","_genesis_hide_title":false,"_genesis_hide_breadcrumbs":false,"_genesis_hide_singular_image":false,"_genesis_hide_footer_widgets":false,"_genesis_custom_body_class":"","_genesis_custom_post_class":"","_genesis_layout":"","jetpack_post_was_ever_published":false,"_jetpack_newsletter_access":"","_jetpack_dont_email_post_to_subs":false,"_jetpack_newsletter_tier_id":0,"_jetpack_memberships_contains_paywalled_content":false,"_jetpack_memberships_contains_paid_content":false,"activitypub_content_warning":"","activitypub_content_visibility":"","activitypub_max_image_attachments":3,"activitypub_interaction_policy_quote":"anyone","activitypub_status":"","footnotes":"","jetpack_publicize_message":"","jetpack_publicize_feature_enabled":true,"jetpack_social_post_already_shared":true,"jetpack_social_options":{"image_generator_settings":{"template":"fullscreen","default_image_id":0,"font":"","enabled":false},"version":2}},"categories":[2],"tags":[],"class_list":{"0":"post-7851","1":"post","2":"type-post","3":"status-publish","4":"format-standard","5":"has-post-thumbnail","7":"category-histoire-2","8":"entry"},"jetpack_publicize_connections":[],"featured_image_src":null,"featured_image_src_square":null,"author_info":{"display_name":"Lyonel Kaufmann","author_link":"https:\/\/lyonelkaufmann.ch\/Blog\/author\/lyonelk\/"},"jetpack_featured_media_url":"","jetpack_sharing_enabled":true,"jetpack_shortlink":"https:\/\/wp.me\/p1qtF4-22D","jetpack-related-posts":[{"id":26397,"url":"https:\/\/lyonelkaufmann.ch\/Blog\/2025\/01\/25\/chantre-autoproclame-de-la-libre-expression-facebook-a-institue-la-censure-en-asie-du-sud-est\/","url_meta":{"origin":7851,"position":0},"title":"Chantre autoproclam\u00e9 de la libre expression, Facebook a institu\u00e9 la censure en Asie du Sud-Est","author":"Lyonel Kaufmann","date":"25 janvier 2025","format":false,"excerpt":"Les r\u00e9centes d\u00e9clarations de Mark Zuckerberg sur le besoin de prioriser la libre expression sonnent particuli\u00e8rement creux en Asie du Sud-Est, o\u00f9 les plateformes de Meta sont devenues les meilleures alli\u00e9es des r\u00e9gimes de censure, rappelle le chercheur d\u2019origine vietnamienne Dien Luong. \u2014 \u00c0 lire sur www.courrierinternational.com\/article\/decryptage-chantre-autoproclame-de-la-libre-expression-facebook-a-institue-la-censure-en-asie-du-sud-est_226821","rel":"","context":"Dans &quot;politis&quot;","block_context":{"text":"politis","link":"https:\/\/lyonelkaufmann.ch\/Blog\/category\/politis\/"},"img":{"alt_text":"","src":"","width":0,"height":0},"classes":[]},{"id":19346,"url":"https:\/\/lyonelkaufmann.ch\/Blog\/2018\/07\/25\/glorenza-le-saint-ursanne-du-sud-tyrol-roadtrip-bmw-r1150r-scrambler-italie%f0%9f%87%ae%f0%9f%87%b9\/","url_meta":{"origin":7851,"position":1},"title":"Glorenza, le Saint-Ursanne du Sud-Tyrol #roadtrip #bmw #r1150r #scrambler #italie??","author":"Lyonel Kaufmann","date":"25 juillet 2018","format":false,"excerpt":"from Instagram: https:\/\/ift.tt\/2Ljqmxo","rel":"","context":"Dans &quot;Blogcaf\u00e9&quot;","block_context":{"text":"Blogcaf\u00e9","link":"https:\/\/lyonelkaufmann.ch\/Blog\/category\/blogcafe-2\/"},"img":{"alt_text":"","src":"https:\/\/i0.wp.com\/lyonelkaufmann.ch\/Blog\/wp-content\/uploads\/2018\/07\/HipstamaticPhoto-554220275.182379-700x700.jpg?resize=350%2C200&ssl=1","width":350,"height":200,"srcset":"https:\/\/i0.wp.com\/lyonelkaufmann.ch\/Blog\/wp-content\/uploads\/2018\/07\/HipstamaticPhoto-554220275.182379-700x700.jpg?resize=350%2C200&ssl=1 1x, https:\/\/i0.wp.com\/lyonelkaufmann.ch\/Blog\/wp-content\/uploads\/2018\/07\/HipstamaticPhoto-554220275.182379-700x700.jpg?resize=525%2C300&ssl=1 1.5x, https:\/\/i0.wp.com\/lyonelkaufmann.ch\/Blog\/wp-content\/uploads\/2018\/07\/HipstamaticPhoto-554220275.182379-700x700.jpg?resize=700%2C400&ssl=1 2x"},"classes":[]},{"id":16411,"url":"https:\/\/lyonelkaufmann.ch\/Blog\/2016\/05\/06\/roadbook-tour-fondue\/","url_meta":{"origin":7851,"position":2},"title":"Roadbook : Tour Fondue","author":"Lyonel Kaufmann","date":"6 mai 2016","format":false,"excerpt":"Jeudi 5 mai. Arriv\u00e9 \u00e0 destination, nous profitons de notre apr\u00e8s-midi pour nous rendre au bord de mer. A la Tour Fondue, nous pouvons observer au loin Porquerolles et le d\u00e9part des bateaux. La Tour Fondue, est un ancien fortin, situ\u00e9 au sud de la presqu'\u00eele de Giens, dans le\u2026","rel":"","context":"Dans &quot;Diary&quot;","block_context":{"text":"Diary","link":"https:\/\/lyonelkaufmann.ch\/Blog\/category\/diary\/"},"img":{"alt_text":"","src":"https:\/\/i0.wp.com\/lyonelkaufmann.ch\/Blog\/wp-content\/uploads\/2016\/05\/1462520893_thumb.jpg?fit=1200%2C800&ssl=1&resize=350%2C200","width":350,"height":200,"srcset":"https:\/\/i0.wp.com\/lyonelkaufmann.ch\/Blog\/wp-content\/uploads\/2016\/05\/1462520893_thumb.jpg?fit=1200%2C800&ssl=1&resize=350%2C200 1x, https:\/\/i0.wp.com\/lyonelkaufmann.ch\/Blog\/wp-content\/uploads\/2016\/05\/1462520893_thumb.jpg?fit=1200%2C800&ssl=1&resize=525%2C300 1.5x, https:\/\/i0.wp.com\/lyonelkaufmann.ch\/Blog\/wp-content\/uploads\/2016\/05\/1462520893_thumb.jpg?fit=1200%2C800&ssl=1&resize=700%2C400 2x, https:\/\/i0.wp.com\/lyonelkaufmann.ch\/Blog\/wp-content\/uploads\/2016\/05\/1462520893_thumb.jpg?fit=1200%2C800&ssl=1&resize=1050%2C600 3x"},"classes":[]},{"id":162,"url":"https:\/\/lyonelkaufmann.ch\/Blog\/2015\/02\/07\/revue-de-presse-mort-dandre-brink-le-camus-sud-africain-en-rupture-dapartheid\/","url_meta":{"origin":7851,"position":3},"title":"Revue de Presse : Mort d\u2019Andr\u00e9 Brink, le \u00ab\u00a0Camus\u00a0\u00bb sud-africain en rupture d\u2019apartheid","author":"Lyonel Kaufmann","date":"7 f\u00e9vrier 2015","format":false,"excerpt":"\u00abToute l\u2019\u0153uvre d\u2019Andr\u00e9 Brink est marqu\u00e9e par cette qu\u00eate de v\u00e9rit\u00e9 de personnages blancs plong\u00e9s au c\u0153ur de l\u2019injustice extr\u00eame que repr\u00e9sentait l\u2019apartheid \u2013 un th\u00e8me tr\u00e8s \u00ab\u00a0camusien\u00a0\u00bb. Il appartient \u00e0 cette g\u00e9n\u00e9ration, avec Nadine Gordimer, le prix Nobel de litt\u00e9rature d\u00e9c\u00e9d\u00e9e en juillet 2014, qui a fait de l\u2019apartheid\u2026","rel":"","context":"Dans &quot;Diary&quot;","block_context":{"text":"Diary","link":"https:\/\/lyonelkaufmann.ch\/Blog\/category\/diary\/"},"img":{"alt_text":"","src":"","width":0,"height":0},"classes":[]},{"id":19419,"url":"https:\/\/lyonelkaufmann.ch\/Blog\/2018\/08\/06\/19419\/","url_meta":{"origin":7851,"position":4},"title":"Remember : Sarah #Chardonnens \u00ab\u00a0Parfum de jasmin dans la nuit syrienne\u00a0\u00bb","author":"Lyonel Kaufmann","date":"6 ao\u00fbt 2018","format":false,"excerpt":"Alors que je suis plong\u00e9 dans la lecture d'\u00abOn n'arr\u00eate pas un peuple qui danse\u00bb, DayOne fait remonter \u00e0 la surface que c'est \u00e9galement d\u00e9but ao\u00fbt 2015 que je lisais son premier ouvrage. Remember : Du canap\u00e9, je passe ce matin \u00e0 la terrasse avant que la chaleur ne soit\u2026","rel":"","context":"Dans &quot;Blogcaf\u00e9&quot;","block_context":{"text":"Blogcaf\u00e9","link":"https:\/\/lyonelkaufmann.ch\/Blog\/category\/blogcafe-2\/"},"img":{"alt_text":"","src":"https:\/\/i0.wp.com\/lyonelkaufmann.ch\/Blog\/wp-content\/uploads\/2018\/08\/img_1717.jpg?resize=350%2C200&ssl=1","width":350,"height":200,"srcset":"https:\/\/i0.wp.com\/lyonelkaufmann.ch\/Blog\/wp-content\/uploads\/2018\/08\/img_1717.jpg?resize=350%2C200&ssl=1 1x, https:\/\/i0.wp.com\/lyonelkaufmann.ch\/Blog\/wp-content\/uploads\/2018\/08\/img_1717.jpg?resize=525%2C300&ssl=1 1.5x, https:\/\/i0.wp.com\/lyonelkaufmann.ch\/Blog\/wp-content\/uploads\/2018\/08\/img_1717.jpg?resize=700%2C400&ssl=1 2x, https:\/\/i0.wp.com\/lyonelkaufmann.ch\/Blog\/wp-content\/uploads\/2018\/08\/img_1717.jpg?resize=1050%2C600&ssl=1 3x"},"classes":[]},{"id":19840,"url":"https:\/\/lyonelkaufmann.ch\/Blog\/2018\/12\/30\/double-jeu-lausanne-lumieres-2018\/","url_meta":{"origin":7851,"position":5},"title":"Double Jeu &#8211; Lausanne Lumi\u00e8res 2018","author":"Lyonel Kaufmann","date":"30 d\u00e9cembre 2018","format":false,"excerpt":"Notre promenade urbaine 2018 r\u00e9alis\u00e9e dans le cadre de Lausanne Lumi\u00e8res. Le projet met en valeur les arcades sud de l\u2019\u00e9glise Saint-Fran\u00e7ois. Cette derni\u00e8re \u00e9tant, avec la Cath\u00e9drale, la seule \u00e9glise m\u00e9di\u00e9vale conserv\u00e9e \u00e0 Lausanne, l\u2019installation joue avec cet h\u00e9ritage en utilisant une typologie d\u2019\u00e9clairage d\u2019une autre \u00e9poque: le shed.\u2026","rel":"","context":"Dans &quot;Photo du jour&quot;","block_context":{"text":"Photo du jour","link":"https:\/\/lyonelkaufmann.ch\/Blog\/category\/photo-du-jour\/"},"img":{"alt_text":"","src":"","width":0,"height":0},"classes":[]}],"jetpack_likes_enabled":true,"_links":{"self":[{"href":"https:\/\/lyonelkaufmann.ch\/Blog\/wp-json\/wp\/v2\/posts\/7851","targetHints":{"allow":["GET"]}}],"collection":[{"href":"https:\/\/lyonelkaufmann.ch\/Blog\/wp-json\/wp\/v2\/posts"}],"about":[{"href":"https:\/\/lyonelkaufmann.ch\/Blog\/wp-json\/wp\/v2\/types\/post"}],"author":[{"embeddable":true,"href":"https:\/\/lyonelkaufmann.ch\/Blog\/wp-json\/wp\/v2\/users\/1"}],"replies":[{"embeddable":true,"href":"https:\/\/lyonelkaufmann.ch\/Blog\/wp-json\/wp\/v2\/comments?post=7851"}],"version-history":[{"count":0,"href":"https:\/\/lyonelkaufmann.ch\/Blog\/wp-json\/wp\/v2\/posts\/7851\/revisions"}],"wp:featuredmedia":[{"embeddable":true,"href":"https:\/\/lyonelkaufmann.ch\/Blog\/wp-json\/"}],"wp:attachment":[{"href":"https:\/\/lyonelkaufmann.ch\/Blog\/wp-json\/wp\/v2\/media?parent=7851"}],"wp:term":[{"taxonomy":"category","embeddable":true,"href":"https:\/\/lyonelkaufmann.ch\/Blog\/wp-json\/wp\/v2\/categories?post=7851"},{"taxonomy":"post_tag","embeddable":true,"href":"https:\/\/lyonelkaufmann.ch\/Blog\/wp-json\/wp\/v2\/tags?post=7851"}],"curies":[{"name":"wp","href":"https:\/\/api.w.org\/{rel}","templated":true}]}}