{"id":7852,"date":"2007-09-26T10:48:47","date_gmt":"2007-09-26T09:48:47","guid":{"rendered":"http:\/\/lyonelkaufmann.ch\/histoire\/2007\/09\/26\/penser-la-destruction-des-juifs-deurope-le-courrier-25092007\/"},"modified":"2007-09-26T10:48:47","modified_gmt":"2007-09-26T09:48:47","slug":"penser-la-destruction-des-juifs-deurope-le-courrier-25092007","status":"publish","type":"post","link":"https:\/\/lyonelkaufmann.ch\/Blog\/2007\/09\/26\/penser-la-destruction-des-juifs-deurope-le-courrier-25092007\/","title":{"rendered":"Penser la destruction des juifs d&rsquo;Europe (Le Courrier 25.09.2007)"},"content":{"rendered":"<div align=\"center\"><img data-recalc-dims=\"1\" decoding=\"async\" src=\"https:\/\/i0.wp.com\/www.20minutes.fr\/img\/photos\/20mn\/2007-08\/2007-08-07\/article_Hilberg.jpg\" \/><br \/>DR | L&rsquo;historien am&eacute;ricain Raul Hilberg<\/div>\n<p><\/p>\n<p>Dans son &eacute;dition du mardi 25 septembre 2007, le journal <i>Le Courrier<\/i> revient sur la <a href=\"http:\/\/www.20minutes.fr\/article\/173957\/Monde-Raul-Hilberg-le-plus-grand-specialiste-de-la-Shoah-est-mort.php\">disparition r&eacute;cente de Raoul Hilberg<\/a> (d&eacute;c&eacute;d&eacute; le 4 ao&ucirc;t 2007) et propose une page enti&egrave;re au travail r&eacute;alis&eacute; par cet historien relativement  &agrave; son ouvrage majeur et capital sur le g&eacute;nocide juif : <i>\u00ab\u00a0La destruction des juifs d&rsquo;Europe\u00a0\u00bb<\/i>.<br \/>\nL&rsquo;article intitul&eacute; <i>&laquo;Le tournant historiographique&raquo;<\/i> est particuli&egrave;rement int&eacute;ressant pour comprendre l&rsquo;apport de Raoul Hilberg relativement &agrave; l&rsquo;historiographie du g&eacute;nocide et des g&eacute;nocides en g&eacute;n&eacute;ral:\u00a0\u00bb(Ainsi dans la derni&egrave;re &eacute;dition de son ouvrage, r&eacute;guli&egrave;rement remis &agrave; jour, Raoul Hilberg consacre un chapitre au g&eacute;nocide rwandais. Eric Vigne, ami et &eacute;diteur fran&ccedil;ais de Hilberg chez Gallimard, expliquait &agrave; <a href=\"http:\/\/www.rue89.com\/2007\/08\/08\/hilberg-lhistorien-du-genocide-des-juifs-raconte-par-son-editeur\">Rue89<\/a> que ce chapitre sur le Rwanda participait &agrave; la d&eacute;monstration de Hilberg et qu&rsquo;il voulait ainsi s&rsquo;adresser aux tenants de la bataille du <i>\u00ab\u00a0pourquoi?\u00a0\u00bb<\/i>, qu&rsquo;avec ce nouveau g&eacute;nocide, o&ugrave; l&rsquo;Europe n&rsquo;avait rien fait, il s&rsquo;agissait d&rsquo;arr&ecirc;ter de dire que la connaissance historique permet d&rsquo;agir et qu&rsquo;il fallait plut&ocirc;t s&rsquo;appliquer &agrave; cerner le <i>\u00ab\u00a0comment?\u00a0\u00bb<\/i>.)\u00a0\u00bb:<\/p>\n<blockquote>\n<div align=\"justify\"><i>S&rsquo;il consid&egrave;re le g&eacute;nocide juif comme &laquo;un &eacute;v&eacute;nement sans pr&eacute;c&eacute;dent, un acte primordial jamais imagin&eacute; avant qu&rsquo;il surg&icirc;t&raquo;, comme il l&rsquo;explique dans La Politique de la m&eacute;moire, il d&eacute;montre dans toute son oeuvre qu&rsquo;il n&rsquo;y a pas de plan central d&rsquo;extermination, comme il n&rsquo;existe pas de F&uuml;hrerbefehl pour supprimer les populations juives europ&eacute;ennes, car cet ordre n&rsquo;est pas n&eacute;cessaire.<br \/>\nEn affirmant la nature bureaucratique de la destruction et en soulignant la division du travail, Hilberg s&rsquo;oppose &agrave; une interpr&eacute;tation faisant de Hitler un homme surpuissant et diabolique ou celle d&rsquo;un g&eacute;nocide mis en place par quelques antis&eacute;mites fanatiques. La d&eacute;centralisation de la destruction des juifs r&eacute;clamant la participation de tous les organismes disposant des moyens d&rsquo;accomplir leur part de travail, il penche plut&ocirc;t pour une concurrence des institutions qui aboutit &agrave; ce que l&rsquo;historien allemand Hans Mommsen appelle une &laquo;radicalisation cumul&eacute;e&raquo;. V&eacute;ritable initiateur d&rsquo;un nouveau courant historiographique, Hilberg contribue au d&eacute;veloppement des Holocaust and Genocide Studies dont les nombreuses revues et les programmes universitaires soulignent l&rsquo;importance. Rechignant &agrave; utiliser le mot &laquo;Holocauste&raquo;, probl&eacute;matique &eacute;tymologiquement parlant, Raul Hilberg se montre aussi critique face &agrave; la globalisation de la m&eacute;moire du g&eacute;nocide juif et &agrave; son instrumentalisation. Il n&rsquo;h&eacute;site pas &agrave; d&eacute;noncer les organisations juives am&eacute;ricaines &#8211; notamment sur leurs demandes de r&eacute;paration contre les banques suisses &#8211; ou &agrave; d&eacute;fendre ses coll&egrave;gues, comme Norman Finkelstein &eacute;cart&eacute; de son poste apr&egrave;s la parution de L&rsquo;Industrie de l&rsquo;Holocauste.<\/i><\/div>\n<\/blockquote>\n<p>Ces articles du <i>Courrier<\/i> pr&eacute;sentent l&rsquo;avantage d&rsquo;&ecirc;tre consultables en ligne : <a href=\"http:\/\/www.lecourrier.ch\/index.php?name=NewsPaper&amp;file=article&amp;sid=437453&amp;layout=article,latruite\">Penser la destruction des juifs d&rsquo;Europe<\/a>.<\/p>\n","protected":false},"excerpt":{"rendered":"<p>DR | L&rsquo;historien am&eacute;ricain Raul Hilberg Dans son &eacute;dition du mardi 25 septembre 2007, le journal Le Courrier revient sur la disparition r&eacute;cente de Raoul Hilberg (d&eacute;c&eacute;d&eacute; le 4 ao&ucirc;t 2007) et propose une page enti&egrave;re au travail r&eacute;alis&eacute; par cet historien relativement &agrave; son ouvrage majeur et capital sur le g&eacute;nocide juif : \u00ab\u00a0La [&hellip;]<\/p>\n","protected":false},"author":1,"featured_media":8376,"comment_status":"open","ping_status":"open","sticky":false,"template":"","format":"standard","meta":{"_import_markdown_pro_load_document_selector":0,"_import_markdown_pro_submit_text_textarea":"","_genesis_hide_title":false,"_genesis_hide_breadcrumbs":false,"_genesis_hide_singular_image":false,"_genesis_hide_footer_widgets":false,"_genesis_custom_body_class":"","_genesis_custom_post_class":"","_genesis_layout":"","jetpack_post_was_ever_published":false,"_jetpack_newsletter_access":"","_jetpack_dont_email_post_to_subs":false,"_jetpack_newsletter_tier_id":0,"_jetpack_memberships_contains_paywalled_content":false,"_jetpack_memberships_contains_paid_content":false,"activitypub_content_warning":"","activitypub_content_visibility":"","activitypub_max_image_attachments":3,"activitypub_interaction_policy_quote":"anyone","activitypub_status":"","footnotes":"","jetpack_publicize_message":"","jetpack_publicize_feature_enabled":true,"jetpack_social_post_already_shared":true,"jetpack_social_options":{"image_generator_settings":{"template":"fullscreen","default_image_id":0,"font":"","enabled":false},"version":2}},"categories":[2],"tags":[],"class_list":{"0":"post-7852","1":"post","2":"type-post","3":"status-publish","4":"format-standard","5":"has-post-thumbnail","7":"category-histoire-2","8":"entry"},"jetpack_publicize_connections":[],"featured_image_src":null,"featured_image_src_square":null,"author_info":{"display_name":"Lyonel Kaufmann","author_link":"https:\/\/lyonelkaufmann.ch\/Blog\/author\/lyonelk\/"},"jetpack_featured_media_url":"","jetpack_sharing_enabled":true,"jetpack_shortlink":"https:\/\/wp.me\/p1qtF4-22E","jetpack-related-posts":[{"id":7784,"url":"https:\/\/lyonelkaufmann.ch\/Blog\/2007\/02\/02\/nuit-et-brouillard-un-lieu-de-mamoire\/","url_meta":{"origin":7852,"position":0},"title":"Nuit et Brouillard, un lieu de m\u00e9moire","author":"Lyonel Kaufmann","date":"2 f\u00e9vrier 2007","format":false,"excerpt":"Nuit et Brouillard est, pour moi, d'abord un souvenir scolaire. Comme beaucoup d'autres \u00e9l\u00e8ves francophones depuis sa sortie en 1956. Un film important et \u00e9galement probl\u00e9matique lors de son visionnement avec des \u00e9l\u00e8ves de 15-16 ans. Je me rappelle une de mes camarades d'une autre classe compl\u00e8tement traumatis\u00e9e non seulement\u2026","rel":"","context":"Dans &quot;histoire&quot;","block_context":{"text":"histoire","link":"https:\/\/lyonelkaufmann.ch\/Blog\/category\/histoire-2\/"},"img":{"alt_text":"","src":"","width":0,"height":0},"classes":[]},{"id":5930,"url":"https:\/\/lyonelkaufmann.ch\/Blog\/2012\/04\/17\/les-mots-du-genocide-metispresse\/","url_meta":{"origin":7852,"position":1},"title":"Les mots du g\u00e9nocide |\u00a0MetisPresse","author":"Lyonel Kaufmann","date":"17 avril 2012","format":false,"excerpt":"\u00c9crivain, essayiste et journaliste de radio, depuis 2009 David Collin co-dirige Babylone, \u00e9mission quotidienne des savoirs de la Radio suisse romande. Il dirige la collection IMPRESCRIPTIBLE. R\u00e9gine Waintrater, psychanalyste et ma\u00eetre de conf\u00e9rences \u00e0 l\u2019Universit\u00e9 Paris Diderot, est sp\u00e9cialiste des traumatismes extr\u00eames et de leur transmission. Elle a particip\u00e9 aux\u2026","rel":"","context":"Dans &quot;Blogcaf\u00e9&quot;","block_context":{"text":"Blogcaf\u00e9","link":"https:\/\/lyonelkaufmann.ch\/Blog\/category\/blogcafe-2\/"},"img":{"alt_text":"","src":"https:\/\/i0.wp.com\/lyonelkaufmann.ch\/Blog\/wp-content\/uploads\/2015\/03\/imp_mots.jpg?fit=400%2C574&ssl=1&resize=350%2C200","width":350,"height":200},"classes":[]},{"id":7233,"url":"https:\/\/lyonelkaufmann.ch\/Blog\/2013\/08\/01\/les-fantomes-de-la-memoire-vous-racontent-la-shoah-histoire-memoire-et-societe\/","url_meta":{"origin":7852,"position":2},"title":"Les fant\u00f4mes de la m\u00e9moire vous racontent la Shoah | Histoire, M\u00e9moire et Soci\u00e9t\u00e9","author":"Lyonel Kaufmann","date":"1 ao\u00fbt 2013","format":false,"excerpt":"Voici un tr\u00e8s int\u00e9ressant article de Micka\u00ebl Bertrand. A l'aide du concept de \u00abpr\u00e9sentisme\u00bb\u00a0d\u00e9velopp\u00e9 par Fran\u00e7ois Hartog dans son livre sur les r\u00e9gimes d'historicit\u00e9, il interroge la mod\u00e9lisation de survivants de la Shoah sous la forme d'hologramme interactifs par l\u2019ITC (Institute for Creative Technologies) et la Shoah Foundation Institute. Une\u2026","rel":"","context":"Dans &quot;histoire&quot;","block_context":{"text":"histoire","link":"https:\/\/lyonelkaufmann.ch\/Blog\/category\/histoire-2\/"},"img":{"alt_text":"","src":"https:\/\/i0.wp.com\/img.youtube.com\/vi\/AnF630tCiEk\/0.jpg?resize=350%2C200","width":350,"height":200},"classes":[]},{"id":7480,"url":"https:\/\/lyonelkaufmann.ch\/Blog\/2013\/09\/12\/7480\/","url_meta":{"origin":7852,"position":3},"title":"Compte-rendu : La machinerie \u00e9conomique nazie |\u00a0La Vie des id\u00e9es","author":"Lyonel Kaufmann","date":"12 septembre 2013","format":false,"excerpt":"Dans un ouvrage de r\u00e9f\u00e9rence, Adam Tooze s\u2019efforce de relire l\u2019histoire du IIIe Reich \u2013 depuis la lutte contre le ch\u00f4mage jusqu\u2019au g\u00e9nocide des Juifs \u2013 \u00e0 travers le prisme de l\u2019\u00e9conomie. Il montre que l\u2019effort d\u2019armement et l\u2019effort de guerre ont \u00e9t\u00e9 financ\u00e9s par la fiscalit\u00e9, l\u2019\u00e9pargne forc\u00e9e et\u2026","rel":"","context":"Dans &quot;histoire&quot;","block_context":{"text":"histoire","link":"https:\/\/lyonelkaufmann.ch\/Blog\/category\/histoire-2\/"},"img":{"alt_text":"","src":"https:\/\/i0.wp.com\/lyonelkaufmann.ch\/histoire\/wp-content\/uploads\/2013\/09\/arton2382-d062c.jpg?resize=350%2C200","width":350,"height":200},"classes":[]},{"id":1117,"url":"https:\/\/lyonelkaufmann.ch\/Blog\/2009\/02\/28\/comprendre-les-origines-de-la-shoah\/","url_meta":{"origin":7852,"position":4},"title":"Comprendre les origines de la Shoah","author":"Lyonel Kaufmann","date":"28 f\u00e9vrier 2009","format":false,"excerpt":"Pendant longtemps, les historiens ont pens\u00e9 que toute la Shoah avait \u00e9t\u00e9 planifi\u00e9e avant le d\u00e9clenchement de la guerre germano-sovi\u00e9tique\u00a0; ensuite est venue une \u00e9cole d\u2019historiens, plus attentive \u00e0 la complexit\u00e9 du processus r\u00e9v\u00e9l\u00e9 par les documents \u2013 en particulier au r\u00f4le des initiatives prises par les agents locaux du\u2026","rel":"","context":"Dans &quot;histoire&quot;","block_context":{"text":"histoire","link":"https:\/\/lyonelkaufmann.ch\/Blog\/category\/histoire-2\/"},"img":{"alt_text":"","src":"https:\/\/i0.wp.com\/lyonelkaufmann.ch\/Blog\/wp-content\/uploads\/2015\/03\/blogcafe1.jpg?fit=1024%2C683&ssl=1&resize=350%2C200","width":350,"height":200,"srcset":"https:\/\/i0.wp.com\/lyonelkaufmann.ch\/Blog\/wp-content\/uploads\/2015\/03\/blogcafe1.jpg?fit=1024%2C683&ssl=1&resize=350%2C200 1x, https:\/\/i0.wp.com\/lyonelkaufmann.ch\/Blog\/wp-content\/uploads\/2015\/03\/blogcafe1.jpg?fit=1024%2C683&ssl=1&resize=525%2C300 1.5x, https:\/\/i0.wp.com\/lyonelkaufmann.ch\/Blog\/wp-content\/uploads\/2015\/03\/blogcafe1.jpg?fit=1024%2C683&ssl=1&resize=700%2C400 2x"},"classes":[]},{"id":5705,"url":"https:\/\/lyonelkaufmann.ch\/Blog\/2012\/08\/02\/les-enfants-dans-la-shoah-1933-1945-au-coeur-du-genocide\/","url_meta":{"origin":7852,"position":5},"title":"Les enfants dans la Shoah, 1933-1945, au c\u0153ur du g\u00e9nocide","author":"Lyonel Kaufmann","date":"2 ao\u00fbt 2012","format":false,"excerpt":"See on Scoop.it - histoire Un million et demi d'enfants juifs de moins de 15 ans ont \u00e9t\u00e9 assassin\u00e9s en Europe durant la Shoah. Le fondement de cette mise \u00e0 mort des victimes ne repose que sur le crime d'\u00eatre n\u00e9 et sur lui seul. Heinrich Himmler dans un discours\u2026","rel":"","context":"Dans &quot;histoire&quot;","block_context":{"text":"histoire","link":"https:\/\/lyonelkaufmann.ch\/Blog\/category\/histoire-2\/"},"img":{"alt_text":"","src":"https:\/\/i0.wp.com\/lyonelkaufmann.ch\/Blog\/wp-content\/uploads\/2015\/03\/74592CSKAnFvDyN1IyHsDjl72eJkfbmt4t8yenImKBXEejxNn4ZJNZ2ss5Ku7Cxt.jpg?fit=500%2C250&ssl=1&resize=350%2C200","width":350,"height":200},"classes":[]}],"jetpack_likes_enabled":true,"_links":{"self":[{"href":"https:\/\/lyonelkaufmann.ch\/Blog\/wp-json\/wp\/v2\/posts\/7852","targetHints":{"allow":["GET"]}}],"collection":[{"href":"https:\/\/lyonelkaufmann.ch\/Blog\/wp-json\/wp\/v2\/posts"}],"about":[{"href":"https:\/\/lyonelkaufmann.ch\/Blog\/wp-json\/wp\/v2\/types\/post"}],"author":[{"embeddable":true,"href":"https:\/\/lyonelkaufmann.ch\/Blog\/wp-json\/wp\/v2\/users\/1"}],"replies":[{"embeddable":true,"href":"https:\/\/lyonelkaufmann.ch\/Blog\/wp-json\/wp\/v2\/comments?post=7852"}],"version-history":[{"count":0,"href":"https:\/\/lyonelkaufmann.ch\/Blog\/wp-json\/wp\/v2\/posts\/7852\/revisions"}],"wp:featuredmedia":[{"embeddable":true,"href":"https:\/\/lyonelkaufmann.ch\/Blog\/wp-json\/"}],"wp:attachment":[{"href":"https:\/\/lyonelkaufmann.ch\/Blog\/wp-json\/wp\/v2\/media?parent=7852"}],"wp:term":[{"taxonomy":"category","embeddable":true,"href":"https:\/\/lyonelkaufmann.ch\/Blog\/wp-json\/wp\/v2\/categories?post=7852"},{"taxonomy":"post_tag","embeddable":true,"href":"https:\/\/lyonelkaufmann.ch\/Blog\/wp-json\/wp\/v2\/tags?post=7852"}],"curies":[{"name":"wp","href":"https:\/\/api.w.org\/{rel}","templated":true}]}}