{"id":7858,"date":"2007-10-11T20:38:04","date_gmt":"2007-10-11T19:38:04","guid":{"rendered":"http:\/\/lyonelkaufmann.ch\/histoire\/2007\/10\/11\/un-vote-au-congrs-amricain-sur-le-gnocide-armnien-indigne-ankara-le-monde\/"},"modified":"2007-10-11T20:38:04","modified_gmt":"2007-10-11T19:38:04","slug":"un-vote-au-congrs-amricain-sur-le-gnocide-armnien-indigne-ankara-le-monde","status":"publish","type":"post","link":"https:\/\/lyonelkaufmann.ch\/Blog\/2007\/10\/11\/un-vote-au-congrs-amricain-sur-le-gnocide-armnien-indigne-ankara-le-monde\/","title":{"rendered":"Un vote au Congr\u00e8s am\u00e9ricain sur le g\u00e9nocide arm\u00e9nien indigne Ankara (Le Monde)"},"content":{"rendered":"<div align=\"center\"><img decoding=\"async\" src=\"http:\/\/upload.wikimedia.org\/wikipedia\/commons\/thumb\/e\/e9\/They_Shall_Not_Perish.png\/200px-They_Shall_Not_Perish.png\" \/><br \/><i>\u00ab\u00a0Ils ne p&eacute;riront pas\u00a0\u00bb<\/i>: comit&eacute; am&eacute;ricain de soutien des arm&eacute;niens dans le Proche-Orient, Douglas Volk, 1918 (Source : Wikipedia)<\/div>\n<\/p>\n<div align=\"justify\">Apr&egrave;s le programme p&eacute;trole contre nourriture, les Etats-Unis vont-ils lancer un programme d&rsquo;abandon de la morale contre un soutien de la Turquie dans son exp&eacute;dition irakienne?:\u00a0\u00bb(pr&egrave;s de 70 % du ravitaillement a&eacute;rien destin&eacute; &agrave; l&rsquo;Irak, un tiers du carburant et 95 % des engins blind&eacute;s, vitaux pour les soldats am&eacute;ricains, transitent par la Turquie)\u00a0\u00bb:<br \/>\nDans tous les cas, les relations entre les Etats-Unis et la Turquie entrent dans une &egrave;re de turbulence suite &agrave; un vote du Congr&egrave;s am&eacute;ricain reconnaissant le g&eacute;nocide arm&eacute;nien au d&eacute;but du XXe si&egrave;cle dans l&rsquo;Empire ottoman. [<a href=\"http:\/\/www.lemonde.fr\/web\/article\/0,1-0@2-3222,36-965731@51-628857,0.html\">Un vote au Congr&egrave;s am&eacute;ricain sur le g&eacute;nocide arm&eacute;nien indigne Ankara<\/a> Le Monde.fr : 11.10.07]. Les pressions du pr&eacute;sident Georges Bush, des membres de son gouvernement &mdash;ainsi que la pr&eacute;sence de l&rsquo;ambassadeur turc aux Etats-Unis au deuxi&egrave;me rang de la salle des auditions de la commission des affaires &eacute;trang&egrave;res de la Chambre des repr&eacute;sentants&mdash; n&rsquo;y ont rien fait en ce mercredi 10 octobre.<\/p>\n<p>Au final, le texte, non contraignant, de la commission, a &eacute;t&eacute; vot&eacute; par 27 voix contre 21 et sera envoy&eacute; &agrave; la Chambre des repr&eacute;sentants pour examen en s&eacute;ance pl&eacute;ni&egrave;re. Il affirme que le massacre des Arm&eacute;niens durant la Premi&egrave;re Guerre mondiale a &eacute;t&eacute; un <i>g&eacute;nocide<\/i> et que cela doit &ecirc;tre pleinement reconnu par la diplomatie am&eacute;ricaine, notamment dans sa politique vis-&agrave;-vis de la Turquie.<\/p>\n<p>La r&eacute;solution va d&eacute;sormais &ecirc;tre pr&eacute;sent&eacute;e devant la Chambre des repr&eacute;sentants o&ugrave; un vote pourrait avoir lieu d&rsquo;ici &agrave; la mi-novembre. Par ailleurs, un texte similaire &agrave; celui adopt&eacute; par la commission circule d&rsquo;ores et d&eacute;j&agrave; au S&eacute;nat. En cas d&rsquo;adoption, le pr&eacute;sident Bush pourra toujours exercer, en dernier recours, son droit de veto. D&eacute;j&agrave;, en octobre 2000, le pr&eacute;sident de l&rsquo;&eacute;poque, Bill Clinton, avait r&eacute;ussi &agrave; s&rsquo;opposer &agrave; l&rsquo;adoption d&rsquo;une telle r&eacute;solution.<\/p>\n<p>A noter que la notion de g&eacute;nocide a &eacute;t&eacute; reconnue notamment par la Suisse, la France, le Canada et le Parlement europ&eacute;en.:\u00a0\u00bb(Le site du <a href=\"http:\/\/www.cdca.asso.fr\/s\/rubrique.php?page=1&amp;r=6\">Comit&eacute; de D&eacute;fense de la Cause Arm&eacute;nienne [CDCA]<\/a> vous permet notamment de suivre l&rsquo;actualit&eacute; de la reconnaissance du g&eacute;nocide arm&eacute;nien.)\u00a0\u00bb: Concernant la Suisse, le 16 d&eacute;cembre 2003, le Conseil national suisse (chambre basse du parlement) a reconnu l&rsquo;existence du g&eacute;nocide arm&eacute;nien par 107 voix contre 67 &#8211; et 11 abstentions &#8211; et demand&eacute; au Conseil f&eacute;d&eacute;ral (gouvernement) d&rsquo;en prendre acte puis de transmettre la position du Conseil national par les voies diplomatiques usuelles. Deux autres parlements de cantons suisses, Gen&egrave;ve en 1998 et Vaud en 2003 ont &eacute;galement vot&eacute; des r&eacute;solutions comparables.<\/p>\n<div align=\"center\"><img data-recalc-dims=\"1\" decoding=\"async\" src=\"https:\/\/i0.wp.com\/www.herodote.net\/Images\/Armenie1915ArminWegner.jpg\" \/><br \/><a href=\"http:\/\/www.herodote.net\/histoire\/evenement.php?jour=19150424\">H&eacute;rodote<\/a><\/div>\n<h1>Liens:<\/h1>\n<p><b>1.- La controverse sur le g&eacute;nocide arm&eacute;nien sur Wikipedia<\/b><br \/>\n&#149; article <a href=\"http:\/\/fr.wikipedia.org\/wiki\/G&eacute;nocide_arm&eacute;nien\">G&eacute;nocide arm&eacute;nien<\/a><br \/>\n&#149; article <a href=\"http:\/\/fr.wikipedia.org\/wiki\/N&eacute;gation_du_g&eacute;nocide_arm&eacute;nien\">N&eacute;gation du g&eacute;nocide arm&eacute;nien<\/a><br \/>\n&#149; <a href=\"http:\/\/fr.wikipedia.org\/wiki\/Wikip&eacute;dia:Liste_des_articles_non_neutres\/N&eacute;gation_du_g&eacute;nocide_arm&eacute;nien\">le d&eacute;bat sur l&rsquo;article N&eacute;gation du g&eacute;nocide arm&eacute;nien<\/a><\/p>\n<p><b>2.- Suisse : condamnation de Dogu Perin&ccedil;ek, n&eacute;gationniste du g&eacute;nocide arm&eacute;nien (2007)<\/b><br \/>\n&#149; <a href=\"http:\/\/www.lemonde.fr\/web\/article\/0,1-0@2-3214,36-881458@51-881552,0.html\">LeMonde.fr : La Suisse condamne un Turc pour n&eacute;gation du g&eacute;nocide&#8230;<\/a><br \/>\n&#149; <a href=\"http:\/\/194.6.181.127\/fre\/swissinfo.html?siteSect=105&amp;sid=7131086\">De Turquie, Blocher provoque une pol&eacute;mique en Suisse en critiquant la norme antiracisme<\/a> qui a conduit &agrave; une proc&eacute;dure en Suisse contre deux Turcs pour leurs affirmations sur le g&eacute;nocide arm&eacute;nien.<\/p>\n<p><b>3. <a href=\"http:\/\/denisdonikian.blog.lemonde.fr\/\">Petite encyclop&eacute;die du g&eacute;nocide arm&eacute;nien<\/a> :<\/b> Un blog qui vaut le d&eacute;tour<\/p>\n<h1>Ouvrages sur le g&eacute;nocide arm&eacute;nien<\/h1>\n<p>&#149; G&eacute;rard Chaliand, Yves Ternon (2006). <i>1915, le g&eacute;nocide des Arm&eacute;niens.<\/i> Bruxelles: Complexes (5e &eacute;dition)<br \/>\n&#149; Vahakn N Dadrian (1995). <i>Autopsie du g&eacute;nocide arm&eacute;nien.<\/i> Paris: Stock<br \/>\nDes &eacute;l&eacute;ments du livre en ligne sur <a href=\"http:\/\/books.google.com\/books?id=33b4Vy1vDEcC&amp;dq=g&eacute;nocide+arm&eacute;nien&amp;hl=fr\">GoogleBooks<\/a>.<br \/>\n&#149; Jean-Marie Carzou (1975). <i>Un g&eacute;nocide exemplaire: Arm&eacute;nie 1915<\/i>. Paris: Flammarion.<br \/>\nLe livre en ligne : <a href=\"http:\/\/www.imprescriptible.fr\/carzou\/\">http:\/\/www.imprescriptible.fr\/carzou\/<\/a><\/div>\n","protected":false},"excerpt":{"rendered":"<p>\u00ab\u00a0Ils ne p&eacute;riront pas\u00a0\u00bb: comit&eacute; am&eacute;ricain de soutien des arm&eacute;niens dans le Proche-Orient, Douglas Volk, 1918 (Source : Wikipedia) Apr&egrave;s le programme p&eacute;trole contre nourriture, les Etats-Unis vont-ils lancer un programme d&rsquo;abandon de la morale contre un soutien de la Turquie dans son exp&eacute;dition irakienne?:\u00a0\u00bb(pr&egrave;s de 70 % du ravitaillement a&eacute;rien destin&eacute; &agrave; l&rsquo;Irak, un [&hellip;]<\/p>\n","protected":false},"author":1,"featured_media":13568,"comment_status":"open","ping_status":"open","sticky":false,"template":"","format":"standard","meta":{"_import_markdown_pro_load_document_selector":0,"_import_markdown_pro_submit_text_textarea":"","_genesis_hide_title":false,"_genesis_hide_breadcrumbs":false,"_genesis_hide_singular_image":false,"_genesis_hide_footer_widgets":false,"_genesis_custom_body_class":"","_genesis_custom_post_class":"","_genesis_layout":"","jetpack_post_was_ever_published":false,"_jetpack_newsletter_access":"","_jetpack_dont_email_post_to_subs":false,"_jetpack_newsletter_tier_id":0,"_jetpack_memberships_contains_paywalled_content":false,"_jetpack_memberships_contains_paid_content":false,"activitypub_content_warning":"","activitypub_content_visibility":"","activitypub_max_image_attachments":3,"activitypub_interaction_policy_quote":"anyone","activitypub_status":"","footnotes":"","jetpack_publicize_message":"","jetpack_publicize_feature_enabled":true,"jetpack_social_post_already_shared":true,"jetpack_social_options":{"image_generator_settings":{"template":"fullscreen","default_image_id":0,"font":"","enabled":false},"version":2}},"categories":[2],"tags":[],"class_list":{"0":"post-7858","1":"post","2":"type-post","3":"status-publish","4":"format-standard","5":"has-post-thumbnail","7":"category-histoire-2","8":"entry"},"jetpack_publicize_connections":[],"featured_image_src":"https:\/\/i0.wp.com\/lyonelkaufmann.ch\/Blog\/wp-content\/uploads\/2015\/03\/200px-They_Shall_Not_Perish.png?resize=200%2C303&ssl=1","featured_image_src_square":"https:\/\/i0.wp.com\/lyonelkaufmann.ch\/Blog\/wp-content\/uploads\/2015\/03\/200px-They_Shall_Not_Perish.png?resize=200%2C303&ssl=1","author_info":{"display_name":"Lyonel Kaufmann","author_link":"https:\/\/lyonelkaufmann.ch\/Blog\/author\/lyonelk\/"},"jetpack_featured_media_url":"https:\/\/i0.wp.com\/lyonelkaufmann.ch\/Blog\/wp-content\/uploads\/2015\/03\/200px-They_Shall_Not_Perish.png?fit=200%2C303&ssl=1","jetpack_sharing_enabled":true,"jetpack_shortlink":"https:\/\/wp.me\/p1qtF4-22K","jetpack-related-posts":[{"id":3682,"url":"https:\/\/lyonelkaufmann.ch\/Blog\/2011\/04\/27\/turquie-on-commemore-le-debut-du-genocide-armenien\/","url_meta":{"origin":7858,"position":0},"title":"Turquie : on comm\u00e9more le d\u00e9but du g\u00e9nocide arm\u00e9nien","author":"Lyonel Kaufmann","date":"27 avril 2011","format":false,"excerpt":"Pour la deuxi\u00e8me ann\u00e9e cons\u00e9cutive, des manifestations ont comm\u00e9mor\u00e9, en Turquie, le \u00ab24 avril\u00a01915\u00bb, d\u00e9but du g\u00e9nocide des Arm\u00e9niens de l\u2019Empire ottoman. Mais cette ann\u00e9e, ces manifestations ne sont pas rest\u00e9es circonscrites \u00e0 Istanbul, cinq autres villes (Ankara, Bodrum, Bursa, Diyarbak\u0131r et Izmir), ont accueilli des comm\u00e9morations similaires. Pour le\u2026","rel":"","context":"Dans &quot;histoire&quot;","block_context":{"text":"histoire","link":"https:\/\/lyonelkaufmann.ch\/Blog\/category\/histoire-2\/"},"img":{"alt_text":"","src":"https:\/\/i0.wp.com\/lyonelkaufmann.ch\/Blog\/wp-content\/uploads\/2015\/03\/blogcafe1.jpg?fit=1024%2C683&ssl=1&resize=350%2C200","width":350,"height":200,"srcset":"https:\/\/i0.wp.com\/lyonelkaufmann.ch\/Blog\/wp-content\/uploads\/2015\/03\/blogcafe1.jpg?fit=1024%2C683&ssl=1&resize=350%2C200 1x, https:\/\/i0.wp.com\/lyonelkaufmann.ch\/Blog\/wp-content\/uploads\/2015\/03\/blogcafe1.jpg?fit=1024%2C683&ssl=1&resize=525%2C300 1.5x, https:\/\/i0.wp.com\/lyonelkaufmann.ch\/Blog\/wp-content\/uploads\/2015\/03\/blogcafe1.jpg?fit=1024%2C683&ssl=1&resize=700%2C400 2x"},"classes":[]},{"id":1114,"url":"https:\/\/lyonelkaufmann.ch\/Blog\/2009\/02\/26\/les-genocides-dans-lhistoire-complements-documentaires-par-peggy-pierrot-et-olivier-pironet-le-monde-diplomatique\/","url_meta":{"origin":7858,"position":1},"title":"Les g\u00e9nocides dans l\u2019histoire : compl\u00e9ments documentaires, par Peggy Pierrot et Olivier Pironet (Le Monde diplomatique)","author":"Lyonel Kaufmann","date":"26 f\u00e9vrier 2009","format":false,"excerpt":"Les g\u00e9nocides dans l\u2019histoire : compl\u00e9ments documentaires, par Peggy Pierrot et Olivier Pironet (Le Monde diplomatique) \u00ab\u00a0Les g\u00e9nocides dans l\u2019histoire \u00bb,\u00a0Mani\u00e8re de voir, num\u00e9ro\u00a076, ao\u00fbt-septembre\u00a02004. M\u00e9moire, n\u00e9gation et oubli\u00a0: de la Shoah au g\u00e9nocide arm\u00e9nien, du pass\u00e9 colonial \u00e0 la folie des Khmers rouges. Voir aussi, les articles traitant de\u2026","rel":"","context":"Dans &quot;histoire&quot;","block_context":{"text":"histoire","link":"https:\/\/lyonelkaufmann.ch\/Blog\/category\/histoire-2\/"},"img":{"alt_text":"","src":"","width":0,"height":0},"classes":[]},{"id":14874,"url":"https:\/\/lyonelkaufmann.ch\/Blog\/2015\/04\/26\/elisee-reclus-et-le-genocide-armenien-geographies-en-mouvement\/","url_meta":{"origin":7858,"position":2},"title":"\u00c9lis\u00e9e Reclus et le g\u00e9nocide arm\u00e9nien | G\u00e9ographies en mouvement","author":"Lyonel Kaufmann","date":"26 avril 2015","format":false,"excerpt":"Le g\u00e9ographe \u00c9lis\u00e9e Reclus (1830-1905) est l\u2019un des premiers, sinon le premier, \u00e0 avoir cartographi\u00e9 le g\u00e9nocide des Arm\u00e9niens. Comme quoi, la cartographie th\u00e9matique et sa repr\u00e9sentation d\u2019\u00e9v\u00e9nements g\u00e9opolitiques existaient d\u00e9j\u00e0 un si\u00e8cle avant aujourd\u2019hui. Cette carte, \u00e0 l\u2019\u00e9chelle 1 : 7 500 000, se trouve dans le volume V\u2026","rel":"","context":"Dans &quot;Blogcaf\u00e9&quot;","block_context":{"text":"Blogcaf\u00e9","link":"https:\/\/lyonelkaufmann.ch\/Blog\/category\/blogcafe-2\/"},"img":{"alt_text":"","src":"https:\/\/i0.wp.com\/lyonelkaufmann.ch\/Blog\/wp-content\/uploads\/2015\/04\/c77f5139a086123919e4a924db081b12.jpg?fit=573%2C600&ssl=1&resize=350%2C200","width":350,"height":200,"srcset":"https:\/\/i0.wp.com\/lyonelkaufmann.ch\/Blog\/wp-content\/uploads\/2015\/04\/c77f5139a086123919e4a924db081b12.jpg?fit=573%2C600&ssl=1&resize=350%2C200 1x, https:\/\/i0.wp.com\/lyonelkaufmann.ch\/Blog\/wp-content\/uploads\/2015\/04\/c77f5139a086123919e4a924db081b12.jpg?fit=573%2C600&ssl=1&resize=525%2C300 1.5x"},"classes":[]},{"id":19678,"url":"https:\/\/lyonelkaufmann.ch\/Blog\/2018\/11\/17\/noire-democrate-mere-endeuillee-et-elue-surprise-au-congres-americain\/","url_meta":{"origin":7858,"position":3},"title":"Noire, d\u00e9mocrate, m\u00e8re endeuill\u00e9e et \u00e9lue surprise au Congr\u00e8s am\u00e9ricain","author":"Lyonel Kaufmann","date":"17 novembre 2018","format":false,"excerpt":"Noire, d\u00e9mocrate, m\u00e8re endeuill\u00e9e et \u00e9lue surprise au Congr\u00e8s am\u00e9ricain Lucy McBath, dont le fils a \u00e9t\u00e9 tu\u00e9 par balles en\u00a02012, a remport\u00e9 le 6\u00a0novembre, en Georgie, une circonscription blanche r\u00e9put\u00e9e imprenable par son propre parti. Son combat\u00a0: le contr\u00f4le des armes \u00e0 feu. Lire la suite sur Noire, d\u00e9mocrate,\u2026","rel":"","context":"Dans &quot;politis&quot;","block_context":{"text":"politis","link":"https:\/\/lyonelkaufmann.ch\/Blog\/category\/politis\/"},"img":{"alt_text":"","src":"https:\/\/i0.wp.com\/lyonelkaufmann.ch\/Blog\/wp-content\/uploads\/2018\/11\/img_7025.jpg?resize=350%2C200&ssl=1","width":350,"height":200,"srcset":"https:\/\/i0.wp.com\/lyonelkaufmann.ch\/Blog\/wp-content\/uploads\/2018\/11\/img_7025.jpg?resize=350%2C200&ssl=1 1x, https:\/\/i0.wp.com\/lyonelkaufmann.ch\/Blog\/wp-content\/uploads\/2018\/11\/img_7025.jpg?resize=525%2C300&ssl=1 1.5x"},"classes":[]},{"id":19417,"url":"https:\/\/lyonelkaufmann.ch\/Blog\/2018\/08\/05\/sarah-chardonnens-on-narrete-pas-un-peuple-qui-danse-acte-4-quand-on-trouve-enfin-sa-moto-couleurs-hezbollah-dans-un-quartier-armenien-lecture-ete2018-tourdepeilz\/","url_meta":{"origin":7858,"position":4},"title":"Sarah #Chardonnens \u00ab\u00a0On n\u2019arr\u00eate pas un peuple qui danse\u00a0\u00bbActe 4 Quand on trouve enfin sa moto couleurs Hezbollah dans un quartier arm\u00e9nien #lecture #\u00e9t\u00e92018 #tourdepeilz","author":"Lyonel Kaufmann","date":"5 ao\u00fbt 2018","format":false,"excerpt":"from Instagram: https:\/\/ift.tt\/2OabYVl","rel":"","context":"Dans &quot;Blogcaf\u00e9&quot;","block_context":{"text":"Blogcaf\u00e9","link":"https:\/\/lyonelkaufmann.ch\/Blog\/category\/blogcafe-2\/"},"img":{"alt_text":"","src":"","width":0,"height":0},"classes":[]},{"id":5297,"url":"https:\/\/lyonelkaufmann.ch\/Blog\/2012\/04\/16\/16-avril-1862-lincoln-signe-la-loi-demancipation\/","url_meta":{"origin":7858,"position":5},"title":"16 avril 1862 : Lincoln signe la loi d&rsquo;\u00e9mancipation","author":"Lyonel Kaufmann","date":"16 avril 2012","format":false,"excerpt":"Le 16 Avril 1862, le pr\u00e9sident Abraham Lincoln promulgue la loi du Congr\u00e8s autorisant l'\u00e9mancipation des personnes r\u00e9duites en esclavage \u00e0 Washington, DC, et la compensation mon\u00e9taire de leurs propri\u00e9taires par le Tr\u00e9sor am\u00e9ricain. 150 ans plus tard, les Archives nationales am\u00e9ricaines marquent cet anniversaire en r\u00e9alisant et diffusant la\u2026","rel":"","context":"Dans &quot;histoire&quot;","block_context":{"text":"histoire","link":"https:\/\/lyonelkaufmann.ch\/Blog\/category\/histoire-2\/"},"img":{"alt_text":"","src":"https:\/\/i0.wp.com\/lyonelkaufmann.ch\/Blog\/wp-content\/uploads\/2015\/03\/0116.jpg?fit=480%2C360&ssl=1&resize=350%2C200","width":350,"height":200},"classes":[]}],"jetpack_likes_enabled":true,"_links":{"self":[{"href":"https:\/\/lyonelkaufmann.ch\/Blog\/wp-json\/wp\/v2\/posts\/7858","targetHints":{"allow":["GET"]}}],"collection":[{"href":"https:\/\/lyonelkaufmann.ch\/Blog\/wp-json\/wp\/v2\/posts"}],"about":[{"href":"https:\/\/lyonelkaufmann.ch\/Blog\/wp-json\/wp\/v2\/types\/post"}],"author":[{"embeddable":true,"href":"https:\/\/lyonelkaufmann.ch\/Blog\/wp-json\/wp\/v2\/users\/1"}],"replies":[{"embeddable":true,"href":"https:\/\/lyonelkaufmann.ch\/Blog\/wp-json\/wp\/v2\/comments?post=7858"}],"version-history":[{"count":0,"href":"https:\/\/lyonelkaufmann.ch\/Blog\/wp-json\/wp\/v2\/posts\/7858\/revisions"}],"wp:featuredmedia":[{"embeddable":true,"href":"https:\/\/lyonelkaufmann.ch\/Blog\/wp-json\/wp\/v2\/media\/13568"}],"wp:attachment":[{"href":"https:\/\/lyonelkaufmann.ch\/Blog\/wp-json\/wp\/v2\/media?parent=7858"}],"wp:term":[{"taxonomy":"category","embeddable":true,"href":"https:\/\/lyonelkaufmann.ch\/Blog\/wp-json\/wp\/v2\/categories?post=7858"},{"taxonomy":"post_tag","embeddable":true,"href":"https:\/\/lyonelkaufmann.ch\/Blog\/wp-json\/wp\/v2\/tags?post=7858"}],"curies":[{"name":"wp","href":"https:\/\/api.w.org\/{rel}","templated":true}]}}