{"id":7861,"date":"2007-10-29T07:46:25","date_gmt":"2007-10-29T06:46:25","guid":{"rendered":"http:\/\/lyonelkaufmann.ch\/histoire\/2007\/10\/29\/roy-rosenzweig-19502007\/"},"modified":"2007-10-29T07:46:25","modified_gmt":"2007-10-29T06:46:25","slug":"roy-rosenzweig-19502007","status":"publish","type":"post","link":"https:\/\/lyonelkaufmann.ch\/Blog\/2007\/10\/29\/roy-rosenzweig-19502007\/","title":{"rendered":"Roy Rosenzweig (1950\u20142007)"},"content":{"rendered":"<div align=\"center\"><img data-recalc-dims=\"1\" decoding=\"async\" src=\"https:\/\/i0.wp.com\/blog.historians.org\/images\/158.jpg\" \/><br \/>Roy Rosenzweig (1950&mdash;2007)<\/div>\n<\/p>\n<div align=\"justify\">Roy Rosenzweig n&rsquo;est pas un historien fort connu dans nos contr&eacute;es. C&rsquo;est dommage. Historien am&eacute;ricain, il est un des pionniers relativement &agrave; l&rsquo;histoire et l&rsquo;utilisation des nouveaux m&eacute;dias. Ses pr&eacute;occupations portaient notamment sur la mise &agrave; disposition de ressources historiques sous forme digitale (<i>Digital history<\/i>).<\/p>\n<p>Parmi ses travaux, il faut noter<br \/>\n&#8211; la r&eacute;alisation d&rsquo;un CD-Rom sur l&rsquo;histoire am&eacute;ricaine en deux volumes <i>\u00ab\u00a0Who built america ?\u00a0\u00bb<\/i> (<a href=\"http:\/\/www.ashp.cuny.edu\/WBAcd-roms.html\">volume 1<\/a> et <a href=\"http:\/\/www.ashp.cuny.edu\/WIP1.html\">volume 2<\/a>).<br \/>\n&#8211; il est le co-fondateur en 1994 du <a href=\"http:\/\/chnm.gmu.edu\/\"><i>Center for History and New Media<\/i><\/a>.<br \/>\n&#8211; des supports de cours sur le web en relation notamment avec l&rsquo;histoire am&eacute;ricaine (<a href=\"http:\/\/historymatters.gmu.edu\/\">History Matters. The U.S. survey course on the web<\/a>) ou de l&rsquo;histoire mondiale (<a href=\"http:\/\/worldhistorymatters.org\/\">World History Matters<\/a>)<br \/>\n&#8211; un guide pour les &eacute;tudiants et chercheurs en histoire des ressources digitales (<a href=\"http:\/\/chnm.gmu.edu\/digitalhistory\/\">Digital History: A Guide to Gathering, Preserving, And Presenting the Past on the Web<\/a>) dont le titre r&eacute;sume bien les pr&eacute;occupations et les orientations du travail de Reosenzweig.<br \/>\n&#8211; plusieurs essais en relation avec le travail de l&rsquo;historien &agrave; l&rsquo;&egrave;re des ressources digitales dont un r&eacute;cent article <a href=\"http:\/\/chnm.gmu.edu\/resources\/essays\/d\/42\">\u00ab\u00a0Can History be Open Source? Wikipedia and the Future of the Past\u00a0\u00bb<\/a> [traduction en fran&ccedil;ais par <a href=\"http:\/\/clioweb.free.fr\/debats\/wiki\/wikihist.htm\">Clioweb<\/a>, voir aussi notre billet <a href=\"http:\/\/lyonelkaufmann.ch\/histoire\/2006\/08\/18\/sur-wikipedia-et-lhistoire-clioweb-et-rosenzweig\/\">Sur Wikipedia et l&rsquo;Histoire (Clioweb et Rosenzweig<\/a>)]. Ce dernier article souligne aussi son int&eacute;r&ecirc;t constant pour l&rsquo;enseignement de l&rsquo;histoire &agrave; l&rsquo;&egrave;re digitale.<br \/>\n&#8211; la r\u00e9alisation d&rsquo;une banque de donn&eacute;es digitales regroupant les ressources les plus diverses en relation avec les attentats du 11 septembre 2001 (<a href=\"http:\/\/911digitalarchive.org\/\">The September 11 Digital Archive<\/a>).<\/p>\n<p>Son champ d&rsquo;actions et de recherches &eacute;tait fort large puisqu&rsquo;il englobe autant des consid&eacute;rations sur la conservation du pass&eacute; &agrave; l&rsquo;&egrave;re digitale (questions archivistiques), que sur leur utilisation dans la construction de l&rsquo;histoire (questions historiques) ou que sur la formation historique des &eacute;l&egrave;ves (questions &eacute;ducatives). Mais, il &eacute;tait avant tout un militant pour un acc&egrave;s libre &agrave; la connaissance historique sur le web. Il est d&eacute;c&eacute;d&eacute; d&eacute;but octobre d&rsquo;un cancer des poumons.<\/p>\n<h3>Liens:<\/h3>\n<p>&#149; <a href=\"http:\/\/chnm.gmu.edu\/survey\/afterroy.html\">Roy Rosenzweig: Everyone a Historian<\/a><br \/>\n&#149; La notice de l&rsquo;<a href=\"http:\/\/blog.historians.org\/news\/348\/roy-rosenzweig-1950-2007\">American Historical Association<\/a><br \/>\n&#149; <a href=\"http:\/\/www.dancohen.org\/2007\/10\/14\/remembering-roy-rosenzweig\/trackback\/\">Remembering Roy Rosenzweig<\/a> de Dan Cohen (co-directeur avec Rosenzweig du  <a href=\"http:\/\/chnm.gmu.edu\/\"><i>Center for History and New Media<\/i><\/a>)<br \/>\n&#149; <a href=\"http:\/\/www.washingtonpost.com\/wp-dyn\/content\/article\/2007\/10\/12\/AR2007101202489.html\">Digital Historian Roy A. Rosenzweig<\/a> du <i>Washington Post<\/i><br \/>\n&#149; <a href=\"http:\/\/chnm.gmu.edu\/history\/faculty\/rrosenzw\/rrvita.html\">Bibliographie<\/a> de ses principaux travaux (curriculum vitae)<br \/>\n&#149; Ses livres sur <a href=\"http:\/\/www.amazon.com\/exec\/obidos\/search-handle-url\/104-8125535-9468764?%5Fencoding=UTF8&amp;search-type=ss&amp;index=books&amp;field-author=Roy%20Rosenzweig\">Amazon (US)<\/a><\/div>\n","protected":false},"excerpt":{"rendered":"<p>Roy Rosenzweig (1950&mdash;2007) Roy Rosenzweig n&rsquo;est pas un historien fort connu dans nos contr&eacute;es. C&rsquo;est dommage. Historien am&eacute;ricain, il est un des pionniers relativement &agrave; l&rsquo;histoire et l&rsquo;utilisation des nouveaux m&eacute;dias. Ses pr&eacute;occupations portaient notamment sur la mise &agrave; disposition de ressources historiques sous forme digitale (Digital history). Parmi ses travaux, il faut noter &#8211; [&hellip;]<\/p>\n","protected":false},"author":1,"featured_media":13569,"comment_status":"open","ping_status":"open","sticky":false,"template":"","format":"standard","meta":{"_import_markdown_pro_load_document_selector":0,"_import_markdown_pro_submit_text_textarea":"","_genesis_hide_title":false,"_genesis_hide_breadcrumbs":false,"_genesis_hide_singular_image":false,"_genesis_hide_footer_widgets":false,"_genesis_custom_body_class":"","_genesis_custom_post_class":"","_genesis_layout":"","jetpack_post_was_ever_published":false,"_jetpack_newsletter_access":"","_jetpack_dont_email_post_to_subs":false,"_jetpack_newsletter_tier_id":0,"_jetpack_memberships_contains_paywalled_content":false,"_jetpack_memberships_contains_paid_content":false,"activitypub_content_warning":"","activitypub_content_visibility":"","activitypub_max_image_attachments":3,"activitypub_interaction_policy_quote":"anyone","activitypub_status":"","footnotes":"","jetpack_publicize_message":"","jetpack_publicize_feature_enabled":true,"jetpack_social_post_already_shared":true,"jetpack_social_options":{"image_generator_settings":{"template":"fullscreen","default_image_id":0,"font":"","enabled":false},"version":2}},"categories":[2],"tags":[],"class_list":{"0":"post-7861","1":"post","2":"type-post","3":"status-publish","4":"format-standard","5":"has-post-thumbnail","7":"category-histoire-2","8":"entry"},"jetpack_publicize_connections":[],"featured_image_src":"https:\/\/i0.wp.com\/lyonelkaufmann.ch\/Blog\/wp-content\/uploads\/2015\/03\/158.jpg?resize=234%2C252&ssl=1","featured_image_src_square":"https:\/\/i0.wp.com\/lyonelkaufmann.ch\/Blog\/wp-content\/uploads\/2015\/03\/158.jpg?resize=234%2C252&ssl=1","author_info":{"display_name":"Lyonel Kaufmann","author_link":"https:\/\/lyonelkaufmann.ch\/Blog\/author\/lyonelk\/"},"jetpack_featured_media_url":"https:\/\/i0.wp.com\/lyonelkaufmann.ch\/Blog\/wp-content\/uploads\/2015\/03\/158.jpg?fit=234%2C252&ssl=1","jetpack_sharing_enabled":true,"jetpack_shortlink":"https:\/\/wp.me\/p1qtF4-22N","jetpack-related-posts":[{"id":7045,"url":"https:\/\/lyonelkaufmann.ch\/Blog\/2013\/04\/28\/in-memoriam-peter-haber-1964-2013\/","url_meta":{"origin":7861,"position":0},"title":"In Memoriam Peter Haber (1964 &#8211; 2013)","author":"Lyonel Kaufmann","date":"28 avril 2013","format":false,"excerpt":"Jan Hodel nous apprend aujourd'hui la triste nouvelle du d\u00e9c\u00e8s, apr\u00e8s une longue maladie,\u00a0de notre estim\u00e9 coll\u00e8gue b\u00e2lois Peter Haber. Historien, Peter Haber a grandi et travaill\u00e9 \u00e0 B\u00e2le. Histnet m'apprend \u00e9galement qu'il a travaill\u00e9 comme journaliste, sp\u00e9cialistes de la communication. Concernant ses champs de comp\u00e9tence historiques, il est particuli\u00e8rement\u2026","rel":"","context":"Dans &quot;histoire&quot;","block_context":{"text":"histoire","link":"https:\/\/lyonelkaufmann.ch\/Blog\/category\/histoire-2\/"},"img":{"alt_text":"","src":"https:\/\/i0.wp.com\/lyonelkaufmann.ch\/Blog\/wp-content\/uploads\/2015\/03\/c82df134f18bf895c095ce4b3eb662b0.jpg?fit=566%2C293&ssl=1&resize=350%2C200","width":350,"height":200,"srcset":"https:\/\/i0.wp.com\/lyonelkaufmann.ch\/Blog\/wp-content\/uploads\/2015\/03\/c82df134f18bf895c095ce4b3eb662b0.jpg?fit=566%2C293&ssl=1&resize=350%2C200 1x, https:\/\/i0.wp.com\/lyonelkaufmann.ch\/Blog\/wp-content\/uploads\/2015\/03\/c82df134f18bf895c095ce4b3eb662b0.jpg?fit=566%2C293&ssl=1&resize=525%2C300 1.5x"},"classes":[]},{"id":7724,"url":"https:\/\/lyonelkaufmann.ch\/Blog\/2006\/08\/18\/sur-wikipedia-et-lhistoire-clioweb-et-rosenzweig\/","url_meta":{"origin":7861,"position":1},"title":"Sur Wikipedia et l&rsquo;Histoire (Clioweb et Rosenzweig)","author":"Lyonel Kaufmann","date":"18 ao\u00fbt 2006","format":false,"excerpt":"Daniel Letouzey sur Clioweb (http:\/\/clioweb.free.fr\/debats\/wikirr.htm) a entrepris une pr\u00e9sentention et une traduction du travail de Roy Rosenzweig qui dirige le CHNM (centre for history and new media, universit\u00e9 George Mason) et qui a r\u00e9dig\u00e9 un article de 15 pages intitul\u00e9 \"Can History be Open Source? Wikipedia and the Future of\u2026","rel":"","context":"Dans &quot;histoire&quot;","block_context":{"text":"histoire","link":"https:\/\/lyonelkaufmann.ch\/Blog\/category\/histoire-2\/"},"img":{"alt_text":"","src":"https:\/\/i0.wp.com\/lyonelkaufmann.ch\/Blog\/wp-content\/uploads\/2015\/03\/blogcafe1.jpg?fit=1024%2C683&ssl=1&resize=350%2C200","width":350,"height":200,"srcset":"https:\/\/i0.wp.com\/lyonelkaufmann.ch\/Blog\/wp-content\/uploads\/2015\/03\/blogcafe1.jpg?fit=1024%2C683&ssl=1&resize=350%2C200 1x, https:\/\/i0.wp.com\/lyonelkaufmann.ch\/Blog\/wp-content\/uploads\/2015\/03\/blogcafe1.jpg?fit=1024%2C683&ssl=1&resize=525%2C300 1.5x, https:\/\/i0.wp.com\/lyonelkaufmann.ch\/Blog\/wp-content\/uploads\/2015\/03\/blogcafe1.jpg?fit=1024%2C683&ssl=1&resize=700%2C400 2x"},"classes":[]},{"id":5293,"url":"https:\/\/lyonelkaufmann.ch\/Blog\/2012\/04\/14\/essential-questions-in-american-history-the-gilder-lehrman-institute-of-american-history\/","url_meta":{"origin":7861,"position":2},"title":"Essential Questions in American History | The Gilder Lehrman Institute of American History","author":"Lyonel Kaufmann","date":"14 avril 2012","format":false,"excerpt":"Via Scoop.it - histoireCe site propose une s\u00e9rie de courtes vid\u00e9os autour des \"Questions essentielles de l'histoire des Etats-Unis\" (en anglais). Des historiens s'expriment tels Christopher Brown sur l'esclavage, Edward L. Ayers sur la Guerre de S\u00e9cession ou Pauline Maier au sujet de la R\u00e9volution am\u00e9ricaine. Sur le m\u00eame site,\u2026","rel":"","context":"Dans &quot;histoire&quot;","block_context":{"text":"histoire","link":"https:\/\/lyonelkaufmann.ch\/Blog\/category\/histoire-2\/"},"img":{"alt_text":"","src":"https:\/\/i0.wp.com\/lyonelkaufmann.ch\/Blog\/wp-content\/uploads\/2015\/03\/blogcafe1.jpg?fit=1024%2C683&ssl=1&resize=350%2C200","width":350,"height":200,"srcset":"https:\/\/i0.wp.com\/lyonelkaufmann.ch\/Blog\/wp-content\/uploads\/2015\/03\/blogcafe1.jpg?fit=1024%2C683&ssl=1&resize=350%2C200 1x, https:\/\/i0.wp.com\/lyonelkaufmann.ch\/Blog\/wp-content\/uploads\/2015\/03\/blogcafe1.jpg?fit=1024%2C683&ssl=1&resize=525%2C300 1.5x, https:\/\/i0.wp.com\/lyonelkaufmann.ch\/Blog\/wp-content\/uploads\/2015\/03\/blogcafe1.jpg?fit=1024%2C683&ssl=1&resize=700%2C400 2x"},"classes":[]},{"id":1893,"url":"https:\/\/lyonelkaufmann.ch\/Blog\/2010\/01\/18\/guide-2010-avatar-sauvera-t-i-enseignement-de-histoire\/","url_meta":{"origin":7861,"position":3},"title":"Guide 2010: Avatar sauvera-t-il l&rsquo;enseignement de l&rsquo;histoire?","author":"Lyonel Kaufmann","date":"18 janvier 2010","format":false,"excerpt":"En ce d\u00e9but 2010, plut\u00f4t que de bonnes r\u00e9solutions, je me propose de m\u2019attarder sur quelques tendances, opinions, r\u00e9flexions relatives \u00e0 l\u2019emploi des m\u00e9dia et technologies en milieu scolaire. A vous ensuite de trier, de vous faire un avis et\/ou de prolonger. Juste avant le r\u00e9veillon, Jeff Tavernier publiait sur\u2026","rel":"","context":"Dans &quot;histoire&quot;","block_context":{"text":"histoire","link":"https:\/\/lyonelkaufmann.ch\/Blog\/category\/histoire-2\/"},"img":{"alt_text":"","src":"https:\/\/i0.wp.com\/lyonelkaufmann.ch\/histoire\/wp-content\/uploads\/2010\/01\/avatar-226x300.jpg?resize=350%2C200","width":350,"height":200},"classes":[]},{"id":489,"url":"https:\/\/lyonelkaufmann.ch\/Blog\/2008\/11\/06\/we-made-history\/","url_meta":{"origin":7861,"position":4},"title":"\u00ab\u00a0We made history\u00a0\u00bb","author":"Lyonel Kaufmann","date":"6 novembre 2008","format":false,"excerpt":"Je pourrais dire que cela n'a pas tra\u00een\u00e9. Hier, je proposais un parcours de l'ascension de Barack Obama au travers de son utilisation de l'histoire dans les discours. Aujourd'hui, je peux vous pr\u00e9senter la traduction graphique du fait qu'en devenant le premier pr\u00e9sident des Etats-Unis issu de la communaut\u00e9 afro-am\u00e9ricaine\u2026","rel":"","context":"Dans &quot;histoire&quot;","block_context":{"text":"histoire","link":"https:\/\/lyonelkaufmann.ch\/Blog\/category\/histoire-2\/"},"img":{"alt_text":"Barack Obama: &quot;We Made History&quot; Prints","src":"https:\/\/i0.wp.com\/farm4.static.flickr.com\/3071\/3006538362_4671208a5f.jpg?resize=350%2C200","width":350,"height":200},"classes":[]},{"id":7909,"url":"https:\/\/lyonelkaufmann.ch\/Blog\/2014\/01\/29\/la-culture-du-passe-le-debat-et-lhistoire-en-classe-chronique-no-148\/","url_meta":{"origin":7861,"position":5},"title":"\u00abLa culture du pass\u00e9\u00bb (Le D\u00e9bat) et l\u2019histoire en classe |\u00a0Chronique no 148","author":"Lyonel Kaufmann","date":"29 janvier 2014","format":false,"excerpt":"Dans sa derni\u00e8re livraison, la revue \u00abLe D\u00e9bat\u00bb [1] s\u2019int\u00e9resse \u00e0 \u00abLa culture du pass\u00e9\u00bb et notamment aux usages m\u00e9diatiques de l\u2019histoire. Il ne manquera pas d\u2019int\u00e9resser les enseignants concernant le savoir historique m\u00e9diatis\u00e9 auquel leurs \u00e9l\u00e8ves ont acc\u00e8s et plus largement l\u2019enseignement de l\u2019histoire qu\u2019il convient de dispenser \u00e0\u2026","rel":"","context":"Dans &quot;histoire&quot;","block_context":{"text":"histoire","link":"https:\/\/lyonelkaufmann.ch\/Blog\/category\/histoire-2\/"},"img":{"alt_text":"","src":"https:\/\/i0.wp.com\/lyonelkaufmann.ch\/Blog\/wp-content\/uploads\/2015\/03\/blogcafe1.jpg?fit=1024%2C683&ssl=1&resize=350%2C200","width":350,"height":200,"srcset":"https:\/\/i0.wp.com\/lyonelkaufmann.ch\/Blog\/wp-content\/uploads\/2015\/03\/blogcafe1.jpg?fit=1024%2C683&ssl=1&resize=350%2C200 1x, https:\/\/i0.wp.com\/lyonelkaufmann.ch\/Blog\/wp-content\/uploads\/2015\/03\/blogcafe1.jpg?fit=1024%2C683&ssl=1&resize=525%2C300 1.5x, https:\/\/i0.wp.com\/lyonelkaufmann.ch\/Blog\/wp-content\/uploads\/2015\/03\/blogcafe1.jpg?fit=1024%2C683&ssl=1&resize=700%2C400 2x"},"classes":[]}],"jetpack_likes_enabled":true,"_links":{"self":[{"href":"https:\/\/lyonelkaufmann.ch\/Blog\/wp-json\/wp\/v2\/posts\/7861","targetHints":{"allow":["GET"]}}],"collection":[{"href":"https:\/\/lyonelkaufmann.ch\/Blog\/wp-json\/wp\/v2\/posts"}],"about":[{"href":"https:\/\/lyonelkaufmann.ch\/Blog\/wp-json\/wp\/v2\/types\/post"}],"author":[{"embeddable":true,"href":"https:\/\/lyonelkaufmann.ch\/Blog\/wp-json\/wp\/v2\/users\/1"}],"replies":[{"embeddable":true,"href":"https:\/\/lyonelkaufmann.ch\/Blog\/wp-json\/wp\/v2\/comments?post=7861"}],"version-history":[{"count":0,"href":"https:\/\/lyonelkaufmann.ch\/Blog\/wp-json\/wp\/v2\/posts\/7861\/revisions"}],"wp:featuredmedia":[{"embeddable":true,"href":"https:\/\/lyonelkaufmann.ch\/Blog\/wp-json\/wp\/v2\/media\/13569"}],"wp:attachment":[{"href":"https:\/\/lyonelkaufmann.ch\/Blog\/wp-json\/wp\/v2\/media?parent=7861"}],"wp:term":[{"taxonomy":"category","embeddable":true,"href":"https:\/\/lyonelkaufmann.ch\/Blog\/wp-json\/wp\/v2\/categories?post=7861"},{"taxonomy":"post_tag","embeddable":true,"href":"https:\/\/lyonelkaufmann.ch\/Blog\/wp-json\/wp\/v2\/tags?post=7861"}],"curies":[{"name":"wp","href":"https:\/\/api.w.org\/{rel}","templated":true}]}}