{"id":7862,"date":"2007-11-05T17:15:24","date_gmt":"2007-11-05T16:15:24","guid":{"rendered":"http:\/\/lyonelkaufmann.ch\/histoire\/2007\/11\/05\/le-racisme-a-besoin-dignorance-pour-sincruster\/"},"modified":"2007-11-05T17:15:24","modified_gmt":"2007-11-05T16:15:24","slug":"le-racisme-a-besoin-dignorance-pour-sincruster","status":"publish","type":"post","link":"https:\/\/lyonelkaufmann.ch\/Blog\/2007\/11\/05\/le-racisme-a-besoin-dignorance-pour-sincruster\/","title":{"rendered":"\u00ab\u00a0Le racisme a besoin d\u2019ignorance pour s\u2019incruster\u00a0\u00bb"},"content":{"rendered":"<div align=\"justify\">Merci &agrave; Alain Hubler pour son billet (<a href=\"http:\/\/alainhubler.wordpress.com\/2007\/11\/05\/le-racisme-inconscient\/\">Le racisme inconscient<\/a>) et la vid&eacute;o trouv&eacute;e de <a href=\"\">Kahm Piankhy<\/a> qui traite du racisme et de son invention.<br \/>\nMerci aussi &agrave; Pascal Blanchard, historien et chercheur associ&eacute; au CNRS de Marseille, et &agrave; ses explications claires et limpides.<\/p>\n<div align=\"center\">\n<div><iframe loading=\"lazy\" width=\"425\" height=\"334\" src=\"https:\/\/www.dailymotion.com\/embed\/video\/5QKjcl0vUGJGtnM2R\" style=\"border:0;\" allowfullscreen><\/iframe><\/div>\n<\/div>\n<p>D&eacute;cid&eacute;ment la b&ecirc;tise et la m&eacute;chancet&eacute; humaine (et celle des Europ&eacute;ens dans le cas pr&eacute;sent) est sans limite.<\/p><\/div>\n","protected":false},"excerpt":{"rendered":"<p>Merci &agrave; Alain Hubler pour son billet (Le racisme inconscient) et la vid&eacute;o trouv&eacute;e de Kahm Piankhy qui traite du racisme et de son invention. Merci aussi &agrave; Pascal Blanchard, historien et chercheur associ&eacute; au CNRS de Marseille, et &agrave; ses explications claires et limpides. D&eacute;cid&eacute;ment la b&ecirc;tise et la m&eacute;chancet&eacute; humaine (et celle des [&hellip;]<\/p>\n","protected":false},"author":1,"featured_media":13570,"comment_status":"open","ping_status":"open","sticky":false,"template":"","format":"standard","meta":{"_import_markdown_pro_load_document_selector":0,"_import_markdown_pro_submit_text_textarea":"","_genesis_hide_title":false,"_genesis_hide_breadcrumbs":false,"_genesis_hide_singular_image":false,"_genesis_hide_footer_widgets":false,"_genesis_custom_body_class":"","_genesis_custom_post_class":"","_genesis_layout":"","jetpack_post_was_ever_published":false,"_jetpack_newsletter_access":"","_jetpack_dont_email_post_to_subs":false,"_jetpack_newsletter_tier_id":0,"_jetpack_memberships_contains_paywalled_content":false,"_jetpack_memberships_contains_paid_content":false,"activitypub_content_warning":"","activitypub_content_visibility":"","activitypub_max_image_attachments":3,"activitypub_interaction_policy_quote":"anyone","activitypub_status":"","footnotes":"","jetpack_publicize_message":"","jetpack_publicize_feature_enabled":true,"jetpack_social_post_already_shared":true,"jetpack_social_options":{"image_generator_settings":{"template":"fullscreen","default_image_id":0,"font":"","enabled":false},"version":2}},"categories":[2],"tags":[],"class_list":{"0":"post-7862","1":"post","2":"type-post","3":"status-publish","4":"format-standard","5":"has-post-thumbnail","7":"category-histoire-2","8":"entry"},"jetpack_publicize_connections":[],"featured_image_src":"https:\/\/i0.wp.com\/lyonelkaufmann.ch\/Blog\/wp-content\/uploads\/2015\/03\/AQtZR.jpg?resize=320%2C240&ssl=1","featured_image_src_square":"https:\/\/i0.wp.com\/lyonelkaufmann.ch\/Blog\/wp-content\/uploads\/2015\/03\/AQtZR.jpg?resize=320%2C240&ssl=1","author_info":{"display_name":"Lyonel Kaufmann","author_link":"https:\/\/lyonelkaufmann.ch\/Blog\/author\/lyonelk\/"},"jetpack_featured_media_url":"https:\/\/i0.wp.com\/lyonelkaufmann.ch\/Blog\/wp-content\/uploads\/2015\/03\/AQtZR.jpg?fit=320%2C240&ssl=1","jetpack_sharing_enabled":true,"jetpack_shortlink":"https:\/\/wp.me\/p1qtF4-22O","jetpack-related-posts":[{"id":17678,"url":"https:\/\/lyonelkaufmann.ch\/Blog\/2016\/11\/20\/les-premieres-nominations-faites-par-trump-sont-un-clin-doeil-a-lancien-racisme-blanc\/","url_meta":{"origin":7862,"position":0},"title":"Les premi\u00e8res nominations faites par Trump sont un clin d&rsquo;\u0153il \u00e0 l&rsquo;ancien racisme blanc","author":"Lyonel Kaufmann","date":"20 novembre 2016","format":false,"excerpt":"En nommant un homme teint\u00e9 de suspicions de haine raciale au poste de conseiller en chef de la Maison-Blanche, Donald Trump commence \u00e0 confirmer la crainte qu\u2019il fera une place belle \u00e0 l\u2019extr\u00eame-droite. L'histoire est perverse: elle ressert les vieux plats, mais napp\u00e9s d'une nouvelle sauce. Le \"Nationalisme blanc\" est\u2026","rel":"","context":"Dans &quot;L'Expresso&quot;","block_context":{"text":"L'Expresso","link":"https:\/\/lyonelkaufmann.ch\/Blog\/category\/breves\/"},"img":{"alt_text":"","src":"https:\/\/i0.wp.com\/lyonelkaufmann.ch\/Blog\/wp-content\/uploads\/2016\/11\/httpo.aolcdn.comhssstoragemidas4d74a1188f2f4e267ba2392ce12f92f204575186RTX2R9WM.jpeg.jpg?fit=630%2C315&ssl=1&resize=350%2C200","width":350,"height":200,"srcset":"https:\/\/i0.wp.com\/lyonelkaufmann.ch\/Blog\/wp-content\/uploads\/2016\/11\/httpo.aolcdn.comhssstoragemidas4d74a1188f2f4e267ba2392ce12f92f204575186RTX2R9WM.jpeg.jpg?fit=630%2C315&ssl=1&resize=350%2C200 1x, https:\/\/i0.wp.com\/lyonelkaufmann.ch\/Blog\/wp-content\/uploads\/2016\/11\/httpo.aolcdn.comhssstoragemidas4d74a1188f2f4e267ba2392ce12f92f204575186RTX2R9WM.jpeg.jpg?fit=630%2C315&ssl=1&resize=525%2C300 1.5x"},"classes":[]},{"id":23799,"url":"https:\/\/lyonelkaufmann.ch\/Blog\/2023\/10\/08\/la-suisse-est-elle-raciste-james-baldwin-et-les-artistes-repondent-le-temps\/","url_meta":{"origin":7862,"position":1},"title":"La Suisse est-elle raciste? James Baldwin et les artistes r\u00e9pondent &#8211; Le Temps","author":"Lyonel Kaufmann","date":"8 octobre 2023","format":false,"excerpt":"Comment parler du racisme en Suisse? Comment en parler par le biais de l\u2019art? Comment le pister l\u00e0 o\u00f9 il se loge, sans pointer du doigt violemment mais en donnant \u00e0 voir? Comment \u00e9chapper aux st\u00e9r\u00e9otypes? Et surtout, comment les d\u00e9construire? Comment \u00e9viter la polarisation et retrouver la complexit\u00e9 indispensable\u2026","rel":"","context":"Dans &quot;Blogcaf\u00e9&quot;","block_context":{"text":"Blogcaf\u00e9","link":"https:\/\/lyonelkaufmann.ch\/Blog\/category\/blogcafe-2\/"},"img":{"alt_text":"","src":"https:\/\/i0.wp.com\/lyonelkaufmann.ch\/Blog\/wp-content\/uploads\/2023\/10\/c7a53db_1696755765345-23-08-akh-stranger-in-the-village-014-scaled.jpg?fit=1200%2C675&ssl=1&resize=350%2C200","width":350,"height":200,"srcset":"https:\/\/i0.wp.com\/lyonelkaufmann.ch\/Blog\/wp-content\/uploads\/2023\/10\/c7a53db_1696755765345-23-08-akh-stranger-in-the-village-014-scaled.jpg?fit=1200%2C675&ssl=1&resize=350%2C200 1x, https:\/\/i0.wp.com\/lyonelkaufmann.ch\/Blog\/wp-content\/uploads\/2023\/10\/c7a53db_1696755765345-23-08-akh-stranger-in-the-village-014-scaled.jpg?fit=1200%2C675&ssl=1&resize=525%2C300 1.5x, https:\/\/i0.wp.com\/lyonelkaufmann.ch\/Blog\/wp-content\/uploads\/2023\/10\/c7a53db_1696755765345-23-08-akh-stranger-in-the-village-014-scaled.jpg?fit=1200%2C675&ssl=1&resize=700%2C400 2x, https:\/\/i0.wp.com\/lyonelkaufmann.ch\/Blog\/wp-content\/uploads\/2023\/10\/c7a53db_1696755765345-23-08-akh-stranger-in-the-village-014-scaled.jpg?fit=1200%2C675&ssl=1&resize=1050%2C600 3x"},"classes":[]},{"id":21788,"url":"https:\/\/lyonelkaufmann.ch\/Blog\/2020\/07\/04\/une-amerique-isolee-et-humiliee-celebre-le-4-juillet\/","url_meta":{"origin":7862,"position":2},"title":"Une Am\u00e9rique \u201cisol\u00e9e\u201d et \u201chumili\u00e9e\u201d c\u00e9l\u00e8bre le 4 Juillet","author":"Lyonel Kaufmann","date":"4 juillet 2020","format":false,"excerpt":"Pand\u00e9mie, ch\u00f4mage, racisme et violences polici\u00e8res\u00a0: les \u00c9tats-Unis vont comm\u00e9morer leur ind\u00e9pendance dans un \u00e9tat de vuln\u00e9rabilit\u00e9 prononc\u00e9e. Pour une partie de la presse am\u00e9ricaine, la situation est aggrav\u00e9e par la politique isolationniste men\u00e9e par le\u00a0gouvernement\u00a0Trump. Le 4\u00a0Juillet est arriv\u00e9, et \u201cl\u2019Am\u00e9rique arrive \u00e0 la f\u00eate tr\u00e8s mal en point\u201d,\u2026","rel":"","context":"Dans &quot;politis&quot;","block_context":{"text":"politis","link":"https:\/\/lyonelkaufmann.ch\/Blog\/category\/politis\/"},"img":{"alt_text":"","src":"","width":0,"height":0},"classes":[]},{"id":923,"url":"https:\/\/lyonelkaufmann.ch\/Blog\/2009\/02\/06\/le-fantome-darthur-bloch-na-pas-fini-de-hanter-les-payernois\/","url_meta":{"origin":7862,"position":3},"title":"Le fant\u00f4me d\u2019Arthur Bloch n\u2019a pas fini de hanter les Payernois","author":"Lyonel Kaufmann","date":"6 f\u00e9vrier 2009","format":false,"excerpt":"\u200bAujourd\u2019hui, la Rue-\u00e0-Thomas a effac\u00e9 toute trace de sa sordide histoire. En 1942, \u00e0 la place du...","rel":"","context":"Dans &quot;histoire&quot;","block_context":{"text":"histoire","link":"https:\/\/lyonelkaufmann.ch\/Blog\/category\/histoire-2\/"},"img":{"alt_text":"","src":"https:\/\/i0.wp.com\/lyonelkaufmann.ch\/Blog\/wp-content\/uploads\/2015\/03\/blogcafe1.jpg?fit=1024%2C683&ssl=1&resize=350%2C200","width":350,"height":200,"srcset":"https:\/\/i0.wp.com\/lyonelkaufmann.ch\/Blog\/wp-content\/uploads\/2015\/03\/blogcafe1.jpg?fit=1024%2C683&ssl=1&resize=350%2C200 1x, https:\/\/i0.wp.com\/lyonelkaufmann.ch\/Blog\/wp-content\/uploads\/2015\/03\/blogcafe1.jpg?fit=1024%2C683&ssl=1&resize=525%2C300 1.5x, https:\/\/i0.wp.com\/lyonelkaufmann.ch\/Blog\/wp-content\/uploads\/2015\/03\/blogcafe1.jpg?fit=1024%2C683&ssl=1&resize=700%2C400 2x"},"classes":[]},{"id":21782,"url":"https:\/\/lyonelkaufmann.ch\/Blog\/2020\/06\/24\/le-boycott-des-publicites-sur-facebook-est-il-en-train-de-prendre-courrier-international\/","url_meta":{"origin":7862,"position":4},"title":"Le boycott des publicit\u00e9s sur Facebook est-il en train de prendre ? |\u00a0Courrier international","author":"Lyonel Kaufmann","date":"24 juin 2020","format":false,"excerpt":"Une campagne appelant les marques \u00e0 faire pression sur le r\u00e9seau social am\u00e9ricain en retirant leurs publicit\u00e9s de ses plateformes en juillet fait des adeptes. Patagonia, The North Face, Mozilla\u2026 : ils sont chaque jour plus nombreux pour pousser Facebook \u00e0 agir contre la haine et le racisme. La publicit\u00e9\u2026","rel":"","context":"Dans &quot;Blogcaf\u00e9&quot;","block_context":{"text":"Blogcaf\u00e9","link":"https:\/\/lyonelkaufmann.ch\/Blog\/category\/blogcafe-2\/"},"img":{"alt_text":"","src":"https:\/\/i0.wp.com\/lyonelkaufmann.ch\/Blog\/wp-content\/uploads\/2020\/06\/DraggedImage.53405fe4e471402f811a20ec849f21c9.png?fit=1200%2C788&ssl=1&resize=350%2C200","width":350,"height":200,"srcset":"https:\/\/i0.wp.com\/lyonelkaufmann.ch\/Blog\/wp-content\/uploads\/2020\/06\/DraggedImage.53405fe4e471402f811a20ec849f21c9.png?fit=1200%2C788&ssl=1&resize=350%2C200 1x, https:\/\/i0.wp.com\/lyonelkaufmann.ch\/Blog\/wp-content\/uploads\/2020\/06\/DraggedImage.53405fe4e471402f811a20ec849f21c9.png?fit=1200%2C788&ssl=1&resize=525%2C300 1.5x, https:\/\/i0.wp.com\/lyonelkaufmann.ch\/Blog\/wp-content\/uploads\/2020\/06\/DraggedImage.53405fe4e471402f811a20ec849f21c9.png?fit=1200%2C788&ssl=1&resize=700%2C400 2x, https:\/\/i0.wp.com\/lyonelkaufmann.ch\/Blog\/wp-content\/uploads\/2020\/06\/DraggedImage.53405fe4e471402f811a20ec849f21c9.png?fit=1200%2C788&ssl=1&resize=1050%2C600 3x"},"classes":[]},{"id":5079,"url":"https:\/\/lyonelkaufmann.ch\/Blog\/2005\/04\/11\/le-mondefr-schroeder-buchenwald-lpoque-nazie-est-une-partie-de-notre-identit\/","url_meta":{"origin":7862,"position":5},"title":"Le Monde.fr : Schroeder \u00e0 Buchenwald : \u00ab\u00a0l&rsquo;\u00e9poque nazie est une partie de notre identit\u00e9\u00a0\u00bb","author":"Lyonel Kaufmann","date":"11 avril 2005","format":false,"excerpt":"Le souvenir de l'\u00e9poque du national-socialisme, de la guerre, du g\u00e9nocide et des crimes est une partie de notre identit\u00e9 nationale. Et c'est une responsabilit\u00e9 morale constante\", a d\u00e9clar\u00e9 le chancelier social-d\u00e9mocrate devant un parterre de personnalit\u00e9s et quelque 550 anciens prisonniers de 26 pays qui furent intern\u00e9s dans ce\u2026","rel":"","context":"Dans &quot;histoire&quot;","block_context":{"text":"histoire","link":"https:\/\/lyonelkaufmann.ch\/Blog\/category\/histoire-2\/"},"img":{"alt_text":"","src":"","width":0,"height":0},"classes":[]}],"jetpack_likes_enabled":true,"_links":{"self":[{"href":"https:\/\/lyonelkaufmann.ch\/Blog\/wp-json\/wp\/v2\/posts\/7862","targetHints":{"allow":["GET"]}}],"collection":[{"href":"https:\/\/lyonelkaufmann.ch\/Blog\/wp-json\/wp\/v2\/posts"}],"about":[{"href":"https:\/\/lyonelkaufmann.ch\/Blog\/wp-json\/wp\/v2\/types\/post"}],"author":[{"embeddable":true,"href":"https:\/\/lyonelkaufmann.ch\/Blog\/wp-json\/wp\/v2\/users\/1"}],"replies":[{"embeddable":true,"href":"https:\/\/lyonelkaufmann.ch\/Blog\/wp-json\/wp\/v2\/comments?post=7862"}],"version-history":[{"count":0,"href":"https:\/\/lyonelkaufmann.ch\/Blog\/wp-json\/wp\/v2\/posts\/7862\/revisions"}],"wp:featuredmedia":[{"embeddable":true,"href":"https:\/\/lyonelkaufmann.ch\/Blog\/wp-json\/wp\/v2\/media\/13570"}],"wp:attachment":[{"href":"https:\/\/lyonelkaufmann.ch\/Blog\/wp-json\/wp\/v2\/media?parent=7862"}],"wp:term":[{"taxonomy":"category","embeddable":true,"href":"https:\/\/lyonelkaufmann.ch\/Blog\/wp-json\/wp\/v2\/categories?post=7862"},{"taxonomy":"post_tag","embeddable":true,"href":"https:\/\/lyonelkaufmann.ch\/Blog\/wp-json\/wp\/v2\/tags?post=7862"}],"curies":[{"name":"wp","href":"https:\/\/api.w.org\/{rel}","templated":true}]}}