{"id":7865,"date":"2007-11-14T07:55:37","date_gmt":"2007-11-14T06:55:37","guid":{"rendered":"http:\/\/lyonelkaufmann.ch\/histoire\/2007\/11\/14\/une-vision-des-tudiant-e-s-aujourdhui\/"},"modified":"2007-11-14T07:55:37","modified_gmt":"2007-11-14T06:55:37","slug":"une-vision-des-tudiant-e-s-aujourdhui","status":"publish","type":"post","link":"https:\/\/lyonelkaufmann.ch\/Blog\/2007\/11\/14\/une-vision-des-tudiant-e-s-aujourdhui\/","title":{"rendered":"Une vision des \u00e9tudiant-e-s aujourd&rsquo;hui"},"content":{"rendered":"<div align=\"center\"> <\/div>\n<div align=\"justify\">R&eacute;alis&eacute;e dans le cadre d&rsquo;un cours universitaire d&rsquo;anthropologie, cette courte vid&eacute;o r&eacute;sume quelques-unes des caract&eacute;ristiques les plus importantes relatives aux &eacute;tudiant-e-s aujourd&rsquo;hui (comment ils apprennent, comment ils souhaitent apprendre, leurs objectifs, espoirs, r&ecirc;ves, comment leur vie devrait &ecirc;tre et quelles sortes de changements ils voudraient exp&eacute;rimenter durant leur existence). Elle a &eacute;t&eacute; cr&eacute;&eacute;e et r&eacute;alis&eacute;e par Michael Wesch avec la collaboration de 200 &eacute;tudiant-e-s &agrave; l&rsquo;Universit&eacute; d&rsquo;Etat du Kansas.<br \/>\nLa pr&eacute;sentation du professeur Wesch : <a href=\"http:\/\/mediatedcultures.net\/ksudigg\/?p=119\">http:\/\/mediatedcultures.net\/ksudigg\/?p=119<\/a><\/p>\n<p>La d&eacute;marche r&eacute;sum&eacute;e par Wesch :<br \/>\n<i>This video was created by myself and the 200 students enrolled in ANTH 200: Introduction to Cultural Anthropology at Kansas State University, Spring 2007. It began as a brainstorming exercise, thinking about how students learn, what they need to learn for their future, and how our current educational system fits in. We created a Google Document to facilitate the brainstorming exercise, which began with the following instructions [&#8230;]<\/i><\/p>\n<p>Ce travail r&eacute;sume bien &agrave; mon avis l&rsquo;apprentissage dans le monde d&rsquo;aujourd&rsquo;hui et la mani&egrave;re des les aborder &agrave; l&rsquo;aide des technologies. Ceci tant par rapport &agrave;<br \/>\n&#149; la d&eacute;marche choisie par l&rsquo;enseignant-e (ici universitaire),<br \/>\n&#149; l&rsquo;engagement actif des &eacute;tudiant-e-s dans la recherche,<br \/>\n&#149; le r&ocirc;le des technologies dans la d&eacute;marche et les apprentissages,<br \/>\n&#149; la mani&egrave;re de pr&eacute;senter et communiquer les r&eacute;sultats obtenus par la recherche.<\/p>\n<p>L&rsquo;interaction est v&eacute;ritablement au coeur du processus. Elle ne se limite pas d&rsquo;ailleurs &agrave; la recherche en elle-m&ecirc;me puisqu&rsquo;elle se poursuit lors de la publication des r&eacute;sultats obtenus (commentaires &agrave; la suite de la vid&eacute;o). Cette interaction permet m&ecirc;me &agrave; une &eacute;tudiante de lancer une nouvelle d&eacute;marche de recherche\/r&eacute;flexion. Celle-ci propose une inversion de la d&eacute;marche qui devient <a href=\"http:\/\/mediatedcultures.net\/ksudigg\/?p=125\">A Vision of Professors Today (by Sandra)<\/a>. A lire aussi&#8230;<\/p>\n<p>L&rsquo;&eacute;l&egrave;ve, l&rsquo;&eacute;tudiant-e n&rsquo;est ainsi pas uniquement un &laquo;consommateur&raquo; de savoir, mais &eacute;galement un producteur d&rsquo;un savoir partag&eacute;.<\/p><\/div>\n","protected":false},"excerpt":{"rendered":"<p>R&eacute;alis&eacute;e dans le cadre d&rsquo;un cours universitaire d&rsquo;anthropologie, cette courte vid&eacute;o r&eacute;sume quelques-unes des caract&eacute;ristiques les plus importantes relatives aux &eacute;tudiant-e-s aujourd&rsquo;hui (comment ils apprennent, comment ils souhaitent apprendre, leurs objectifs, espoirs, r&ecirc;ves, comment leur vie devrait &ecirc;tre et quelles sortes de changements ils voudraient exp&eacute;rimenter durant leur existence). Elle a &eacute;t&eacute; cr&eacute;&eacute;e et r&eacute;alis&eacute;e [&hellip;]<\/p>\n","protected":false},"author":1,"featured_media":14680,"comment_status":"open","ping_status":"open","sticky":false,"template":"","format":"standard","meta":{"_import_markdown_pro_load_document_selector":0,"_import_markdown_pro_submit_text_textarea":"","_genesis_hide_title":false,"_genesis_hide_breadcrumbs":false,"_genesis_hide_singular_image":false,"_genesis_hide_footer_widgets":false,"_genesis_custom_body_class":"","_genesis_custom_post_class":"","_genesis_layout":"","jetpack_post_was_ever_published":false,"_jetpack_newsletter_access":"","_jetpack_dont_email_post_to_subs":false,"_jetpack_newsletter_tier_id":0,"_jetpack_memberships_contains_paywalled_content":false,"_jetpack_memberships_contains_paid_content":false,"activitypub_content_warning":"","activitypub_content_visibility":"","activitypub_max_image_attachments":3,"activitypub_interaction_policy_quote":"anyone","activitypub_status":"","footnotes":"","jetpack_publicize_message":"","jetpack_publicize_feature_enabled":true,"jetpack_social_post_already_shared":true,"jetpack_social_options":{"image_generator_settings":{"template":"fullscreen","default_image_id":0,"font":"","enabled":false},"version":2}},"categories":[2],"tags":[],"class_list":{"0":"post-7865","1":"post","2":"type-post","3":"status-publish","4":"format-standard","5":"has-post-thumbnail","7":"category-histoire-2","8":"entry"},"jetpack_publicize_connections":[],"featured_image_src":"https:\/\/i0.wp.com\/lyonelkaufmann.ch\/Blog\/wp-content\/uploads\/2015\/03\/blogcafe1.jpg?resize=600%2C400&ssl=1","featured_image_src_square":"https:\/\/i0.wp.com\/lyonelkaufmann.ch\/Blog\/wp-content\/uploads\/2015\/03\/blogcafe1.jpg?resize=600%2C600&ssl=1","author_info":{"display_name":"Lyonel Kaufmann","author_link":"https:\/\/lyonelkaufmann.ch\/Blog\/author\/lyonelk\/"},"jetpack_featured_media_url":"https:\/\/i0.wp.com\/lyonelkaufmann.ch\/Blog\/wp-content\/uploads\/2015\/03\/blogcafe1.jpg?fit=1024%2C683&ssl=1","jetpack_sharing_enabled":true,"jetpack_shortlink":"https:\/\/wp.me\/p1qtF4-22R","jetpack-related-posts":[{"id":3429,"url":"https:\/\/lyonelkaufmann.ch\/Blog\/2011\/01\/15\/quand-les-nouvelles-technologies-sinvitent-dans-lenseignement-rezonance\/","url_meta":{"origin":7865,"position":0},"title":"Quand les nouvelles technologies s\u2019invitent dans l\u2019enseignement (R\u00e9zonance)","author":"Lyonel Kaufmann","date":"15 janvier 2011","format":false,"excerpt":"D\u00e9but d\u00e9cembre, j'intervenais dans une session du First organis\u00e9e par R\u00e9zonance et consacr\u00e9e aux \u00abM\u00e9dias sociaux : comment les adopter et les faire adopter?\u00bb. Mon intervention \u00e9tait centr\u00e9e sur les technologies dans l'enseignement au travers de mon utilisation du blog \u00e0 titre personnel et avec\/par mes \u00e9tudiant-e-s. D\u00e9sormais vous pouvez\u2026","rel":"","context":"Dans &quot;histoire&quot;","block_context":{"text":"histoire","link":"https:\/\/lyonelkaufmann.ch\/Blog\/category\/histoire-2\/"},"img":{"alt_text":"","src":"https:\/\/i0.wp.com\/lyonelkaufmann.ch\/Blog\/wp-content\/uploads\/2015\/03\/118410159_640.jpg?fit=640%2C360&ssl=1&resize=350%2C200","width":350,"height":200,"srcset":"https:\/\/i0.wp.com\/lyonelkaufmann.ch\/Blog\/wp-content\/uploads\/2015\/03\/118410159_640.jpg?fit=640%2C360&ssl=1&resize=350%2C200 1x, https:\/\/i0.wp.com\/lyonelkaufmann.ch\/Blog\/wp-content\/uploads\/2015\/03\/118410159_640.jpg?fit=640%2C360&ssl=1&resize=525%2C300 1.5x"},"classes":[]},{"id":7672,"url":"https:\/\/lyonelkaufmann.ch\/Blog\/2006\/03\/08\/02-construction-de-competences-sociales\/","url_meta":{"origin":7865,"position":1},"title":"02. Construction de comp\u00e9tences sociales","author":"Lyonel Kaufmann","date":"8 mars 2006","format":false,"excerpt":"Les \u00e9l\u00e8ves\/\u00e9tudiant-e-s travaillent ici par pair pour r\u00e9aliser des t\u00e2ches simples comme cartographier, cat\u00e9goriser, interpr\u00e9ter une caricature politique, un graphique, identifier un point de vue, analyser une source. Les \u00e9l\u00e8ves\/\u00e9tudiant-e-s re\u00e7oivent un feedback \u00e0 l'issue de leur travail et l'activit\u00e9 se conclut par une mise en commun de type d\u00e9briefing.1\u2026","rel":"","context":"Dans &quot;histoire&quot;","block_context":{"text":"histoire","link":"https:\/\/lyonelkaufmann.ch\/Blog\/category\/histoire-2\/"},"img":{"alt_text":"","src":"https:\/\/i0.wp.com\/lyonelkaufmann.ch\/Blog\/wp-content\/uploads\/2015\/03\/blogcafe1.jpg?fit=1024%2C683&ssl=1&resize=350%2C200","width":350,"height":200,"srcset":"https:\/\/i0.wp.com\/lyonelkaufmann.ch\/Blog\/wp-content\/uploads\/2015\/03\/blogcafe1.jpg?fit=1024%2C683&ssl=1&resize=350%2C200 1x, https:\/\/i0.wp.com\/lyonelkaufmann.ch\/Blog\/wp-content\/uploads\/2015\/03\/blogcafe1.jpg?fit=1024%2C683&ssl=1&resize=525%2C300 1.5x, https:\/\/i0.wp.com\/lyonelkaufmann.ch\/Blog\/wp-content\/uploads\/2015\/03\/blogcafe1.jpg?fit=1024%2C683&ssl=1&resize=700%2C400 2x"},"classes":[]},{"id":21484,"url":"https:\/\/lyonelkaufmann.ch\/Blog\/2020\/04\/18\/kansas-publie-la-video-de-son-nouveau-single-throwing-mountains\/","url_meta":{"origin":7865,"position":2},"title":"Kansas publie la vid\u00e9o de son nouveau single \u00ab\u00a0Throwing Mountains\u201d","author":"Lyonel Kaufmann","date":"18 avril 2020","format":false,"excerpt":"KANSAS, l\u00e9gendaire groupe de rock progressif am\u00e9ricain, a publi\u00e9 une nouvelle chanson et un vid\u00e9oclip pour sa chanson \"Throwing Mountains\" tir\u00e9e de son nouvel album studio \"The Absence of Presence\" qui sortira le 26 juin 2020 sur Inside Out Music. https:\/\/youtu.be\/HMOX5rSFb18 L'album fait suite \u00e0 \u00ab\u00a0The Prelude Implicit\u00a0\u00bb de 2016.\u2026","rel":"","context":"Dans &quot;Blogcaf\u00e9&quot;","block_context":{"text":"Blogcaf\u00e9","link":"https:\/\/lyonelkaufmann.ch\/Blog\/category\/blogcafe-2\/"},"img":{"alt_text":"","src":"https:\/\/i0.wp.com\/lyonelkaufmann.ch\/Blog\/wp-content\/uploads\/2020\/04\/DraggedImage.ea0f332c5f724109b34d2a12aacef051.png?fit=600%2C600&ssl=1&resize=350%2C200","width":350,"height":200,"srcset":"https:\/\/i0.wp.com\/lyonelkaufmann.ch\/Blog\/wp-content\/uploads\/2020\/04\/DraggedImage.ea0f332c5f724109b34d2a12aacef051.png?fit=600%2C600&ssl=1&resize=350%2C200 1x, https:\/\/i0.wp.com\/lyonelkaufmann.ch\/Blog\/wp-content\/uploads\/2020\/04\/DraggedImage.ea0f332c5f724109b34d2a12aacef051.png?fit=600%2C600&ssl=1&resize=525%2C300 1.5x"},"classes":[]},{"id":1332,"url":"https:\/\/lyonelkaufmann.ch\/Blog\/2009\/06\/02\/comment-utiliser-twitter-en-classe-video\/","url_meta":{"origin":7865,"position":3},"title":"Comment utiliser Twitter en classe [VIDEO]","author":"Lyonel Kaufmann","date":"2 juin 2009","format":false,"excerpt":"Le Dr. Rankin, professeur d'Histoire \u00e0 l'UT de Dallas, cherchait le moyen de faire participer plus d'\u00e9tudiant-e-s \u00e0 ses cours et \u00e0 les engager dans plus de discussions en classe et hors la classe. Voici le compte-rendu en vid\u00e9o de son exp\u00e9rimentation de Twitter dans son cours d'histoire. Personnellement, je\u2026","rel":"","context":"Dans &quot;histoire&quot;","block_context":{"text":"histoire","link":"https:\/\/lyonelkaufmann.ch\/Blog\/category\/histoire-2\/"},"img":{"alt_text":"","src":"https:\/\/i0.wp.com\/lyonelkaufmann.ch\/Blog\/wp-content\/uploads\/2015\/03\/062.jpg?fit=480%2C360&ssl=1&resize=350%2C200","width":350,"height":200},"classes":[]},{"id":314,"url":"https:\/\/lyonelkaufmann.ch\/Blog\/2008\/04\/10\/ou-lon-se-heurte-une-nouvelle-fois-a-lobstacle-technique\/","url_meta":{"origin":7865,"position":4},"title":"O\u00f9 l&rsquo;on se heurte, une nouvelle fois, \u00e0 l&rsquo;obstacle technique\u2026","author":"Lyonel Kaufmann","date":"10 avril 2008","format":false,"excerpt":"Ce matin, je menais une s\u00e9ance enti\u00e8rement on-line (c'est-\u00e0-dire ici sans pr\u00e9sentiel aucun) avec des \u00e9tudiant-e-s: la t\u00e2che \u00e9tait fournie \u00e0 l'aide d'un document Google Documents; les \u00e9tudiant-e-s devaient r\u00e9diger une synth\u00e8se en cr\u00e9ant un nouveau document texte dans Google Documents; ils devaient partager ensuite ce document pour que chacun\u2026","rel":"","context":"Dans &quot;histoire&quot;","block_context":{"text":"histoire","link":"https:\/\/lyonelkaufmann.ch\/Blog\/category\/histoire-2\/"},"img":{"alt_text":"","src":"https:\/\/i0.wp.com\/lyonelkaufmann.ch\/Blog\/wp-content\/uploads\/2015\/03\/blogcafe1.jpg?fit=1024%2C683&ssl=1&resize=350%2C200","width":350,"height":200,"srcset":"https:\/\/i0.wp.com\/lyonelkaufmann.ch\/Blog\/wp-content\/uploads\/2015\/03\/blogcafe1.jpg?fit=1024%2C683&ssl=1&resize=350%2C200 1x, https:\/\/i0.wp.com\/lyonelkaufmann.ch\/Blog\/wp-content\/uploads\/2015\/03\/blogcafe1.jpg?fit=1024%2C683&ssl=1&resize=525%2C300 1.5x, https:\/\/i0.wp.com\/lyonelkaufmann.ch\/Blog\/wp-content\/uploads\/2015\/03\/blogcafe1.jpg?fit=1024%2C683&ssl=1&resize=700%2C400 2x"},"classes":[]},{"id":17505,"url":"https:\/\/lyonelkaufmann.ch\/Blog\/2016\/10\/09\/rock-progressif-le-retour-kansas-the-prelude-implicit\/","url_meta":{"origin":7865,"position":5},"title":"Rock progressif\u2026 le retour : Kansas &#8211; The Prelude Implicit","author":"Lyonel Kaufmann","date":"9 octobre 2016","format":false,"excerpt":"Chronique discographique. Seize ans apr\u00e8s leur dernier album Somewhere to Elsewhere, Kansas est de retour avec un nouvel album intitul\u00e9 The Prelude Implicit. Plus largement, on assiste au retour sur le devant de la sc\u00e8ne du prog-rock autrement dit du rock progressif. C'est loin d'\u00eatre d\u00e9plaisant. L'automne sera-t-il consacr\u00e9 au\u2026","rel":"","context":"Dans &quot;Blogcaf\u00e9&quot;","block_context":{"text":"Blogcaf\u00e9","link":"https:\/\/lyonelkaufmann.ch\/Blog\/category\/blogcafe-2\/"},"img":{"alt_text":"","src":"https:\/\/i0.wp.com\/lyonelkaufmann.ch\/Blog\/wp-content\/uploads\/2016\/10\/IMG_0912.jpg?fit=1200%2C1200&ssl=1&resize=350%2C200","width":350,"height":200,"srcset":"https:\/\/i0.wp.com\/lyonelkaufmann.ch\/Blog\/wp-content\/uploads\/2016\/10\/IMG_0912.jpg?fit=1200%2C1200&ssl=1&resize=350%2C200 1x, https:\/\/i0.wp.com\/lyonelkaufmann.ch\/Blog\/wp-content\/uploads\/2016\/10\/IMG_0912.jpg?fit=1200%2C1200&ssl=1&resize=525%2C300 1.5x, https:\/\/i0.wp.com\/lyonelkaufmann.ch\/Blog\/wp-content\/uploads\/2016\/10\/IMG_0912.jpg?fit=1200%2C1200&ssl=1&resize=700%2C400 2x, https:\/\/i0.wp.com\/lyonelkaufmann.ch\/Blog\/wp-content\/uploads\/2016\/10\/IMG_0912.jpg?fit=1200%2C1200&ssl=1&resize=1050%2C600 3x"},"classes":[]}],"jetpack_likes_enabled":true,"_links":{"self":[{"href":"https:\/\/lyonelkaufmann.ch\/Blog\/wp-json\/wp\/v2\/posts\/7865","targetHints":{"allow":["GET"]}}],"collection":[{"href":"https:\/\/lyonelkaufmann.ch\/Blog\/wp-json\/wp\/v2\/posts"}],"about":[{"href":"https:\/\/lyonelkaufmann.ch\/Blog\/wp-json\/wp\/v2\/types\/post"}],"author":[{"embeddable":true,"href":"https:\/\/lyonelkaufmann.ch\/Blog\/wp-json\/wp\/v2\/users\/1"}],"replies":[{"embeddable":true,"href":"https:\/\/lyonelkaufmann.ch\/Blog\/wp-json\/wp\/v2\/comments?post=7865"}],"version-history":[{"count":0,"href":"https:\/\/lyonelkaufmann.ch\/Blog\/wp-json\/wp\/v2\/posts\/7865\/revisions"}],"wp:featuredmedia":[{"embeddable":true,"href":"https:\/\/lyonelkaufmann.ch\/Blog\/wp-json\/wp\/v2\/media\/14680"}],"wp:attachment":[{"href":"https:\/\/lyonelkaufmann.ch\/Blog\/wp-json\/wp\/v2\/media?parent=7865"}],"wp:term":[{"taxonomy":"category","embeddable":true,"href":"https:\/\/lyonelkaufmann.ch\/Blog\/wp-json\/wp\/v2\/categories?post=7865"},{"taxonomy":"post_tag","embeddable":true,"href":"https:\/\/lyonelkaufmann.ch\/Blog\/wp-json\/wp\/v2\/tags?post=7865"}],"curies":[{"name":"wp","href":"https:\/\/api.w.org\/{rel}","templated":true}]}}