{"id":7866,"date":"2007-11-19T23:51:42","date_gmt":"2007-11-19T22:51:42","guid":{"rendered":"http:\/\/lyonelkaufmann.ch\/histoire\/2007\/11\/19\/mshis31-lenseignant-dhistoire-et-linternet-27112007\/"},"modified":"2007-11-19T23:51:42","modified_gmt":"2007-11-19T22:51:42","slug":"mshis31-lenseignant-dhistoire-et-linternet-27112007","status":"publish","type":"post","link":"https:\/\/lyonelkaufmann.ch\/Blog\/2007\/11\/19\/mshis31-lenseignant-dhistoire-et-linternet-27112007\/","title":{"rendered":"L&rsquo;enseignant d&rsquo;histoire et l&rsquo;internet (2007)"},"content":{"rendered":"<div align=\"justify\">La conf&eacute;rence de Philippe Rygiel est centr&eacute;e sur l&rsquo;usage de l&rsquo;internet par l&rsquo;historien universitaire Dans son introduction &agrave; <i>Les historiens, leurs revues et Internet (France, Espagne, Italie)<\/i> [Paris, Publibook, 2005, 193&#160;pages], Philippe Rygiel concluait de la mani&egrave;re suivante<\/p>\n<blockquote><p><i>&laquo;Nous esp&eacute;rons, sans pr&eacute;sumer d&rsquo;un accord sur les fins, que les &eacute;l&eacute;ments de r&eacute;flexion ainsi propos&eacute;s, convaincront les lecteurs de la n&eacute;cessit&eacute; d&rsquo;un d&eacute;bat, auquel ne prendraient pas part les seuls sp&eacute;cialistes de la question, sur ce qu&rsquo;utiliser un ordinateur et se connecter au r&eacute;seau veut dire pour l&rsquo;historien.&raquo;<\/i><\/p><\/blockquote>\n<p>Pr&eacute;alablement, il pr&eacute;sentait la structure de l&rsquo;ouvrage collectif de la mani&egrave;re suivante :<\/p>\n<blockquote><p><i>&laquo;L&rsquo;organisation de l&rsquo;ouvrage prend sens &agrave; partir de ces positions. Nous avons tent&eacute; de r&eacute;fl&eacute;chir, en historiens, ce que sont la plupart des auteurs r&eacute;unis ici, &agrave; partir de r&eacute;cits de pratiques, ou de l&rsquo;observation des ressources offertes aux historiens par le r&eacute;seau, aux pratiques professionnelles induites ou permises par la participation au r&eacute;seau. Il s&rsquo;agissait en somme d&rsquo;examiner les possibles transformations d&rsquo;une activit&eacute; con&ccedil;ue comme un m&eacute;tier, d&eacute;fini par ses pratiques, les relations sociales qu&rsquo;il implique et ses lieux d&rsquo;exercices. Et la structure de l&rsquo;ouvrage refl&egrave;te cette conception, qui distingue les temps de la lecture, de l&rsquo;&eacute;criture, de la publication et de l&rsquo;enseignement [&#8230;].&raquo;<\/i><\/p><\/blockquote>\n<p>Cet atelier maintenant &agrave; pour objectif de s&rsquo;interroger sur la traduction de ces usages relativement &agrave; l&rsquo;enseignant-e d&rsquo;histoire en reprenant le questionnement de Philippe Rygiel.<b> Trois questions pour lancer la discussion :<\/b><\/p>\n<blockquote><p><b>&#8211; qu&rsquo;est-ce qu&rsquo;utiliser un ordinateur et se connecter au r&eacute;seau pour l&rsquo;enseignant-e d&rsquo;histoire?<br \/>\n&#8211; quelles sont les possibles transformations de l&rsquo;activiti&eacute; professionnelle de l&rsquo;enseigant-e- d&rsquo;histoire?<br \/>\n&#8211; quelles sont les opportunit&eacute;s offertes par les outils num&eacute;riques actuels dans ma pratique professionnelle?<\/b><\/p><\/blockquote>\n<p>Pour vous aider dans votre travail, voici en premier lieu une liste de ressources en ligne &agrave; consulter &agrave; deux.<\/p>\n<p><b><i>Du c&ocirc;t&eacute; de l&rsquo;histoire savante :<\/i><\/b><br \/>\n&#149; <a href=\"http:\/\/www.revues.org\/\">http:\/\/www.revues.org\/<\/a><br \/>\n&#149; <a href=\"http:\/\/barthes.ens.fr\/clio\/outils\/biblios\/histhist.html\">http:\/\/barthes.ens.fr\/clio\/outils\/biblios\/histhist.html<\/a><br \/>\n&#149; <a href=\"http:\/\/www.parutions.com\/index.php?pid=1&amp;rid=4\">http:\/\/www.parutions.com\/index.php?pid=1&amp;rid=4<\/a><\/p>\n<p>&#149; <a href=\"http:\/\/www.histoire.presse.fr\/\">http:\/\/www.histoire.presse.fr\/<\/a><br \/>\n&#149; <a href=\"http:\/\/histoire.typepad.fr\/le_blog_de_lhistoire\/\">http:\/\/histoire.typepad.fr\/le_blog_de_lhistoire\/<\/a><br \/>\n&#149; <a href=\"http:\/\/www.historia.presse.fr\/\">http:\/\/www.historia.presse.fr\/<\/a><\/p>\n<p>&#149; <a href=\"http:\/\/www.lethiboniste.blogspot.com\/\">http:\/\/www.lethiboniste.blogspot.com\/<\/a><\/p>\n<p>&#149; <a href=\"http:\/\/www.digitalhistory.uh.edu\/history_portal.cfm\">http:\/\/www.digitalhistory.uh.edu\/history_portal.cfm<\/a><\/p>\n<p>&#149; <a href=\"http:\/\/www.hls-dhs-dss.ch\/index.php?lg=f\">http:\/\/www.hls-dhs.ch<\/a><\/p>\n<p><b><i>Du c&ocirc;t&eacute; de l&rsquo;enseignement et de la didactique:<\/i><\/b><br \/>\n&#149; <a href=\"http:\/\/www.didactique-histoire.net\">http:\/\/www.didactique-histoire.net<\/a><br \/>\n&#149; <a href=\"http:\/\/www.tacite.ch\">http:\/\/www.tacite.ch<\/a><br \/>\n&#149; <a href=\"http:\/\/lyonelkaufmann.ch\/histoire\">http:\/\/lyonelkaufmann.ch\/histoire<\/a><br \/>\n&#149; <a href=\"http:\/\/www.aphg.asso.fr\/\">http:\/\/www.aphg.asso.fr\/<\/a><br \/>\n&#149; <a href=\"http:\/\/www.fritic.org\/dyn\/9.asp?url=39025%2Easp\">http:\/\/www.fritic.org\/dyn\/9.asp?url=39025%2Easp<\/a><br \/>\n&#149; <a href=\"http:\/\/www.hist.net\/\">http:\/\/www.hist.net\/<\/a><br \/>\n&#149; <a href=\"http:\/\/campus.ph.fhnw.ch\/Geschichte\/GeschichteLernenMitWikisUndWikipedia\">http:\/\/campus.ph.fhnw.ch\/Geschichte\/GeschichteLernenMitWikisUndWikipedia<\/a><\/p>\n<p><b><i>Du c&ocirc;t&eacute; institutionnel et des usages politiques et m&eacute;moriels de l&rsquo;histoire:<\/i><\/b><br \/>\n&#149; <a href=\"http:\/\/www.edu-vd.ch\/liens\/accueilMP.html\">http:\/\/www.edu-vd.ch\/liens\/accueilMP.html<\/a><br \/>\n&#149; <a href=\"http:\/\/www.educa.ch\/dyn\/12.asp\">http:\/\/www.educa.ch\/dyn\/12.asp<\/a><br \/>\n&#149; <a href=\"http:\/\/jahia.rpn.ch\/\">http:\/\/jahia.rpn.ch\/<\/a><br \/>\n&#149; <a href=\"http:\/\/www2.educnet.education.fr\/histgeo\/\">http:\/\/www2.educnet.education.fr\/histgeo\/<\/a><br \/>\n&#149; <a href=\"http:\/\/www.cndp.fr\/spinoo\/\">http:\/\/www.cndp.fr\/spinoo\/<\/a><br \/>\n&#149; <a href=\"http:\/\/eduscol.education.fr\/\">http:\/\/eduscol.education.fr\/<\/a><br \/>\n&#149; <a href=\"http:\/\/www.ac-orleans-tours.fr\/hist-geo\/officiels\/Education-Nationale.htm\">http:\/\/www.ac-orleans-tours.fr\/hist-geo\/officiels\/Education-Nationale.htm<\/a><\/p>\n<p>&#149; <a href=\"http:\/\/ecehg.inrp.fr\/ECEHG\">http:\/\/ecehg.inrp.fr\/ECEHG<\/a><\/p>\n<p><b><i>Du c&ocirc;t&eacute; de l&rsquo;&eacute;change professionnel et de la mutualisation des ressources:<\/i><\/b><br \/>\n&#149; <a href=\"http:\/\/www.h-net.org\/%7Efrancais\/\">http:\/\/www.h-net.org\/%7Efrancais\/ <\/a><br \/>\n&#149; <a href=\"http:\/\/www.schoolhistory.co.uk\/forum\/index.php?\">http:\/\/www.schoolhistory.co.uk\/forum\/index.php<\/a><br \/>\n&#149; <a href=\"http:\/\/www.clionautes.org\/\">http:\/\/www.clionautes.org\/<\/a><br \/>\n&#149; <a href=\"http:\/\/soshg.free.fr\/\">http:\/\/soshg.free.fr\/<\/a><br \/>\n&#149; <a href=\"http:\/\/hypo.ge-dip.etat-ge.ch\/www\/cliotexte\/\">http:\/\/hypo.ge-dip.etat-ge.ch\/www\/cliotexte\/<\/a><br \/>\n&#149; <a href=\"http:\/\/clioweb.free.fr\/\">http:\/\/clioweb.free.fr\/<\/a> dont <a href=\"http:\/\/clioweb.free.fr\/102.htm\">http:\/\/clioweb.free.fr\/102.htm<\/a><\/p>\n<p><b><i>Du c&ocirc;t&eacute; de l&rsquo;enseignant et de ses &eacute;l&egrave;ves :<\/i><\/b><br \/>\n&#149; Le web p&eacute;dagogique : <a href=\"http:\/\/lewebpedagogique.com\">http:\/\/lewebpedagogique.com<\/a><br \/>\n\tdont  &#149; <a href=\"http:\/\/lewebpedagogique.com\/histoire\/\">http:\/\/lewebpedagogique.com\/histoire\/<\/a><br \/>\n\t\t&#149; <a href=\"http:\/\/lewebpedagogique.com\/termvictorlouis\">http:\/\/lewebpedagogique.com\/termvictorlouis<\/a><br \/>\n\t\t&#149; <a href=\"http:\/\/lewebpedagogique.com\/reussirenhg\">http:\/\/lewebpedagogique.com\/reussirenhg<\/a><br \/>\n\t\t&#149; <a href=\"http:\/\/lewebpedagogique.com\/bsentier\">http:\/\/lewebpedagogique.com\/bsentier<\/a><br \/>\n\t\t&#149; <a href=\"http:\/\/lewebpedagogique.com\/mariedesmares\">http:\/\/lewebpedagogique.com\/mariedesmares<\/a><\/p>\n<p>&#149; <a href=\"http:\/\/hgeo-college.blogspot.com\/\">http:\/\/hgeo-college.blogspot.com\/<\/a><br \/>\n&#149; <a href=\"http:\/\/s185254037.onlinehome.fr\/\">http:\/\/s185254037.onlinehome.fr\/<\/a><br \/>\n&#149; <a href=\"http:\/\/www.julien-eggenberger.ch\/index.php?option=com_docman&amp;Itemid=43\">http:\/\/www.julien-eggenberger.ch\/index.php?option=com_docman&amp;Itemid=43<\/a><br \/>\n&#149; <a href=\"http:\/\/www.gymnase-morges.ch\/docs\/Lienshist.html\">http:\/\/www.gymnase-morges.ch\/docs\/Lienshist.html<\/a><\/p>\n<p>&#149; <a href=\"http:\/\/kenny.over-blog.net\/article-1245614.html\">http:\/\/kenny.over-blog.net\/article-1245614.html<\/a><br \/>\n&#149; <a href=\"http:\/\/www.nack.ch\/wiki\/index.php\/Accueil\">http:\/\/www.nack.ch\/wiki\/index.php\/Accueil<\/a> puis <a href=\"http:\/\/www.nack.ch\/wiki\/index.php\/Histoire\">http:\/\/www.nack.ch\/wiki\/index.php\/Histoire<\/a><br \/>\n&#149; <a href=\"http:\/\/memoires-france-allemagne.blogspot.com\/\">http:\/\/memoires-france-allemagne.blogspot.com\/<\/a><br \/>\n&#149; <a href=\"http:\/\/histoirehep.blogspot.com\/\">http:\/\/histoirehep.blogspot.com\/<\/a><\/p>\n<p>&#149; e-learning : des cours en ligne existent comme ici avec Moodle (<a href=\"http:\/\/www.ecddfr.ch\/moodle\/course\/index.php\">http:\/\/www.ecddfr.ch\/moodle\/course\/index.php<\/a> ou <a href=\"http:\/\/www.cscfr.ch\/moodle\/\">http:\/\/www.cscfr.ch\/moodle\/<\/a>). Cependant, l&rsquo;acc&egrave;s est r&eacute;serv&eacute; aux gens inscrits. Ils sont donc mentionn&eacute;s sans qu&rsquo;ils vous soient possibles de les parcourir r&eacute;ellement. Par ailleurs,<a href=\"http:\/\/www.fristoria.ch\/\"> http:\/\/Fristoria.ch<\/a> est &eacute;galement r&eacute;alis&eacute; sur la base d&rsquo;une plate-forme de e-learning sans &ecirc;tre exactement une plate-forme (interactive) de cours en lignes; ici Moodle est utilis&eacute; comme une banque de documents et de s&eacute;quences d&rsquo;enseignement r&eacute;alis&eacute;s par des enseignant-e-s et disponibles en ligne.<\/p>\n<p>Mais s&ucirc;rement en connaissez-vous d&rsquo;autres? Pas de probl&egrave;me, ajoutez-les &agrave; votre r&eacute;flexion&#8230;<\/p>\n<blockquote><p><b>Au terme de ce parcours, quels sont les &eacute;l&eacute;ments significatifs que vous retenez relativement aux trois questions initiales. Et pour quelles raisons? Chaque duo r&eacute;dige &agrave; cet effet un commentaire &agrave; la suite de ce billet.<\/b><\/p><\/blockquote>\n<\/div>\n","protected":false},"excerpt":{"rendered":"<p>La conf&eacute;rence de Philippe Rygiel est centr&eacute;e sur l&rsquo;usage de l&rsquo;internet par l&rsquo;historien universitaire Dans son introduction &agrave; Les historiens, leurs revues et Internet (France, Espagne, Italie) [Paris, Publibook, 2005, 193&#160;pages], Philippe Rygiel concluait de la mani&egrave;re suivante &laquo;Nous esp&eacute;rons, sans pr&eacute;sumer d&rsquo;un accord sur les fins, que les &eacute;l&eacute;ments de r&eacute;flexion ainsi propos&eacute;s, convaincront [&hellip;]<\/p>\n","protected":false},"author":1,"featured_media":14680,"comment_status":"open","ping_status":"open","sticky":false,"template":"","format":"standard","meta":{"_import_markdown_pro_load_document_selector":0,"_import_markdown_pro_submit_text_textarea":"","_genesis_hide_title":false,"_genesis_hide_breadcrumbs":false,"_genesis_hide_singular_image":false,"_genesis_hide_footer_widgets":false,"_genesis_custom_body_class":"","_genesis_custom_post_class":"","_genesis_layout":"","jetpack_post_was_ever_published":false,"_jetpack_newsletter_access":"","_jetpack_dont_email_post_to_subs":false,"_jetpack_newsletter_tier_id":0,"_jetpack_memberships_contains_paywalled_content":false,"_jetpack_memberships_contains_paid_content":false,"activitypub_content_warning":"","activitypub_content_visibility":"","activitypub_max_image_attachments":3,"activitypub_interaction_policy_quote":"anyone","activitypub_status":"","footnotes":"","jetpack_publicize_message":"","jetpack_publicize_feature_enabled":true,"jetpack_social_post_already_shared":true,"jetpack_social_options":{"image_generator_settings":{"template":"fullscreen","default_image_id":0,"font":"","enabled":false},"version":2}},"categories":[2],"tags":[],"class_list":{"0":"post-7866","1":"post","2":"type-post","3":"status-publish","4":"format-standard","5":"has-post-thumbnail","7":"category-histoire-2","8":"entry"},"jetpack_publicize_connections":[],"featured_image_src":"https:\/\/i0.wp.com\/lyonelkaufmann.ch\/Blog\/wp-content\/uploads\/2015\/03\/blogcafe1.jpg?resize=600%2C400&ssl=1","featured_image_src_square":"https:\/\/i0.wp.com\/lyonelkaufmann.ch\/Blog\/wp-content\/uploads\/2015\/03\/blogcafe1.jpg?resize=600%2C600&ssl=1","author_info":{"display_name":"Lyonel Kaufmann","author_link":"https:\/\/lyonelkaufmann.ch\/Blog\/author\/lyonelk\/"},"jetpack_featured_media_url":"https:\/\/i0.wp.com\/lyonelkaufmann.ch\/Blog\/wp-content\/uploads\/2015\/03\/blogcafe1.jpg?fit=1024%2C683&ssl=1","jetpack_sharing_enabled":true,"jetpack_shortlink":"https:\/\/wp.me\/p1qtF4-22S","jetpack-related-posts":[{"id":5593,"url":"https:\/\/lyonelkaufmann.ch\/Blog\/2012\/07\/04\/histoire-serieuse-et-histoire-grand-public-la-concurrence-des-histoires-chronique-no-134\/","url_meta":{"origin":7866,"position":0},"title":"Histoire \u00abs\u00e9rieuse\u00bb et histoire grand public : la concurrence des histoires ? |\u00a0Chronique no 134","author":"Lyonel Kaufmann","date":"4 juillet 2012","format":false,"excerpt":"A intervalle r\u00e9gulier, l\u2019histoire universitaire renvoie aupr\u00e8s du grand public une image peu flatteuse d\u2019elle-m\u00eame. Dans son num\u00e9ro de mars 2012 et sur son site internet, l\u2019American Historical Association (AHA) d\u00e9battait du \u00abProfessionnal Boredom\u00bb\u00a0in History (L\u2019ennui professionnel en histoire) et son pr\u00e9sident William Cronon plaidait pour une \u00e9criture de l\u2019histoire\u2026","rel":"","context":"Dans &quot;histoire&quot;","block_context":{"text":"histoire","link":"https:\/\/lyonelkaufmann.ch\/Blog\/category\/histoire-2\/"},"img":{"alt_text":"","src":"https:\/\/i0.wp.com\/lyonelkaufmann.ch\/Blog\/wp-content\/uploads\/2015\/03\/blogcafe1.jpg?fit=1024%2C683&ssl=1&resize=350%2C200","width":350,"height":200,"srcset":"https:\/\/i0.wp.com\/lyonelkaufmann.ch\/Blog\/wp-content\/uploads\/2015\/03\/blogcafe1.jpg?fit=1024%2C683&ssl=1&resize=350%2C200 1x, https:\/\/i0.wp.com\/lyonelkaufmann.ch\/Blog\/wp-content\/uploads\/2015\/03\/blogcafe1.jpg?fit=1024%2C683&ssl=1&resize=525%2C300 1.5x, https:\/\/i0.wp.com\/lyonelkaufmann.ch\/Blog\/wp-content\/uploads\/2015\/03\/blogcafe1.jpg?fit=1024%2C683&ssl=1&resize=700%2C400 2x"},"classes":[]},{"id":3377,"url":"https:\/\/lyonelkaufmann.ch\/Blog\/2011\/01\/13\/un-historien-dans-la-cite-la-vie-des-idees\/","url_meta":{"origin":7866,"position":1},"title":"Un historien dans la cit\u00e9 | La Vie des id\u00e9es","author":"Lyonel Kaufmann","date":"13 janvier 2011","format":false,"excerpt":"Historien, auteur de nombreux livres sur la vie politique fran\u00e7aise, les milieux d\u2019affaires et les m\u00e9dias, Jean-No\u00ebl Jeanneney a aussi fait partie du gouvernement et dirig\u00e9 de grandes institutions publiques. Dans cet entretien vid\u00e9o accord\u00e9 \u00e0 la Vie des id\u00e9es, il s\u2019interroge sur la responsabilit\u00e9 civique de l\u2019historien. L'interview vid\u00e9o\u2026","rel":"","context":"Dans &quot;histoire&quot;","block_context":{"text":"histoire","link":"https:\/\/lyonelkaufmann.ch\/Blog\/category\/histoire-2\/"},"img":{"alt_text":"","src":"https:\/\/i0.wp.com\/lyonelkaufmann.ch\/histoire\/wp-content\/uploads\/2011\/01\/arton1288-8b3a9.jpg?resize=350%2C200","width":350,"height":200},"classes":[]},{"id":7062,"url":"https:\/\/lyonelkaufmann.ch\/Blog\/2013\/05\/15\/philippe-delisle-bande-dessinee-franco-belge-et-imaginaire-colonial-emulations-revue-des-jeunes-chercheurs-en-sciences-sociales\/","url_meta":{"origin":7866,"position":2},"title":"Philippe Delisle &#8211; Bande dessin\u00e9e franco-belge et imaginaire colonial | \u00c9mulations &#8211; Revue des jeunes chercheurs en sciences sociales","author":"Lyonel Kaufmann","date":"15 mai 2013","format":false,"excerpt":"Benoit Lucien Vaillot, de\u00a0Sciences Po Lyon - Universit\u00e9 Lumi\u00e8re Lyon 2, nous offre un compte-rendu de l'ouvrage de\u00a0Philippe Delisle\u00a0Bande dessin\u00e9e franco-belge et imaginaire colonial. Des ann\u00e9es 1930 aux ann\u00e9es 1980. Depuis une quinzaine d\u2019ann\u00e9es, des historiens : Nicolas Bancel, Pascal Blanchard ou encore Sandrine Lemaire en t\u00eate, d\u00e9veloppent le concept\u2026","rel":"","context":"Dans &quot;histoire&quot;","block_context":{"text":"histoire","link":"https:\/\/lyonelkaufmann.ch\/Blog\/category\/histoire-2\/"},"img":{"alt_text":"","src":"","width":0,"height":0},"classes":[]},{"id":8627,"url":"https:\/\/lyonelkaufmann.ch\/Blog\/2014\/12\/25\/controverse-sur-les-causes-de-la-grande-guerre-historiens-et-geographes\/","url_meta":{"origin":7866,"position":3},"title":"Controverse sur les causes de la Grande Guerre | Historiens et G\u00e9ographes","author":"Lyonel Kaufmann","date":"25 d\u00e9cembre 2014","format":false,"excerpt":"L\u2019Association des Professeurs d'Histoire et de G\u00e9ographie (APHG) nous propose sur son site une analyse critique du livre de Christopher Clark (2014). Les Somnambules. Paris: Flammarion.\u00a0Ce livre de l\u2019historien australien qui enseigne \u00e0 Londres a \u00e9t\u00e9 r\u00e9\u00e9dit\u00e9 11 fois en Allemagne en 6 mois. Ses conf\u00e9rences sont tr\u00e8s suivies. L\u2019historien\u2026","rel":"","context":"Dans &quot;histoire&quot;","block_context":{"text":"histoire","link":"https:\/\/lyonelkaufmann.ch\/Blog\/category\/histoire-2\/"},"img":{"alt_text":"","src":"https:\/\/i0.wp.com\/lyonelkaufmann.ch\/Blog\/wp-content\/uploads\/2015\/02\/clarkchristophersomnambules.jpg?fit=450%2C600&ssl=1&resize=350%2C200","width":350,"height":200},"classes":[]},{"id":4445,"url":"https:\/\/lyonelkaufmann.ch\/Blog\/2011\/03\/10\/le-metier-dhistorien-a-lere-numerique-nouvelles\/","url_meta":{"origin":7866,"position":4},"title":"Le m\u00e9tier d\u2019historien \u00e0 l\u2019\u00e8re num\u00e9rique : nouvelles pratiques, nouvelle \u00e9pist\u00e9mologie ? | L&rsquo;\u00e9dition \u00e9lectronique ouverte","author":"Lyonel Kaufmann","date":"10 mars 2011","format":false,"excerpt":"Samedi 12 mars, entre 9h00 et 12h30, le Cl\u00e9o participera \u00e0 une table ronde de la Soci\u00e9t\u00e9 d\u2019Histoire Moderne et Contemporaine (SHMC). Pr\u00e9sentation\u00a0: En quoi les outils num\u00e9riques changent-ils notre mani\u00e8re de travailler\u00a0? Il ne s\u2019agit pas ici de revenir sur les rapports entre informatique et histoire, mais bien plut\u00f4t\u2026","rel":"","context":"Dans &quot;histoire&quot;","block_context":{"text":"histoire","link":"https:\/\/lyonelkaufmann.ch\/Blog\/category\/histoire-2\/"},"img":{"alt_text":"","src":"https:\/\/i0.wp.com\/leo.hypotheses.org\/files\/2011\/03\/3433425269_933e258b7a_z-300x201.jpg?resize=350%2C200","width":350,"height":200},"classes":[]},{"id":1301,"url":"https:\/\/lyonelkaufmann.ch\/Blog\/2009\/05\/04\/eric-hobsbawm-a-lage-des-incertitudes-mediapart\/","url_meta":{"origin":7866,"position":5},"title":"Eric Hobsbawm \u00e0 l&rsquo;\u00e2ge des incertitudes | Mediapart","author":"Lyonel Kaufmann","date":"4 mai 2009","format":false,"excerpt":"Mediapart nous propose un interview vid\u00e9o en cinq parties avec Eric Hobsbawm \u00e0 l'occasion de la sortie en fran\u00e7ais de deux ouvrages de cet important historien britannique, sp\u00e9cialiste des 19e et 20e si\u00e8cles. Le premier de ces ouvrages est consacr\u00e9 \u00e0 L'Empire, la d\u00e9mocratie et le terrorisme et l'autre \u00e0\u2026","rel":"","context":"Dans &quot;histoire&quot;","block_context":{"text":"histoire","link":"https:\/\/lyonelkaufmann.ch\/Blog\/category\/histoire-2\/"},"img":{"alt_text":"","src":"https:\/\/i0.wp.com\/lyonelkaufmann.ch\/Blog\/wp-content\/uploads\/2015\/03\/blogcafe1.jpg?fit=1024%2C683&ssl=1&resize=350%2C200","width":350,"height":200,"srcset":"https:\/\/i0.wp.com\/lyonelkaufmann.ch\/Blog\/wp-content\/uploads\/2015\/03\/blogcafe1.jpg?fit=1024%2C683&ssl=1&resize=350%2C200 1x, https:\/\/i0.wp.com\/lyonelkaufmann.ch\/Blog\/wp-content\/uploads\/2015\/03\/blogcafe1.jpg?fit=1024%2C683&ssl=1&resize=525%2C300 1.5x, https:\/\/i0.wp.com\/lyonelkaufmann.ch\/Blog\/wp-content\/uploads\/2015\/03\/blogcafe1.jpg?fit=1024%2C683&ssl=1&resize=700%2C400 2x"},"classes":[]}],"jetpack_likes_enabled":true,"_links":{"self":[{"href":"https:\/\/lyonelkaufmann.ch\/Blog\/wp-json\/wp\/v2\/posts\/7866","targetHints":{"allow":["GET"]}}],"collection":[{"href":"https:\/\/lyonelkaufmann.ch\/Blog\/wp-json\/wp\/v2\/posts"}],"about":[{"href":"https:\/\/lyonelkaufmann.ch\/Blog\/wp-json\/wp\/v2\/types\/post"}],"author":[{"embeddable":true,"href":"https:\/\/lyonelkaufmann.ch\/Blog\/wp-json\/wp\/v2\/users\/1"}],"replies":[{"embeddable":true,"href":"https:\/\/lyonelkaufmann.ch\/Blog\/wp-json\/wp\/v2\/comments?post=7866"}],"version-history":[{"count":0,"href":"https:\/\/lyonelkaufmann.ch\/Blog\/wp-json\/wp\/v2\/posts\/7866\/revisions"}],"wp:featuredmedia":[{"embeddable":true,"href":"https:\/\/lyonelkaufmann.ch\/Blog\/wp-json\/wp\/v2\/media\/14680"}],"wp:attachment":[{"href":"https:\/\/lyonelkaufmann.ch\/Blog\/wp-json\/wp\/v2\/media?parent=7866"}],"wp:term":[{"taxonomy":"category","embeddable":true,"href":"https:\/\/lyonelkaufmann.ch\/Blog\/wp-json\/wp\/v2\/categories?post=7866"},{"taxonomy":"post_tag","embeddable":true,"href":"https:\/\/lyonelkaufmann.ch\/Blog\/wp-json\/wp\/v2\/tags?post=7866"}],"curies":[{"name":"wp","href":"https:\/\/api.w.org\/{rel}","templated":true}]}}