{"id":7873,"date":"2012-02-21T10:23:24","date_gmt":"2012-02-21T10:23:24","guid":{"rendered":"http:\/\/lyonelkaufmann.ch\/histoire\/?p=5068"},"modified":"2012-02-21T10:23:24","modified_gmt":"2012-02-21T10:23:24","slug":"comite-de-vigilance-face-aux-usages-publics-de-lhistoire-journee-detudes-du-cvuh-histoire-et-medias-en-ligne","status":"publish","type":"post","link":"https:\/\/lyonelkaufmann.ch\/Blog\/2012\/02\/21\/comite-de-vigilance-face-aux-usages-publics-de-lhistoire-journee-detudes-du-cvuh-histoire-et-medias-en-ligne\/","title":{"rendered":"Comit\u00e9 de Vigilance face aux Usages publics de l&rsquo;Histoire: Journ\u00e9e d&rsquo;\u00e9tudes du CVUH &#8211; \u00ab\u00a0Histoire et m\u00e9dias\u00a0\u00bb en ligne."},"content":{"rendered":"<p>Via <a style='font-weight:bold;font-size:18px;' href='http:\/\/www.scoop.it\/t\/histoire\/p\/1258467463\/comite-de-vigilance-face-aux-usages-publics-de-l-histoire-journee-d-etudes-du-cvuh-histoire-et-medias-en-ligne'>Scoop.it<\/a> &#8211; <a href='http:\/\/www.scoop.it\/t\/histoire'>histoire<\/a><br \/>Vid\u00e9os des interventions lors de la journ\u00e9e d&rsquo;\u00e9tudes du CVUH le 21 janvier 2012 :<br \/>\n\u00ab\u00a0Histoire et m\u00e9dias\u00a0\u00bb<br \/><a href='http:\/\/cvuh.blogspot.com\/2012\/01\/journee-detudes-du-cvuh-histoire-et.html'>Via cvuh.blogspot.com<\/a><\/p>\n","protected":false},"excerpt":{"rendered":"<p>Via Scoop.it &#8211; histoireVid\u00e9os des interventions lors de la journ\u00e9e d&rsquo;\u00e9tudes du CVUH le 21 janvier 2012 : \u00ab\u00a0Histoire et m\u00e9dias\u00a0\u00bbVia cvuh.blogspot.com<\/p>\n","protected":false},"author":1,"featured_media":14680,"comment_status":"open","ping_status":"open","sticky":false,"template":"","format":"standard","meta":{"_import_markdown_pro_load_document_selector":0,"_import_markdown_pro_submit_text_textarea":"","_genesis_hide_title":false,"_genesis_hide_breadcrumbs":false,"_genesis_hide_singular_image":false,"_genesis_hide_footer_widgets":false,"_genesis_custom_body_class":"","_genesis_custom_post_class":"","_genesis_layout":"","jetpack_post_was_ever_published":false,"_jetpack_newsletter_access":"","_jetpack_dont_email_post_to_subs":false,"_jetpack_newsletter_tier_id":0,"_jetpack_memberships_contains_paywalled_content":false,"_jetpack_memberships_contains_paid_content":false,"activitypub_content_warning":"","activitypub_content_visibility":"","activitypub_max_image_attachments":3,"activitypub_interaction_policy_quote":"anyone","activitypub_status":"","footnotes":"","jetpack_publicize_message":"","jetpack_publicize_feature_enabled":true,"jetpack_social_post_already_shared":true,"jetpack_social_options":{"image_generator_settings":{"template":"fullscreen","default_image_id":0,"font":"","enabled":false},"version":2}},"categories":[2],"tags":[],"class_list":{"0":"post-7873","1":"post","2":"type-post","3":"status-publish","4":"format-standard","5":"has-post-thumbnail","7":"category-histoire-2","8":"entry"},"jetpack_publicize_connections":[],"featured_image_src":"https:\/\/i0.wp.com\/lyonelkaufmann.ch\/Blog\/wp-content\/uploads\/2015\/03\/blogcafe1.jpg?resize=600%2C400&ssl=1","featured_image_src_square":"https:\/\/i0.wp.com\/lyonelkaufmann.ch\/Blog\/wp-content\/uploads\/2015\/03\/blogcafe1.jpg?resize=600%2C600&ssl=1","author_info":{"display_name":"Lyonel Kaufmann","author_link":"https:\/\/lyonelkaufmann.ch\/Blog\/author\/lyonelk\/"},"jetpack_featured_media_url":"https:\/\/i0.wp.com\/lyonelkaufmann.ch\/Blog\/wp-content\/uploads\/2015\/03\/blogcafe1.jpg?fit=1024%2C683&ssl=1","jetpack_sharing_enabled":true,"jetpack_shortlink":"https:\/\/wp.me\/p1qtF4-22Z","jetpack-related-posts":[{"id":942,"url":"https:\/\/lyonelkaufmann.ch\/Blog\/2009\/02\/11\/presentation-du-center-of-history-and-new-media-chnm\/","url_meta":{"origin":7873,"position":0},"title":"Pr\u00e9sentation du Center of history and new media (CHNM)","author":"Lyonel Kaufmann","date":"11 f\u00e9vrier 2009","format":false,"excerpt":"Dans le cadre d\u2019un voyage d\u2019\u00e9tudes aux USA, Marin Dacos a agend\u00e9 une rencontre avec l\u2019\u00e9quipe...","rel":"","context":"Dans &quot;histoire&quot;","block_context":{"text":"histoire","link":"https:\/\/lyonelkaufmann.ch\/Blog\/category\/histoire-2\/"},"img":{"alt_text":"","src":"https:\/\/i0.wp.com\/lyonelkaufmann.ch\/Blog\/wp-content\/uploads\/2015\/03\/blogcafe1.jpg?fit=1024%2C683&ssl=1&resize=350%2C200","width":350,"height":200,"srcset":"https:\/\/i0.wp.com\/lyonelkaufmann.ch\/Blog\/wp-content\/uploads\/2015\/03\/blogcafe1.jpg?fit=1024%2C683&ssl=1&resize=350%2C200 1x, https:\/\/i0.wp.com\/lyonelkaufmann.ch\/Blog\/wp-content\/uploads\/2015\/03\/blogcafe1.jpg?fit=1024%2C683&ssl=1&resize=525%2C300 1.5x, https:\/\/i0.wp.com\/lyonelkaufmann.ch\/Blog\/wp-content\/uploads\/2015\/03\/blogcafe1.jpg?fit=1024%2C683&ssl=1&resize=700%2C400 2x"},"classes":[]},{"id":6859,"url":"https:\/\/lyonelkaufmann.ch\/Blog\/2013\/03\/19\/favoriser-la-diffusion-et-la-vulgarisation-de-lhistoire-de-sherbrooke\/","url_meta":{"origin":7873,"position":1},"title":"Favoriser la diffusion et la vulgarisation de l\u2019histoire de Sherbrooke","author":"Lyonel Kaufmann","date":"19 mars 2013","format":false,"excerpt":"Dans le cadre du cours HST 279, L'informatique appliqu\u00e9e \u00e0 l'histoire, les \u00e9tudiants s'initient \u00e0 l'utilisation des m\u00e9dias num\u00e9riques pour l'\u00e9tude et la diffusion de l'histoire. Centr\u00e9e sur l'histoire et le patrimoine de Sherbrooke, l'\u00e9dition 2013 de ce cours permettra de cr\u00e9er des circuits de visite virtuels de la ville\u2026","rel":"","context":"Dans &quot;histoire&quot;","block_context":{"text":"histoire","link":"https:\/\/lyonelkaufmann.ch\/Blog\/category\/histoire-2\/"},"img":{"alt_text":"","src":"","width":0,"height":0},"classes":[]},{"id":6392,"url":"https:\/\/lyonelkaufmann.ch\/Blog\/2012\/11\/06\/revue-de-presse-94-des-professeurs-americains-conseillent-un-moteur-a-leurs-eleves-etude-abondance\/","url_meta":{"origin":7873,"position":2},"title":"Revue de presse : 94% des professeurs am\u00e9ricains conseillent un moteur \u00e0 leurs \u00e9l\u00e8ves (\u00e9tude) | Abondance","author":"Lyonel Kaufmann","date":"6 novembre 2012","format":false,"excerpt":"Plus de 2 500 professeurs officiant dans des \"middle and high schools am\u00e9ricaines\" (coll\u00e8ge et gymnase\/lyc\u00e9e, globalement) ont r\u00e9pondu \u00e0 un questionnaire et il ressort de cette \u00e9tude que les encyclop\u00e9dies comme Wikipedia ont moins la cote (75%) que les moteurs. YouTube et les m\u00e9dias sociaux sont, pour leur part,\u2026","rel":"","context":"Dans &quot;histoire&quot;","block_context":{"text":"histoire","link":"https:\/\/lyonelkaufmann.ch\/Blog\/category\/histoire-2\/"},"img":{"alt_text":"","src":"https:\/\/i0.wp.com\/lyonelkaufmann.ch\/Blog\/wp-content\/uploads\/2015\/03\/blogcafe1.jpg?fit=1024%2C683&ssl=1&resize=350%2C200","width":350,"height":200,"srcset":"https:\/\/i0.wp.com\/lyonelkaufmann.ch\/Blog\/wp-content\/uploads\/2015\/03\/blogcafe1.jpg?fit=1024%2C683&ssl=1&resize=350%2C200 1x, https:\/\/i0.wp.com\/lyonelkaufmann.ch\/Blog\/wp-content\/uploads\/2015\/03\/blogcafe1.jpg?fit=1024%2C683&ssl=1&resize=525%2C300 1.5x, https:\/\/i0.wp.com\/lyonelkaufmann.ch\/Blog\/wp-content\/uploads\/2015\/03\/blogcafe1.jpg?fit=1024%2C683&ssl=1&resize=700%2C400 2x"},"classes":[]},{"id":2582,"url":"https:\/\/lyonelkaufmann.ch\/Blog\/2010\/02\/22\/facebook-nocif-pour-les-ados\/","url_meta":{"origin":7873,"position":3},"title":"Facebook, nocif pour les ados ? | Sciences humaines","author":"Lyonel Kaufmann","date":"22 f\u00e9vrier 2010","format":false,"excerpt":"\u00ab Les parents des jeunes adolescents sans probl\u00e8mes n\u2019ont pas \u00e0 s\u2019inqui\u00e9ter de l\u2019influence des sites sociaux En revanche, pr\u00e9vient-elle, ces sites ne compensent pas la solitude ou les difficult\u00e9s relationnelles, et renforcent les penchants morbides des adolescents \u00ab \u00e0 probl\u00e8mes \u00bb. Propos de Amori Yee Mikami, professeure de psychologie\u2026","rel":"","context":"Dans &quot;histoire&quot;","block_context":{"text":"histoire","link":"https:\/\/lyonelkaufmann.ch\/Blog\/category\/histoire-2\/"},"img":{"alt_text":"","src":"https:\/\/i0.wp.com\/lyonelkaufmann.ch\/Blog\/wp-content\/uploads\/2015\/03\/blogcafe1.jpg?fit=1024%2C683&ssl=1&resize=350%2C200","width":350,"height":200,"srcset":"https:\/\/i0.wp.com\/lyonelkaufmann.ch\/Blog\/wp-content\/uploads\/2015\/03\/blogcafe1.jpg?fit=1024%2C683&ssl=1&resize=350%2C200 1x, https:\/\/i0.wp.com\/lyonelkaufmann.ch\/Blog\/wp-content\/uploads\/2015\/03\/blogcafe1.jpg?fit=1024%2C683&ssl=1&resize=525%2C300 1.5x, https:\/\/i0.wp.com\/lyonelkaufmann.ch\/Blog\/wp-content\/uploads\/2015\/03\/blogcafe1.jpg?fit=1024%2C683&ssl=1&resize=700%2C400 2x"},"classes":[]},{"id":2736,"url":"https:\/\/lyonelkaufmann.ch\/Blog\/2010\/04\/21\/lhistoire-au-prisme-de-limage-mardi-27-avril-2010\/","url_meta":{"origin":7873,"position":4},"title":"L&rsquo;histoire au prisme de l&rsquo;image (mardi 27 avril 2010)","author":"Lyonel Kaufmann","date":"21 avril 2010","format":false,"excerpt":"Dans le cadre des deux modules destin\u00e9s aux \u00e9tudiant-e-s en histoire (Secondaire I et II) de la HEP Lausanne, nous organisons une demi-journ\u00e9e avec des intervenants ext\u00e9rieurs en relation avec la questions de l'utilisation des images en histoire dans une perspective acad\u00e9mique et sous l'angle de la recherche. Chacune des\u2026","rel":"","context":"Dans &quot;histoire&quot;","block_context":{"text":"histoire","link":"https:\/\/lyonelkaufmann.ch\/Blog\/category\/histoire-2\/"},"img":{"alt_text":"","src":"https:\/\/i0.wp.com\/farm4.static.flickr.com\/3031\/2633211339_aa7625df26_m.jpg?resize=350%2C200","width":350,"height":200},"classes":[]},{"id":3377,"url":"https:\/\/lyonelkaufmann.ch\/Blog\/2011\/01\/13\/un-historien-dans-la-cite-la-vie-des-idees\/","url_meta":{"origin":7873,"position":5},"title":"Un historien dans la cit\u00e9 | La Vie des id\u00e9es","author":"Lyonel Kaufmann","date":"13 janvier 2011","format":false,"excerpt":"Historien, auteur de nombreux livres sur la vie politique fran\u00e7aise, les milieux d\u2019affaires et les m\u00e9dias, Jean-No\u00ebl Jeanneney a aussi fait partie du gouvernement et dirig\u00e9 de grandes institutions publiques. Dans cet entretien vid\u00e9o accord\u00e9 \u00e0 la Vie des id\u00e9es, il s\u2019interroge sur la responsabilit\u00e9 civique de l\u2019historien. L'interview vid\u00e9o\u2026","rel":"","context":"Dans &quot;histoire&quot;","block_context":{"text":"histoire","link":"https:\/\/lyonelkaufmann.ch\/Blog\/category\/histoire-2\/"},"img":{"alt_text":"","src":"https:\/\/i0.wp.com\/lyonelkaufmann.ch\/histoire\/wp-content\/uploads\/2011\/01\/arton1288-8b3a9.jpg?resize=350%2C200","width":350,"height":200},"classes":[]}],"jetpack_likes_enabled":true,"_links":{"self":[{"href":"https:\/\/lyonelkaufmann.ch\/Blog\/wp-json\/wp\/v2\/posts\/7873","targetHints":{"allow":["GET"]}}],"collection":[{"href":"https:\/\/lyonelkaufmann.ch\/Blog\/wp-json\/wp\/v2\/posts"}],"about":[{"href":"https:\/\/lyonelkaufmann.ch\/Blog\/wp-json\/wp\/v2\/types\/post"}],"author":[{"embeddable":true,"href":"https:\/\/lyonelkaufmann.ch\/Blog\/wp-json\/wp\/v2\/users\/1"}],"replies":[{"embeddable":true,"href":"https:\/\/lyonelkaufmann.ch\/Blog\/wp-json\/wp\/v2\/comments?post=7873"}],"version-history":[{"count":0,"href":"https:\/\/lyonelkaufmann.ch\/Blog\/wp-json\/wp\/v2\/posts\/7873\/revisions"}],"wp:featuredmedia":[{"embeddable":true,"href":"https:\/\/lyonelkaufmann.ch\/Blog\/wp-json\/wp\/v2\/media\/14680"}],"wp:attachment":[{"href":"https:\/\/lyonelkaufmann.ch\/Blog\/wp-json\/wp\/v2\/media?parent=7873"}],"wp:term":[{"taxonomy":"category","embeddable":true,"href":"https:\/\/lyonelkaufmann.ch\/Blog\/wp-json\/wp\/v2\/categories?post=7873"},{"taxonomy":"post_tag","embeddable":true,"href":"https:\/\/lyonelkaufmann.ch\/Blog\/wp-json\/wp\/v2\/tags?post=7873"}],"curies":[{"name":"wp","href":"https:\/\/api.w.org\/{rel}","templated":true}]}}