{"id":8069,"date":"2014-06-24T10:20:02","date_gmt":"2014-06-24T09:20:02","guid":{"rendered":"http:\/\/lyonelkaufmann.ch\/histoire\/?p=8069"},"modified":"2014-06-24T10:20:02","modified_gmt":"2014-06-24T09:20:02","slug":"la-ville-fantome-de-la-conquete-azteque-dans-les-pas-des-archeologues","status":"publish","type":"post","link":"https:\/\/lyonelkaufmann.ch\/Blog\/2014\/06\/24\/la-ville-fantome-de-la-conquete-azteque-dans-les-pas-des-archeologues\/","title":{"rendered":"La ville fant\u00f4me de la conqu\u00eate azt\u00e8que | Dans les pas des arch\u00e9ologues"},"content":{"rendered":"<p><strong>Des fouilles arch\u00e9ologiques montrent que la formation de l&#8217;empire azt\u00e8que entra\u00eena l&rsquo;\u00e9migration forc\u00e9e de toute une ville.<\/strong><\/p>\n<p><img data-recalc-dims=\"1\" loading=\"lazy\" decoding=\"async\" class=\"aligncenter\" src=\"https:\/\/i0.wp.com\/archeo.blog.lemonde.fr\/files\/2014\/06\/Map_of_Tenochtitlan_1524-c-1024x652.jpg?resize=1024%2C652\" alt=\"\" width=\"1024\" height=\"652\" \/><\/p>\n<p style=\"text-align:center;\">Comme Xaltocan, la capitale des Azt\u00e8ques (Tenochtitlan) \u00e9tait une \u00eele. Carte de 1524\u00a0r\u00e9alis\u00e9e \u00e0 partir d&rsquo;un croquis des conqu\u00e9rants espagnols.<\/p>\n<blockquote>\n<p style=\"color:#000000;\"><em>Ce n&rsquo;est que moins d&rsquo;un si\u00e8cle avant la conqu\u00eate espagnole qu&rsquo;\u00e9merge l&#8217;empire azt\u00e8que, \u00e0 partir de 1430 environ. Ceux qui n&rsquo;\u00e9taient au d\u00e9part qu&rsquo;une petite cit\u00e9 sur le lieu de la future Mexico sont les vainqueurs finaux de plus de trois si\u00e8cles de conflits et d&rsquo;alliances entre les cit\u00e9s de la r\u00e9gion. Dans cette histoire, l&rsquo;une des \u00e9tapes d\u00e9cisives est la fin en 1395 d&rsquo;une interminable guerre entre deux cit\u00e9s du nord de la zone. La victoire de la premi\u00e8re, Cuauhtitlan, sera de courte dur\u00e9e : elle finira par tomber sous la coupe de ses anciens alli\u00e9s, les Azt\u00e8ques.<\/em><\/p>\n<p style=\"color:#000000;\"><em>Quant au sort du vaincu, Xaltocan, il laisse la curieuse impression d&rsquo;un nettoyage ethnique.<\/em><\/p>\n<\/blockquote>\n<p>Lire la suite de l&rsquo;article du journal <em>Le Monde<\/em> :\u00a0\u00a0<a href=\"http:\/\/archeo.blog.lemonde.fr\/2014\/06\/23\/la-ville-fantome-de-la-conquete-azteque\/\">La ville fant\u00f4me de la conqu\u00eate azt\u00e8que | Dans les pas des arch\u00e9ologues<\/a>.<\/p>\n","protected":false},"excerpt":{"rendered":"<p>Des fouilles arch\u00e9ologiques montrent que la formation de l&#8217;empire azt\u00e8que entra\u00eena l&rsquo;\u00e9migration forc\u00e9e de toute une ville. Comme Xaltocan, la capitale des Azt\u00e8ques (Tenochtitlan) \u00e9tait une \u00eele. Carte de 1524\u00a0r\u00e9alis\u00e9e \u00e0 partir d&rsquo;un croquis des conqu\u00e9rants espagnols. Ce n&rsquo;est que moins d&rsquo;un si\u00e8cle avant la conqu\u00eate espagnole qu&rsquo;\u00e9merge l&#8217;empire azt\u00e8que, \u00e0 partir de 1430 environ. [&hellip;]<\/p>\n","protected":false},"author":1,"featured_media":14472,"comment_status":"open","ping_status":"open","sticky":false,"template":"","format":"standard","meta":{"_import_markdown_pro_load_document_selector":0,"_import_markdown_pro_submit_text_textarea":"","_genesis_hide_title":false,"_genesis_hide_breadcrumbs":false,"_genesis_hide_singular_image":false,"_genesis_hide_footer_widgets":false,"_genesis_custom_body_class":"","_genesis_custom_post_class":"","_genesis_layout":"","jetpack_post_was_ever_published":false,"_jetpack_newsletter_access":"","_jetpack_dont_email_post_to_subs":false,"_jetpack_newsletter_tier_id":0,"_jetpack_memberships_contains_paywalled_content":false,"_jetpack_memberships_contains_paid_content":false,"activitypub_content_warning":"","activitypub_content_visibility":"","activitypub_max_image_attachments":3,"activitypub_interaction_policy_quote":"anyone","activitypub_status":"","footnotes":"","jetpack_publicize_message":"","jetpack_publicize_feature_enabled":true,"jetpack_social_post_already_shared":true,"jetpack_social_options":{"image_generator_settings":{"template":"fullscreen","default_image_id":0,"font":"","enabled":false},"version":2}},"categories":[2],"tags":[],"class_list":{"0":"post-8069","1":"post","2":"type-post","3":"status-publish","4":"format-standard","5":"has-post-thumbnail","7":"category-histoire-2","8":"entry"},"jetpack_publicize_connections":[],"featured_image_src":"https:\/\/i0.wp.com\/lyonelkaufmann.ch\/Blog\/wp-content\/uploads\/2015\/03\/Map_of_Tenochtitlan_1524-c-1024x652.jpg?resize=600%2C400&ssl=1","featured_image_src_square":"https:\/\/i0.wp.com\/lyonelkaufmann.ch\/Blog\/wp-content\/uploads\/2015\/03\/Map_of_Tenochtitlan_1524-c-1024x652.jpg?resize=600%2C600&ssl=1","author_info":{"display_name":"Lyonel Kaufmann","author_link":"https:\/\/lyonelkaufmann.ch\/Blog\/author\/lyonelk\/"},"jetpack_featured_media_url":"https:\/\/i0.wp.com\/lyonelkaufmann.ch\/Blog\/wp-content\/uploads\/2015\/03\/Map_of_Tenochtitlan_1524-c-1024x652.jpg?fit=1024%2C652&ssl=1","jetpack_sharing_enabled":true,"jetpack_shortlink":"https:\/\/wp.me\/p1qtF4-269","jetpack-related-posts":[{"id":6285,"url":"https:\/\/lyonelkaufmann.ch\/Blog\/2012\/10\/16\/les-indiens-a-la-conquete-de-louest-la-vie-des-idees\/","url_meta":{"origin":8069,"position":0},"title":"Les Indiens \u00e0 la conqu\u00eate de l\u2019Ouest | La Vie des id\u00e9es","author":"Lyonel Kaufmann","date":"16 octobre 2012","format":false,"excerpt":"D\u00e9passer le r\u00e9cit national\u00a0: ce d\u00e9fi occupe les historiens depuis plusieurs d\u00e9cennies. Appliqu\u00e9e \u00e0 l\u2019Am\u00e9rique du Nord, il a boulevers\u00e9 notre compr\u00e9hension de ph\u00e9nom\u00e8nes historiques comme la \u00ab\u00a0Conqu\u00eate de l\u2019Ouest\u00a0\u00bb. Un historien finlandais propose, \u00e0 travers l\u2019histoire des Comanches, de pousser jusqu\u2019au bout ce renversement de perspectives pour mettre en\u2026","rel":"","context":"Dans &quot;histoire&quot;","block_context":{"text":"histoire","link":"https:\/\/lyonelkaufmann.ch\/Blog\/category\/histoire-2\/"},"img":{"alt_text":"","src":"https:\/\/i0.wp.com\/lyonelkaufmann.ch\/histoire\/wp-content\/uploads\/2012\/10\/arton2053-35d31.jpg?resize=350%2C200","width":350,"height":200},"classes":[]},{"id":5929,"url":"https:\/\/lyonelkaufmann.ch\/Blog\/2012\/08\/15\/colloque-la-narration-en-images-de-la-colonne-trajane-a-la-bande-dessinee-latelier-des-icones\/","url_meta":{"origin":8069,"position":1},"title":"Colloque \u201cLa narration en images. De la colonne Trajane \u00e0 la bande dessin\u00e9e\u201d | L&rsquo;Atelier des ic\u00f4nes","author":"Lyonel Kaufmann","date":"15 ao\u00fbt 2012","format":false,"excerpt":"Tapisserie de Bayeux, d\u00e9tail Ce colloque qui a lieu du lundi 27 ao\u00fbt 2012 au vendredi 31 ao\u00fbt 2012 \u00e0 Angoul\u00eame offre des conf\u00e9rences tr\u00e8s int\u00e9ressantes pour un enseignant d'histoire et l'utilisation de l'image en classe d'histoire.\u00a0 Voici une s\u00e9lection de contributions en ce sens: Mardi 28 ao\u00fbt 2012: Antiquit\u00e9\u2026","rel":"","context":"Dans &quot;histoire&quot;","block_context":{"text":"histoire","link":"https:\/\/lyonelkaufmann.ch\/Blog\/category\/histoire-2\/"},"img":{"alt_text":"","src":"","width":0,"height":0},"classes":[]},{"id":3857,"url":"https:\/\/lyonelkaufmann.ch\/Blog\/2011\/08\/02\/histoire-anthropologie-et-ethnohistoire-devenir-historien-ne\/","url_meta":{"origin":8069,"position":2},"title":"Compte-rendu &#8211; Nathan Wachtel : La vision des vaincus","author":"Lyonel Kaufmann","date":"2 ao\u00fbt 2011","format":false,"excerpt":"Compte-rendu par Clara Chevalier dans Devenir historien- ne de Nathan Wachtel,\u00a0La vision des vaincus. Les Indiens du P\u00e9rou devant la Conqu\u00eate espagnole, 1530-1570, Paris, Gallimard, coll. \u00ab\u00a0Folio Histoire\u00a0\u00bb, 1992 (1e \u00e9d. coll. \u00ab\u00a0Biblioth\u00e8que des Histoires\u00a0\u00bb, 1971), 395 p. Pour rappel, cet ouvrage se propose d\u2019envisager la conqu\u00eate espagnole de l\u2019Am\u00e9rique\u2026","rel":"","context":"Dans &quot;histoire&quot;","block_context":{"text":"histoire","link":"https:\/\/lyonelkaufmann.ch\/Blog\/category\/histoire-2\/"},"img":{"alt_text":"","src":"https:\/\/i0.wp.com\/lyonelkaufmann.ch\/histoire\/wp-content\/uploads\/2011\/08\/VisionVaincusPoche.jpg?resize=350%2C200","width":350,"height":200},"classes":[]},{"id":7927,"url":"https:\/\/lyonelkaufmann.ch\/Blog\/2014\/03\/21\/la-trahison-de-cortes-desobeissance-proces-politiques-et-gouvernement-des-indes-de-castille-seconde-moitie-du-xvie-siecle-le-blog-de-lhistoire\/","url_meta":{"origin":8069,"position":3},"title":"La trahison de Cort\u00e9s \u2013 D\u00e9sob\u00e9issance, proc\u00e8s politiques et gouvernement des Indes de Castille, seconde moiti\u00e9 du XVIe si\u00e8cle","author":"Lyonel Kaufmann","date":"21 mars 2014","format":false,"excerpt":"Pr\u00e9sentation de l'\u00e9diteur : Ourdi au Mexique en 1565, le complot de Martin Cort\u00e9s (fils d\u2019Hernan Cort\u00e9s) s\u2019av\u00e8re paradigmatique des nombreuses r\u00e9bellions contre la couronne de Castille. Loin de se r\u00e9duire \u00e0 un face-\u00e0-face entre Espagnols et Indiens, la conqu\u00eate brouille tous les clivages et s\u00e9cr\u00e8te pr\u00e9cocement une conscience politique\u2026","rel":"","context":"Dans &quot;histoire&quot;","block_context":{"text":"histoire","link":"https:\/\/lyonelkaufmann.ch\/Blog\/category\/histoire-2\/"},"img":{"alt_text":"","src":"","width":0,"height":0},"classes":[]},{"id":26508,"url":"https:\/\/lyonelkaufmann.ch\/Blog\/2025\/02\/07\/26508\/","url_meta":{"origin":8069,"position":4},"title":"Vieille ville d&rsquo;Olten (06.02.2025)","author":"Lyonel Kaufmann","date":"7 f\u00e9vrier 2025","format":false,"excerpt":"Jeudi 6 f\u00e9vrier 2025. Dr\u00f4le d'id\u00e9e \u00e0 premi\u00e8re vue que de se rendre \u00e0 Olten pour un roadtrip r\u00e9alis\u00e9 avec le train. La ville ne figure m\u00eame pas dans le Guide du routard pour la Suisse. En plus, le temps est gris et frais. Il y a m\u00eame un l\u00e9ger\u2026","rel":"","context":"Dans &quot;Blogcaf\u00e9&quot;","block_context":{"text":"Blogcaf\u00e9","link":"https:\/\/lyonelkaufmann.ch\/Blog\/category\/blogcafe-2\/"},"img":{"alt_text":"","src":"https:\/\/i0.wp.com\/lyonelkaufmann.ch\/Blog\/wp-content\/uploads\/2025\/02\/Olten-06.02.2025.jpeg?fit=640%2C427&ssl=1&resize=350%2C200","width":350,"height":200,"srcset":"https:\/\/i0.wp.com\/lyonelkaufmann.ch\/Blog\/wp-content\/uploads\/2025\/02\/Olten-06.02.2025.jpeg?fit=640%2C427&ssl=1&resize=350%2C200 1x, https:\/\/i0.wp.com\/lyonelkaufmann.ch\/Blog\/wp-content\/uploads\/2025\/02\/Olten-06.02.2025.jpeg?fit=640%2C427&ssl=1&resize=525%2C300 1.5x"},"classes":[]},{"id":22813,"url":"https:\/\/lyonelkaufmann.ch\/Blog\/2021\/07\/19\/sur-la-route-du-rhin-laufenburg-jour-3\/","url_meta":{"origin":8069,"position":5},"title":"Sur la route du Rhin : Laufenburg (jour 3)","author":"Lyonel Kaufmann","date":"19 juillet 2021","format":false,"excerpt":"Pour cet \u00e9t\u00e9 2021, le programme retenu consiste \u00e0 suivre \u00e0 moto le cours du Rhin de sa source ant\u00e9rieur de l'Oberalpass \u00e0 Rotterdam, puis de s'arr\u00eater \u00e0 Amsterdam avant de rentrer par la Belgique et la France. Pour cette troisi\u00e8me \u00e9tape, nous zigzaguons entre la Suisse et l'Allemagne jusqu'\u00e0\u2026","rel":"","context":"Dans &quot;Blogcaf\u00e9&quot;","block_context":{"text":"Blogcaf\u00e9","link":"https:\/\/lyonelkaufmann.ch\/Blog\/category\/blogcafe-2\/"},"img":{"alt_text":"","src":"https:\/\/i0.wp.com\/lyonelkaufmann.ch\/Blog\/wp-content\/uploads\/2021\/07\/img4975-scaled.jpg?fit=1200%2C798&ssl=1&resize=350%2C200","width":350,"height":200,"srcset":"https:\/\/i0.wp.com\/lyonelkaufmann.ch\/Blog\/wp-content\/uploads\/2021\/07\/img4975-scaled.jpg?fit=1200%2C798&ssl=1&resize=350%2C200 1x, https:\/\/i0.wp.com\/lyonelkaufmann.ch\/Blog\/wp-content\/uploads\/2021\/07\/img4975-scaled.jpg?fit=1200%2C798&ssl=1&resize=525%2C300 1.5x, https:\/\/i0.wp.com\/lyonelkaufmann.ch\/Blog\/wp-content\/uploads\/2021\/07\/img4975-scaled.jpg?fit=1200%2C798&ssl=1&resize=700%2C400 2x, https:\/\/i0.wp.com\/lyonelkaufmann.ch\/Blog\/wp-content\/uploads\/2021\/07\/img4975-scaled.jpg?fit=1200%2C798&ssl=1&resize=1050%2C600 3x"},"classes":[]}],"jetpack_likes_enabled":true,"_links":{"self":[{"href":"https:\/\/lyonelkaufmann.ch\/Blog\/wp-json\/wp\/v2\/posts\/8069","targetHints":{"allow":["GET"]}}],"collection":[{"href":"https:\/\/lyonelkaufmann.ch\/Blog\/wp-json\/wp\/v2\/posts"}],"about":[{"href":"https:\/\/lyonelkaufmann.ch\/Blog\/wp-json\/wp\/v2\/types\/post"}],"author":[{"embeddable":true,"href":"https:\/\/lyonelkaufmann.ch\/Blog\/wp-json\/wp\/v2\/users\/1"}],"replies":[{"embeddable":true,"href":"https:\/\/lyonelkaufmann.ch\/Blog\/wp-json\/wp\/v2\/comments?post=8069"}],"version-history":[{"count":0,"href":"https:\/\/lyonelkaufmann.ch\/Blog\/wp-json\/wp\/v2\/posts\/8069\/revisions"}],"wp:featuredmedia":[{"embeddable":true,"href":"https:\/\/lyonelkaufmann.ch\/Blog\/wp-json\/wp\/v2\/media\/14472"}],"wp:attachment":[{"href":"https:\/\/lyonelkaufmann.ch\/Blog\/wp-json\/wp\/v2\/media?parent=8069"}],"wp:term":[{"taxonomy":"category","embeddable":true,"href":"https:\/\/lyonelkaufmann.ch\/Blog\/wp-json\/wp\/v2\/categories?post=8069"},{"taxonomy":"post_tag","embeddable":true,"href":"https:\/\/lyonelkaufmann.ch\/Blog\/wp-json\/wp\/v2\/tags?post=8069"}],"curies":[{"name":"wp","href":"https:\/\/api.w.org\/{rel}","templated":true}]}}