{"id":858,"date":"2009-01-15T03:19:34","date_gmt":"2009-01-15T02:19:34","guid":{"rendered":"http:\/\/histoire.tumblr.com\/post\/70568899"},"modified":"2009-01-15T03:19:34","modified_gmt":"2009-01-15T02:19:34","slug":"swiss-spaghetti-harvest-lying-about-the-past","status":"publish","type":"post","link":"https:\/\/lyonelkaufmann.ch\/Blog\/2009\/01\/15\/swiss-spaghetti-harvest-lying-about-the-past\/","title":{"rendered":"Swiss Spaghetti Harvest \u00ab\u00a0Lying About the Past"},"content":{"rendered":"<p><a href=\"http:\/\/chnm.gmu.edu\/history\/faculty\/kelly\/blogs\/h389\/?p=86\">Swiss Spaghetti Harvest \u00ab\u00a0Lying About the Past<\/a><\/p>\n","protected":false},"excerpt":{"rendered":"<p><a href=\"http:\/\/chnm.gmu.edu\/history\/faculty\/kelly\/blogs\/h389\/?p=86\" target=\"_blank\">Swiss Spaghetti Harvest \u00ab\u00a0Lying About the Past<\/a><\/p>\n","protected":false},"author":1,"featured_media":14680,"comment_status":"open","ping_status":"open","sticky":false,"template":"","format":"standard","meta":{"_import_markdown_pro_load_document_selector":0,"_import_markdown_pro_submit_text_textarea":"","_genesis_hide_title":false,"_genesis_hide_breadcrumbs":false,"_genesis_hide_singular_image":false,"_genesis_hide_footer_widgets":false,"_genesis_custom_body_class":"","_genesis_custom_post_class":"","_genesis_layout":"","jetpack_post_was_ever_published":false,"_jetpack_newsletter_access":"","_jetpack_dont_email_post_to_subs":false,"_jetpack_newsletter_tier_id":0,"_jetpack_memberships_contains_paywalled_content":false,"_jetpack_memberships_contains_paid_content":false,"activitypub_content_warning":"","activitypub_content_visibility":"","activitypub_max_image_attachments":3,"activitypub_interaction_policy_quote":"anyone","activitypub_status":"","footnotes":"","jetpack_publicize_message":"","jetpack_publicize_feature_enabled":true,"jetpack_social_post_already_shared":true,"jetpack_social_options":{"image_generator_settings":{"template":"fullscreen","default_image_id":0,"font":"","enabled":false},"version":2}},"categories":[2],"tags":[96,97,95],"class_list":{"0":"post-858","1":"post","2":"type-post","3":"status-publish","4":"format-standard","5":"has-post-thumbnail","7":"category-histoire-2","8":"tag-cafe-histoire","9":"tag-histoire-20","10":"tag-tumblr","11":"entry"},"jetpack_publicize_connections":[],"featured_image_src":"https:\/\/i0.wp.com\/lyonelkaufmann.ch\/Blog\/wp-content\/uploads\/2015\/03\/blogcafe1.jpg?resize=600%2C400&ssl=1","featured_image_src_square":"https:\/\/i0.wp.com\/lyonelkaufmann.ch\/Blog\/wp-content\/uploads\/2015\/03\/blogcafe1.jpg?resize=600%2C600&ssl=1","author_info":{"display_name":"Lyonel Kaufmann","author_link":"https:\/\/lyonelkaufmann.ch\/Blog\/author\/lyonelk\/"},"jetpack_featured_media_url":"https:\/\/i0.wp.com\/lyonelkaufmann.ch\/Blog\/wp-content\/uploads\/2015\/03\/blogcafe1.jpg?fit=1024%2C683&ssl=1","jetpack_sharing_enabled":true,"jetpack_shortlink":"https:\/\/wp.me\/p1qtF4-dQ","jetpack-related-posts":[{"id":13942,"url":"https:\/\/lyonelkaufmann.ch\/Blog\/2015\/02\/22\/swiss-postcard-ma-commune-en-1900\/","url_meta":{"origin":858,"position":0},"title":"Swiss Postcard : ma commune en 1900","author":"Lyonel Kaufmann","date":"22 f\u00e9vrier 2015","format":false,"excerpt":"L'application pour smartphone et tablettes Swiss Postcard permet, pour plus de 1000 communes suisses, de d\u00e9couvrir ces derni\u00e8res au d\u00e9but du 20\u00e8me si\u00e8cle gr\u00e2ce aux cartes postales de l'\u00e9poque. La Tour-de-Peilz vers 1908 L'application a \u00e9t\u00e9 d\u00e9velopp\u00e9e par la Conf\u00e9rence suisses des biblioth\u00e8ques.","rel":"","context":"Dans &quot;Blogcaf\u00e9&quot;","block_context":{"text":"Blogcaf\u00e9","link":"https:\/\/lyonelkaufmann.ch\/Blog\/category\/blogcafe-2\/"},"img":{"alt_text":"","src":"https:\/\/i0.wp.com\/lyonelkaufmann.ch\/Blog\/wp-content\/uploads\/2015\/03\/img_0212.jpg?fit=790%2C585&ssl=1&resize=350%2C200","width":350,"height":200,"srcset":"https:\/\/i0.wp.com\/lyonelkaufmann.ch\/Blog\/wp-content\/uploads\/2015\/03\/img_0212.jpg?fit=790%2C585&ssl=1&resize=350%2C200 1x, https:\/\/i0.wp.com\/lyonelkaufmann.ch\/Blog\/wp-content\/uploads\/2015\/03\/img_0212.jpg?fit=790%2C585&ssl=1&resize=525%2C300 1.5x, https:\/\/i0.wp.com\/lyonelkaufmann.ch\/Blog\/wp-content\/uploads\/2015\/03\/img_0212.jpg?fit=790%2C585&ssl=1&resize=700%2C400 2x"},"classes":[]},{"id":7465,"url":"https:\/\/lyonelkaufmann.ch\/Blog\/2012\/10\/14\/top-swiss-music\/","url_meta":{"origin":858,"position":1},"title":"Top Swiss Music","author":"Lyonel Kaufmann","date":"14 octobre 2012","format":"image","excerpt":"Ces 5 CD de groupes et de musiciens suisses tournent actuellement sur ma platine pour mon plus grand plaisir. Ils montrent que de\u00a0La Tour-de-Peilz aux Grisons la musique suisse vaut le d\u00e9tour et \u00a0qu'il n'y a aucune raison d'avoir des complexes de \u00abpetits Suisses\u00bb. Merci donc \u00e0 77 Bombay Street,\u2026","rel":"","context":"Dans &quot;TubesCaf\u00e9&quot;","block_context":{"text":"TubesCaf\u00e9","link":"https:\/\/lyonelkaufmann.ch\/Blog\/category\/tubescafe\/"},"img":{"alt_text":"","src":"https:\/\/i0.wp.com\/lyonelkaufmann.ch\/Blog\/wp-content\/uploads\/2015\/03\/Top-Swiss-Music-L.jpg?fit=776%2C600&ssl=1&resize=350%2C200","width":350,"height":200,"srcset":"https:\/\/i0.wp.com\/lyonelkaufmann.ch\/Blog\/wp-content\/uploads\/2015\/03\/Top-Swiss-Music-L.jpg?fit=776%2C600&ssl=1&resize=350%2C200 1x, https:\/\/i0.wp.com\/lyonelkaufmann.ch\/Blog\/wp-content\/uploads\/2015\/03\/Top-Swiss-Music-L.jpg?fit=776%2C600&ssl=1&resize=525%2C300 1.5x, https:\/\/i0.wp.com\/lyonelkaufmann.ch\/Blog\/wp-content\/uploads\/2015\/03\/Top-Swiss-Music-L.jpg?fit=776%2C600&ssl=1&resize=700%2C400 2x"},"classes":[]},{"id":25095,"url":"https:\/\/lyonelkaufmann.ch\/Blog\/2024\/02\/28\/the-past-is-still-alive-par-hurray-for-the-riff-raffle\/","url_meta":{"origin":858,"position":2},"title":"The Past Is Still Alive par Hurray for the riff raffle","author":"Lyonel Kaufmann","date":"28 f\u00e9vrier 2024","format":false,"excerpt":"hurray for the riff raff \u00b7 The Past Is Still Alive Alynda Segarra, membre du groupe, a commenc\u00e9 \u00e0 enregistrer The Past Is Still Alive le mois suivant la mort de son p\u00e8re, en mars 2023. Segarra y traite du temps qui passe et de \" ceux qui restent \".\u2026","rel":"","context":"Dans &quot;TubesCaf\u00e9&quot;","block_context":{"text":"TubesCaf\u00e9","link":"https:\/\/lyonelkaufmann.ch\/Blog\/category\/tubescafe\/"},"img":{"alt_text":"","src":"https:\/\/i0.wp.com\/lyonelkaufmann.ch\/Blog\/wp-content\/uploads\/2024\/02\/Hurray_for_the_Riff_Raff_-_The_Past_Is_Still_Alive.png?fit=300%2C300&ssl=1&resize=350%2C200","width":350,"height":200},"classes":[]},{"id":498,"url":"https:\/\/lyonelkaufmann.ch\/Blog\/2007\/02\/22\/fordhamcafe\/","url_meta":{"origin":858,"position":3},"title":"FordhamCaf\u00e9","author":"Lyonel Kaufmann","date":"22 f\u00e9vrier 2007","format":false,"excerpt":"More That I Can Bear par Julia Fordham sur That's Live Alors que la nuit s'\u00e9tend s'\u00e9chappe de ma platine une m\u00e9lop\u00e9e triste, mais belle. Julia Fordham, accompagn\u00e9e d'un seul piano, sussure rien que pour moi comme si j'\u00e9tais seul dans cette salle de concert : More That I Can\u2026","rel":"","context":"Dans &quot;Blogcaf\u00e9&quot;","block_context":{"text":"Blogcaf\u00e9","link":"https:\/\/lyonelkaufmann.ch\/Blog\/category\/blogcafe-2\/"},"img":{"alt_text":"","src":"","width":0,"height":0},"classes":[]},{"id":7861,"url":"https:\/\/lyonelkaufmann.ch\/Blog\/2007\/10\/29\/roy-rosenzweig-19502007\/","url_meta":{"origin":858,"position":4},"title":"Roy Rosenzweig (1950\u20142007)","author":"Lyonel Kaufmann","date":"29 octobre 2007","format":false,"excerpt":"Roy Rosenzweig (1950\u20142007) Roy Rosenzweig n'est pas un historien fort connu dans nos contr\u00e9es. C'est dommage. Historien am\u00e9ricain, il est un des pionniers relativement \u00e0 l'histoire et l'utilisation des nouveaux m\u00e9dias. Ses pr\u00e9occupations portaient notamment sur la mise \u00e0 disposition de ressources historiques sous forme digitale (Digital history). Parmi ses\u2026","rel":"","context":"Dans &quot;histoire&quot;","block_context":{"text":"histoire","link":"https:\/\/lyonelkaufmann.ch\/Blog\/category\/histoire-2\/"},"img":{"alt_text":"","src":"https:\/\/i0.wp.com\/lyonelkaufmann.ch\/Blog\/wp-content\/uploads\/2015\/03\/158.jpg?fit=234%2C252&ssl=1&resize=350%2C200","width":350,"height":200},"classes":[]},{"id":1893,"url":"https:\/\/lyonelkaufmann.ch\/Blog\/2010\/01\/18\/guide-2010-avatar-sauvera-t-i-enseignement-de-histoire\/","url_meta":{"origin":858,"position":5},"title":"Guide 2010: Avatar sauvera-t-il l&rsquo;enseignement de l&rsquo;histoire?","author":"Lyonel Kaufmann","date":"18 janvier 2010","format":false,"excerpt":"En ce d\u00e9but 2010, plut\u00f4t que de bonnes r\u00e9solutions, je me propose de m\u2019attarder sur quelques tendances, opinions, r\u00e9flexions relatives \u00e0 l\u2019emploi des m\u00e9dia et technologies en milieu scolaire. A vous ensuite de trier, de vous faire un avis et\/ou de prolonger. Juste avant le r\u00e9veillon, Jeff Tavernier publiait sur\u2026","rel":"","context":"Dans &quot;histoire&quot;","block_context":{"text":"histoire","link":"https:\/\/lyonelkaufmann.ch\/Blog\/category\/histoire-2\/"},"img":{"alt_text":"","src":"https:\/\/i0.wp.com\/lyonelkaufmann.ch\/histoire\/wp-content\/uploads\/2010\/01\/avatar-226x300.jpg?resize=350%2C200","width":350,"height":200},"classes":[]}],"jetpack_likes_enabled":true,"_links":{"self":[{"href":"https:\/\/lyonelkaufmann.ch\/Blog\/wp-json\/wp\/v2\/posts\/858","targetHints":{"allow":["GET"]}}],"collection":[{"href":"https:\/\/lyonelkaufmann.ch\/Blog\/wp-json\/wp\/v2\/posts"}],"about":[{"href":"https:\/\/lyonelkaufmann.ch\/Blog\/wp-json\/wp\/v2\/types\/post"}],"author":[{"embeddable":true,"href":"https:\/\/lyonelkaufmann.ch\/Blog\/wp-json\/wp\/v2\/users\/1"}],"replies":[{"embeddable":true,"href":"https:\/\/lyonelkaufmann.ch\/Blog\/wp-json\/wp\/v2\/comments?post=858"}],"version-history":[{"count":0,"href":"https:\/\/lyonelkaufmann.ch\/Blog\/wp-json\/wp\/v2\/posts\/858\/revisions"}],"wp:featuredmedia":[{"embeddable":true,"href":"https:\/\/lyonelkaufmann.ch\/Blog\/wp-json\/wp\/v2\/media\/14680"}],"wp:attachment":[{"href":"https:\/\/lyonelkaufmann.ch\/Blog\/wp-json\/wp\/v2\/media?parent=858"}],"wp:term":[{"taxonomy":"category","embeddable":true,"href":"https:\/\/lyonelkaufmann.ch\/Blog\/wp-json\/wp\/v2\/categories?post=858"},{"taxonomy":"post_tag","embeddable":true,"href":"https:\/\/lyonelkaufmann.ch\/Blog\/wp-json\/wp\/v2\/tags?post=858"}],"curies":[{"name":"wp","href":"https:\/\/api.w.org\/{rel}","templated":true}]}}