{"id":8885,"date":"2012-12-22T16:00:00","date_gmt":"2012-12-22T15:00:00","guid":{"rendered":"https:\/\/lyonelkaufmann.ch\/Blog\/?p=8885"},"modified":"2012-12-22T16:00:00","modified_gmt":"2012-12-22T15:00:00","slug":"cranach-digital-archive-plus-de-400-oeuvres-en-ligne-2","status":"publish","type":"post","link":"https:\/\/lyonelkaufmann.ch\/Blog\/2012\/12\/22\/cranach-digital-archive-plus-de-400-oeuvres-en-ligne-2\/","title":{"rendered":"Cranach Digital Archive : plus de 400 oeuvres en ligne"},"content":{"rendered":"<p style=\"text-align:justify;\"><a href=\"http:\/\/lyonelkaufmann.ch\/histoire\/2012\/12\/22\/cranach-digital-archive-plus-de-400-oeuvres-en-ligne\/cranach\/\" rel=\"attachment wp-att-6610\"><img data-recalc-dims=\"1\" loading=\"lazy\" decoding=\"async\" class=\"aligncenter size-full wp-image-6610\" src=\"https:\/\/i0.wp.com\/lyonelkaufmann.ch\/histoire\/wp-content\/uploads\/2012\/12\/cranach.png?resize=606%2C466\" alt=\"cranach\" width=\"606\" height=\"466\" \/><\/a><\/p>\n<p style=\"text-align:justify;\"><strong>Depuis janvier 2012, l\u2019int\u00e9gralit\u00e9 des \u0153uvres connues et reconnues de Cranach (1472-1553) est d\u00e9sormais en ligne. La base de donn\u00e9es, intitul\u00e9e Cranach Digital Archive, regroupe plusieurs collections aussi bien de mus\u00e9es que de priv\u00e9s qui ont mutualis\u00e9 leur ressources.<\/strong><\/p>\n<p>Ce projet a \u00e9t\u00e9 conduit par un mus\u00e9e allemand, le Stiftung Museum Kunstpalast et l\u2019universit\u00e9 de Cologne. L&rsquo;ensemble de ce projet associe 23 institutions.<\/p>\n<p><a href=\"http:\/\/lyonelkaufmann.ch\/histoire\/2012\/12\/22\/cranach-digital-archive-plus-de-400-oeuvres-en-ligne\/cuxifiction\/\" rel=\"attachment wp-att-6611\"><img data-recalc-dims=\"1\" loading=\"lazy\" decoding=\"async\" class=\"aligncenter size-full wp-image-6611\" src=\"https:\/\/i0.wp.com\/lyonelkaufmann.ch\/histoire\/wp-content\/uploads\/2012\/12\/cuxifiction.png?resize=300%2C380\" alt=\"cuxifiction\" width=\"300\" height=\"380\" \/><\/a><\/p>\n<p>Cette nouvelle base de donn\u00e9es regroupe 400 \u0153uvres de Lucas Cranach L\u2019Ancien, connect\u00e9es \u00e0 plus de 5 000 images documentaires, dont 1 500 peintures.<\/p>\n<p><a href=\"http:\/\/lyonelkaufmann.ch\/histoire\/2012\/12\/22\/cranach-digital-archive-plus-de-400-oeuvres-en-ligne\/anna_cuspinian\/\" rel=\"attachment wp-att-6609\"><img data-recalc-dims=\"1\" loading=\"lazy\" decoding=\"async\" class=\"aligncenter size-full wp-image-6609\" src=\"https:\/\/i0.wp.com\/lyonelkaufmann.ch\/histoire\/wp-content\/uploads\/2012\/12\/Anna_Cuspinian.png?resize=302%2C366\" alt=\"Anna_Cuspinian\" width=\"302\" height=\"366\" \/><\/a><\/p>\n<p>Un zoom de 200 \u00e0 400 % permet d\u2019observer et scruter chaque d\u00e9tails des \u0153uvres. Le site est consultable en anglais et en allemand.<\/p>\n<p style=\"text-align:left;\">Le site :<a href=\"http:\/\/www.lucascranach.org\/\">CRANACH DIGITAL ARCHIVE<\/a>.<\/p>\n","protected":false},"excerpt":{"rendered":"<p>Depuis janvier 2012, l\u2019int\u00e9gralit\u00e9 des \u0153uvres connues et reconnues de Cranach (1472-1553) est d\u00e9sormais en ligne. La base de donn\u00e9es, intitul\u00e9e Cranach Digital Archive, regroupe plusieurs collections aussi bien de mus\u00e9es que de priv\u00e9s qui ont mutualis\u00e9 leur ressources. Ce projet a \u00e9t\u00e9 conduit par un mus\u00e9e allemand, le Stiftung Museum Kunstpalast et l\u2019universit\u00e9 de [&hellip;]<\/p>\n","protected":false},"author":1,"featured_media":13963,"comment_status":"open","ping_status":"open","sticky":false,"template":"","format":"standard","meta":{"_import_markdown_pro_load_document_selector":0,"_import_markdown_pro_submit_text_textarea":"","_genesis_hide_title":false,"_genesis_hide_breadcrumbs":false,"_genesis_hide_singular_image":false,"_genesis_hide_footer_widgets":false,"_genesis_custom_body_class":"","_genesis_custom_post_class":"","_genesis_layout":"","jetpack_post_was_ever_published":false,"_jetpack_newsletter_access":"","_jetpack_dont_email_post_to_subs":false,"_jetpack_newsletter_tier_id":0,"_jetpack_memberships_contains_paywalled_content":false,"_jetpack_memberships_contains_paid_content":false,"activitypub_content_warning":"","activitypub_content_visibility":"","activitypub_max_image_attachments":3,"activitypub_interaction_policy_quote":"anyone","activitypub_status":"","footnotes":"","jetpack_publicize_message":"","jetpack_publicize_feature_enabled":true,"jetpack_social_post_already_shared":true,"jetpack_social_options":{"image_generator_settings":{"template":"fullscreen","default_image_id":0,"font":"","enabled":false},"version":2}},"categories":[3,2],"tags":[],"class_list":{"0":"post-8885","1":"post","2":"type-post","3":"status-publish","4":"format-standard","5":"has-post-thumbnail","7":"category-blogcafe-2","8":"category-histoire-2","9":"entry"},"jetpack_publicize_connections":[],"featured_image_src":"https:\/\/i0.wp.com\/lyonelkaufmann.ch\/Blog\/wp-content\/uploads\/2015\/03\/cranach.png?resize=600%2C400&ssl=1","featured_image_src_square":"https:\/\/i0.wp.com\/lyonelkaufmann.ch\/Blog\/wp-content\/uploads\/2015\/03\/cranach.png?resize=600%2C466&ssl=1","author_info":{"display_name":"Lyonel Kaufmann","author_link":"https:\/\/lyonelkaufmann.ch\/Blog\/author\/lyonelk\/"},"jetpack_featured_media_url":"https:\/\/i0.wp.com\/lyonelkaufmann.ch\/Blog\/wp-content\/uploads\/2015\/03\/cranach.png?fit=606%2C466&ssl=1","jetpack_sharing_enabled":true,"jetpack_shortlink":"https:\/\/wp.me\/p1qtF4-2jj","jetpack-related-posts":[{"id":6605,"url":"https:\/\/lyonelkaufmann.ch\/Blog\/2012\/12\/22\/cranach-digital-archive-plus-de-400-oeuvres-en-ligne\/","url_meta":{"origin":8885,"position":0},"title":"Cranach Digital Archive : plus de 400 oeuvres en ligne","author":"Lyonel Kaufmann","date":"22 d\u00e9cembre 2012","format":false,"excerpt":"Depuis janvier 2012, l\u2019int\u00e9gralit\u00e9 des \u0153uvres connues et reconnues de Cranach (1472-1553) est d\u00e9sormais en ligne. La base de donn\u00e9es, intitul\u00e9e Cranach Digital Archive, regroupe plusieurs collections aussi bien de mus\u00e9es que de priv\u00e9s qui ont mutualis\u00e9 leur ressources. Ce projet a \u00e9t\u00e9 conduit par un mus\u00e9e allemand, le Stiftung\u2026","rel":"","context":"Dans &quot;histoire&quot;","block_context":{"text":"histoire","link":"https:\/\/lyonelkaufmann.ch\/Blog\/category\/histoire-2\/"},"img":{"alt_text":"","src":"https:\/\/i0.wp.com\/lyonelkaufmann.ch\/Blog\/wp-content\/uploads\/2015\/03\/cranach1.png?fit=606%2C466&ssl=1&resize=350%2C200","width":350,"height":200,"srcset":"https:\/\/i0.wp.com\/lyonelkaufmann.ch\/Blog\/wp-content\/uploads\/2015\/03\/cranach1.png?fit=606%2C466&ssl=1&resize=350%2C200 1x, https:\/\/i0.wp.com\/lyonelkaufmann.ch\/Blog\/wp-content\/uploads\/2015\/03\/cranach1.png?fit=606%2C466&ssl=1&resize=525%2C300 1.5x"},"classes":[]},{"id":19256,"url":"https:\/\/lyonelkaufmann.ch\/Blog\/2018\/05\/25\/retrospective-digitale-des-oeuvres-de-frida-kahlo-google-arts-culture\/","url_meta":{"origin":8885,"position":1},"title":"R\u00e9trospective digitale des oeuvres de Frida Kahlo \u2014 Google Arts\u00a0&#038;\u00a0Culture","author":"Lyonel Kaufmann","date":"25 mai 2018","format":false,"excerpt":"Les peintures, autoportraits ou lettres de l'artiste mexicaine et ic\u00f4ne f\u00e9ministe Frida Kahlo, sont disponibles dans la plus grande collection en ligne, gr\u00e2ce \u00e0 une application de Google. Google Arts & Culture a travaill\u00e9 avec 33 mus\u00e9es \u00e0 travers le monde et des experts, pour rassembler plus de 800 objets,\u2026","rel":"","context":"Dans &quot;Blogcaf\u00e9&quot;","block_context":{"text":"Blogcaf\u00e9","link":"https:\/\/lyonelkaufmann.ch\/Blog\/category\/blogcafe-2\/"},"img":{"alt_text":"","src":"https:\/\/www.rts.ch\/2018\/05\/25\/12\/03\/9596603.image","width":350,"height":200,"srcset":"https:\/\/www.rts.ch\/2018\/05\/25\/12\/03\/9596603.image 1x, https:\/\/www.rts.ch\/2018\/05\/25\/12\/03\/9596603.image 1.5x, https:\/\/www.rts.ch\/2018\/05\/25\/12\/03\/9596603.image 2x"},"classes":[]},{"id":7128,"url":"https:\/\/lyonelkaufmann.ch\/Blog\/2013\/06\/04\/revue-de-presse-comment-un-musee-contribue-sur-wikipedia-le-musee-des-augustins-de-toulouse-et-des-eleves-de-lycee\/","url_meta":{"origin":8885,"position":2},"title":"Revue de presse : Comment un mus\u00e9e contribue sur Wikip\u00e9dia : le mus\u00e9e des Augustins de Toulouse et des \u00e9l\u00e8ves de lyc\u00e9e","author":"Lyonel Kaufmann","date":"4 juin 2013","format":false,"excerpt":"Comment un mus\u00e9e, dans le cadre de son action culturelle et de sa valorisation documentaire, peut-il contribuer \u00e0 Wikip\u00e9dia ? Comment peut-il collaborer avec des \u00e9l\u00e8ves? L'article pr\u00e9sente ainsi le projet initi\u00e9 en septembre 2012 entre le mus\u00e9e, wikip\u00e9dia et un lyc\u00e9e Saint-Sernin. Dans le cadre de ce projet, individuellement\u2026","rel":"","context":"Dans &quot;histoire&quot;","block_context":{"text":"histoire","link":"https:\/\/lyonelkaufmann.ch\/Blog\/category\/histoire-2\/"},"img":{"alt_text":"","src":"https:\/\/i0.wp.com\/lyonelkaufmann.ch\/Blog\/wp-content\/uploads\/2015\/03\/Sarcophage_dun_chevalier_de_Palays_RA_541.jpg?fit=800%2C532&ssl=1&resize=350%2C200","width":350,"height":200,"srcset":"https:\/\/i0.wp.com\/lyonelkaufmann.ch\/Blog\/wp-content\/uploads\/2015\/03\/Sarcophage_dun_chevalier_de_Palays_RA_541.jpg?fit=800%2C532&ssl=1&resize=350%2C200 1x, https:\/\/i0.wp.com\/lyonelkaufmann.ch\/Blog\/wp-content\/uploads\/2015\/03\/Sarcophage_dun_chevalier_de_Palays_RA_541.jpg?fit=800%2C532&ssl=1&resize=525%2C300 1.5x, https:\/\/i0.wp.com\/lyonelkaufmann.ch\/Blog\/wp-content\/uploads\/2015\/03\/Sarcophage_dun_chevalier_de_Palays_RA_541.jpg?fit=800%2C532&ssl=1&resize=700%2C400 2x"},"classes":[]},{"id":1194,"url":"https:\/\/lyonelkaufmann.ch\/Blog\/2009\/03\/13\/nls-digital-archive-first-world-war-official-photographs\/","url_meta":{"origin":8885,"position":3},"title":"NLS Digital Archive &#8211; First World War \u2018Official Photographs\u2019","author":"Lyonel Kaufmann","date":"13 mars 2009","format":false,"excerpt":"Formidable collection de photographies prises pendant le premier conflit mondial. Elle regroupe les photographies prises par quatre photographes\u00a0: Ernst Brooks, John Warwick Brooke, David McClean et Tom Aitken. Toutes les photographies sont d\u00fbment d\u00e9crites et l\u00e9gend\u00e9es. NLS Digital Archive - First World War \u2018Official Photographs\u2019 > Photographers > Ernest Brooks\u2026","rel":"","context":"Dans &quot;histoire&quot;","block_context":{"text":"histoire","link":"https:\/\/lyonelkaufmann.ch\/Blog\/category\/histoire-2\/"},"img":{"alt_text":"","src":"https:\/\/i0.wp.com\/lyonelkaufmann.ch\/Blog\/wp-content\/uploads\/2015\/03\/1oxiLPzCVl02km2uwHhheL6Go1_500.jpg?fit=500%2C660&ssl=1&resize=350%2C200","width":350,"height":200},"classes":[]},{"id":4203,"url":"https:\/\/lyonelkaufmann.ch\/Blog\/2011\/10\/20\/civil-war-diaries-letters-transcription-project-iowa-digital-library\/","url_meta":{"origin":8885,"position":4},"title":"Civil War Diaries &amp; Letters Transcription Project | Iowa Digital Library","author":"Lyonel Kaufmann","date":"20 octobre 2011","format":false,"excerpt":"Gr\u00e2ce au d\u00e9veloppement du \u00abcrowdsourcing\u00bb ou de d\u00e9marches collaboratives rendues possible par le web, les biblioth\u00e8ques ou les archives sont maintenant en mesure d'utiliser les connaissances et l'int\u00e9r\u00eat du public en g\u00e9n\u00e9ral pour r\u00e9pondre aux objectifs qu'ils n'auraient jamais le temps des ressources, financi\u00e8res et du personnel d'atteindre par leurs\u2026","rel":"","context":"Dans &quot;histoire&quot;","block_context":{"text":"histoire","link":"https:\/\/lyonelkaufmann.ch\/Blog\/category\/histoire-2\/"},"img":{"alt_text":"","src":"https:\/\/i0.wp.com\/lyonelkaufmann.ch\/Blog\/wp-content\/uploads\/2015\/03\/civilwar21.png?fit=600%2C339&ssl=1&resize=350%2C200","width":350,"height":200,"srcset":"https:\/\/i0.wp.com\/lyonelkaufmann.ch\/Blog\/wp-content\/uploads\/2015\/03\/civilwar21.png?fit=600%2C339&ssl=1&resize=350%2C200 1x, https:\/\/i0.wp.com\/lyonelkaufmann.ch\/Blog\/wp-content\/uploads\/2015\/03\/civilwar21.png?fit=600%2C339&ssl=1&resize=525%2C300 1.5x"},"classes":[]},{"id":7881,"url":"https:\/\/lyonelkaufmann.ch\/Blog\/2013\/11\/11\/14-18-une-guerre-photographique-racontee-en-photos-3d-et-avec-les-archives-du-miroir\/","url_meta":{"origin":8885,"position":5},"title":"\u00ab\u00a014-18, une guerre photographique\u00a0\u00bb racont\u00e9e en photos 3D et avec les archives du \u00ab\u00a0Miroir\u00a0\u00bb","author":"Lyonel Kaufmann","date":"11 novembre 2013","format":false,"excerpt":"Mis en ligne ce lundi 11 novembre 2013, le dispositf \u00ab 14-18, une guerre photographique \u00bb consiste en une exploration en ligne de fonds photographiques de la premi\u00e8re guerre mondiale en utilisant de nouvelles formes d\u2019interactions, d\u2019interfaces, de narration et d\u2019organisation de donn\u00e9es. Ce projet est le fruit d\u2019une coop\u00e9ration\u2026","rel":"","context":"Dans &quot;histoire&quot;","block_context":{"text":"histoire","link":"https:\/\/lyonelkaufmann.ch\/Blog\/category\/histoire-2\/"},"img":{"alt_text":"","src":"https:\/\/i0.wp.com\/lyonelkaufmann.ch\/Blog\/wp-content\/uploads\/2015\/03\/niepce-miroir-page-575x323.jpeg.jpg?fit=575%2C323&ssl=1&resize=350%2C200","width":350,"height":200,"srcset":"https:\/\/i0.wp.com\/lyonelkaufmann.ch\/Blog\/wp-content\/uploads\/2015\/03\/niepce-miroir-page-575x323.jpeg.jpg?fit=575%2C323&ssl=1&resize=350%2C200 1x, https:\/\/i0.wp.com\/lyonelkaufmann.ch\/Blog\/wp-content\/uploads\/2015\/03\/niepce-miroir-page-575x323.jpeg.jpg?fit=575%2C323&ssl=1&resize=525%2C300 1.5x"},"classes":[]}],"jetpack_likes_enabled":true,"_links":{"self":[{"href":"https:\/\/lyonelkaufmann.ch\/Blog\/wp-json\/wp\/v2\/posts\/8885","targetHints":{"allow":["GET"]}}],"collection":[{"href":"https:\/\/lyonelkaufmann.ch\/Blog\/wp-json\/wp\/v2\/posts"}],"about":[{"href":"https:\/\/lyonelkaufmann.ch\/Blog\/wp-json\/wp\/v2\/types\/post"}],"author":[{"embeddable":true,"href":"https:\/\/lyonelkaufmann.ch\/Blog\/wp-json\/wp\/v2\/users\/1"}],"replies":[{"embeddable":true,"href":"https:\/\/lyonelkaufmann.ch\/Blog\/wp-json\/wp\/v2\/comments?post=8885"}],"version-history":[{"count":0,"href":"https:\/\/lyonelkaufmann.ch\/Blog\/wp-json\/wp\/v2\/posts\/8885\/revisions"}],"wp:featuredmedia":[{"embeddable":true,"href":"https:\/\/lyonelkaufmann.ch\/Blog\/wp-json\/wp\/v2\/media\/13963"}],"wp:attachment":[{"href":"https:\/\/lyonelkaufmann.ch\/Blog\/wp-json\/wp\/v2\/media?parent=8885"}],"wp:term":[{"taxonomy":"category","embeddable":true,"href":"https:\/\/lyonelkaufmann.ch\/Blog\/wp-json\/wp\/v2\/categories?post=8885"},{"taxonomy":"post_tag","embeddable":true,"href":"https:\/\/lyonelkaufmann.ch\/Blog\/wp-json\/wp\/v2\/tags?post=8885"}],"curies":[{"name":"wp","href":"https:\/\/api.w.org\/{rel}","templated":true}]}}