{"id":8933,"date":"2012-12-26T09:00:00","date_gmt":"2012-12-26T08:00:00","guid":{"rendered":"https:\/\/lyonelkaufmann.ch\/Blog\/?p=8933"},"modified":"2012-12-26T09:00:00","modified_gmt":"2012-12-26T08:00:00","slug":"apres-images-2012-vevey-retrospective-2012","status":"publish","type":"post","link":"https:\/\/lyonelkaufmann.ch\/Blog\/2012\/12\/26\/apres-images-2012-vevey-retrospective-2012\/","title":{"rendered":"Apr\u00e8s Images 2012 @ Vevey |\u00a0R\u00e9trospective 2012"},"content":{"rendered":"<p><a title=\"Apr\u00e8s Images 2012 @ Vevey\" href=\"http:\/\/www.flickr.com\/photos\/lyonelkaufmann\/8304598875\" target=\"_blank\"><img data-recalc-dims=\"1\" decoding=\"async\" class=\"aligncenter \" alt=\"Apr\u00e8s Images 2012 @ Vevey\" src=\"https:\/\/i0.wp.com\/farm9.staticflickr.com\/8501\/8304598875_bbefbc699f_b.jpg\" \/><\/a><\/p>\n<p>Apr\u00e8s le Festival Images 2012, la fresque de Liu Bolin est toujours l\u00e0 majestueuse pendant que les travaux continuent au Ch\u00e2teau de l&rsquo;Aile. La photo en noir\/blanc lui va bien \u00e9galement.<\/p>\n<p>L&rsquo;\u00e9dition 2012 du Festival images a \u00e9t\u00e9 d&rsquo;une grande cuv\u00e9e. Je me r\u00e9jouis de l&rsquo;\u00e9dition 2014.<\/p>\n<p>Un article du Temps consacr\u00e9 \u00e0 Liu Bolin : <a href=\"http:\/\/bit.ly\/ThIq8i\" rel=\"nofollow\">bit.ly\/ThIq8i<\/a><\/p>\n","protected":false},"excerpt":{"rendered":"<p>Apr\u00e8s le Festival Images 2012, la fresque de Liu Bolin est toujours l\u00e0 majestueuse pendant que les travaux continuent au Ch\u00e2teau de l&rsquo;Aile. La photo en noir\/blanc lui va bien \u00e9galement. L&rsquo;\u00e9dition 2012 du Festival images a \u00e9t\u00e9 d&rsquo;une grande cuv\u00e9e. Je me r\u00e9jouis de l&rsquo;\u00e9dition 2014. Un article du Temps consacr\u00e9 \u00e0 Liu Bolin [&hellip;]<\/p>\n","protected":false},"author":1,"featured_media":13964,"comment_status":"open","ping_status":"open","sticky":false,"template":"","format":"image","meta":{"_import_markdown_pro_load_document_selector":0,"_import_markdown_pro_submit_text_textarea":"","_genesis_hide_title":false,"_genesis_hide_breadcrumbs":false,"_genesis_hide_singular_image":false,"_genesis_hide_footer_widgets":false,"_genesis_custom_body_class":"","_genesis_custom_post_class":"","_genesis_layout":"full-width-content","jetpack_post_was_ever_published":false,"_jetpack_newsletter_access":"","_jetpack_dont_email_post_to_subs":false,"_jetpack_newsletter_tier_id":0,"_jetpack_memberships_contains_paywalled_content":false,"_jetpack_memberships_contains_paid_content":false,"activitypub_content_warning":"","activitypub_content_visibility":"","activitypub_max_image_attachments":3,"activitypub_interaction_policy_quote":"anyone","activitypub_status":"","footnotes":"","jetpack_publicize_message":"","jetpack_publicize_feature_enabled":true,"jetpack_social_post_already_shared":true,"jetpack_social_options":{"image_generator_settings":{"template":"fullscreen","default_image_id":0,"font":"","enabled":false},"version":2}},"categories":[3],"tags":[],"class_list":{"0":"post-8933","1":"post","2":"type-post","3":"status-publish","4":"format-image","5":"has-post-thumbnail","7":"category-blogcafe-2","8":"post_format-post-format-image","9":"entry"},"jetpack_publicize_connections":[],"featured_image_src":"https:\/\/i0.wp.com\/lyonelkaufmann.ch\/Blog\/wp-content\/uploads\/2015\/03\/8304598875_bbefbc699f_b.jpg?resize=600%2C400&ssl=1","featured_image_src_square":"https:\/\/i0.wp.com\/lyonelkaufmann.ch\/Blog\/wp-content\/uploads\/2015\/03\/8304598875_bbefbc699f_b.jpg?resize=600%2C600&ssl=1","author_info":{"display_name":"Lyonel Kaufmann","author_link":"https:\/\/lyonelkaufmann.ch\/Blog\/author\/lyonelk\/"},"jetpack_featured_media_url":"https:\/\/i0.wp.com\/lyonelkaufmann.ch\/Blog\/wp-content\/uploads\/2015\/03\/8304598875_bbefbc699f_b.jpg?fit=1024%2C678&ssl=1","jetpack_sharing_enabled":true,"jetpack_shortlink":"https:\/\/wp.me\/p1qtF4-2k5","jetpack-related-posts":[{"id":7214,"url":"https:\/\/lyonelkaufmann.ch\/Blog\/2012\/09\/04\/festival-images-2012-j-4\/","url_meta":{"origin":8933,"position":0},"title":"Festival Images 2012 : J-4","author":"Lyonel Kaufmann","date":"4 septembre 2012","format":"image","excerpt":"M\u00eame les cygnes se pressent pour assister \u00e0 l'ouverture de l'\u00e9dition 2012 du Festival Images !\u00a0 Temple of Heaven, 2010 :\u00a0Photographie (620 m2)\u00a0de Liu Bolin sur le ch\u00e2teau de l\u2019Aile en r\u00e9fection.","rel":"","context":"Dans &quot;Blogcaf\u00e9&quot;","block_context":{"text":"Blogcaf\u00e9","link":"https:\/\/lyonelkaufmann.ch\/Blog\/category\/blogcafe-2\/"},"img":{"alt_text":"ChateauAileVevey","src":"https:\/\/i0.wp.com\/www.politis.ch\/carnets\/wp-content\/uploads\/2012\/09\/DSC00125.jpg?resize=350%2C200","width":350,"height":200},"classes":[]},{"id":12771,"url":"https:\/\/lyonelkaufmann.ch\/Blog\/2012\/08\/23\/festival-images-2012-un-cindy-sherman-de-500-m2-a-vevey\/","url_meta":{"origin":8933,"position":1},"title":"Festival Images 2012 : Un Cindy Sherman de 500 m2 \u00e0 Vevey","author":"Lyonel Kaufmann","date":"23 ao\u00fbt 2012","format":"image","excerpt":"Apr\u00e8s une \u00e9dition 2010 remarquable, la barre \u00e9tait plac\u00e9e haut pour Stefano Stoll et le Festival Images \u00e0 Vevey. Aujourd'hui, \u00e0 deux semaines et demie de l'ouverture de l'\u00e9dition 2012, celle-ci s'annonce prometteuse \u00e0 l'exemple de cette derni\u00e8re pi\u00e8ce du puzzle : un portrait g\u00e9ant de l\u2019artiste contemporaine am\u00e9ricaine Cindy\u2026","rel":"","context":"Dans &quot;Blogcaf\u00e9&quot;","block_context":{"text":"Blogcaf\u00e9","link":"https:\/\/lyonelkaufmann.ch\/Blog\/category\/blogcafe-2\/"},"img":{"alt_text":"","src":"https:\/\/i0.wp.com\/www.politis.ch\/carnets\/wp-content\/uploads\/2012\/08\/16.jpg?resize=350%2C200","width":350,"height":200,"srcset":"https:\/\/i0.wp.com\/www.politis.ch\/carnets\/wp-content\/uploads\/2012\/08\/16.jpg?resize=350%2C200 1x, https:\/\/i0.wp.com\/www.politis.ch\/carnets\/wp-content\/uploads\/2012\/08\/16.jpg?resize=525%2C300 1.5x"},"classes":[]},{"id":12773,"url":"https:\/\/lyonelkaufmann.ch\/Blog\/2012\/08\/31\/festival-images-2012-j-8-photo-du-jour\/","url_meta":{"origin":8933,"position":2},"title":"Festival Images 2012 : J-8 | Photo du jour","author":"Lyonel Kaufmann","date":"31 ao\u00fbt 2012","format":"image","excerpt":"Cette fois-ci, ce n'est plus un photomontage, mais le montage lui-m\u00eame du Festival Images 2012 qui a d\u00e9but\u00e9 en ville de Vevey. Des photos g\u00e9antes et des habillages d'\u00e9difices font leur apparition. Le Th\u00e9\u00e2tre de Vevey op\u00e8re sa mue\u2026 Pour rappel, l'ouverture du Festival est agend\u00e9e au samedi 8 septembre.\u2026","rel":"","context":"Dans &quot;Photo du jour&quot;","block_context":{"text":"Photo du jour","link":"https:\/\/lyonelkaufmann.ch\/Blog\/category\/photo-du-jour\/"},"img":{"alt_text":"","src":"","width":0,"height":0},"classes":[]},{"id":7227,"url":"https:\/\/lyonelkaufmann.ch\/Blog\/2012\/09\/07\/festival-images-2012-j-1\/","url_meta":{"origin":8933,"position":3},"title":"Festival Images 2012 : J-1","author":"Lyonel Kaufmann","date":"7 septembre 2012","format":"image","excerpt":"Derni\u00e8re piq\u00fbre de rappel avant le d\u00e9but ce samedi 8 septembre du Festival Images \u00e0 Vevey. Place de la Gare, Vevey, Immeuble BCV, Vevey. Cindy Sherman, Untitled Film Still #21, 1978. C'est aussi un retour \u00e0 Cindy Sherman avec une interpr\u00e9tation bas\u00e9e, non plus sur un photomontage, mais sur l'image\u2026","rel":"","context":"Dans &quot;Blogcaf\u00e9&quot;","block_context":{"text":"Blogcaf\u00e9","link":"https:\/\/lyonelkaufmann.ch\/Blog\/category\/blogcafe-2\/"},"img":{"alt_text":"DSC00104","src":"https:\/\/i0.wp.com\/www.politis.ch\/carnets\/wp-content\/uploads\/2012\/09\/DSC00104.jpg?resize=350%2C200","width":350,"height":200},"classes":[]},{"id":22293,"url":"https:\/\/lyonelkaufmann.ch\/Blog\/2020\/12\/28\/il-etait-une-fois-2020-festival-images-vevey-samedi-12-septembre\/","url_meta":{"origin":8933,"position":4},"title":"Il \u00e9tait une fois 2020\u2026 : Festival Images Vevey &#8211; samedi 12 septembre","author":"Lyonel Kaufmann","date":"28 d\u00e9cembre 2020","format":false,"excerpt":"Jusqu'au 31 d\u00e9cembre, je vous propose ma r\u00e9trospective avec une photo pour chaque mois de cette ann\u00e9e des plus particuli\u00e8res, probablement la plus \u00e9trange que j'ai connue en plus de cinquante ans. Les photos sont mises en perspective en lien avec cette pand\u00e9mie qui nous a tous frapp\u00e9s d'une mani\u00e8re\u2026","rel":"","context":"Dans &quot;Blogcaf\u00e9&quot;","block_context":{"text":"Blogcaf\u00e9","link":"https:\/\/lyonelkaufmann.ch\/Blog\/category\/blogcafe-2\/"},"img":{"alt_text":"","src":"https:\/\/i0.wp.com\/lyonelkaufmann.ch\/Blog\/wp-content\/uploads\/2020\/12\/DSC00848.jpg?fit=1200%2C802&ssl=1&resize=350%2C200","width":350,"height":200,"srcset":"https:\/\/i0.wp.com\/lyonelkaufmann.ch\/Blog\/wp-content\/uploads\/2020\/12\/DSC00848.jpg?fit=1200%2C802&ssl=1&resize=350%2C200 1x, https:\/\/i0.wp.com\/lyonelkaufmann.ch\/Blog\/wp-content\/uploads\/2020\/12\/DSC00848.jpg?fit=1200%2C802&ssl=1&resize=525%2C300 1.5x, https:\/\/i0.wp.com\/lyonelkaufmann.ch\/Blog\/wp-content\/uploads\/2020\/12\/DSC00848.jpg?fit=1200%2C802&ssl=1&resize=700%2C400 2x, https:\/\/i0.wp.com\/lyonelkaufmann.ch\/Blog\/wp-content\/uploads\/2020\/12\/DSC00848.jpg?fit=1200%2C802&ssl=1&resize=1050%2C600 3x"},"classes":[]},{"id":12126,"url":"https:\/\/lyonelkaufmann.ch\/Blog\/2014\/10\/12\/primal-mountain-festival-images-vevey\/","url_meta":{"origin":8933,"position":5},"title":"Primal Mountain | Festival #Images @Vevey","author":"Lyonel Kaufmann","date":"12 octobre 2014","format":false,"excerpt":"Le\u00e7on 7 : au 50mm (focale fixe) du flou tu auras, \u00e0 toi de choisir o\u00f9. Primal Mountain N\u00e9 \u00e0 Osaka en 1979, Yuji Hamada a \u00e9tudi\u00e9 la photographie \u00e0 l\u2019Universit\u00e9 de Nihon. Un jour, il re\u00e7oit de la part d\u2019un de ses amis une carte postale de la Suisse\u2026","rel":"","context":"Dans &quot;Photo du jour&quot;","block_context":{"text":"Photo du jour","link":"https:\/\/lyonelkaufmann.ch\/Blog\/category\/photo-du-jour\/"},"img":{"alt_text":"","src":"https:\/\/i0.wp.com\/lyonelkaufmann.ch\/Blog\/wp-content\/uploads\/2015\/03\/example.jpg?fit=800%2C531&ssl=1&resize=350%2C200","width":350,"height":200,"srcset":"https:\/\/i0.wp.com\/lyonelkaufmann.ch\/Blog\/wp-content\/uploads\/2015\/03\/example.jpg?fit=800%2C531&ssl=1&resize=350%2C200 1x, https:\/\/i0.wp.com\/lyonelkaufmann.ch\/Blog\/wp-content\/uploads\/2015\/03\/example.jpg?fit=800%2C531&ssl=1&resize=525%2C300 1.5x, https:\/\/i0.wp.com\/lyonelkaufmann.ch\/Blog\/wp-content\/uploads\/2015\/03\/example.jpg?fit=800%2C531&ssl=1&resize=700%2C400 2x"},"classes":[]}],"jetpack_likes_enabled":true,"_links":{"self":[{"href":"https:\/\/lyonelkaufmann.ch\/Blog\/wp-json\/wp\/v2\/posts\/8933","targetHints":{"allow":["GET"]}}],"collection":[{"href":"https:\/\/lyonelkaufmann.ch\/Blog\/wp-json\/wp\/v2\/posts"}],"about":[{"href":"https:\/\/lyonelkaufmann.ch\/Blog\/wp-json\/wp\/v2\/types\/post"}],"author":[{"embeddable":true,"href":"https:\/\/lyonelkaufmann.ch\/Blog\/wp-json\/wp\/v2\/users\/1"}],"replies":[{"embeddable":true,"href":"https:\/\/lyonelkaufmann.ch\/Blog\/wp-json\/wp\/v2\/comments?post=8933"}],"version-history":[{"count":0,"href":"https:\/\/lyonelkaufmann.ch\/Blog\/wp-json\/wp\/v2\/posts\/8933\/revisions"}],"wp:featuredmedia":[{"embeddable":true,"href":"https:\/\/lyonelkaufmann.ch\/Blog\/wp-json\/wp\/v2\/media\/13964"}],"wp:attachment":[{"href":"https:\/\/lyonelkaufmann.ch\/Blog\/wp-json\/wp\/v2\/media?parent=8933"}],"wp:term":[{"taxonomy":"category","embeddable":true,"href":"https:\/\/lyonelkaufmann.ch\/Blog\/wp-json\/wp\/v2\/categories?post=8933"},{"taxonomy":"post_tag","embeddable":true,"href":"https:\/\/lyonelkaufmann.ch\/Blog\/wp-json\/wp\/v2\/tags?post=8933"}],"curies":[{"name":"wp","href":"https:\/\/api.w.org\/{rel}","templated":true}]}}